{"id":39310,"date":"2025-05-11T13:44:56","date_gmt":"2025-05-11T17:44:56","guid":{"rendered":"https:\/\/conexion23.com\/?p=39310"},"modified":"2025-05-11T13:44:58","modified_gmt":"2025-05-11T17:44:58","slug":"ministerio-publico-creara-unidad-especial-para-cobrar-multas-de-transito","status":"publish","type":"post","link":"https:\/\/conexion23.com\/?p=39310","title":{"rendered":"Ministerio P\u00fablico crear\u00e1 unidad especial para cobrar multas de tr\u00e1nsito"},"content":{"rendered":"\n<p>El&nbsp;<strong>Ministerio P\u00fablico<\/strong>&nbsp;dedicar\u00e1 mayores esfuerzos al cobro de las&nbsp;<strong>multas de tr\u00e1nsito<\/strong>, como una forma de que conductores temerarios tomen una mayor conciencia del r\u00e9gimen de consecuencias y, de esa forma, incidir en la reducci\u00f3n de los&nbsp;<strong>accidentes de tr\u00e1nsito<\/strong>&nbsp;que acarrean muertes y dolor a toda la sociedad.<\/p>\n\n\n\n<p>Para hacer cumplir la medida, la&nbsp;<strong>procuradora<\/strong>&nbsp;general de la Rep\u00fablica,&nbsp;<strong>Yeni Berenice Reynoso<\/strong>&nbsp;,anunci\u00f3 la &nbsp;creaci\u00f3n de una&nbsp;<strong>unidad especial<\/strong>&nbsp;para la gesti\u00f3n del cobro de&nbsp;<strong>multas<\/strong>&nbsp;y garant\u00edas econ\u00f3micas. El anuncio fue hecho durante una durante con fiscales de todo el pa\u00eds y distintas \u00e1reas especializadas, que el&nbsp;<strong>Ministerio P\u00fablico<\/strong>.<\/p>\n\n\n\n<p>Indica que m\u00e1s del 70 % de los multados por contravenciones de tr\u00e1nsitos incumplen con el pago y, la falta de consecuencias, contribuye a que el pa\u00eds siga registrando una alta cantidad de&nbsp;<strong>accidentes de tr\u00e1nsito<\/strong>, dijo la&nbsp;<strong>procuradora<\/strong>&nbsp;<strong>Yeni Berenice Reynoso<\/strong>&nbsp;al encabezar el primer encuentro extraordinario con fiscales y personal administrativo.<\/p>\n","protected":false},"excerpt":{"rendered":"<p>El&nbsp;Ministerio P\u00fablico&nbsp;dedicar\u00e1 mayores esfuerzos al cobro de las&nbsp;multas de tr\u00e1nsito, como una forma de que conductores temerarios tomen una mayor conciencia del r\u00e9gimen de consecuencias y, de esa forma, incidir en la reducci\u00f3n de los&nbsp;accidentes de tr\u00e1nsito&nbsp;que acarrean muertes y dolor a toda la sociedad. Para hacer cumplir la medida, la&nbsp;procuradora&nbsp;general de la Rep\u00fablica,&nbsp;Yeni Berenice [&hellip;]<\/p>\n","protected":false},"author":7,"featured_media":39311,"comment_status":"open","ping_status":"open","sticky":false,"template":"","format":"standard","meta":{"footnotes":""},"categories":[1],"tags":[],"class_list":{"0":"post-39310","1":"post","2":"type-post","3":"status-publish","4":"format-standard","5":"has-post-thumbnail","7":"category-uncategorized"},"yoast_head":"<!-- This site is optimized with the Yoast SEO plugin v27.1.1 - https:\/\/yoast.com\/product\/yoast-seo-wordpress\/ -->\n<title>Ministerio P\u00fablico crear\u00e1 unidad especial para cobrar multas de tr\u00e1nsito - Conexi\u00f3n 23<\/title>\n<meta name=\"description\" content=\"El\u00a0Ministerio P\u00fablico\u00a0dedicar\u00e1 mayores esfuerzos al cobro de las\u00a0multas de tr\u00e1nsito, como una forma de que conductores temerarios tomen una mayor conciencia del r\u00e9gimen de consecuencias y, de esa forma, incidir en la reducci\u00f3n de los\u00a0accidentes de tr\u00e1nsito\u00a0que acarrean muertes y dolor a toda la sociedad.\" \/>\n<meta name=\"robots\" content=\"index, follow, max-snippet:-1, max-image-preview:large, max-video-preview:-1\" \/>\n<link rel=\"canonical\" href=\"https:\/\/conexion23.com\/?p=39310\" \/>\n<meta property=\"og:locale\" content=\"es_ES\" \/>\n<meta property=\"og:type\" content=\"article\" \/>\n<meta property=\"og:title\" content=\"Ministerio P\u00fablico crear\u00e1 unidad especial para cobrar multas de tr\u00e1nsito - Conexi\u00f3n 23\" \/>\n<meta property=\"og:description\" content=\"El\u00a0Ministerio P\u00fablico\u00a0dedicar\u00e1 mayores esfuerzos al cobro de las\u00a0multas de tr\u00e1nsito, como una forma de que conductores temerarios tomen una mayor conciencia del r\u00e9gimen de consecuencias y, de esa forma, incidir en la reducci\u00f3n de los\u00a0accidentes de tr\u00e1nsito\u00a0que acarrean muertes y dolor a toda la sociedad.\" \/>\n<meta property=\"og:url\" content=\"https:\/\/conexion23.com\/?p=39310\" \/>\n<meta property=\"og:site_name\" content=\"Conexi\u00f3n 23\" \/>\n<meta property=\"article:publisher\" content=\"https:\/\/www.facebook.com\/conexion23com\" \/>\n<meta property=\"article:published_time\" content=\"2025-05-11T17:44:56+00:00\" \/>\n<meta property=\"article:modified_time\" content=\"2025-05-11T17:44:58+00:00\" \/>\n<meta property=\"og:image\" content=\"https:\/\/conexion23.com\/wp-content\/uploads\/2025\/05\/imagen-amet-equipo-aguila-en-santiago-foto-aneudy-01-392bc51f-focus-0-0-896-504.jpg\" \/>\n\t<meta property=\"og:image:width\" content=\"896\" \/>\n\t<meta property=\"og:image:height\" content=\"504\" \/>\n\t<meta property=\"og:image:type\" content=\"image\/jpeg\" \/>\n<meta name=\"author\" content=\"Benjam\u00edn Rosario\" \/>\n<meta name=\"twitter:card\" content=\"summary_large_image\" \/>\n<meta name=\"twitter:label1\" content=\"Escrito por\" \/>\n\t<meta name=\"twitter:data1\" content=\"Benjam\u00edn Rosario\" \/>\n\t<meta name=\"twitter:label2\" content=\"Tiempo de lectura\" \/>\n\t<meta name=\"twitter:data2\" content=\"1 minuto\" \/>\n<script type=\"application\/ld+json\" class=\"yoast-schema-graph\">{\"@context\":\"https:\/\/schema.org\",\"@graph\":[{\"@type\":\"Article\",\"@id\":\"https:\/\/conexion23.com\/?p=39310#article\",\"isPartOf\":{\"@id\":\"https:\/\/conexion23.com\/?p=39310\"},\"author\":{\"name\":\"Benjam\u00edn Rosario\",\"@id\":\"https:\/\/conexion23.com\/#\/schema\/person\/c0b7ce1f0e7a915d08fa289072b8353a\"},\"headline\":\"Ministerio P\u00fablico crear\u00e1 unidad especial para cobrar multas de tr\u00e1nsito\",\"datePublished\":\"2025-05-11T17:44:56+00:00\",\"dateModified\":\"2025-05-11T17:44:58+00:00\",\"mainEntityOfPage\":{\"@id\":\"https:\/\/conexion23.com\/?p=39310\"},\"wordCount\":200,\"commentCount\":0,\"publisher\":{\"@id\":\"https:\/\/conexion23.com\/#organization\"},\"image\":{\"@id\":\"https:\/\/conexion23.com\/?p=39310#primaryimage\"},\"thumbnailUrl\":\"https:\/\/conexion23.com\/wp-content\/uploads\/2025\/05\/imagen-amet-equipo-aguila-en-santiago-foto-aneudy-01-392bc51f-focus-0-0-896-504.jpg\",\"articleSection\":[\"Uncategorized\"],\"inLanguage\":\"es\",\"potentialAction\":[{\"@type\":\"CommentAction\",\"name\":\"Comment\",\"target\":[\"https:\/\/conexion23.com\/?p=39310#respond\"]}]},{\"@type\":\"WebPage\",\"@id\":\"https:\/\/conexion23.com\/?p=39310\",\"url\":\"https:\/\/conexion23.com\/?p=39310\",\"name\":\"Ministerio P\u00fablico crear\u00e1 unidad especial para cobrar multas de tr\u00e1nsito - Conexi\u00f3n 23\",\"isPartOf\":{\"@id\":\"https:\/\/conexion23.com\/#website\"},\"primaryImageOfPage\":{\"@id\":\"https:\/\/conexion23.com\/?p=39310#primaryimage\"},\"image\":{\"@id\":\"https:\/\/conexion23.com\/?p=39310#primaryimage\"},\"thumbnailUrl\":\"https:\/\/conexion23.com\/wp-content\/uploads\/2025\/05\/imagen-amet-equipo-aguila-en-santiago-foto-aneudy-01-392bc51f-focus-0-0-896-504.jpg\",\"datePublished\":\"2025-05-11T17:44:56+00:00\",\"dateModified\":\"2025-05-11T17:44:58+00:00\",\"description\":\"El\u00a0Ministerio P\u00fablico\u00a0dedicar\u00e1 mayores esfuerzos al cobro de las\u00a0multas de tr\u00e1nsito, como una forma de que conductores temerarios tomen una mayor conciencia del r\u00e9gimen de consecuencias y, de esa forma, incidir en la reducci\u00f3n de los\u00a0accidentes de tr\u00e1nsito\u00a0que acarrean muertes y dolor a toda la sociedad.\",\"breadcrumb\":{\"@id\":\"https:\/\/conexion23.com\/?p=39310#breadcrumb\"},\"inLanguage\":\"es\",\"potentialAction\":[{\"@type\":\"ReadAction\",\"target\":[\"https:\/\/conexion23.com\/?p=39310\"]}]},{\"@type\":\"ImageObject\",\"inLanguage\":\"es\",\"@id\":\"https:\/\/conexion23.com\/?p=39310#primaryimage\",\"url\":\"https:\/\/conexion23.com\/wp-content\/uploads\/2025\/05\/imagen-amet-equipo-aguila-en-santiago-foto-aneudy-01-392bc51f-focus-0-0-896-504.jpg\",\"contentUrl\":\"https:\/\/conexion23.com\/wp-content\/uploads\/2025\/05\/imagen-amet-equipo-aguila-en-santiago-foto-aneudy-01-392bc51f-focus-0-0-896-504.jpg\",\"width\":896,\"height\":504},{\"@type\":\"BreadcrumbList\",\"@id\":\"https:\/\/conexion23.com\/?p=39310#breadcrumb\",\"itemListElement\":[{\"@type\":\"ListItem\",\"position\":1,\"name\":\"Portada\",\"item\":\"https:\/\/conexion23.com\/\"},{\"@type\":\"ListItem\",\"position\":2,\"name\":\"Ministerio P\u00fablico crear\u00e1 unidad especial para cobrar multas de tr\u00e1nsito\"}]},{\"@type\":\"WebSite\",\"@id\":\"https:\/\/conexion23.com\/#website\",\"url\":\"https:\/\/conexion23.com\/\",\"name\":\"Conexi\u00f3n 23\",\"description\":\"Peri\u00f3dico 100% Petromacorisano\",\"publisher\":{\"@id\":\"https:\/\/conexion23.com\/#organization\"},\"potentialAction\":[{\"@type\":\"SearchAction\",\"target\":{\"@type\":\"EntryPoint\",\"urlTemplate\":\"https:\/\/conexion23.com\/?s={search_term_string}\"},\"query-input\":{\"@type\":\"PropertyValueSpecification\",\"valueRequired\":true,\"valueName\":\"search_term_string\"}}],\"inLanguage\":\"es\"},{\"@type\":\"Organization\",\"@id\":\"https:\/\/conexion23.com\/#organization\",\"name\":\"Conexion 23\",\"url\":\"https:\/\/conexion23.com\/\",\"logo\":{\"@type\":\"ImageObject\",\"inLanguage\":\"es\",\"@id\":\"https:\/\/conexion23.com\/#\/schema\/logo\/image\/\",\"url\":\"https:\/\/conexion23.com\/wp-content\/uploads\/2021\/11\/Diseno-sin-titulo-2.png\",\"contentUrl\":\"https:\/\/conexion23.com\/wp-content\/uploads\/2021\/11\/Diseno-sin-titulo-2.png\",\"width\":541,\"height\":90,\"caption\":\"Conexion 23\"},\"image\":{\"@id\":\"https:\/\/conexion23.com\/#\/schema\/logo\/image\/\"},\"sameAs\":[\"https:\/\/www.facebook.com\/conexion23com\",\"https:\/\/www.instagram.com\/conexion23com\/\",\"https:\/\/www.youtube.com\/channel\/UCYc7vxxFZMYLIHNsHHxPZ3Q\"]},{\"@type\":\"Person\",\"@id\":\"https:\/\/conexion23.com\/#\/schema\/person\/c0b7ce1f0e7a915d08fa289072b8353a\",\"name\":\"Benjam\u00edn Rosario\",\"image\":{\"@type\":\"ImageObject\",\"inLanguage\":\"es\",\"@id\":\"https:\/\/conexion23.com\/#\/schema\/person\/image\/\",\"url\":\"https:\/\/secure.gravatar.com\/avatar\/62e1b2539b49cdeb50ee302e2a5f2bd31dc7fdba412bbac67e2a2a6e0c89bb2a?s=96&d=mm&r=g\",\"contentUrl\":\"https:\/\/secure.gravatar.com\/avatar\/62e1b2539b49cdeb50ee302e2a5f2bd31dc7fdba412bbac67e2a2a6e0c89bb2a?s=96&d=mm&r=g\",\"caption\":\"Benjam\u00edn Rosario\"},\"url\":\"https:\/\/conexion23.com\/?author=7\"}]}<\/script>\n<!-- \/ Yoast SEO plugin. -->","yoast_head_json":{"title":"Ministerio P\u00fablico crear\u00e1 unidad especial para cobrar multas de tr\u00e1nsito - Conexi\u00f3n 23","description":"El\u00a0Ministerio P\u00fablico\u00a0dedicar\u00e1 mayores esfuerzos al cobro de las\u00a0multas de tr\u00e1nsito, como una forma de que conductores temerarios tomen una mayor conciencia del r\u00e9gimen de consecuencias y, de esa forma, incidir en la reducci\u00f3n de los\u00a0accidentes de tr\u00e1nsito\u00a0que acarrean muertes y dolor a toda la sociedad.","robots":{"index":"index","follow":"follow","max-snippet":"max-snippet:-1","max-image-preview":"max-image-preview:large","max-video-preview":"max-video-preview:-1"},"canonical":"https:\/\/conexion23.com\/?p=39310","og_locale":"es_ES","og_type":"article","og_title":"Ministerio P\u00fablico crear\u00e1 unidad especial para cobrar multas de tr\u00e1nsito - Conexi\u00f3n 23","og_description":"El\u00a0Ministerio P\u00fablico\u00a0dedicar\u00e1 mayores esfuerzos al cobro de las\u00a0multas de tr\u00e1nsito, como una forma de que conductores temerarios tomen una mayor conciencia del r\u00e9gimen de consecuencias y, de esa forma, incidir en la reducci\u00f3n de los\u00a0accidentes de tr\u00e1nsito\u00a0que acarrean muertes y dolor a toda la sociedad.","og_url":"https:\/\/conexion23.com\/?p=39310","og_site_name":"Conexi\u00f3n 23","article_publisher":"https:\/\/www.facebook.com\/conexion23com","article_published_time":"2025-05-11T17:44:56+00:00","article_modified_time":"2025-05-11T17:44:58+00:00","og_image":[{"width":896,"height":504,"url":"https:\/\/conexion23.com\/wp-content\/uploads\/2025\/05\/imagen-amet-equipo-aguila-en-santiago-foto-aneudy-01-392bc51f-focus-0-0-896-504.jpg","type":"image\/jpeg"}],"author":"Benjam\u00edn Rosario","twitter_card":"summary_large_image","twitter_misc":{"Escrito por":"Benjam\u00edn Rosario","Tiempo de lectura":"1 minuto"},"schema":{"@context":"https:\/\/schema.org","@graph":[{"@type":"Article","@id":"https:\/\/conexion23.com\/?p=39310#article","isPartOf":{"@id":"https:\/\/conexion23.com\/?p=39310"},"author":{"name":"Benjam\u00edn Rosario","@id":"https:\/\/conexion23.com\/#\/schema\/person\/c0b7ce1f0e7a915d08fa289072b8353a"},"headline":"Ministerio P\u00fablico crear\u00e1 unidad especial para cobrar multas de tr\u00e1nsito","datePublished":"2025-05-11T17:44:56+00:00","dateModified":"2025-05-11T17:44:58+00:00","mainEntityOfPage":{"@id":"https:\/\/conexion23.com\/?p=39310"},"wordCount":200,"commentCount":0,"publisher":{"@id":"https:\/\/conexion23.com\/#organization"},"image":{"@id":"https:\/\/conexion23.com\/?p=39310#primaryimage"},"thumbnailUrl":"https:\/\/conexion23.com\/wp-content\/uploads\/2025\/05\/imagen-amet-equipo-aguila-en-santiago-foto-aneudy-01-392bc51f-focus-0-0-896-504.jpg","articleSection":["Uncategorized"],"inLanguage":"es","potentialAction":[{"@type":"CommentAction","name":"Comment","target":["https:\/\/conexion23.com\/?p=39310#respond"]}]},{"@type":"WebPage","@id":"https:\/\/conexion23.com\/?p=39310","url":"https:\/\/conexion23.com\/?p=39310","name":"Ministerio P\u00fablico crear\u00e1 unidad especial para cobrar multas de tr\u00e1nsito - Conexi\u00f3n 23","isPartOf":{"@id":"https:\/\/conexion23.com\/#website"},"primaryImageOfPage":{"@id":"https:\/\/conexion23.com\/?p=39310#primaryimage"},"image":{"@id":"https:\/\/conexion23.com\/?p=39310#primaryimage"},"thumbnailUrl":"https:\/\/conexion23.com\/wp-content\/uploads\/2025\/05\/imagen-amet-equipo-aguila-en-santiago-foto-aneudy-01-392bc51f-focus-0-0-896-504.jpg","datePublished":"2025-05-11T17:44:56+00:00","dateModified":"2025-05-11T17:44:58+00:00","description":"El\u00a0Ministerio P\u00fablico\u00a0dedicar\u00e1 mayores esfuerzos al cobro de las\u00a0multas de tr\u00e1nsito, como una forma de que conductores temerarios tomen una mayor conciencia del r\u00e9gimen de consecuencias y, de esa forma, incidir en la reducci\u00f3n de los\u00a0accidentes de tr\u00e1nsito\u00a0que acarrean muertes y dolor a toda la sociedad.","breadcrumb":{"@id":"https:\/\/conexion23.com\/?p=39310#breadcrumb"},"inLanguage":"es","potentialAction":[{"@type":"ReadAction","target":["https:\/\/conexion23.com\/?p=39310"]}]},{"@type":"ImageObject","inLanguage":"es","@id":"https:\/\/conexion23.com\/?p=39310#primaryimage","url":"https:\/\/conexion23.com\/wp-content\/uploads\/2025\/05\/imagen-amet-equipo-aguila-en-santiago-foto-aneudy-01-392bc51f-focus-0-0-896-504.jpg","contentUrl":"https:\/\/conexion23.com\/wp-content\/uploads\/2025\/05\/imagen-amet-equipo-aguila-en-santiago-foto-aneudy-01-392bc51f-focus-0-0-896-504.jpg","width":896,"height":504},{"@type":"BreadcrumbList","@id":"https:\/\/conexion23.com\/?p=39310#breadcrumb","itemListElement":[{"@type":"ListItem","position":1,"name":"Portada","item":"https:\/\/conexion23.com\/"},{"@type":"ListItem","position":2,"name":"Ministerio P\u00fablico crear\u00e1 unidad especial para cobrar multas de tr\u00e1nsito"}]},{"@type":"WebSite","@id":"https:\/\/conexion23.com\/#website","url":"https:\/\/conexion23.com\/","name":"Conexi\u00f3n 23","description":"Peri\u00f3dico 100% Petromacorisano","publisher":{"@id":"https:\/\/conexion23.com\/#organization"},"potentialAction":[{"@type":"SearchAction","target":{"@type":"EntryPoint","urlTemplate":"https:\/\/conexion23.com\/?s={search_term_string}"},"query-input":{"@type":"PropertyValueSpecification","valueRequired":true,"valueName":"search_term_string"}}],"inLanguage":"es"},{"@type":"Organization","@id":"https:\/\/conexion23.com\/#organization","name":"Conexion 23","url":"https:\/\/conexion23.com\/","logo":{"@type":"ImageObject","inLanguage":"es","@id":"https:\/\/conexion23.com\/#\/schema\/logo\/image\/","url":"https:\/\/conexion23.com\/wp-content\/uploads\/2021\/11\/Diseno-sin-titulo-2.png","contentUrl":"https:\/\/conexion23.com\/wp-content\/uploads\/2021\/11\/Diseno-sin-titulo-2.png","width":541,"height":90,"caption":"Conexion 23"},"image":{"@id":"https:\/\/conexion23.com\/#\/schema\/logo\/image\/"},"sameAs":["https:\/\/www.facebook.com\/conexion23com","https:\/\/www.instagram.com\/conexion23com\/","https:\/\/www.youtube.com\/channel\/UCYc7vxxFZMYLIHNsHHxPZ3Q"]},{"@type":"Person","@id":"https:\/\/conexion23.com\/#\/schema\/person\/c0b7ce1f0e7a915d08fa289072b8353a","name":"Benjam\u00edn Rosario","image":{"@type":"ImageObject","inLanguage":"es","@id":"https:\/\/conexion23.com\/#\/schema\/person\/image\/","url":"https:\/\/secure.gravatar.com\/avatar\/62e1b2539b49cdeb50ee302e2a5f2bd31dc7fdba412bbac67e2a2a6e0c89bb2a?s=96&d=mm&r=g","contentUrl":"https:\/\/secure.gravatar.com\/avatar\/62e1b2539b49cdeb50ee302e2a5f2bd31dc7fdba412bbac67e2a2a6e0c89bb2a?s=96&d=mm&r=g","caption":"Benjam\u00edn Rosario"},"url":"https:\/\/conexion23.com\/?author=7"}]}},"_links":{"self":[{"href":"https:\/\/conexion23.com\/index.php?rest_route=\/wp\/v2\/posts\/39310","targetHints":{"allow":["GET"]}}],"collection":[{"href":"https:\/\/conexion23.com\/index.php?rest_route=\/wp\/v2\/posts"}],"about":[{"href":"https:\/\/conexion23.com\/index.php?rest_route=\/wp\/v2\/types\/post"}],"author":[{"embeddable":true,"href":"https:\/\/conexion23.com\/index.php?rest_route=\/wp\/v2\/users\/7"}],"replies":[{"embeddable":true,"href":"https:\/\/conexion23.com\/index.php?rest_route=%2Fwp%2Fv2%2Fcomments&post=39310"}],"version-history":[{"count":1,"href":"https:\/\/conexion23.com\/index.php?rest_route=\/wp\/v2\/posts\/39310\/revisions"}],"predecessor-version":[{"id":39312,"href":"https:\/\/conexion23.com\/index.php?rest_route=\/wp\/v2\/posts\/39310\/revisions\/39312"}],"wp:featuredmedia":[{"embeddable":true,"href":"https:\/\/conexion23.com\/index.php?rest_route=\/wp\/v2\/media\/39311"}],"wp:attachment":[{"href":"https:\/\/conexion23.com\/index.php?rest_route=%2Fwp%2Fv2%2Fmedia&parent=39310"}],"wp:term":[{"taxonomy":"category","embeddable":true,"href":"https:\/\/conexion23.com\/index.php?rest_route=%2Fwp%2Fv2%2Fcategories&post=39310"},{"taxonomy":"post_tag","embeddable":true,"href":"https:\/\/conexion23.com\/index.php?rest_route=%2Fwp%2Fv2%2Ftags&post=39310"}],"curies":[{"name":"wp","href":"https:\/\/api.w.org\/{rel}","templated":true}]}}