{"id":39613,"date":"2025-05-26T07:27:33","date_gmt":"2025-05-26T11:27:33","guid":{"rendered":"https:\/\/conexion23.com\/?p=39613"},"modified":"2025-05-26T07:27:34","modified_gmt":"2025-05-26T11:27:34","slug":"precios-elevados-limitan-las-compras-para-el-dia-de-las-madres-segun-consumidores-y-comerciantes","status":"publish","type":"post","link":"https:\/\/conexion23.com\/?p=39613","title":{"rendered":"Precios elevados limitan las compras para el D\u00eda de las Madres, seg\u00fan consumidores y comerciantes."},"content":{"rendered":"\n<p class=\"wp-block-paragraph\">Tener el detalle perfecto para regalar en el&nbsp;<strong>D\u00eda de las Madres&nbsp;<\/strong>es esencial para celebrar esta fecha especial. Por esta raz\u00f3n, desde varios d\u00edas antes,&nbsp;<strong>decenas de personas se han movilizado&nbsp;<\/strong>hacia distintos comercios en busca del obsequio ideal para sus seres queridos.<\/p>\n\n\n\n<p class=\"wp-block-paragraph\">Sin embargo, el&nbsp;<strong>panorama no ha sido tan favorable&nbsp;<\/strong>para los compradores que, a\u00f1o tras a\u00f1o, destinan parte de sus recursos a esta celebraci\u00f3n. Muchos aseguran que los<strong>&nbsp;precios est\u00e1n m\u00e1s elevados<\/strong>&nbsp;que en a\u00f1os anteriores, lo que<strong>&nbsp;limita su capacidad de adquirir productos<\/strong>&nbsp;o art\u00edculos de regalo.<\/p>\n\n\n\n<p class=\"wp-block-paragraph\"><strong>Sabrina Gonz\u00e1lez, del Distrito Nacional<\/strong>, expres\u00f3 su inter\u00e9s en las promociones de Tiendas Corripio, especialmente las asociadas a tarjetas de cr\u00e9dito con beneficios de cashback. No obstante, no pudo evitar notar que los precios este a\u00f1o son significativamente m\u00e1s altos.<br><br>\u201cLas<strong>\u00a0ofertas est\u00e1n muy limitadas.<\/strong>\u00a0Los bancos tienen descuentos, pero en las tiendas no hay mucho, solo hay<em>\u00a0<\/em>cashback. Vine a ver qu\u00e9 consigo, a comparar, porque realmente los<strong>\u00a0precios est\u00e1n por las nubes<\/strong>\u201d,\u00a0<strong>coment\u00f3 a El D\u00eda.<\/strong><\/p>\n\n\n\n<p class=\"wp-block-paragraph\">Por su parte,&nbsp;<strong>Nuris F\u00e9liz, del sector San Carlos,<\/strong>&nbsp;mientras buscaba \u00abdetallitos\u00bb para regalar en el D\u00eda de las Madres en la tienda La Bomba, dijo: \u201cEs para las t\u00edas, para mi mam\u00e1, para una amiga\u2026 detallitos para que no pasen el d\u00eda sin algo especial\u201d.<\/p>\n\n\n\n<p class=\"wp-block-paragraph\"><br><strong>A pesar del alza en los precios<\/strong>, destac\u00f3 que en su caso las tiendas locales ofrecen opciones m\u00e1s competitivas que otras alternativas.<\/p>\n\n\n\n<p class=\"wp-block-paragraph\"><br>\u201cEste a\u00f1o los precios est\u00e1n un poco m\u00e1s altos, pero uno compra igual, porque hay que hacerlo\u201d, afirm\u00f3 con una sonrisa.<\/p>\n\n\n\n<p class=\"wp-block-paragraph\"><strong>Una mirada desde los comerciantes<\/strong><\/p>\n\n\n\n<p class=\"wp-block-paragraph\">Pese a las&nbsp;<strong>expectativas de un repunte<\/strong>&nbsp;en las&nbsp;<strong>ventas<\/strong>&nbsp;para el&nbsp;<strong>D\u00eda de las Madres<\/strong>, este fin de semana ha estado marcado por un comportamiento comercial irregular en las tiendas ubicadas en el Distrito Nacional.<\/p>\n\n\n\n<p class=\"wp-block-paragraph\">Seg\u00fan comerciantes, el flujo de clientes ha sido intermitente, con picos de actividad en ciertos momentos, lo que ha generado un panorama mixto en los comercios.<\/p>\n\n\n\n<p class=\"wp-block-paragraph\"><strong>Jose Luis Ure\u00f1a, supervisor de Tiendas Corripio,<\/strong>&nbsp;indic\u00f3 que el movimiento ha sido \u201cun poquito m\u00e1s fluido en algunos momentos\u201d, pero con fluctuaciones que no han permitido un ritmo constante de compras.<\/p>\n\n\n\n<p class=\"wp-block-paragraph\">Aunque las ofertas de hasta un 40% han sido bien recibidas por los consumidores, seg\u00fan Ure\u00f1a, el&nbsp;<strong>flujo de compradores<\/strong>&nbsp;no ha sido tan continuo como en a\u00f1os anteriores.<\/p>\n\n\n\n<p class=\"wp-block-paragraph\">&nbsp;\u201cLas ventas han sido excelentes, muy buenas, pero a veces el ritmo baja y luego vuelve a subir\u201d, explic\u00f3 Ure\u00f1a.<\/p>\n\n\n\n<p class=\"wp-block-paragraph\">A pesar de esto, inform\u00f3 que la tienda ha logrado captar la atenci\u00f3n de quienes buscan electrodom\u00e9sticos, especialmente con promociones adicionales como rifas de electrodom\u00e9sticos y descuentos exclusivos con tarjetas bancarias.<\/p>\n\n\n\n<p class=\"wp-block-paragraph\"><strong>Panorama en la avenida Duarte con Par\u00eds<\/strong><\/p>\n\n\n\n<p class=\"wp-block-paragraph\">De acuerdo con<strong>&nbsp;Pedro Antonio Valdez, empleado en la Tienda La Bomba<\/strong>, el flujo de clientes ha sido mucho menor que en el mismo per\u00edodo del a\u00f1o pasado.<\/p>\n\n\n\n<p class=\"wp-block-paragraph\">\u201cComenz\u00f3 bien, pero ha bajado. Este a\u00f1o no hay tanta gente como el a\u00f1o pasado, cuando se ve\u00eda m\u00e1s movimiento, m\u00e1s aglomeraciones de personas comprando\u201d, coment\u00f3 Valdez.<\/p>\n\n\n\n<p class=\"wp-block-paragraph\">A\u00f1adi\u00f3 que pese a los descuentos de hasta un 10% aplicado desde principios de mes, la tienda ha visto una baja considerable en las ventas.<\/p>\n\n\n\n<p class=\"wp-block-paragraph\">Asimismo, resalt\u00f3 que los&nbsp;<strong>productos m\u00e1s solicitados&nbsp;<\/strong>siguen siendo los b\u00e1sicos, como platos, cucharas y algunos electrodom\u00e9sticos, pero las compras no han alcanzado el nivel esperado.<\/p>\n\n\n\n<p class=\"wp-block-paragraph\">Por otro lado,&nbsp;<strong>Pamela Valet\u00edn, gerente de Tiendas Mud\u00e1n<\/strong>, expres\u00f3 que el comportamiento del p\u00fablico fue muy activo entre el jueves y el s\u00e1bado, pero se ha notado una desaceleraci\u00f3n este domingo.<\/p>\n\n\n\n<p class=\"wp-block-paragraph\">\u201cHa sido muy movido hasta el s\u00e1bado, pero hoy (domingo) ya no hay el mismo flujo. Aun as\u00ed, hemos tenido ventas bastante buenas\u201d, se\u00f1al\u00f3 al indicar que las<strong>&nbsp;ofertas de hasta un 50% en productos<\/strong>&nbsp;como microondas, juegos de ollas y cristaler\u00eda han sido atractivos para los compradores.<\/p>\n\n\n\n<p class=\"wp-block-paragraph\">Valet\u00edn destac\u00f3 que, aunque el domingo no ha sido tan fuerte como el s\u00e1bado, las&nbsp;<strong>expectativas siguen siendo positivas&nbsp;<\/strong>para el cierre de la jornada.<\/p>\n\n\n\n<p class=\"wp-block-paragraph\"><strong>Pedro Marte, gerente de Tiendas Garrido<\/strong>, coincidi\u00f3 en que el comportamiento de los compradores fue bueno durante la semana, especialmente el viernes y el s\u00e1bado, pero que este domingo las ventas han disminuido.<\/p>\n\n\n\n<p class=\"wp-block-paragraph\">\u201cYa muchas personas han comprado lo que quer\u00edan, y algunos ya se fueron para el campo, por lo que el flujo es menos fuerte hoy\u201d,&nbsp;<strong>explic\u00f3 Marte a El D\u00eda.<\/strong><\/p>\n\n\n\n<p class=\"wp-block-paragraph\">Dijo que a pesar de la ca\u00edda en el ritmo de las ventas, la tienda ha logrado mantener un buen volumen &nbsp;debido a las ofertas de hasta un 25% en ropa y electrodom\u00e9sticos.<\/p>\n\n\n\n<p class=\"wp-block-paragraph\">Pese a que el ritmo de compras no ha sido constante y ha habido altibajos, los comerciantes se mantienen optimistas, esperando que el flujo de clientes se recupere durante las pr\u00f3ximas horas.<\/p>\n\n\n\n<p class=\"wp-block-paragraph\">El&nbsp;<strong>D\u00eda de las Madres<\/strong>, como cada a\u00f1o, trae consigo una gran demanda de productos, especialmente en categor\u00edas como electrodom\u00e9sticos y regalos personales.<\/p>\n\n\n\n<p class=\"wp-block-paragraph\">Sin embargo, la percepci\u00f3n general entre los compradores es que las ofertas no han sido tan atractivas como se esperaba. Mientras algunos buscan promociones que compensen los altos precios, otros se conforman con los descuentos limitados, como cashback o ciertas rebajas en productos espec\u00edficos.<\/p>\n","protected":false},"excerpt":{"rendered":"<p>Tener el detalle perfecto para regalar en el&nbsp;D\u00eda de las Madres&nbsp;es esencial para celebrar esta fecha especial. Por esta raz\u00f3n, desde varios d\u00edas antes,&nbsp;decenas de personas se han movilizado&nbsp;hacia distintos comercios en busca del obsequio ideal para sus seres queridos. Sin embargo, el&nbsp;panorama no ha sido tan favorable&nbsp;para los compradores que, a\u00f1o tras a\u00f1o, destinan [&hellip;]<\/p>\n","protected":false},"author":15,"featured_media":39614,"comment_status":"open","ping_status":"open","sticky":false,"template":"","format":"standard","meta":{"footnotes":""},"categories":[1],"tags":[],"class_list":["post-39613","post","type-post","status-publish","format-standard","has-post-thumbnail","category-uncategorized"],"yoast_head":"<!-- This site is optimized with the Yoast SEO plugin v27.6 - https:\/\/yoast.com\/product\/yoast-seo-wordpress\/ -->\n<title>Precios elevados limitan las compras para el D\u00eda de las Madres, seg\u00fan consumidores y comerciantes. - Conexi\u00f3n 23<\/title>\n<meta name=\"robots\" content=\"index, follow, max-snippet:-1, max-image-preview:large, max-video-preview:-1\" \/>\n<link rel=\"canonical\" href=\"https:\/\/conexion23.com\/?p=39613\" \/>\n<meta property=\"og:locale\" content=\"es_ES\" \/>\n<meta property=\"og:type\" content=\"article\" \/>\n<meta property=\"og:title\" content=\"Precios elevados limitan las compras para el D\u00eda de las Madres, seg\u00fan consumidores y comerciantes. - Conexi\u00f3n 23\" \/>\n<meta property=\"og:description\" content=\"Tener el detalle perfecto para regalar en el&nbsp;D\u00eda de las Madres&nbsp;es esencial para celebrar esta fecha especial. Por esta raz\u00f3n, desde varios d\u00edas antes,&nbsp;decenas de personas se han movilizado&nbsp;hacia distintos comercios en busca del obsequio ideal para sus seres queridos. Sin embargo, el&nbsp;panorama no ha sido tan favorable&nbsp;para los compradores que, a\u00f1o tras a\u00f1o, destinan [&hellip;]\" \/>\n<meta property=\"og:url\" content=\"https:\/\/conexion23.com\/?p=39613\" \/>\n<meta property=\"og:site_name\" content=\"Conexi\u00f3n 23\" \/>\n<meta property=\"article:publisher\" content=\"https:\/\/www.facebook.com\/conexion23com\" \/>\n<meta property=\"article:published_time\" content=\"2025-05-26T11:27:33+00:00\" \/>\n<meta property=\"article:modified_time\" content=\"2025-05-26T11:27:34+00:00\" \/>\n<meta property=\"og:image\" content=\"https:\/\/conexion23.com\/wp-content\/uploads\/2025\/05\/Clintes-en-Distribuodora-Corripio-previo-al-dia-de-las-Madres.webp\" \/>\n\t<meta property=\"og:image:width\" content=\"1080\" \/>\n\t<meta property=\"og:image:height\" content=\"810\" \/>\n\t<meta property=\"og:image:type\" content=\"image\/webp\" \/>\n<meta name=\"author\" content=\"Raffy Ben\u00edtez\" \/>\n<meta name=\"twitter:card\" content=\"summary_large_image\" \/>\n<meta name=\"twitter:label1\" content=\"Escrito por\" \/>\n\t<meta name=\"twitter:data1\" content=\"Raffy Ben\u00edtez\" \/>\n\t<meta name=\"twitter:label2\" content=\"Tiempo de lectura\" \/>\n\t<meta name=\"twitter:data2\" content=\"5 minutos\" \/>\n<script type=\"application\/ld+json\" class=\"yoast-schema-graph\">{\"@context\":\"https:\\\/\\\/schema.org\",\"@graph\":[{\"@type\":\"Article\",\"@id\":\"https:\\\/\\\/conexion23.com\\\/?p=39613#article\",\"isPartOf\":{\"@id\":\"https:\\\/\\\/conexion23.com\\\/?p=39613\"},\"author\":{\"name\":\"Raffy Ben\u00edtez\",\"@id\":\"https:\\\/\\\/conexion23.com\\\/#\\\/schema\\\/person\\\/03e36043331117e97a373299bbcd30a6\"},\"headline\":\"Precios elevados limitan las compras para el D\u00eda de las Madres, seg\u00fan consumidores y comerciantes.\",\"datePublished\":\"2025-05-26T11:27:33+00:00\",\"dateModified\":\"2025-05-26T11:27:34+00:00\",\"mainEntityOfPage\":{\"@id\":\"https:\\\/\\\/conexion23.com\\\/?p=39613\"},\"wordCount\":967,\"commentCount\":0,\"publisher\":{\"@id\":\"https:\\\/\\\/conexion23.com\\\/#organization\"},\"image\":{\"@id\":\"https:\\\/\\\/conexion23.com\\\/?p=39613#primaryimage\"},\"thumbnailUrl\":\"https:\\\/\\\/conexion23.com\\\/wp-content\\\/uploads\\\/2025\\\/05\\\/Clintes-en-Distribuodora-Corripio-previo-al-dia-de-las-Madres.webp\",\"articleSection\":[\"Uncategorized\"],\"inLanguage\":\"es\",\"potentialAction\":[{\"@type\":\"CommentAction\",\"name\":\"Comment\",\"target\":[\"https:\\\/\\\/conexion23.com\\\/?p=39613#respond\"]}]},{\"@type\":\"WebPage\",\"@id\":\"https:\\\/\\\/conexion23.com\\\/?p=39613\",\"url\":\"https:\\\/\\\/conexion23.com\\\/?p=39613\",\"name\":\"Precios elevados limitan las compras para el D\u00eda de las Madres, seg\u00fan consumidores y comerciantes. - Conexi\u00f3n 23\",\"isPartOf\":{\"@id\":\"https:\\\/\\\/conexion23.com\\\/#website\"},\"primaryImageOfPage\":{\"@id\":\"https:\\\/\\\/conexion23.com\\\/?p=39613#primaryimage\"},\"image\":{\"@id\":\"https:\\\/\\\/conexion23.com\\\/?p=39613#primaryimage\"},\"thumbnailUrl\":\"https:\\\/\\\/conexion23.com\\\/wp-content\\\/uploads\\\/2025\\\/05\\\/Clintes-en-Distribuodora-Corripio-previo-al-dia-de-las-Madres.webp\",\"datePublished\":\"2025-05-26T11:27:33+00:00\",\"dateModified\":\"2025-05-26T11:27:34+00:00\",\"breadcrumb\":{\"@id\":\"https:\\\/\\\/conexion23.com\\\/?p=39613#breadcrumb\"},\"inLanguage\":\"es\",\"potentialAction\":[{\"@type\":\"ReadAction\",\"target\":[\"https:\\\/\\\/conexion23.com\\\/?p=39613\"]}]},{\"@type\":\"ImageObject\",\"inLanguage\":\"es\",\"@id\":\"https:\\\/\\\/conexion23.com\\\/?p=39613#primaryimage\",\"url\":\"https:\\\/\\\/conexion23.com\\\/wp-content\\\/uploads\\\/2025\\\/05\\\/Clintes-en-Distribuodora-Corripio-previo-al-dia-de-las-Madres.webp\",\"contentUrl\":\"https:\\\/\\\/conexion23.com\\\/wp-content\\\/uploads\\\/2025\\\/05\\\/Clintes-en-Distribuodora-Corripio-previo-al-dia-de-las-Madres.webp\",\"width\":1080,\"height\":810},{\"@type\":\"BreadcrumbList\",\"@id\":\"https:\\\/\\\/conexion23.com\\\/?p=39613#breadcrumb\",\"itemListElement\":[{\"@type\":\"ListItem\",\"position\":1,\"name\":\"Portada\",\"item\":\"https:\\\/\\\/conexion23.com\\\/\"},{\"@type\":\"ListItem\",\"position\":2,\"name\":\"Precios elevados limitan las compras para el D\u00eda de las Madres, seg\u00fan consumidores y comerciantes.\"}]},{\"@type\":\"WebSite\",\"@id\":\"https:\\\/\\\/conexion23.com\\\/#website\",\"url\":\"https:\\\/\\\/conexion23.com\\\/\",\"name\":\"Conexi\u00f3n 23\",\"description\":\"Peri\u00f3dico 100% Petromacorisano\",\"publisher\":{\"@id\":\"https:\\\/\\\/conexion23.com\\\/#organization\"},\"potentialAction\":[{\"@type\":\"SearchAction\",\"target\":{\"@type\":\"EntryPoint\",\"urlTemplate\":\"https:\\\/\\\/conexion23.com\\\/?s={search_term_string}\"},\"query-input\":{\"@type\":\"PropertyValueSpecification\",\"valueRequired\":true,\"valueName\":\"search_term_string\"}}],\"inLanguage\":\"es\"},{\"@type\":\"Organization\",\"@id\":\"https:\\\/\\\/conexion23.com\\\/#organization\",\"name\":\"Conexion 23\",\"url\":\"https:\\\/\\\/conexion23.com\\\/\",\"logo\":{\"@type\":\"ImageObject\",\"inLanguage\":\"es\",\"@id\":\"https:\\\/\\\/conexion23.com\\\/#\\\/schema\\\/logo\\\/image\\\/\",\"url\":\"https:\\\/\\\/conexion23.com\\\/wp-content\\\/uploads\\\/2021\\\/11\\\/Diseno-sin-titulo-2.png\",\"contentUrl\":\"https:\\\/\\\/conexion23.com\\\/wp-content\\\/uploads\\\/2021\\\/11\\\/Diseno-sin-titulo-2.png\",\"width\":541,\"height\":90,\"caption\":\"Conexion 23\"},\"image\":{\"@id\":\"https:\\\/\\\/conexion23.com\\\/#\\\/schema\\\/logo\\\/image\\\/\"},\"sameAs\":[\"https:\\\/\\\/www.facebook.com\\\/conexion23com\",\"https:\\\/\\\/www.instagram.com\\\/conexion23com\\\/\",\"https:\\\/\\\/www.youtube.com\\\/channel\\\/UCYc7vxxFZMYLIHNsHHxPZ3Q\"]},{\"@type\":\"Person\",\"@id\":\"https:\\\/\\\/conexion23.com\\\/#\\\/schema\\\/person\\\/03e36043331117e97a373299bbcd30a6\",\"name\":\"Raffy Ben\u00edtez\",\"image\":{\"@type\":\"ImageObject\",\"inLanguage\":\"es\",\"@id\":\"https:\\\/\\\/secure.gravatar.com\\\/avatar\\\/3190a6a6c5e1b0327500f7d6c56b6242472ee6cb974cf09b401ee6b3b0798f23?s=96&d=mm&r=g\",\"url\":\"https:\\\/\\\/secure.gravatar.com\\\/avatar\\\/3190a6a6c5e1b0327500f7d6c56b6242472ee6cb974cf09b401ee6b3b0798f23?s=96&d=mm&r=g\",\"contentUrl\":\"https:\\\/\\\/secure.gravatar.com\\\/avatar\\\/3190a6a6c5e1b0327500f7d6c56b6242472ee6cb974cf09b401ee6b3b0798f23?s=96&d=mm&r=g\",\"caption\":\"Raffy Ben\u00edtez\"},\"url\":\"https:\\\/\\\/conexion23.com\\\/?author=15\"}]}<\/script>\n<!-- \/ Yoast SEO plugin. -->","yoast_head_json":{"title":"Precios elevados limitan las compras para el D\u00eda de las Madres, seg\u00fan consumidores y comerciantes. - Conexi\u00f3n 23","robots":{"index":"index","follow":"follow","max-snippet":"max-snippet:-1","max-image-preview":"max-image-preview:large","max-video-preview":"max-video-preview:-1"},"canonical":"https:\/\/conexion23.com\/?p=39613","og_locale":"es_ES","og_type":"article","og_title":"Precios elevados limitan las compras para el D\u00eda de las Madres, seg\u00fan consumidores y comerciantes. - Conexi\u00f3n 23","og_description":"Tener el detalle perfecto para regalar en el&nbsp;D\u00eda de las Madres&nbsp;es esencial para celebrar esta fecha especial. Por esta raz\u00f3n, desde varios d\u00edas antes,&nbsp;decenas de personas se han movilizado&nbsp;hacia distintos comercios en busca del obsequio ideal para sus seres queridos. Sin embargo, el&nbsp;panorama no ha sido tan favorable&nbsp;para los compradores que, a\u00f1o tras a\u00f1o, destinan [&hellip;]","og_url":"https:\/\/conexion23.com\/?p=39613","og_site_name":"Conexi\u00f3n 23","article_publisher":"https:\/\/www.facebook.com\/conexion23com","article_published_time":"2025-05-26T11:27:33+00:00","article_modified_time":"2025-05-26T11:27:34+00:00","og_image":[{"width":1080,"height":810,"url":"https:\/\/conexion23.com\/wp-content\/uploads\/2025\/05\/Clintes-en-Distribuodora-Corripio-previo-al-dia-de-las-Madres.webp","type":"image\/webp"}],"author":"Raffy Ben\u00edtez","twitter_card":"summary_large_image","twitter_misc":{"Escrito por":"Raffy Ben\u00edtez","Tiempo de lectura":"5 minutos"},"schema":{"@context":"https:\/\/schema.org","@graph":[{"@type":"Article","@id":"https:\/\/conexion23.com\/?p=39613#article","isPartOf":{"@id":"https:\/\/conexion23.com\/?p=39613"},"author":{"name":"Raffy Ben\u00edtez","@id":"https:\/\/conexion23.com\/#\/schema\/person\/03e36043331117e97a373299bbcd30a6"},"headline":"Precios elevados limitan las compras para el D\u00eda de las Madres, seg\u00fan consumidores y comerciantes.","datePublished":"2025-05-26T11:27:33+00:00","dateModified":"2025-05-26T11:27:34+00:00","mainEntityOfPage":{"@id":"https:\/\/conexion23.com\/?p=39613"},"wordCount":967,"commentCount":0,"publisher":{"@id":"https:\/\/conexion23.com\/#organization"},"image":{"@id":"https:\/\/conexion23.com\/?p=39613#primaryimage"},"thumbnailUrl":"https:\/\/conexion23.com\/wp-content\/uploads\/2025\/05\/Clintes-en-Distribuodora-Corripio-previo-al-dia-de-las-Madres.webp","articleSection":["Uncategorized"],"inLanguage":"es","potentialAction":[{"@type":"CommentAction","name":"Comment","target":["https:\/\/conexion23.com\/?p=39613#respond"]}]},{"@type":"WebPage","@id":"https:\/\/conexion23.com\/?p=39613","url":"https:\/\/conexion23.com\/?p=39613","name":"Precios elevados limitan las compras para el D\u00eda de las Madres, seg\u00fan consumidores y comerciantes. - Conexi\u00f3n 23","isPartOf":{"@id":"https:\/\/conexion23.com\/#website"},"primaryImageOfPage":{"@id":"https:\/\/conexion23.com\/?p=39613#primaryimage"},"image":{"@id":"https:\/\/conexion23.com\/?p=39613#primaryimage"},"thumbnailUrl":"https:\/\/conexion23.com\/wp-content\/uploads\/2025\/05\/Clintes-en-Distribuodora-Corripio-previo-al-dia-de-las-Madres.webp","datePublished":"2025-05-26T11:27:33+00:00","dateModified":"2025-05-26T11:27:34+00:00","breadcrumb":{"@id":"https:\/\/conexion23.com\/?p=39613#breadcrumb"},"inLanguage":"es","potentialAction":[{"@type":"ReadAction","target":["https:\/\/conexion23.com\/?p=39613"]}]},{"@type":"ImageObject","inLanguage":"es","@id":"https:\/\/conexion23.com\/?p=39613#primaryimage","url":"https:\/\/conexion23.com\/wp-content\/uploads\/2025\/05\/Clintes-en-Distribuodora-Corripio-previo-al-dia-de-las-Madres.webp","contentUrl":"https:\/\/conexion23.com\/wp-content\/uploads\/2025\/05\/Clintes-en-Distribuodora-Corripio-previo-al-dia-de-las-Madres.webp","width":1080,"height":810},{"@type":"BreadcrumbList","@id":"https:\/\/conexion23.com\/?p=39613#breadcrumb","itemListElement":[{"@type":"ListItem","position":1,"name":"Portada","item":"https:\/\/conexion23.com\/"},{"@type":"ListItem","position":2,"name":"Precios elevados limitan las compras para el D\u00eda de las Madres, seg\u00fan consumidores y comerciantes."}]},{"@type":"WebSite","@id":"https:\/\/conexion23.com\/#website","url":"https:\/\/conexion23.com\/","name":"Conexi\u00f3n 23","description":"Peri\u00f3dico 100% Petromacorisano","publisher":{"@id":"https:\/\/conexion23.com\/#organization"},"potentialAction":[{"@type":"SearchAction","target":{"@type":"EntryPoint","urlTemplate":"https:\/\/conexion23.com\/?s={search_term_string}"},"query-input":{"@type":"PropertyValueSpecification","valueRequired":true,"valueName":"search_term_string"}}],"inLanguage":"es"},{"@type":"Organization","@id":"https:\/\/conexion23.com\/#organization","name":"Conexion 23","url":"https:\/\/conexion23.com\/","logo":{"@type":"ImageObject","inLanguage":"es","@id":"https:\/\/conexion23.com\/#\/schema\/logo\/image\/","url":"https:\/\/conexion23.com\/wp-content\/uploads\/2021\/11\/Diseno-sin-titulo-2.png","contentUrl":"https:\/\/conexion23.com\/wp-content\/uploads\/2021\/11\/Diseno-sin-titulo-2.png","width":541,"height":90,"caption":"Conexion 23"},"image":{"@id":"https:\/\/conexion23.com\/#\/schema\/logo\/image\/"},"sameAs":["https:\/\/www.facebook.com\/conexion23com","https:\/\/www.instagram.com\/conexion23com\/","https:\/\/www.youtube.com\/channel\/UCYc7vxxFZMYLIHNsHHxPZ3Q"]},{"@type":"Person","@id":"https:\/\/conexion23.com\/#\/schema\/person\/03e36043331117e97a373299bbcd30a6","name":"Raffy Ben\u00edtez","image":{"@type":"ImageObject","inLanguage":"es","@id":"https:\/\/secure.gravatar.com\/avatar\/3190a6a6c5e1b0327500f7d6c56b6242472ee6cb974cf09b401ee6b3b0798f23?s=96&d=mm&r=g","url":"https:\/\/secure.gravatar.com\/avatar\/3190a6a6c5e1b0327500f7d6c56b6242472ee6cb974cf09b401ee6b3b0798f23?s=96&d=mm&r=g","contentUrl":"https:\/\/secure.gravatar.com\/avatar\/3190a6a6c5e1b0327500f7d6c56b6242472ee6cb974cf09b401ee6b3b0798f23?s=96&d=mm&r=g","caption":"Raffy Ben\u00edtez"},"url":"https:\/\/conexion23.com\/?author=15"}]}},"_links":{"self":[{"href":"https:\/\/conexion23.com\/index.php?rest_route=\/wp\/v2\/posts\/39613","targetHints":{"allow":["GET"]}}],"collection":[{"href":"https:\/\/conexion23.com\/index.php?rest_route=\/wp\/v2\/posts"}],"about":[{"href":"https:\/\/conexion23.com\/index.php?rest_route=\/wp\/v2\/types\/post"}],"author":[{"embeddable":true,"href":"https:\/\/conexion23.com\/index.php?rest_route=\/wp\/v2\/users\/15"}],"replies":[{"embeddable":true,"href":"https:\/\/conexion23.com\/index.php?rest_route=%2Fwp%2Fv2%2Fcomments&post=39613"}],"version-history":[{"count":1,"href":"https:\/\/conexion23.com\/index.php?rest_route=\/wp\/v2\/posts\/39613\/revisions"}],"predecessor-version":[{"id":39615,"href":"https:\/\/conexion23.com\/index.php?rest_route=\/wp\/v2\/posts\/39613\/revisions\/39615"}],"wp:featuredmedia":[{"embeddable":true,"href":"https:\/\/conexion23.com\/index.php?rest_route=\/wp\/v2\/media\/39614"}],"wp:attachment":[{"href":"https:\/\/conexion23.com\/index.php?rest_route=%2Fwp%2Fv2%2Fmedia&parent=39613"}],"wp:term":[{"taxonomy":"category","embeddable":true,"href":"https:\/\/conexion23.com\/index.php?rest_route=%2Fwp%2Fv2%2Fcategories&post=39613"},{"taxonomy":"post_tag","embeddable":true,"href":"https:\/\/conexion23.com\/index.php?rest_route=%2Fwp%2Fv2%2Ftags&post=39613"}],"curies":[{"name":"wp","href":"https:\/\/api.w.org\/{rel}","templated":true}]}}