{"id":39623,"date":"2025-05-26T07:41:53","date_gmt":"2025-05-26T11:41:53","guid":{"rendered":"https:\/\/conexion23.com\/?p=39623"},"modified":"2025-05-26T07:41:55","modified_gmt":"2025-05-26T11:41:55","slug":"choferes-escolares-en-san-pedro-piden-respetar-senal-de-pare-para-evitar-accidentes","status":"publish","type":"post","link":"https:\/\/conexion23.com\/?p=39623","title":{"rendered":"Choferes escolares en San Pedro piden respetar se\u00f1al de \u00abpare\u00bb para evitar accidentes"},"content":{"rendered":"\n<p class=\"wp-block-paragraph\">Choferes que ofrecen servicio en los autobuses del sistema de transporte escolar en San Pedro de Macor\u00eds hicieron un llamado a los conductores privados y motoristas para que respeten las se\u00f1ales de tr\u00e1nsito, en especial la se\u00f1al de \u201cpare\u201d instalada en los autobuses escolares, con el fin de garantizar la seguridad de los estudiantes.<\/p>\n\n\n\n<p class=\"wp-block-paragraph\">Carlos Hugo, uno de los conductores del programa de transporte estudiantil, expres\u00f3 su preocupaci\u00f3n ante la actitud imprudente de muchos conductores que, al ver la se\u00f1al de \u201cpare\u201d desplegada en los autobuses, no se detienen y contin\u00faan la marcha, poniendo en riesgo la vida de los estudiantes que suben o bajan de los veh\u00edculos.<\/p>\n\n\n\n<p class=\"wp-block-paragraph\">\u201cEl letrero de \u2018pare\u2019 est\u00e1 para proteger a los estudiantes. En muchos pa\u00edses del mundo esa se\u00f1al se respeta sin discusi\u00f3n, porque est\u00e1 en juego la vida de ni\u00f1os y j\u00f3venes. Aqu\u00ed, lamentablemente, falta m\u00e1s conciencia vial\u201d, afirm\u00f3 Hugo, al tiempo que pidi\u00f3 mayor apoyo de las autoridades para reforzar esta normativa.<\/p>\n\n\n\n<p class=\"wp-block-paragraph\">Los choferes se\u00f1alan que en varias ocasiones han estado al borde de accidentes por la imprudencia de choferes que rebasan los autobuses detenidos, sin percatarse de que los estudiantes est\u00e1n cruzando la calle. Esta conducta, adem\u00e1s de irresponsable, puede tener consecuencias fatales.<\/p>\n\n\n\n<p class=\"wp-block-paragraph\">Maritza G\u00f3mez, madre de uno de los estudiantes que utiliza este servicio, manifest\u00f3 que vive con temor cada vez que su hijo sube o baja del autob\u00fas, debido a que muchos choferes y motoristas no respetan la se\u00f1al de \u201cpare\u201d. \u201cLa gente no tiene conciencia. Es como si no les importara que son ni\u00f1os. Uno vive con el coraz\u00f3n en la boca cada vez que el autob\u00fas se detiene frente a la casa\u201d, expres\u00f3.<\/p>\n\n\n\n<p class=\"wp-block-paragraph\">G\u00f3mez tambi\u00e9\u2070n hizo un llamado al Ministerio de Educaci\u00f3n y a las autoridades del Instituto Nacional de Tr\u00e1nsito y Transporte Terrestre (INTRANT) para que desarrollen campa\u00f1as educativas enfocadas en la importancia de respetar esta se\u00f1al, ya que muchos conductores no tienen la costumbre de ceder el paso. Los choferes y padres esperan que se tomen medidas urgentes para evitar una tragedia que podr\u00eda evitarse con educaci\u00f3n, conciencia ciudadana y cumplimiento de la ley.<\/p>\n","protected":false},"excerpt":{"rendered":"<p>Choferes que ofrecen servicio en los autobuses del sistema de transporte escolar en San Pedro de Macor\u00eds hicieron un llamado a los conductores privados y motoristas para que respeten las se\u00f1ales de tr\u00e1nsito, en especial la se\u00f1al de \u201cpare\u201d instalada en los autobuses escolares, con el fin de garantizar la seguridad de los estudiantes. Carlos [&hellip;]<\/p>\n","protected":false},"author":15,"featured_media":39624,"comment_status":"open","ping_status":"open","sticky":false,"template":"","format":"standard","meta":{"footnotes":""},"categories":[35],"tags":[],"class_list":["post-39623","post","type-post","status-publish","format-standard","has-post-thumbnail","category-spm"],"yoast_head":"<!-- This site is optimized with the Yoast SEO plugin v27.6 - https:\/\/yoast.com\/product\/yoast-seo-wordpress\/ -->\n<title>Choferes escolares en San Pedro piden respetar se\u00f1al de \u00abpare\u00bb para evitar accidentes - Conexi\u00f3n 23<\/title>\n<meta name=\"robots\" content=\"index, follow, max-snippet:-1, max-image-preview:large, max-video-preview:-1\" \/>\n<link rel=\"canonical\" href=\"https:\/\/conexion23.com\/?p=39623\" \/>\n<meta property=\"og:locale\" content=\"es_ES\" \/>\n<meta property=\"og:type\" content=\"article\" \/>\n<meta property=\"og:title\" content=\"Choferes escolares en San Pedro piden respetar se\u00f1al de \u00abpare\u00bb para evitar accidentes - Conexi\u00f3n 23\" \/>\n<meta property=\"og:description\" content=\"Choferes que ofrecen servicio en los autobuses del sistema de transporte escolar en San Pedro de Macor\u00eds hicieron un llamado a los conductores privados y motoristas para que respeten las se\u00f1ales de tr\u00e1nsito, en especial la se\u00f1al de \u201cpare\u201d instalada en los autobuses escolares, con el fin de garantizar la seguridad de los estudiantes. Carlos [&hellip;]\" \/>\n<meta property=\"og:url\" content=\"https:\/\/conexion23.com\/?p=39623\" \/>\n<meta property=\"og:site_name\" content=\"Conexi\u00f3n 23\" \/>\n<meta property=\"article:publisher\" content=\"https:\/\/www.facebook.com\/conexion23com\" \/>\n<meta property=\"article:published_time\" content=\"2025-05-26T11:41:53+00:00\" \/>\n<meta property=\"article:modified_time\" content=\"2025-05-26T11:41:55+00:00\" \/>\n<meta property=\"og:image\" content=\"https:\/\/conexion23.com\/wp-content\/uploads\/2025\/05\/descarga-18.jpg\" \/>\n\t<meta property=\"og:image:width\" content=\"318\" \/>\n\t<meta property=\"og:image:height\" content=\"159\" \/>\n\t<meta property=\"og:image:type\" content=\"image\/jpeg\" \/>\n<meta name=\"author\" content=\"Raffy Ben\u00edtez\" \/>\n<meta name=\"twitter:card\" content=\"summary_large_image\" \/>\n<meta name=\"twitter:label1\" content=\"Escrito por\" \/>\n\t<meta name=\"twitter:data1\" content=\"Raffy Ben\u00edtez\" \/>\n\t<meta name=\"twitter:label2\" content=\"Tiempo de lectura\" \/>\n\t<meta name=\"twitter:data2\" content=\"2 minutos\" \/>\n<script type=\"application\/ld+json\" class=\"yoast-schema-graph\">{\"@context\":\"https:\\\/\\\/schema.org\",\"@graph\":[{\"@type\":\"Article\",\"@id\":\"https:\\\/\\\/conexion23.com\\\/?p=39623#article\",\"isPartOf\":{\"@id\":\"https:\\\/\\\/conexion23.com\\\/?p=39623\"},\"author\":{\"name\":\"Raffy Ben\u00edtez\",\"@id\":\"https:\\\/\\\/conexion23.com\\\/#\\\/schema\\\/person\\\/03e36043331117e97a373299bbcd30a6\"},\"headline\":\"Choferes escolares en San Pedro piden respetar se\u00f1al de \u00abpare\u00bb para evitar accidentes\",\"datePublished\":\"2025-05-26T11:41:53+00:00\",\"dateModified\":\"2025-05-26T11:41:55+00:00\",\"mainEntityOfPage\":{\"@id\":\"https:\\\/\\\/conexion23.com\\\/?p=39623\"},\"wordCount\":394,\"commentCount\":0,\"publisher\":{\"@id\":\"https:\\\/\\\/conexion23.com\\\/#organization\"},\"image\":{\"@id\":\"https:\\\/\\\/conexion23.com\\\/?p=39623#primaryimage\"},\"thumbnailUrl\":\"https:\\\/\\\/conexion23.com\\\/wp-content\\\/uploads\\\/2025\\\/05\\\/descarga-18.jpg\",\"articleSection\":[\"SPM\"],\"inLanguage\":\"es\",\"potentialAction\":[{\"@type\":\"CommentAction\",\"name\":\"Comment\",\"target\":[\"https:\\\/\\\/conexion23.com\\\/?p=39623#respond\"]}]},{\"@type\":\"WebPage\",\"@id\":\"https:\\\/\\\/conexion23.com\\\/?p=39623\",\"url\":\"https:\\\/\\\/conexion23.com\\\/?p=39623\",\"name\":\"Choferes escolares en San Pedro piden respetar se\u00f1al de \u00abpare\u00bb para evitar accidentes - Conexi\u00f3n 23\",\"isPartOf\":{\"@id\":\"https:\\\/\\\/conexion23.com\\\/#website\"},\"primaryImageOfPage\":{\"@id\":\"https:\\\/\\\/conexion23.com\\\/?p=39623#primaryimage\"},\"image\":{\"@id\":\"https:\\\/\\\/conexion23.com\\\/?p=39623#primaryimage\"},\"thumbnailUrl\":\"https:\\\/\\\/conexion23.com\\\/wp-content\\\/uploads\\\/2025\\\/05\\\/descarga-18.jpg\",\"datePublished\":\"2025-05-26T11:41:53+00:00\",\"dateModified\":\"2025-05-26T11:41:55+00:00\",\"breadcrumb\":{\"@id\":\"https:\\\/\\\/conexion23.com\\\/?p=39623#breadcrumb\"},\"inLanguage\":\"es\",\"potentialAction\":[{\"@type\":\"ReadAction\",\"target\":[\"https:\\\/\\\/conexion23.com\\\/?p=39623\"]}]},{\"@type\":\"ImageObject\",\"inLanguage\":\"es\",\"@id\":\"https:\\\/\\\/conexion23.com\\\/?p=39623#primaryimage\",\"url\":\"https:\\\/\\\/conexion23.com\\\/wp-content\\\/uploads\\\/2025\\\/05\\\/descarga-18.jpg\",\"contentUrl\":\"https:\\\/\\\/conexion23.com\\\/wp-content\\\/uploads\\\/2025\\\/05\\\/descarga-18.jpg\",\"width\":318,\"height\":159},{\"@type\":\"BreadcrumbList\",\"@id\":\"https:\\\/\\\/conexion23.com\\\/?p=39623#breadcrumb\",\"itemListElement\":[{\"@type\":\"ListItem\",\"position\":1,\"name\":\"Portada\",\"item\":\"https:\\\/\\\/conexion23.com\\\/\"},{\"@type\":\"ListItem\",\"position\":2,\"name\":\"Choferes escolares en San Pedro piden respetar se\u00f1al de \u00abpare\u00bb para evitar accidentes\"}]},{\"@type\":\"WebSite\",\"@id\":\"https:\\\/\\\/conexion23.com\\\/#website\",\"url\":\"https:\\\/\\\/conexion23.com\\\/\",\"name\":\"Conexi\u00f3n 23\",\"description\":\"Peri\u00f3dico 100% Petromacorisano\",\"publisher\":{\"@id\":\"https:\\\/\\\/conexion23.com\\\/#organization\"},\"potentialAction\":[{\"@type\":\"SearchAction\",\"target\":{\"@type\":\"EntryPoint\",\"urlTemplate\":\"https:\\\/\\\/conexion23.com\\\/?s={search_term_string}\"},\"query-input\":{\"@type\":\"PropertyValueSpecification\",\"valueRequired\":true,\"valueName\":\"search_term_string\"}}],\"inLanguage\":\"es\"},{\"@type\":\"Organization\",\"@id\":\"https:\\\/\\\/conexion23.com\\\/#organization\",\"name\":\"Conexion 23\",\"url\":\"https:\\\/\\\/conexion23.com\\\/\",\"logo\":{\"@type\":\"ImageObject\",\"inLanguage\":\"es\",\"@id\":\"https:\\\/\\\/conexion23.com\\\/#\\\/schema\\\/logo\\\/image\\\/\",\"url\":\"https:\\\/\\\/conexion23.com\\\/wp-content\\\/uploads\\\/2021\\\/11\\\/Diseno-sin-titulo-2.png\",\"contentUrl\":\"https:\\\/\\\/conexion23.com\\\/wp-content\\\/uploads\\\/2021\\\/11\\\/Diseno-sin-titulo-2.png\",\"width\":541,\"height\":90,\"caption\":\"Conexion 23\"},\"image\":{\"@id\":\"https:\\\/\\\/conexion23.com\\\/#\\\/schema\\\/logo\\\/image\\\/\"},\"sameAs\":[\"https:\\\/\\\/www.facebook.com\\\/conexion23com\",\"https:\\\/\\\/www.instagram.com\\\/conexion23com\\\/\",\"https:\\\/\\\/www.youtube.com\\\/channel\\\/UCYc7vxxFZMYLIHNsHHxPZ3Q\"]},{\"@type\":\"Person\",\"@id\":\"https:\\\/\\\/conexion23.com\\\/#\\\/schema\\\/person\\\/03e36043331117e97a373299bbcd30a6\",\"name\":\"Raffy Ben\u00edtez\",\"image\":{\"@type\":\"ImageObject\",\"inLanguage\":\"es\",\"@id\":\"https:\\\/\\\/secure.gravatar.com\\\/avatar\\\/3190a6a6c5e1b0327500f7d6c56b6242472ee6cb974cf09b401ee6b3b0798f23?s=96&d=mm&r=g\",\"url\":\"https:\\\/\\\/secure.gravatar.com\\\/avatar\\\/3190a6a6c5e1b0327500f7d6c56b6242472ee6cb974cf09b401ee6b3b0798f23?s=96&d=mm&r=g\",\"contentUrl\":\"https:\\\/\\\/secure.gravatar.com\\\/avatar\\\/3190a6a6c5e1b0327500f7d6c56b6242472ee6cb974cf09b401ee6b3b0798f23?s=96&d=mm&r=g\",\"caption\":\"Raffy Ben\u00edtez\"},\"url\":\"https:\\\/\\\/conexion23.com\\\/?author=15\"}]}<\/script>\n<!-- \/ Yoast SEO plugin. -->","yoast_head_json":{"title":"Choferes escolares en San Pedro piden respetar se\u00f1al de \u00abpare\u00bb para evitar accidentes - Conexi\u00f3n 23","robots":{"index":"index","follow":"follow","max-snippet":"max-snippet:-1","max-image-preview":"max-image-preview:large","max-video-preview":"max-video-preview:-1"},"canonical":"https:\/\/conexion23.com\/?p=39623","og_locale":"es_ES","og_type":"article","og_title":"Choferes escolares en San Pedro piden respetar se\u00f1al de \u00abpare\u00bb para evitar accidentes - Conexi\u00f3n 23","og_description":"Choferes que ofrecen servicio en los autobuses del sistema de transporte escolar en San Pedro de Macor\u00eds hicieron un llamado a los conductores privados y motoristas para que respeten las se\u00f1ales de tr\u00e1nsito, en especial la se\u00f1al de \u201cpare\u201d instalada en los autobuses escolares, con el fin de garantizar la seguridad de los estudiantes. Carlos [&hellip;]","og_url":"https:\/\/conexion23.com\/?p=39623","og_site_name":"Conexi\u00f3n 23","article_publisher":"https:\/\/www.facebook.com\/conexion23com","article_published_time":"2025-05-26T11:41:53+00:00","article_modified_time":"2025-05-26T11:41:55+00:00","og_image":[{"width":318,"height":159,"url":"https:\/\/conexion23.com\/wp-content\/uploads\/2025\/05\/descarga-18.jpg","type":"image\/jpeg"}],"author":"Raffy Ben\u00edtez","twitter_card":"summary_large_image","twitter_misc":{"Escrito por":"Raffy Ben\u00edtez","Tiempo de lectura":"2 minutos"},"schema":{"@context":"https:\/\/schema.org","@graph":[{"@type":"Article","@id":"https:\/\/conexion23.com\/?p=39623#article","isPartOf":{"@id":"https:\/\/conexion23.com\/?p=39623"},"author":{"name":"Raffy Ben\u00edtez","@id":"https:\/\/conexion23.com\/#\/schema\/person\/03e36043331117e97a373299bbcd30a6"},"headline":"Choferes escolares en San Pedro piden respetar se\u00f1al de \u00abpare\u00bb para evitar accidentes","datePublished":"2025-05-26T11:41:53+00:00","dateModified":"2025-05-26T11:41:55+00:00","mainEntityOfPage":{"@id":"https:\/\/conexion23.com\/?p=39623"},"wordCount":394,"commentCount":0,"publisher":{"@id":"https:\/\/conexion23.com\/#organization"},"image":{"@id":"https:\/\/conexion23.com\/?p=39623#primaryimage"},"thumbnailUrl":"https:\/\/conexion23.com\/wp-content\/uploads\/2025\/05\/descarga-18.jpg","articleSection":["SPM"],"inLanguage":"es","potentialAction":[{"@type":"CommentAction","name":"Comment","target":["https:\/\/conexion23.com\/?p=39623#respond"]}]},{"@type":"WebPage","@id":"https:\/\/conexion23.com\/?p=39623","url":"https:\/\/conexion23.com\/?p=39623","name":"Choferes escolares en San Pedro piden respetar se\u00f1al de \u00abpare\u00bb para evitar accidentes - Conexi\u00f3n 23","isPartOf":{"@id":"https:\/\/conexion23.com\/#website"},"primaryImageOfPage":{"@id":"https:\/\/conexion23.com\/?p=39623#primaryimage"},"image":{"@id":"https:\/\/conexion23.com\/?p=39623#primaryimage"},"thumbnailUrl":"https:\/\/conexion23.com\/wp-content\/uploads\/2025\/05\/descarga-18.jpg","datePublished":"2025-05-26T11:41:53+00:00","dateModified":"2025-05-26T11:41:55+00:00","breadcrumb":{"@id":"https:\/\/conexion23.com\/?p=39623#breadcrumb"},"inLanguage":"es","potentialAction":[{"@type":"ReadAction","target":["https:\/\/conexion23.com\/?p=39623"]}]},{"@type":"ImageObject","inLanguage":"es","@id":"https:\/\/conexion23.com\/?p=39623#primaryimage","url":"https:\/\/conexion23.com\/wp-content\/uploads\/2025\/05\/descarga-18.jpg","contentUrl":"https:\/\/conexion23.com\/wp-content\/uploads\/2025\/05\/descarga-18.jpg","width":318,"height":159},{"@type":"BreadcrumbList","@id":"https:\/\/conexion23.com\/?p=39623#breadcrumb","itemListElement":[{"@type":"ListItem","position":1,"name":"Portada","item":"https:\/\/conexion23.com\/"},{"@type":"ListItem","position":2,"name":"Choferes escolares en San Pedro piden respetar se\u00f1al de \u00abpare\u00bb para evitar accidentes"}]},{"@type":"WebSite","@id":"https:\/\/conexion23.com\/#website","url":"https:\/\/conexion23.com\/","name":"Conexi\u00f3n 23","description":"Peri\u00f3dico 100% Petromacorisano","publisher":{"@id":"https:\/\/conexion23.com\/#organization"},"potentialAction":[{"@type":"SearchAction","target":{"@type":"EntryPoint","urlTemplate":"https:\/\/conexion23.com\/?s={search_term_string}"},"query-input":{"@type":"PropertyValueSpecification","valueRequired":true,"valueName":"search_term_string"}}],"inLanguage":"es"},{"@type":"Organization","@id":"https:\/\/conexion23.com\/#organization","name":"Conexion 23","url":"https:\/\/conexion23.com\/","logo":{"@type":"ImageObject","inLanguage":"es","@id":"https:\/\/conexion23.com\/#\/schema\/logo\/image\/","url":"https:\/\/conexion23.com\/wp-content\/uploads\/2021\/11\/Diseno-sin-titulo-2.png","contentUrl":"https:\/\/conexion23.com\/wp-content\/uploads\/2021\/11\/Diseno-sin-titulo-2.png","width":541,"height":90,"caption":"Conexion 23"},"image":{"@id":"https:\/\/conexion23.com\/#\/schema\/logo\/image\/"},"sameAs":["https:\/\/www.facebook.com\/conexion23com","https:\/\/www.instagram.com\/conexion23com\/","https:\/\/www.youtube.com\/channel\/UCYc7vxxFZMYLIHNsHHxPZ3Q"]},{"@type":"Person","@id":"https:\/\/conexion23.com\/#\/schema\/person\/03e36043331117e97a373299bbcd30a6","name":"Raffy Ben\u00edtez","image":{"@type":"ImageObject","inLanguage":"es","@id":"https:\/\/secure.gravatar.com\/avatar\/3190a6a6c5e1b0327500f7d6c56b6242472ee6cb974cf09b401ee6b3b0798f23?s=96&d=mm&r=g","url":"https:\/\/secure.gravatar.com\/avatar\/3190a6a6c5e1b0327500f7d6c56b6242472ee6cb974cf09b401ee6b3b0798f23?s=96&d=mm&r=g","contentUrl":"https:\/\/secure.gravatar.com\/avatar\/3190a6a6c5e1b0327500f7d6c56b6242472ee6cb974cf09b401ee6b3b0798f23?s=96&d=mm&r=g","caption":"Raffy Ben\u00edtez"},"url":"https:\/\/conexion23.com\/?author=15"}]}},"_links":{"self":[{"href":"https:\/\/conexion23.com\/index.php?rest_route=\/wp\/v2\/posts\/39623","targetHints":{"allow":["GET"]}}],"collection":[{"href":"https:\/\/conexion23.com\/index.php?rest_route=\/wp\/v2\/posts"}],"about":[{"href":"https:\/\/conexion23.com\/index.php?rest_route=\/wp\/v2\/types\/post"}],"author":[{"embeddable":true,"href":"https:\/\/conexion23.com\/index.php?rest_route=\/wp\/v2\/users\/15"}],"replies":[{"embeddable":true,"href":"https:\/\/conexion23.com\/index.php?rest_route=%2Fwp%2Fv2%2Fcomments&post=39623"}],"version-history":[{"count":1,"href":"https:\/\/conexion23.com\/index.php?rest_route=\/wp\/v2\/posts\/39623\/revisions"}],"predecessor-version":[{"id":39625,"href":"https:\/\/conexion23.com\/index.php?rest_route=\/wp\/v2\/posts\/39623\/revisions\/39625"}],"wp:featuredmedia":[{"embeddable":true,"href":"https:\/\/conexion23.com\/index.php?rest_route=\/wp\/v2\/media\/39624"}],"wp:attachment":[{"href":"https:\/\/conexion23.com\/index.php?rest_route=%2Fwp%2Fv2%2Fmedia&parent=39623"}],"wp:term":[{"taxonomy":"category","embeddable":true,"href":"https:\/\/conexion23.com\/index.php?rest_route=%2Fwp%2Fv2%2Fcategories&post=39623"},{"taxonomy":"post_tag","embeddable":true,"href":"https:\/\/conexion23.com\/index.php?rest_route=%2Fwp%2Fv2%2Ftags&post=39623"}],"curies":[{"name":"wp","href":"https:\/\/api.w.org\/{rel}","templated":true}]}}