{"id":39691,"date":"2025-05-28T07:51:34","date_gmt":"2025-05-28T11:51:34","guid":{"rendered":"https:\/\/conexion23.com\/?p=39691"},"modified":"2025-05-28T07:55:55","modified_gmt":"2025-05-28T11:55:55","slug":"gobernador-del-noroeste-de-haiti-llama-a-mantener-la-paz-en-la-frontera-con-republica-dominicana","status":"publish","type":"post","link":"https:\/\/conexion23.com\/?p=39691","title":{"rendered":"Gobernador del Noroeste de Hait\u00ed llama a mantener la paz en la frontera con Rep\u00fablica Dominicana"},"content":{"rendered":"\n<p class=\"wp-block-paragraph\">En medio de un clima de tensi\u00f3n en la frontera norte entre Hait\u00ed y Rep\u00fablica Dominicana, el gobernador del departamento Noroeste de Hait\u00ed, Dionel Germ\u00e1n, hizo un llamado a preservar la paz, la seguridad y el respeto mutuo entre ambas naciones.<\/p>\n\n\n\n<p class=\"wp-block-paragraph\">Durante una conversaci\u00f3n sostenida en la ciudad fronteriza de Juana M\u00e9ndez, Germ\u00e1n explic\u00f3 que el Gobierno haitiano est\u00e1 trabajando activamente para recuperar el control del territorio, enfrentando amenazas como el contrabando y la presencia de pandillas.<\/p>\n\n\n\n<p class=\"wp-block-paragraph\">\u201cEstamos aqu\u00ed para mantener la paz en la frontera\u201d, afirm\u00f3 Germ\u00e1n, quien asumi\u00f3 el cargo hace dos meses.<\/p>\n\n\n\n<p class=\"wp-block-paragraph\">El gobernador tambi\u00e9n abord\u00f3 la reciente reinstalaci\u00f3n del port\u00f3n fronterizo en el puente que une Juana M\u00e9ndez con Dajab\u00f3n, medida que ha generado cierta controversia. Aclar\u00f3 que esta acci\u00f3n no busca dividir, sino establecer un mayor control y garantizar la seguridad en ambos lados de la isla.<\/p>\n","protected":false},"excerpt":{"rendered":"<p>En medio de un clima de tensi\u00f3n en la frontera norte entre Hait\u00ed y Rep\u00fablica Dominicana, el gobernador del departamento Noroeste de Hait\u00ed, Dionel Germ\u00e1n, hizo un llamado a preservar la paz, la seguridad y el respeto mutuo entre ambas naciones. Durante una conversaci\u00f3n sostenida en la ciudad fronteriza de Juana M\u00e9ndez, Germ\u00e1n explic\u00f3 que [&hellip;]<\/p>\n","protected":false},"author":15,"featured_media":39697,"comment_status":"open","ping_status":"open","sticky":false,"template":"","format":"standard","meta":{"footnotes":""},"categories":[1],"tags":[],"class_list":["post-39691","post","type-post","status-publish","format-standard","has-post-thumbnail","category-uncategorized"],"yoast_head":"<!-- This site is optimized with the Yoast SEO plugin v27.6 - https:\/\/yoast.com\/product\/yoast-seo-wordpress\/ -->\n<title>Gobernador del Noroeste de Hait\u00ed llama a mantener la paz en la frontera con Rep\u00fablica Dominicana - Conexi\u00f3n 23<\/title>\n<meta name=\"robots\" content=\"index, follow, max-snippet:-1, max-image-preview:large, max-video-preview:-1\" \/>\n<link rel=\"canonical\" href=\"https:\/\/conexion23.com\/?p=39691\" \/>\n<meta property=\"og:locale\" content=\"es_ES\" \/>\n<meta property=\"og:type\" content=\"article\" \/>\n<meta property=\"og:title\" content=\"Gobernador del Noroeste de Hait\u00ed llama a mantener la paz en la frontera con Rep\u00fablica Dominicana - Conexi\u00f3n 23\" \/>\n<meta property=\"og:description\" content=\"En medio de un clima de tensi\u00f3n en la frontera norte entre Hait\u00ed y Rep\u00fablica Dominicana, el gobernador del departamento Noroeste de Hait\u00ed, Dionel Germ\u00e1n, hizo un llamado a preservar la paz, la seguridad y el respeto mutuo entre ambas naciones. Durante una conversaci\u00f3n sostenida en la ciudad fronteriza de Juana M\u00e9ndez, Germ\u00e1n explic\u00f3 que [&hellip;]\" \/>\n<meta property=\"og:url\" content=\"https:\/\/conexion23.com\/?p=39691\" \/>\n<meta property=\"og:site_name\" content=\"Conexi\u00f3n 23\" \/>\n<meta property=\"article:publisher\" content=\"https:\/\/www.facebook.com\/conexion23com\" \/>\n<meta property=\"article:published_time\" content=\"2025-05-28T11:51:34+00:00\" \/>\n<meta property=\"article:modified_time\" content=\"2025-05-28T11:55:55+00:00\" \/>\n<meta property=\"og:image\" content=\"https:\/\/conexion23.com\/wp-content\/uploads\/2025\/05\/descarga-1-11.jpg\" \/>\n\t<meta property=\"og:image:width\" content=\"300\" \/>\n\t<meta property=\"og:image:height\" content=\"168\" \/>\n\t<meta property=\"og:image:type\" content=\"image\/jpeg\" \/>\n<meta name=\"author\" content=\"Raffy Ben\u00edtez\" \/>\n<meta name=\"twitter:card\" content=\"summary_large_image\" \/>\n<meta name=\"twitter:label1\" content=\"Escrito por\" \/>\n\t<meta name=\"twitter:data1\" content=\"Raffy Ben\u00edtez\" \/>\n\t<meta name=\"twitter:label2\" content=\"Tiempo de lectura\" \/>\n\t<meta name=\"twitter:data2\" content=\"1 minuto\" \/>\n<script type=\"application\/ld+json\" class=\"yoast-schema-graph\">{\"@context\":\"https:\\\/\\\/schema.org\",\"@graph\":[{\"@type\":\"Article\",\"@id\":\"https:\\\/\\\/conexion23.com\\\/?p=39691#article\",\"isPartOf\":{\"@id\":\"https:\\\/\\\/conexion23.com\\\/?p=39691\"},\"author\":{\"name\":\"Raffy Ben\u00edtez\",\"@id\":\"https:\\\/\\\/conexion23.com\\\/#\\\/schema\\\/person\\\/03e36043331117e97a373299bbcd30a6\"},\"headline\":\"Gobernador del Noroeste de Hait\u00ed llama a mantener la paz en la frontera con Rep\u00fablica Dominicana\",\"datePublished\":\"2025-05-28T11:51:34+00:00\",\"dateModified\":\"2025-05-28T11:55:55+00:00\",\"mainEntityOfPage\":{\"@id\":\"https:\\\/\\\/conexion23.com\\\/?p=39691\"},\"wordCount\":172,\"commentCount\":0,\"publisher\":{\"@id\":\"https:\\\/\\\/conexion23.com\\\/#organization\"},\"image\":{\"@id\":\"https:\\\/\\\/conexion23.com\\\/?p=39691#primaryimage\"},\"thumbnailUrl\":\"https:\\\/\\\/conexion23.com\\\/wp-content\\\/uploads\\\/2025\\\/05\\\/descarga-1-11.jpg\",\"articleSection\":[\"Uncategorized\"],\"inLanguage\":\"es\",\"potentialAction\":[{\"@type\":\"CommentAction\",\"name\":\"Comment\",\"target\":[\"https:\\\/\\\/conexion23.com\\\/?p=39691#respond\"]}]},{\"@type\":\"WebPage\",\"@id\":\"https:\\\/\\\/conexion23.com\\\/?p=39691\",\"url\":\"https:\\\/\\\/conexion23.com\\\/?p=39691\",\"name\":\"Gobernador del Noroeste de Hait\u00ed llama a mantener la paz en la frontera con Rep\u00fablica Dominicana - Conexi\u00f3n 23\",\"isPartOf\":{\"@id\":\"https:\\\/\\\/conexion23.com\\\/#website\"},\"primaryImageOfPage\":{\"@id\":\"https:\\\/\\\/conexion23.com\\\/?p=39691#primaryimage\"},\"image\":{\"@id\":\"https:\\\/\\\/conexion23.com\\\/?p=39691#primaryimage\"},\"thumbnailUrl\":\"https:\\\/\\\/conexion23.com\\\/wp-content\\\/uploads\\\/2025\\\/05\\\/descarga-1-11.jpg\",\"datePublished\":\"2025-05-28T11:51:34+00:00\",\"dateModified\":\"2025-05-28T11:55:55+00:00\",\"breadcrumb\":{\"@id\":\"https:\\\/\\\/conexion23.com\\\/?p=39691#breadcrumb\"},\"inLanguage\":\"es\",\"potentialAction\":[{\"@type\":\"ReadAction\",\"target\":[\"https:\\\/\\\/conexion23.com\\\/?p=39691\"]}]},{\"@type\":\"ImageObject\",\"inLanguage\":\"es\",\"@id\":\"https:\\\/\\\/conexion23.com\\\/?p=39691#primaryimage\",\"url\":\"https:\\\/\\\/conexion23.com\\\/wp-content\\\/uploads\\\/2025\\\/05\\\/descarga-1-11.jpg\",\"contentUrl\":\"https:\\\/\\\/conexion23.com\\\/wp-content\\\/uploads\\\/2025\\\/05\\\/descarga-1-11.jpg\",\"width\":300,\"height\":168},{\"@type\":\"BreadcrumbList\",\"@id\":\"https:\\\/\\\/conexion23.com\\\/?p=39691#breadcrumb\",\"itemListElement\":[{\"@type\":\"ListItem\",\"position\":1,\"name\":\"Portada\",\"item\":\"https:\\\/\\\/conexion23.com\\\/\"},{\"@type\":\"ListItem\",\"position\":2,\"name\":\"Gobernador del Noroeste de Hait\u00ed llama a mantener la paz en la frontera con Rep\u00fablica Dominicana\"}]},{\"@type\":\"WebSite\",\"@id\":\"https:\\\/\\\/conexion23.com\\\/#website\",\"url\":\"https:\\\/\\\/conexion23.com\\\/\",\"name\":\"Conexi\u00f3n 23\",\"description\":\"Peri\u00f3dico 100% Petromacorisano\",\"publisher\":{\"@id\":\"https:\\\/\\\/conexion23.com\\\/#organization\"},\"potentialAction\":[{\"@type\":\"SearchAction\",\"target\":{\"@type\":\"EntryPoint\",\"urlTemplate\":\"https:\\\/\\\/conexion23.com\\\/?s={search_term_string}\"},\"query-input\":{\"@type\":\"PropertyValueSpecification\",\"valueRequired\":true,\"valueName\":\"search_term_string\"}}],\"inLanguage\":\"es\"},{\"@type\":\"Organization\",\"@id\":\"https:\\\/\\\/conexion23.com\\\/#organization\",\"name\":\"Conexion 23\",\"url\":\"https:\\\/\\\/conexion23.com\\\/\",\"logo\":{\"@type\":\"ImageObject\",\"inLanguage\":\"es\",\"@id\":\"https:\\\/\\\/conexion23.com\\\/#\\\/schema\\\/logo\\\/image\\\/\",\"url\":\"https:\\\/\\\/conexion23.com\\\/wp-content\\\/uploads\\\/2021\\\/11\\\/Diseno-sin-titulo-2.png\",\"contentUrl\":\"https:\\\/\\\/conexion23.com\\\/wp-content\\\/uploads\\\/2021\\\/11\\\/Diseno-sin-titulo-2.png\",\"width\":541,\"height\":90,\"caption\":\"Conexion 23\"},\"image\":{\"@id\":\"https:\\\/\\\/conexion23.com\\\/#\\\/schema\\\/logo\\\/image\\\/\"},\"sameAs\":[\"https:\\\/\\\/www.facebook.com\\\/conexion23com\",\"https:\\\/\\\/www.instagram.com\\\/conexion23com\\\/\",\"https:\\\/\\\/www.youtube.com\\\/channel\\\/UCYc7vxxFZMYLIHNsHHxPZ3Q\"]},{\"@type\":\"Person\",\"@id\":\"https:\\\/\\\/conexion23.com\\\/#\\\/schema\\\/person\\\/03e36043331117e97a373299bbcd30a6\",\"name\":\"Raffy Ben\u00edtez\",\"image\":{\"@type\":\"ImageObject\",\"inLanguage\":\"es\",\"@id\":\"https:\\\/\\\/secure.gravatar.com\\\/avatar\\\/3190a6a6c5e1b0327500f7d6c56b6242472ee6cb974cf09b401ee6b3b0798f23?s=96&d=mm&r=g\",\"url\":\"https:\\\/\\\/secure.gravatar.com\\\/avatar\\\/3190a6a6c5e1b0327500f7d6c56b6242472ee6cb974cf09b401ee6b3b0798f23?s=96&d=mm&r=g\",\"contentUrl\":\"https:\\\/\\\/secure.gravatar.com\\\/avatar\\\/3190a6a6c5e1b0327500f7d6c56b6242472ee6cb974cf09b401ee6b3b0798f23?s=96&d=mm&r=g\",\"caption\":\"Raffy Ben\u00edtez\"},\"url\":\"https:\\\/\\\/conexion23.com\\\/?author=15\"}]}<\/script>\n<!-- \/ Yoast SEO plugin. -->","yoast_head_json":{"title":"Gobernador del Noroeste de Hait\u00ed llama a mantener la paz en la frontera con Rep\u00fablica Dominicana - Conexi\u00f3n 23","robots":{"index":"index","follow":"follow","max-snippet":"max-snippet:-1","max-image-preview":"max-image-preview:large","max-video-preview":"max-video-preview:-1"},"canonical":"https:\/\/conexion23.com\/?p=39691","og_locale":"es_ES","og_type":"article","og_title":"Gobernador del Noroeste de Hait\u00ed llama a mantener la paz en la frontera con Rep\u00fablica Dominicana - Conexi\u00f3n 23","og_description":"En medio de un clima de tensi\u00f3n en la frontera norte entre Hait\u00ed y Rep\u00fablica Dominicana, el gobernador del departamento Noroeste de Hait\u00ed, Dionel Germ\u00e1n, hizo un llamado a preservar la paz, la seguridad y el respeto mutuo entre ambas naciones. Durante una conversaci\u00f3n sostenida en la ciudad fronteriza de Juana M\u00e9ndez, Germ\u00e1n explic\u00f3 que [&hellip;]","og_url":"https:\/\/conexion23.com\/?p=39691","og_site_name":"Conexi\u00f3n 23","article_publisher":"https:\/\/www.facebook.com\/conexion23com","article_published_time":"2025-05-28T11:51:34+00:00","article_modified_time":"2025-05-28T11:55:55+00:00","og_image":[{"width":300,"height":168,"url":"https:\/\/conexion23.com\/wp-content\/uploads\/2025\/05\/descarga-1-11.jpg","type":"image\/jpeg"}],"author":"Raffy Ben\u00edtez","twitter_card":"summary_large_image","twitter_misc":{"Escrito por":"Raffy Ben\u00edtez","Tiempo de lectura":"1 minuto"},"schema":{"@context":"https:\/\/schema.org","@graph":[{"@type":"Article","@id":"https:\/\/conexion23.com\/?p=39691#article","isPartOf":{"@id":"https:\/\/conexion23.com\/?p=39691"},"author":{"name":"Raffy Ben\u00edtez","@id":"https:\/\/conexion23.com\/#\/schema\/person\/03e36043331117e97a373299bbcd30a6"},"headline":"Gobernador del Noroeste de Hait\u00ed llama a mantener la paz en la frontera con Rep\u00fablica Dominicana","datePublished":"2025-05-28T11:51:34+00:00","dateModified":"2025-05-28T11:55:55+00:00","mainEntityOfPage":{"@id":"https:\/\/conexion23.com\/?p=39691"},"wordCount":172,"commentCount":0,"publisher":{"@id":"https:\/\/conexion23.com\/#organization"},"image":{"@id":"https:\/\/conexion23.com\/?p=39691#primaryimage"},"thumbnailUrl":"https:\/\/conexion23.com\/wp-content\/uploads\/2025\/05\/descarga-1-11.jpg","articleSection":["Uncategorized"],"inLanguage":"es","potentialAction":[{"@type":"CommentAction","name":"Comment","target":["https:\/\/conexion23.com\/?p=39691#respond"]}]},{"@type":"WebPage","@id":"https:\/\/conexion23.com\/?p=39691","url":"https:\/\/conexion23.com\/?p=39691","name":"Gobernador del Noroeste de Hait\u00ed llama a mantener la paz en la frontera con Rep\u00fablica Dominicana - Conexi\u00f3n 23","isPartOf":{"@id":"https:\/\/conexion23.com\/#website"},"primaryImageOfPage":{"@id":"https:\/\/conexion23.com\/?p=39691#primaryimage"},"image":{"@id":"https:\/\/conexion23.com\/?p=39691#primaryimage"},"thumbnailUrl":"https:\/\/conexion23.com\/wp-content\/uploads\/2025\/05\/descarga-1-11.jpg","datePublished":"2025-05-28T11:51:34+00:00","dateModified":"2025-05-28T11:55:55+00:00","breadcrumb":{"@id":"https:\/\/conexion23.com\/?p=39691#breadcrumb"},"inLanguage":"es","potentialAction":[{"@type":"ReadAction","target":["https:\/\/conexion23.com\/?p=39691"]}]},{"@type":"ImageObject","inLanguage":"es","@id":"https:\/\/conexion23.com\/?p=39691#primaryimage","url":"https:\/\/conexion23.com\/wp-content\/uploads\/2025\/05\/descarga-1-11.jpg","contentUrl":"https:\/\/conexion23.com\/wp-content\/uploads\/2025\/05\/descarga-1-11.jpg","width":300,"height":168},{"@type":"BreadcrumbList","@id":"https:\/\/conexion23.com\/?p=39691#breadcrumb","itemListElement":[{"@type":"ListItem","position":1,"name":"Portada","item":"https:\/\/conexion23.com\/"},{"@type":"ListItem","position":2,"name":"Gobernador del Noroeste de Hait\u00ed llama a mantener la paz en la frontera con Rep\u00fablica Dominicana"}]},{"@type":"WebSite","@id":"https:\/\/conexion23.com\/#website","url":"https:\/\/conexion23.com\/","name":"Conexi\u00f3n 23","description":"Peri\u00f3dico 100% Petromacorisano","publisher":{"@id":"https:\/\/conexion23.com\/#organization"},"potentialAction":[{"@type":"SearchAction","target":{"@type":"EntryPoint","urlTemplate":"https:\/\/conexion23.com\/?s={search_term_string}"},"query-input":{"@type":"PropertyValueSpecification","valueRequired":true,"valueName":"search_term_string"}}],"inLanguage":"es"},{"@type":"Organization","@id":"https:\/\/conexion23.com\/#organization","name":"Conexion 23","url":"https:\/\/conexion23.com\/","logo":{"@type":"ImageObject","inLanguage":"es","@id":"https:\/\/conexion23.com\/#\/schema\/logo\/image\/","url":"https:\/\/conexion23.com\/wp-content\/uploads\/2021\/11\/Diseno-sin-titulo-2.png","contentUrl":"https:\/\/conexion23.com\/wp-content\/uploads\/2021\/11\/Diseno-sin-titulo-2.png","width":541,"height":90,"caption":"Conexion 23"},"image":{"@id":"https:\/\/conexion23.com\/#\/schema\/logo\/image\/"},"sameAs":["https:\/\/www.facebook.com\/conexion23com","https:\/\/www.instagram.com\/conexion23com\/","https:\/\/www.youtube.com\/channel\/UCYc7vxxFZMYLIHNsHHxPZ3Q"]},{"@type":"Person","@id":"https:\/\/conexion23.com\/#\/schema\/person\/03e36043331117e97a373299bbcd30a6","name":"Raffy Ben\u00edtez","image":{"@type":"ImageObject","inLanguage":"es","@id":"https:\/\/secure.gravatar.com\/avatar\/3190a6a6c5e1b0327500f7d6c56b6242472ee6cb974cf09b401ee6b3b0798f23?s=96&d=mm&r=g","url":"https:\/\/secure.gravatar.com\/avatar\/3190a6a6c5e1b0327500f7d6c56b6242472ee6cb974cf09b401ee6b3b0798f23?s=96&d=mm&r=g","contentUrl":"https:\/\/secure.gravatar.com\/avatar\/3190a6a6c5e1b0327500f7d6c56b6242472ee6cb974cf09b401ee6b3b0798f23?s=96&d=mm&r=g","caption":"Raffy Ben\u00edtez"},"url":"https:\/\/conexion23.com\/?author=15"}]}},"_links":{"self":[{"href":"https:\/\/conexion23.com\/index.php?rest_route=\/wp\/v2\/posts\/39691","targetHints":{"allow":["GET"]}}],"collection":[{"href":"https:\/\/conexion23.com\/index.php?rest_route=\/wp\/v2\/posts"}],"about":[{"href":"https:\/\/conexion23.com\/index.php?rest_route=\/wp\/v2\/types\/post"}],"author":[{"embeddable":true,"href":"https:\/\/conexion23.com\/index.php?rest_route=\/wp\/v2\/users\/15"}],"replies":[{"embeddable":true,"href":"https:\/\/conexion23.com\/index.php?rest_route=%2Fwp%2Fv2%2Fcomments&post=39691"}],"version-history":[{"count":1,"href":"https:\/\/conexion23.com\/index.php?rest_route=\/wp\/v2\/posts\/39691\/revisions"}],"predecessor-version":[{"id":39692,"href":"https:\/\/conexion23.com\/index.php?rest_route=\/wp\/v2\/posts\/39691\/revisions\/39692"}],"wp:featuredmedia":[{"embeddable":true,"href":"https:\/\/conexion23.com\/index.php?rest_route=\/wp\/v2\/media\/39697"}],"wp:attachment":[{"href":"https:\/\/conexion23.com\/index.php?rest_route=%2Fwp%2Fv2%2Fmedia&parent=39691"}],"wp:term":[{"taxonomy":"category","embeddable":true,"href":"https:\/\/conexion23.com\/index.php?rest_route=%2Fwp%2Fv2%2Fcategories&post=39691"},{"taxonomy":"post_tag","embeddable":true,"href":"https:\/\/conexion23.com\/index.php?rest_route=%2Fwp%2Fv2%2Ftags&post=39691"}],"curies":[{"name":"wp","href":"https:\/\/api.w.org\/{rel}","templated":true}]}}