{"id":39704,"date":"2025-05-28T08:36:00","date_gmt":"2025-05-28T12:36:00","guid":{"rendered":"https:\/\/conexion23.com\/?p=39704"},"modified":"2025-05-28T08:36:02","modified_gmt":"2025-05-28T12:36:02","slug":"general-wandy-made-resalta-lucha-contra-armas-ilegales","status":"publish","type":"post","link":"https:\/\/conexion23.com\/?p=39704","title":{"rendered":"General Wandy Made resalta lucha contra armas ilegales."},"content":{"rendered":"\n<p class=\"wp-block-paragraph\">El General Wandy Made Montilla, director regional Este de la Polic\u00eda Nacional, asegur\u00f3 que desde su designaci\u00f3n en La Romana ha encabezado una gesti\u00f3n enfocada en el combate frontal contra la delincuencia, logrando incautar la mayor cantidad de armas ilegales en los \u00faltimos a\u00f1os y fortaleciendo los niveles de seguridad en la provincia.<\/p>\n\n\n\n<p class=\"wp-block-paragraph\">Las declaraciones fueron ofrecidas la tarde del martes 27 de mayo durante el acto inaugural de la empresa SEPOL, S.R.L. \u2013 Seguridad Efectiva, una nueva compa\u00f1\u00eda dedicada a ofrecer servicios de protecci\u00f3n privada en la regi\u00f3n Este.<\/p>\n\n\n\n<p class=\"wp-block-paragraph\">El evento se llev\u00f3 a cabo en la Av. Francisco A. Caama\u00f1o No. 1, esquina Juan Pablo Duarte, en el centro de La Romana, y cont\u00f3 con la presencia de diversas personalidades del \u00e1mbito empresarial, militar y comunitario.<\/p>\n\n\n\n<p class=\"wp-block-paragraph\">\u201cEl compromiso es claro: seguir trabajando d\u00eda y noche para garantizar la paz ciudadana. La incautaci\u00f3n de armas ilegales es una prioridad porque cada arma fuera de las calles es una vida que se puede salvar\u201d, expres\u00f3 el general Montilla ante los asistentes.<\/p>\n\n\n\n<p class=\"wp-block-paragraph\">Con la apertura de SEPOL, S.R.L., se refuerza el esfuerzo conjunto entre el sector privado y las autoridades para garantizar mayor seguridad a la poblaci\u00f3n y contribuir al desarrollo sostenible de La Romana.<\/p>\n","protected":false},"excerpt":{"rendered":"<p>El General Wandy Made Montilla, director regional Este de la Polic\u00eda Nacional, asegur\u00f3 que desde su designaci\u00f3n en La Romana ha encabezado una gesti\u00f3n enfocada en el combate frontal contra la delincuencia, logrando incautar la mayor cantidad de armas ilegales en los \u00faltimos a\u00f1os y fortaleciendo los niveles de seguridad en la provincia. Las declaraciones [&hellip;]<\/p>\n","protected":false},"author":15,"featured_media":39705,"comment_status":"open","ping_status":"open","sticky":false,"template":"","format":"standard","meta":{"footnotes":""},"categories":[2473],"tags":[],"class_list":["post-39704","post","type-post","status-publish","format-standard","has-post-thumbnail","category-la-romana"],"yoast_head":"<!-- This site is optimized with the Yoast SEO plugin v27.6 - https:\/\/yoast.com\/product\/yoast-seo-wordpress\/ -->\n<title>General Wandy Made resalta lucha contra armas ilegales. - Conexi\u00f3n 23<\/title>\n<meta name=\"robots\" content=\"index, follow, max-snippet:-1, max-image-preview:large, max-video-preview:-1\" \/>\n<link rel=\"canonical\" href=\"https:\/\/conexion23.com\/?p=39704\" \/>\n<meta property=\"og:locale\" content=\"es_ES\" \/>\n<meta property=\"og:type\" content=\"article\" \/>\n<meta property=\"og:title\" content=\"General Wandy Made resalta lucha contra armas ilegales. - Conexi\u00f3n 23\" \/>\n<meta property=\"og:description\" content=\"El General Wandy Made Montilla, director regional Este de la Polic\u00eda Nacional, asegur\u00f3 que desde su designaci\u00f3n en La Romana ha encabezado una gesti\u00f3n enfocada en el combate frontal contra la delincuencia, logrando incautar la mayor cantidad de armas ilegales en los \u00faltimos a\u00f1os y fortaleciendo los niveles de seguridad en la provincia. Las declaraciones [&hellip;]\" \/>\n<meta property=\"og:url\" content=\"https:\/\/conexion23.com\/?p=39704\" \/>\n<meta property=\"og:site_name\" content=\"Conexi\u00f3n 23\" \/>\n<meta property=\"article:publisher\" content=\"https:\/\/www.facebook.com\/conexion23com\" \/>\n<meta property=\"article:published_time\" content=\"2025-05-28T12:36:00+00:00\" \/>\n<meta property=\"article:modified_time\" content=\"2025-05-28T12:36:02+00:00\" \/>\n<meta property=\"og:image\" content=\"https:\/\/conexion23.com\/wp-content\/uploads\/2025\/05\/descarga-23.jpg\" \/>\n\t<meta property=\"og:image:width\" content=\"215\" \/>\n\t<meta property=\"og:image:height\" content=\"234\" \/>\n\t<meta property=\"og:image:type\" content=\"image\/jpeg\" \/>\n<meta name=\"author\" content=\"Raffy Ben\u00edtez\" \/>\n<meta name=\"twitter:card\" content=\"summary_large_image\" \/>\n<meta name=\"twitter:label1\" content=\"Escrito por\" \/>\n\t<meta name=\"twitter:data1\" content=\"Raffy Ben\u00edtez\" \/>\n\t<meta name=\"twitter:label2\" content=\"Tiempo de lectura\" \/>\n\t<meta name=\"twitter:data2\" content=\"2 minutos\" \/>\n<script type=\"application\/ld+json\" class=\"yoast-schema-graph\">{\"@context\":\"https:\\\/\\\/schema.org\",\"@graph\":[{\"@type\":\"Article\",\"@id\":\"https:\\\/\\\/conexion23.com\\\/?p=39704#article\",\"isPartOf\":{\"@id\":\"https:\\\/\\\/conexion23.com\\\/?p=39704\"},\"author\":{\"name\":\"Raffy Ben\u00edtez\",\"@id\":\"https:\\\/\\\/conexion23.com\\\/#\\\/schema\\\/person\\\/03e36043331117e97a373299bbcd30a6\"},\"headline\":\"General Wandy Made resalta lucha contra armas ilegales.\",\"datePublished\":\"2025-05-28T12:36:00+00:00\",\"dateModified\":\"2025-05-28T12:36:02+00:00\",\"mainEntityOfPage\":{\"@id\":\"https:\\\/\\\/conexion23.com\\\/?p=39704\"},\"wordCount\":224,\"commentCount\":0,\"publisher\":{\"@id\":\"https:\\\/\\\/conexion23.com\\\/#organization\"},\"image\":{\"@id\":\"https:\\\/\\\/conexion23.com\\\/?p=39704#primaryimage\"},\"thumbnailUrl\":\"https:\\\/\\\/conexion23.com\\\/wp-content\\\/uploads\\\/2025\\\/05\\\/descarga-23.jpg\",\"articleSection\":[\"La Romana\"],\"inLanguage\":\"es\",\"potentialAction\":[{\"@type\":\"CommentAction\",\"name\":\"Comment\",\"target\":[\"https:\\\/\\\/conexion23.com\\\/?p=39704#respond\"]}]},{\"@type\":\"WebPage\",\"@id\":\"https:\\\/\\\/conexion23.com\\\/?p=39704\",\"url\":\"https:\\\/\\\/conexion23.com\\\/?p=39704\",\"name\":\"General Wandy Made resalta lucha contra armas ilegales. - Conexi\u00f3n 23\",\"isPartOf\":{\"@id\":\"https:\\\/\\\/conexion23.com\\\/#website\"},\"primaryImageOfPage\":{\"@id\":\"https:\\\/\\\/conexion23.com\\\/?p=39704#primaryimage\"},\"image\":{\"@id\":\"https:\\\/\\\/conexion23.com\\\/?p=39704#primaryimage\"},\"thumbnailUrl\":\"https:\\\/\\\/conexion23.com\\\/wp-content\\\/uploads\\\/2025\\\/05\\\/descarga-23.jpg\",\"datePublished\":\"2025-05-28T12:36:00+00:00\",\"dateModified\":\"2025-05-28T12:36:02+00:00\",\"breadcrumb\":{\"@id\":\"https:\\\/\\\/conexion23.com\\\/?p=39704#breadcrumb\"},\"inLanguage\":\"es\",\"potentialAction\":[{\"@type\":\"ReadAction\",\"target\":[\"https:\\\/\\\/conexion23.com\\\/?p=39704\"]}]},{\"@type\":\"ImageObject\",\"inLanguage\":\"es\",\"@id\":\"https:\\\/\\\/conexion23.com\\\/?p=39704#primaryimage\",\"url\":\"https:\\\/\\\/conexion23.com\\\/wp-content\\\/uploads\\\/2025\\\/05\\\/descarga-23.jpg\",\"contentUrl\":\"https:\\\/\\\/conexion23.com\\\/wp-content\\\/uploads\\\/2025\\\/05\\\/descarga-23.jpg\",\"width\":215,\"height\":234},{\"@type\":\"BreadcrumbList\",\"@id\":\"https:\\\/\\\/conexion23.com\\\/?p=39704#breadcrumb\",\"itemListElement\":[{\"@type\":\"ListItem\",\"position\":1,\"name\":\"Portada\",\"item\":\"https:\\\/\\\/conexion23.com\\\/\"},{\"@type\":\"ListItem\",\"position\":2,\"name\":\"General Wandy Made resalta lucha contra armas ilegales.\"}]},{\"@type\":\"WebSite\",\"@id\":\"https:\\\/\\\/conexion23.com\\\/#website\",\"url\":\"https:\\\/\\\/conexion23.com\\\/\",\"name\":\"Conexi\u00f3n 23\",\"description\":\"Peri\u00f3dico 100% Petromacorisano\",\"publisher\":{\"@id\":\"https:\\\/\\\/conexion23.com\\\/#organization\"},\"potentialAction\":[{\"@type\":\"SearchAction\",\"target\":{\"@type\":\"EntryPoint\",\"urlTemplate\":\"https:\\\/\\\/conexion23.com\\\/?s={search_term_string}\"},\"query-input\":{\"@type\":\"PropertyValueSpecification\",\"valueRequired\":true,\"valueName\":\"search_term_string\"}}],\"inLanguage\":\"es\"},{\"@type\":\"Organization\",\"@id\":\"https:\\\/\\\/conexion23.com\\\/#organization\",\"name\":\"Conexion 23\",\"url\":\"https:\\\/\\\/conexion23.com\\\/\",\"logo\":{\"@type\":\"ImageObject\",\"inLanguage\":\"es\",\"@id\":\"https:\\\/\\\/conexion23.com\\\/#\\\/schema\\\/logo\\\/image\\\/\",\"url\":\"https:\\\/\\\/conexion23.com\\\/wp-content\\\/uploads\\\/2021\\\/11\\\/Diseno-sin-titulo-2.png\",\"contentUrl\":\"https:\\\/\\\/conexion23.com\\\/wp-content\\\/uploads\\\/2021\\\/11\\\/Diseno-sin-titulo-2.png\",\"width\":541,\"height\":90,\"caption\":\"Conexion 23\"},\"image\":{\"@id\":\"https:\\\/\\\/conexion23.com\\\/#\\\/schema\\\/logo\\\/image\\\/\"},\"sameAs\":[\"https:\\\/\\\/www.facebook.com\\\/conexion23com\",\"https:\\\/\\\/www.instagram.com\\\/conexion23com\\\/\",\"https:\\\/\\\/www.youtube.com\\\/channel\\\/UCYc7vxxFZMYLIHNsHHxPZ3Q\"]},{\"@type\":\"Person\",\"@id\":\"https:\\\/\\\/conexion23.com\\\/#\\\/schema\\\/person\\\/03e36043331117e97a373299bbcd30a6\",\"name\":\"Raffy Ben\u00edtez\",\"image\":{\"@type\":\"ImageObject\",\"inLanguage\":\"es\",\"@id\":\"https:\\\/\\\/secure.gravatar.com\\\/avatar\\\/3190a6a6c5e1b0327500f7d6c56b6242472ee6cb974cf09b401ee6b3b0798f23?s=96&d=mm&r=g\",\"url\":\"https:\\\/\\\/secure.gravatar.com\\\/avatar\\\/3190a6a6c5e1b0327500f7d6c56b6242472ee6cb974cf09b401ee6b3b0798f23?s=96&d=mm&r=g\",\"contentUrl\":\"https:\\\/\\\/secure.gravatar.com\\\/avatar\\\/3190a6a6c5e1b0327500f7d6c56b6242472ee6cb974cf09b401ee6b3b0798f23?s=96&d=mm&r=g\",\"caption\":\"Raffy Ben\u00edtez\"},\"url\":\"https:\\\/\\\/conexion23.com\\\/?author=15\"}]}<\/script>\n<!-- \/ Yoast SEO plugin. -->","yoast_head_json":{"title":"General Wandy Made resalta lucha contra armas ilegales. - Conexi\u00f3n 23","robots":{"index":"index","follow":"follow","max-snippet":"max-snippet:-1","max-image-preview":"max-image-preview:large","max-video-preview":"max-video-preview:-1"},"canonical":"https:\/\/conexion23.com\/?p=39704","og_locale":"es_ES","og_type":"article","og_title":"General Wandy Made resalta lucha contra armas ilegales. - Conexi\u00f3n 23","og_description":"El General Wandy Made Montilla, director regional Este de la Polic\u00eda Nacional, asegur\u00f3 que desde su designaci\u00f3n en La Romana ha encabezado una gesti\u00f3n enfocada en el combate frontal contra la delincuencia, logrando incautar la mayor cantidad de armas ilegales en los \u00faltimos a\u00f1os y fortaleciendo los niveles de seguridad en la provincia. Las declaraciones [&hellip;]","og_url":"https:\/\/conexion23.com\/?p=39704","og_site_name":"Conexi\u00f3n 23","article_publisher":"https:\/\/www.facebook.com\/conexion23com","article_published_time":"2025-05-28T12:36:00+00:00","article_modified_time":"2025-05-28T12:36:02+00:00","og_image":[{"width":215,"height":234,"url":"https:\/\/conexion23.com\/wp-content\/uploads\/2025\/05\/descarga-23.jpg","type":"image\/jpeg"}],"author":"Raffy Ben\u00edtez","twitter_card":"summary_large_image","twitter_misc":{"Escrito por":"Raffy Ben\u00edtez","Tiempo de lectura":"2 minutos"},"schema":{"@context":"https:\/\/schema.org","@graph":[{"@type":"Article","@id":"https:\/\/conexion23.com\/?p=39704#article","isPartOf":{"@id":"https:\/\/conexion23.com\/?p=39704"},"author":{"name":"Raffy Ben\u00edtez","@id":"https:\/\/conexion23.com\/#\/schema\/person\/03e36043331117e97a373299bbcd30a6"},"headline":"General Wandy Made resalta lucha contra armas ilegales.","datePublished":"2025-05-28T12:36:00+00:00","dateModified":"2025-05-28T12:36:02+00:00","mainEntityOfPage":{"@id":"https:\/\/conexion23.com\/?p=39704"},"wordCount":224,"commentCount":0,"publisher":{"@id":"https:\/\/conexion23.com\/#organization"},"image":{"@id":"https:\/\/conexion23.com\/?p=39704#primaryimage"},"thumbnailUrl":"https:\/\/conexion23.com\/wp-content\/uploads\/2025\/05\/descarga-23.jpg","articleSection":["La Romana"],"inLanguage":"es","potentialAction":[{"@type":"CommentAction","name":"Comment","target":["https:\/\/conexion23.com\/?p=39704#respond"]}]},{"@type":"WebPage","@id":"https:\/\/conexion23.com\/?p=39704","url":"https:\/\/conexion23.com\/?p=39704","name":"General Wandy Made resalta lucha contra armas ilegales. - Conexi\u00f3n 23","isPartOf":{"@id":"https:\/\/conexion23.com\/#website"},"primaryImageOfPage":{"@id":"https:\/\/conexion23.com\/?p=39704#primaryimage"},"image":{"@id":"https:\/\/conexion23.com\/?p=39704#primaryimage"},"thumbnailUrl":"https:\/\/conexion23.com\/wp-content\/uploads\/2025\/05\/descarga-23.jpg","datePublished":"2025-05-28T12:36:00+00:00","dateModified":"2025-05-28T12:36:02+00:00","breadcrumb":{"@id":"https:\/\/conexion23.com\/?p=39704#breadcrumb"},"inLanguage":"es","potentialAction":[{"@type":"ReadAction","target":["https:\/\/conexion23.com\/?p=39704"]}]},{"@type":"ImageObject","inLanguage":"es","@id":"https:\/\/conexion23.com\/?p=39704#primaryimage","url":"https:\/\/conexion23.com\/wp-content\/uploads\/2025\/05\/descarga-23.jpg","contentUrl":"https:\/\/conexion23.com\/wp-content\/uploads\/2025\/05\/descarga-23.jpg","width":215,"height":234},{"@type":"BreadcrumbList","@id":"https:\/\/conexion23.com\/?p=39704#breadcrumb","itemListElement":[{"@type":"ListItem","position":1,"name":"Portada","item":"https:\/\/conexion23.com\/"},{"@type":"ListItem","position":2,"name":"General Wandy Made resalta lucha contra armas ilegales."}]},{"@type":"WebSite","@id":"https:\/\/conexion23.com\/#website","url":"https:\/\/conexion23.com\/","name":"Conexi\u00f3n 23","description":"Peri\u00f3dico 100% Petromacorisano","publisher":{"@id":"https:\/\/conexion23.com\/#organization"},"potentialAction":[{"@type":"SearchAction","target":{"@type":"EntryPoint","urlTemplate":"https:\/\/conexion23.com\/?s={search_term_string}"},"query-input":{"@type":"PropertyValueSpecification","valueRequired":true,"valueName":"search_term_string"}}],"inLanguage":"es"},{"@type":"Organization","@id":"https:\/\/conexion23.com\/#organization","name":"Conexion 23","url":"https:\/\/conexion23.com\/","logo":{"@type":"ImageObject","inLanguage":"es","@id":"https:\/\/conexion23.com\/#\/schema\/logo\/image\/","url":"https:\/\/conexion23.com\/wp-content\/uploads\/2021\/11\/Diseno-sin-titulo-2.png","contentUrl":"https:\/\/conexion23.com\/wp-content\/uploads\/2021\/11\/Diseno-sin-titulo-2.png","width":541,"height":90,"caption":"Conexion 23"},"image":{"@id":"https:\/\/conexion23.com\/#\/schema\/logo\/image\/"},"sameAs":["https:\/\/www.facebook.com\/conexion23com","https:\/\/www.instagram.com\/conexion23com\/","https:\/\/www.youtube.com\/channel\/UCYc7vxxFZMYLIHNsHHxPZ3Q"]},{"@type":"Person","@id":"https:\/\/conexion23.com\/#\/schema\/person\/03e36043331117e97a373299bbcd30a6","name":"Raffy Ben\u00edtez","image":{"@type":"ImageObject","inLanguage":"es","@id":"https:\/\/secure.gravatar.com\/avatar\/3190a6a6c5e1b0327500f7d6c56b6242472ee6cb974cf09b401ee6b3b0798f23?s=96&d=mm&r=g","url":"https:\/\/secure.gravatar.com\/avatar\/3190a6a6c5e1b0327500f7d6c56b6242472ee6cb974cf09b401ee6b3b0798f23?s=96&d=mm&r=g","contentUrl":"https:\/\/secure.gravatar.com\/avatar\/3190a6a6c5e1b0327500f7d6c56b6242472ee6cb974cf09b401ee6b3b0798f23?s=96&d=mm&r=g","caption":"Raffy Ben\u00edtez"},"url":"https:\/\/conexion23.com\/?author=15"}]}},"_links":{"self":[{"href":"https:\/\/conexion23.com\/index.php?rest_route=\/wp\/v2\/posts\/39704","targetHints":{"allow":["GET"]}}],"collection":[{"href":"https:\/\/conexion23.com\/index.php?rest_route=\/wp\/v2\/posts"}],"about":[{"href":"https:\/\/conexion23.com\/index.php?rest_route=\/wp\/v2\/types\/post"}],"author":[{"embeddable":true,"href":"https:\/\/conexion23.com\/index.php?rest_route=\/wp\/v2\/users\/15"}],"replies":[{"embeddable":true,"href":"https:\/\/conexion23.com\/index.php?rest_route=%2Fwp%2Fv2%2Fcomments&post=39704"}],"version-history":[{"count":1,"href":"https:\/\/conexion23.com\/index.php?rest_route=\/wp\/v2\/posts\/39704\/revisions"}],"predecessor-version":[{"id":39706,"href":"https:\/\/conexion23.com\/index.php?rest_route=\/wp\/v2\/posts\/39704\/revisions\/39706"}],"wp:featuredmedia":[{"embeddable":true,"href":"https:\/\/conexion23.com\/index.php?rest_route=\/wp\/v2\/media\/39705"}],"wp:attachment":[{"href":"https:\/\/conexion23.com\/index.php?rest_route=%2Fwp%2Fv2%2Fmedia&parent=39704"}],"wp:term":[{"taxonomy":"category","embeddable":true,"href":"https:\/\/conexion23.com\/index.php?rest_route=%2Fwp%2Fv2%2Fcategories&post=39704"},{"taxonomy":"post_tag","embeddable":true,"href":"https:\/\/conexion23.com\/index.php?rest_route=%2Fwp%2Fv2%2Ftags&post=39704"}],"curies":[{"name":"wp","href":"https:\/\/api.w.org\/{rel}","templated":true}]}}