{"id":39765,"date":"2025-05-30T07:19:26","date_gmt":"2025-05-30T11:19:26","guid":{"rendered":"https:\/\/conexion23.com\/?p=39765"},"modified":"2025-05-30T07:19:29","modified_gmt":"2025-05-30T11:19:29","slug":"liberan-al-dirigente-jesus-nunez-el-canero-tras-varias-horas-detenido-en-boca-chica","status":"publish","type":"post","link":"https:\/\/conexion23.com\/?p=39765","title":{"rendered":"Liberan al dirigente Jes\u00fas N\u00fa\u00f1ez \u00abEl Ca\u00f1ero\u00bb tras varias horas detenido en Boca Chica"},"content":{"rendered":"\n<p class=\"wp-block-paragraph\">Tras permanecer detenido por varias horas, fue puesto en libertad este jueves el dirigente sindical Jes\u00fas Antonio N\u00fa\u00f1ez Abreu, conocido como \u201cEl Ca\u00f1ero\u201d, de 66 a\u00f1os, quien hab\u00eda sido arrestado en Boca Chica por una orden judicial pendiente relacionada con la adquisici\u00f3n de un veh\u00edculo.<\/p>\n\n\n\n<p class=\"wp-block-paragraph\">A su salida, N\u00fa\u00f1ez denunci\u00f3 que su detenci\u00f3n fue arbitraria e injustificada. Adem\u00e1s, anunci\u00f3 la convocatoria a una marcha de protesta para el pr\u00f3ximo martes, como parte de las demandas hist\u00f3ricas del sector ca\u00f1ero.<\/p>\n\n\n\n<p class=\"wp-block-paragraph\">Seg\u00fan las autoridades, sobre N\u00fa\u00f1ez pesaba una orden de arresto emitida hace varios a\u00f1os,. En ese sentido se le acusa de estafa, falsificaci\u00f3n de informaci\u00f3n, usurpaci\u00f3n de identidad y abuso de confianza, entre otros cargos. Sin embargo, el sindicalista afirma que los hechos se remontan a una vieja deuda de 1994 y que la acci\u00f3n responde a una \u201cestrategia para desviar la atenci\u00f3n de las leg\u00edtimas demandas sociales\u201d que \u00e9l encabeza.<\/p>\n\n\n\n<h2 class=\"wp-block-heading\" id=\"h-reacciones-y-denuncias-por-detencion-irregular\">Reacciones y denuncias por detenci\u00f3n irregular<\/h2>\n\n\n\n<p class=\"wp-block-paragraph\">Diversos sectores sociales y defensores de derechos humanos se pronunciaron en contra del arresto. H\u00e9ctor Turbi, vocero de la&nbsp;<a href=\"https:\/\/www.instagram.com\/CoordinadoraRD\/\" target=\"_blank\" rel=\"noreferrer noopener\">Coordinadora Popular Nacional (CPN)<\/a>, exigi\u00f3 su liberaci\u00f3n inmediata y responsabiliz\u00f3 al Gobierno por cualquier da\u00f1o f\u00edsico o emocional que pudiera sufrir N\u00fa\u00f1ez durante el proceso.<\/p>\n\n\n\n<p class=\"wp-block-paragraph\">Por su parte, Manuel Mar\u00eda Mercedes, presidente de la Comisi\u00f3n Dominicana de los Derechos Humanos, calific\u00f3 el arresto como ilegal y persecutorio, afirmando que se trata de una represalia por el trabajo del dirigente en defensa de los trabajadores ca\u00f1eros.<\/p>\n\n\n\n<p class=\"wp-block-paragraph\">Tambi\u00e9n el presidente del Movimiento Rebelde, Juan Hubieres, critic\u00f3 duramente la acci\u00f3n de las autoridades, al denunciar que N\u00fa\u00f1ez fue trasladado por agentes de la&nbsp;<a href=\"https:\/\/cdn.com.do\/nacionales\/regionales\/dicrim-inspecciona-escena-donde-fue-herido-de-bala-raso\/\" target=\"_blank\" rel=\"noreferrer noopener\">Dicrim&nbsp;<\/a>a cinco destacamentos diferentes, lo que deterior\u00f3 su delicada condici\u00f3n de salud. Hubieres asegur\u00f3 que el activista ha sido una figura clave en la lucha por pensiones, condiciones laborales dignas. Adem\u00e1s de y acceso a servicios b\u00e1sicos para miles de obreros del sector ca\u00f1ero, muchos de ellos de origen haitiano o descendientes.<\/p>\n\n\n\n<h2 class=\"wp-block-heading\" id=\"h-situacion-del-sector-canero-en-rd\">Situaci\u00f3n del sector ca\u00f1ero en RD<\/h2>\n\n\n\n<p class=\"wp-block-paragraph\">En declaraciones recientes, Jes\u00fas N\u00fa\u00f1ez ha denunciado que los trabajadores ca\u00f1eros figuran entre los m\u00e1s explotados del pa\u00eds. Adem\u00e1s dijo que sus demandas hist\u00f3ricas siguen sin respuesta. Asegura que en muchos bateyes no hay agua potable ni electricidad. Los derechos laborales y sociales de estos trabajadores siguen siendo ignorados por el Estado.<\/p>\n\n\n\n<p class=\"wp-block-paragraph\">El arresto de N\u00fa\u00f1ez ha reactivado el debate sobre la criminalizaci\u00f3n de los l\u00edderes sociales y sindicales. Esto ocurre en un contexto donde las organizaciones populares siguen exigiendo reformas estructurales en favor de las comunidades m\u00e1s vulnerables.<\/p>\n","protected":false},"excerpt":{"rendered":"<p>Tras permanecer detenido por varias horas, fue puesto en libertad este jueves el dirigente sindical Jes\u00fas Antonio N\u00fa\u00f1ez Abreu, conocido como \u201cEl Ca\u00f1ero\u201d, de 66 a\u00f1os, quien hab\u00eda sido arrestado en Boca Chica por una orden judicial pendiente relacionada con la adquisici\u00f3n de un veh\u00edculo. A su salida, N\u00fa\u00f1ez denunci\u00f3 que su detenci\u00f3n fue arbitraria [&hellip;]<\/p>\n","protected":false},"author":15,"featured_media":39767,"comment_status":"open","ping_status":"open","sticky":false,"template":"","format":"standard","meta":{"footnotes":""},"categories":[1],"tags":[],"class_list":["post-39765","post","type-post","status-publish","format-standard","has-post-thumbnail","category-uncategorized"],"yoast_head":"<!-- This site is optimized with the Yoast SEO plugin v27.6 - https:\/\/yoast.com\/product\/yoast-seo-wordpress\/ -->\n<title>Liberan al dirigente Jes\u00fas N\u00fa\u00f1ez &quot;El Ca\u00f1ero&quot; tras varias horas detenido en Boca Chica - Conexi\u00f3n 23<\/title>\n<meta name=\"robots\" content=\"index, follow, max-snippet:-1, max-image-preview:large, max-video-preview:-1\" \/>\n<link rel=\"canonical\" href=\"https:\/\/conexion23.com\/?p=39765\" \/>\n<meta property=\"og:locale\" content=\"es_ES\" \/>\n<meta property=\"og:type\" content=\"article\" \/>\n<meta property=\"og:title\" content=\"Liberan al dirigente Jes\u00fas N\u00fa\u00f1ez &quot;El Ca\u00f1ero&quot; tras varias horas detenido en Boca Chica - Conexi\u00f3n 23\" \/>\n<meta property=\"og:description\" content=\"Tras permanecer detenido por varias horas, fue puesto en libertad este jueves el dirigente sindical Jes\u00fas Antonio N\u00fa\u00f1ez Abreu, conocido como \u201cEl Ca\u00f1ero\u201d, de 66 a\u00f1os, quien hab\u00eda sido arrestado en Boca Chica por una orden judicial pendiente relacionada con la adquisici\u00f3n de un veh\u00edculo. A su salida, N\u00fa\u00f1ez denunci\u00f3 que su detenci\u00f3n fue arbitraria [&hellip;]\" \/>\n<meta property=\"og:url\" content=\"https:\/\/conexion23.com\/?p=39765\" \/>\n<meta property=\"og:site_name\" content=\"Conexi\u00f3n 23\" \/>\n<meta property=\"article:publisher\" content=\"https:\/\/www.facebook.com\/conexion23com\" \/>\n<meta property=\"article:published_time\" content=\"2025-05-30T11:19:26+00:00\" \/>\n<meta property=\"article:modified_time\" content=\"2025-05-30T11:19:29+00:00\" \/>\n<meta property=\"og:image\" content=\"https:\/\/conexion23.com\/wp-content\/uploads\/2025\/05\/Liberan-al-dirigente-Jesus-Nunez-El-Canero-tras-varias-horas-detenido-en-Boca-Chica-1536x865.jpg.webp\" \/>\n\t<meta property=\"og:image:width\" content=\"1536\" \/>\n\t<meta property=\"og:image:height\" content=\"865\" \/>\n\t<meta property=\"og:image:type\" content=\"image\/webp\" \/>\n<meta name=\"author\" content=\"Raffy Ben\u00edtez\" \/>\n<meta name=\"twitter:card\" content=\"summary_large_image\" \/>\n<meta name=\"twitter:label1\" content=\"Escrito por\" \/>\n\t<meta name=\"twitter:data1\" content=\"Raffy Ben\u00edtez\" \/>\n\t<meta name=\"twitter:label2\" content=\"Tiempo de lectura\" \/>\n\t<meta name=\"twitter:data2\" content=\"3 minutos\" \/>\n<script type=\"application\/ld+json\" class=\"yoast-schema-graph\">{\"@context\":\"https:\\\/\\\/schema.org\",\"@graph\":[{\"@type\":\"Article\",\"@id\":\"https:\\\/\\\/conexion23.com\\\/?p=39765#article\",\"isPartOf\":{\"@id\":\"https:\\\/\\\/conexion23.com\\\/?p=39765\"},\"author\":{\"name\":\"Raffy Ben\u00edtez\",\"@id\":\"http:\\\/\\\/conexion23.com\\\/#\\\/schema\\\/person\\\/03e36043331117e97a373299bbcd30a6\"},\"headline\":\"Liberan al dirigente Jes\u00fas N\u00fa\u00f1ez \u00abEl Ca\u00f1ero\u00bb tras varias horas detenido en Boca Chica\",\"datePublished\":\"2025-05-30T11:19:26+00:00\",\"dateModified\":\"2025-05-30T11:19:29+00:00\",\"mainEntityOfPage\":{\"@id\":\"https:\\\/\\\/conexion23.com\\\/?p=39765\"},\"wordCount\":482,\"commentCount\":0,\"publisher\":{\"@id\":\"http:\\\/\\\/conexion23.com\\\/#organization\"},\"image\":{\"@id\":\"https:\\\/\\\/conexion23.com\\\/?p=39765#primaryimage\"},\"thumbnailUrl\":\"https:\\\/\\\/conexion23.com\\\/wp-content\\\/uploads\\\/2025\\\/05\\\/Liberan-al-dirigente-Jesus-Nunez-El-Canero-tras-varias-horas-detenido-en-Boca-Chica-1536x865.jpg.webp\",\"articleSection\":[\"Uncategorized\"],\"inLanguage\":\"es\",\"potentialAction\":[{\"@type\":\"CommentAction\",\"name\":\"Comment\",\"target\":[\"https:\\\/\\\/conexion23.com\\\/?p=39765#respond\"]}]},{\"@type\":\"WebPage\",\"@id\":\"https:\\\/\\\/conexion23.com\\\/?p=39765\",\"url\":\"https:\\\/\\\/conexion23.com\\\/?p=39765\",\"name\":\"Liberan al dirigente Jes\u00fas N\u00fa\u00f1ez \\\"El Ca\u00f1ero\\\" tras varias horas detenido en Boca Chica - Conexi\u00f3n 23\",\"isPartOf\":{\"@id\":\"http:\\\/\\\/conexion23.com\\\/#website\"},\"primaryImageOfPage\":{\"@id\":\"https:\\\/\\\/conexion23.com\\\/?p=39765#primaryimage\"},\"image\":{\"@id\":\"https:\\\/\\\/conexion23.com\\\/?p=39765#primaryimage\"},\"thumbnailUrl\":\"https:\\\/\\\/conexion23.com\\\/wp-content\\\/uploads\\\/2025\\\/05\\\/Liberan-al-dirigente-Jesus-Nunez-El-Canero-tras-varias-horas-detenido-en-Boca-Chica-1536x865.jpg.webp\",\"datePublished\":\"2025-05-30T11:19:26+00:00\",\"dateModified\":\"2025-05-30T11:19:29+00:00\",\"breadcrumb\":{\"@id\":\"https:\\\/\\\/conexion23.com\\\/?p=39765#breadcrumb\"},\"inLanguage\":\"es\",\"potentialAction\":[{\"@type\":\"ReadAction\",\"target\":[\"https:\\\/\\\/conexion23.com\\\/?p=39765\"]}]},{\"@type\":\"ImageObject\",\"inLanguage\":\"es\",\"@id\":\"https:\\\/\\\/conexion23.com\\\/?p=39765#primaryimage\",\"url\":\"https:\\\/\\\/conexion23.com\\\/wp-content\\\/uploads\\\/2025\\\/05\\\/Liberan-al-dirigente-Jesus-Nunez-El-Canero-tras-varias-horas-detenido-en-Boca-Chica-1536x865.jpg.webp\",\"contentUrl\":\"https:\\\/\\\/conexion23.com\\\/wp-content\\\/uploads\\\/2025\\\/05\\\/Liberan-al-dirigente-Jesus-Nunez-El-Canero-tras-varias-horas-detenido-en-Boca-Chica-1536x865.jpg.webp\",\"width\":1536,\"height\":865},{\"@type\":\"BreadcrumbList\",\"@id\":\"https:\\\/\\\/conexion23.com\\\/?p=39765#breadcrumb\",\"itemListElement\":[{\"@type\":\"ListItem\",\"position\":1,\"name\":\"Portada\",\"item\":\"http:\\\/\\\/conexion23.com\\\/\"},{\"@type\":\"ListItem\",\"position\":2,\"name\":\"Liberan al dirigente Jes\u00fas N\u00fa\u00f1ez \u00abEl Ca\u00f1ero\u00bb tras varias horas detenido en Boca Chica\"}]},{\"@type\":\"WebSite\",\"@id\":\"http:\\\/\\\/conexion23.com\\\/#website\",\"url\":\"http:\\\/\\\/conexion23.com\\\/\",\"name\":\"Conexi\u00f3n 23\",\"description\":\"Peri\u00f3dico 100% Petromacorisano\",\"publisher\":{\"@id\":\"http:\\\/\\\/conexion23.com\\\/#organization\"},\"potentialAction\":[{\"@type\":\"SearchAction\",\"target\":{\"@type\":\"EntryPoint\",\"urlTemplate\":\"http:\\\/\\\/conexion23.com\\\/?s={search_term_string}\"},\"query-input\":{\"@type\":\"PropertyValueSpecification\",\"valueRequired\":true,\"valueName\":\"search_term_string\"}}],\"inLanguage\":\"es\"},{\"@type\":\"Organization\",\"@id\":\"http:\\\/\\\/conexion23.com\\\/#organization\",\"name\":\"Conexion 23\",\"url\":\"http:\\\/\\\/conexion23.com\\\/\",\"logo\":{\"@type\":\"ImageObject\",\"inLanguage\":\"es\",\"@id\":\"http:\\\/\\\/conexion23.com\\\/#\\\/schema\\\/logo\\\/image\\\/\",\"url\":\"https:\\\/\\\/conexion23.com\\\/wp-content\\\/uploads\\\/2021\\\/11\\\/Diseno-sin-titulo-2.png\",\"contentUrl\":\"https:\\\/\\\/conexion23.com\\\/wp-content\\\/uploads\\\/2021\\\/11\\\/Diseno-sin-titulo-2.png\",\"width\":541,\"height\":90,\"caption\":\"Conexion 23\"},\"image\":{\"@id\":\"http:\\\/\\\/conexion23.com\\\/#\\\/schema\\\/logo\\\/image\\\/\"},\"sameAs\":[\"https:\\\/\\\/www.facebook.com\\\/conexion23com\",\"https:\\\/\\\/www.instagram.com\\\/conexion23com\\\/\",\"https:\\\/\\\/www.youtube.com\\\/channel\\\/UCYc7vxxFZMYLIHNsHHxPZ3Q\"]},{\"@type\":\"Person\",\"@id\":\"http:\\\/\\\/conexion23.com\\\/#\\\/schema\\\/person\\\/03e36043331117e97a373299bbcd30a6\",\"name\":\"Raffy Ben\u00edtez\",\"image\":{\"@type\":\"ImageObject\",\"inLanguage\":\"es\",\"@id\":\"https:\\\/\\\/secure.gravatar.com\\\/avatar\\\/3190a6a6c5e1b0327500f7d6c56b6242472ee6cb974cf09b401ee6b3b0798f23?s=96&d=mm&r=g\",\"url\":\"https:\\\/\\\/secure.gravatar.com\\\/avatar\\\/3190a6a6c5e1b0327500f7d6c56b6242472ee6cb974cf09b401ee6b3b0798f23?s=96&d=mm&r=g\",\"contentUrl\":\"https:\\\/\\\/secure.gravatar.com\\\/avatar\\\/3190a6a6c5e1b0327500f7d6c56b6242472ee6cb974cf09b401ee6b3b0798f23?s=96&d=mm&r=g\",\"caption\":\"Raffy Ben\u00edtez\"},\"url\":\"https:\\\/\\\/conexion23.com\\\/?author=15\"}]}<\/script>\n<!-- \/ Yoast SEO plugin. -->","yoast_head_json":{"title":"Liberan al dirigente Jes\u00fas N\u00fa\u00f1ez \"El Ca\u00f1ero\" tras varias horas detenido en Boca Chica - Conexi\u00f3n 23","robots":{"index":"index","follow":"follow","max-snippet":"max-snippet:-1","max-image-preview":"max-image-preview:large","max-video-preview":"max-video-preview:-1"},"canonical":"https:\/\/conexion23.com\/?p=39765","og_locale":"es_ES","og_type":"article","og_title":"Liberan al dirigente Jes\u00fas N\u00fa\u00f1ez \"El Ca\u00f1ero\" tras varias horas detenido en Boca Chica - Conexi\u00f3n 23","og_description":"Tras permanecer detenido por varias horas, fue puesto en libertad este jueves el dirigente sindical Jes\u00fas Antonio N\u00fa\u00f1ez Abreu, conocido como \u201cEl Ca\u00f1ero\u201d, de 66 a\u00f1os, quien hab\u00eda sido arrestado en Boca Chica por una orden judicial pendiente relacionada con la adquisici\u00f3n de un veh\u00edculo. A su salida, N\u00fa\u00f1ez denunci\u00f3 que su detenci\u00f3n fue arbitraria [&hellip;]","og_url":"https:\/\/conexion23.com\/?p=39765","og_site_name":"Conexi\u00f3n 23","article_publisher":"https:\/\/www.facebook.com\/conexion23com","article_published_time":"2025-05-30T11:19:26+00:00","article_modified_time":"2025-05-30T11:19:29+00:00","og_image":[{"width":1536,"height":865,"url":"https:\/\/conexion23.com\/wp-content\/uploads\/2025\/05\/Liberan-al-dirigente-Jesus-Nunez-El-Canero-tras-varias-horas-detenido-en-Boca-Chica-1536x865.jpg.webp","type":"image\/webp"}],"author":"Raffy Ben\u00edtez","twitter_card":"summary_large_image","twitter_misc":{"Escrito por":"Raffy Ben\u00edtez","Tiempo de lectura":"3 minutos"},"schema":{"@context":"https:\/\/schema.org","@graph":[{"@type":"Article","@id":"https:\/\/conexion23.com\/?p=39765#article","isPartOf":{"@id":"https:\/\/conexion23.com\/?p=39765"},"author":{"name":"Raffy Ben\u00edtez","@id":"http:\/\/conexion23.com\/#\/schema\/person\/03e36043331117e97a373299bbcd30a6"},"headline":"Liberan al dirigente Jes\u00fas N\u00fa\u00f1ez \u00abEl Ca\u00f1ero\u00bb tras varias horas detenido en Boca Chica","datePublished":"2025-05-30T11:19:26+00:00","dateModified":"2025-05-30T11:19:29+00:00","mainEntityOfPage":{"@id":"https:\/\/conexion23.com\/?p=39765"},"wordCount":482,"commentCount":0,"publisher":{"@id":"http:\/\/conexion23.com\/#organization"},"image":{"@id":"https:\/\/conexion23.com\/?p=39765#primaryimage"},"thumbnailUrl":"https:\/\/conexion23.com\/wp-content\/uploads\/2025\/05\/Liberan-al-dirigente-Jesus-Nunez-El-Canero-tras-varias-horas-detenido-en-Boca-Chica-1536x865.jpg.webp","articleSection":["Uncategorized"],"inLanguage":"es","potentialAction":[{"@type":"CommentAction","name":"Comment","target":["https:\/\/conexion23.com\/?p=39765#respond"]}]},{"@type":"WebPage","@id":"https:\/\/conexion23.com\/?p=39765","url":"https:\/\/conexion23.com\/?p=39765","name":"Liberan al dirigente Jes\u00fas N\u00fa\u00f1ez \"El Ca\u00f1ero\" tras varias horas detenido en Boca Chica - Conexi\u00f3n 23","isPartOf":{"@id":"http:\/\/conexion23.com\/#website"},"primaryImageOfPage":{"@id":"https:\/\/conexion23.com\/?p=39765#primaryimage"},"image":{"@id":"https:\/\/conexion23.com\/?p=39765#primaryimage"},"thumbnailUrl":"https:\/\/conexion23.com\/wp-content\/uploads\/2025\/05\/Liberan-al-dirigente-Jesus-Nunez-El-Canero-tras-varias-horas-detenido-en-Boca-Chica-1536x865.jpg.webp","datePublished":"2025-05-30T11:19:26+00:00","dateModified":"2025-05-30T11:19:29+00:00","breadcrumb":{"@id":"https:\/\/conexion23.com\/?p=39765#breadcrumb"},"inLanguage":"es","potentialAction":[{"@type":"ReadAction","target":["https:\/\/conexion23.com\/?p=39765"]}]},{"@type":"ImageObject","inLanguage":"es","@id":"https:\/\/conexion23.com\/?p=39765#primaryimage","url":"https:\/\/conexion23.com\/wp-content\/uploads\/2025\/05\/Liberan-al-dirigente-Jesus-Nunez-El-Canero-tras-varias-horas-detenido-en-Boca-Chica-1536x865.jpg.webp","contentUrl":"https:\/\/conexion23.com\/wp-content\/uploads\/2025\/05\/Liberan-al-dirigente-Jesus-Nunez-El-Canero-tras-varias-horas-detenido-en-Boca-Chica-1536x865.jpg.webp","width":1536,"height":865},{"@type":"BreadcrumbList","@id":"https:\/\/conexion23.com\/?p=39765#breadcrumb","itemListElement":[{"@type":"ListItem","position":1,"name":"Portada","item":"http:\/\/conexion23.com\/"},{"@type":"ListItem","position":2,"name":"Liberan al dirigente Jes\u00fas N\u00fa\u00f1ez \u00abEl Ca\u00f1ero\u00bb tras varias horas detenido en Boca Chica"}]},{"@type":"WebSite","@id":"http:\/\/conexion23.com\/#website","url":"http:\/\/conexion23.com\/","name":"Conexi\u00f3n 23","description":"Peri\u00f3dico 100% Petromacorisano","publisher":{"@id":"http:\/\/conexion23.com\/#organization"},"potentialAction":[{"@type":"SearchAction","target":{"@type":"EntryPoint","urlTemplate":"http:\/\/conexion23.com\/?s={search_term_string}"},"query-input":{"@type":"PropertyValueSpecification","valueRequired":true,"valueName":"search_term_string"}}],"inLanguage":"es"},{"@type":"Organization","@id":"http:\/\/conexion23.com\/#organization","name":"Conexion 23","url":"http:\/\/conexion23.com\/","logo":{"@type":"ImageObject","inLanguage":"es","@id":"http:\/\/conexion23.com\/#\/schema\/logo\/image\/","url":"https:\/\/conexion23.com\/wp-content\/uploads\/2021\/11\/Diseno-sin-titulo-2.png","contentUrl":"https:\/\/conexion23.com\/wp-content\/uploads\/2021\/11\/Diseno-sin-titulo-2.png","width":541,"height":90,"caption":"Conexion 23"},"image":{"@id":"http:\/\/conexion23.com\/#\/schema\/logo\/image\/"},"sameAs":["https:\/\/www.facebook.com\/conexion23com","https:\/\/www.instagram.com\/conexion23com\/","https:\/\/www.youtube.com\/channel\/UCYc7vxxFZMYLIHNsHHxPZ3Q"]},{"@type":"Person","@id":"http:\/\/conexion23.com\/#\/schema\/person\/03e36043331117e97a373299bbcd30a6","name":"Raffy Ben\u00edtez","image":{"@type":"ImageObject","inLanguage":"es","@id":"https:\/\/secure.gravatar.com\/avatar\/3190a6a6c5e1b0327500f7d6c56b6242472ee6cb974cf09b401ee6b3b0798f23?s=96&d=mm&r=g","url":"https:\/\/secure.gravatar.com\/avatar\/3190a6a6c5e1b0327500f7d6c56b6242472ee6cb974cf09b401ee6b3b0798f23?s=96&d=mm&r=g","contentUrl":"https:\/\/secure.gravatar.com\/avatar\/3190a6a6c5e1b0327500f7d6c56b6242472ee6cb974cf09b401ee6b3b0798f23?s=96&d=mm&r=g","caption":"Raffy Ben\u00edtez"},"url":"https:\/\/conexion23.com\/?author=15"}]}},"_links":{"self":[{"href":"https:\/\/conexion23.com\/index.php?rest_route=\/wp\/v2\/posts\/39765","targetHints":{"allow":["GET"]}}],"collection":[{"href":"https:\/\/conexion23.com\/index.php?rest_route=\/wp\/v2\/posts"}],"about":[{"href":"https:\/\/conexion23.com\/index.php?rest_route=\/wp\/v2\/types\/post"}],"author":[{"embeddable":true,"href":"https:\/\/conexion23.com\/index.php?rest_route=\/wp\/v2\/users\/15"}],"replies":[{"embeddable":true,"href":"https:\/\/conexion23.com\/index.php?rest_route=%2Fwp%2Fv2%2Fcomments&post=39765"}],"version-history":[{"count":1,"href":"https:\/\/conexion23.com\/index.php?rest_route=\/wp\/v2\/posts\/39765\/revisions"}],"predecessor-version":[{"id":39768,"href":"https:\/\/conexion23.com\/index.php?rest_route=\/wp\/v2\/posts\/39765\/revisions\/39768"}],"wp:featuredmedia":[{"embeddable":true,"href":"https:\/\/conexion23.com\/index.php?rest_route=\/wp\/v2\/media\/39767"}],"wp:attachment":[{"href":"https:\/\/conexion23.com\/index.php?rest_route=%2Fwp%2Fv2%2Fmedia&parent=39765"}],"wp:term":[{"taxonomy":"category","embeddable":true,"href":"https:\/\/conexion23.com\/index.php?rest_route=%2Fwp%2Fv2%2Fcategories&post=39765"},{"taxonomy":"post_tag","embeddable":true,"href":"https:\/\/conexion23.com\/index.php?rest_route=%2Fwp%2Fv2%2Ftags&post=39765"}],"curies":[{"name":"wp","href":"https:\/\/api.w.org\/{rel}","templated":true}]}}