{"id":39772,"date":"2025-05-30T07:35:34","date_gmt":"2025-05-30T11:35:34","guid":{"rendered":"https:\/\/conexion23.com\/?p=39772"},"modified":"2025-05-30T07:35:38","modified_gmt":"2025-05-30T11:35:38","slug":"angel-martinez-pide-proteccion-tras-su-detencion-teme-por-su-vida-y-responsabiliza-al-estado-dominicano","status":"publish","type":"post","link":"https:\/\/conexion23.com\/?p=39772","title":{"rendered":"\u00c1ngel Mart\u00ednez pide protecci\u00f3n tras su detenci\u00f3n, teme por su vida y responsabiliza al Estado dominicano"},"content":{"rendered":"\n<p class=\"wp-block-paragraph\">&nbsp;Luego de su controvertido arresto por parte de la Marina de Guerra Dominicana, el investigador y comunicador \u00c1ngel Mart\u00ednez ha solicitado p\u00fablicamente al presidente Luis Abinader que garantice su seguridad, tras denunciar amenazas de muerte y persecuci\u00f3n en su contra.<\/p>\n\n\n\n<p class=\"wp-block-paragraph\">Mart\u00ednez, quien fue detenido sin orden judicial a bordo de un crucero tur\u00edstico, denunci\u00f3 que su aprehensi\u00f3n fue orquestada por sectores interesados en silenciar sus denuncias sobre v\u00ednculos entre figuras pol\u00edticas y el narcotr\u00e1fico. En sus declaraciones afirm\u00f3: \u201cNo tengo protecci\u00f3n, me sacaron del hotel por amenazas. Me dicen que no saldr\u00e9 vivo de Rep\u00fablica Dominicana\u201d.<\/p>\n\n\n\n<p class=\"wp-block-paragraph\">Durante la entrevista ofrecida a&nbsp;<em>El Nuevo Diario<\/em>, el tambi\u00e9n ciudadano espa\u00f1ol y residente por d\u00e9cadas en EE.UU., expres\u00f3: \u201cSe\u00f1or presidente Abinader, no soy su enemigo. Si algo me pasa, habr\u00e1 consecuencias. Le pido que me pongan seguridad\u201d. Mart\u00ednez asegur\u00f3 que desde su llegada al pa\u00eds ha sido objeto de seguimiento por veh\u00edculos sin identificar y ha recibido m\u00faltiples amenazas an\u00f3nimas.<\/p>\n\n\n\n<p class=\"wp-block-paragraph\">A pesar de las acusaciones en su contra y las demandas interpuestas tras su llegada al pa\u00eds, Mart\u00ednez reiter\u00f3 su compromiso con la libertad de expresi\u00f3n: \u201cEstoy dispuesto a morir por esta causa. Lo que se me est\u00e1 haciendo es una injusticia. Solo pido que se respete el derecho a opinar libremente\u201d.<\/p>\n\n\n\n<p class=\"wp-block-paragraph\">Mart\u00ednez se encuentra actualmente impedido de salir del pa\u00eds por orden judicial y dice estar en una situaci\u00f3n vulnerable, sin domicilio fijo ni respaldo oficial, dependiendo de amigos y colaboradores para su estad\u00eda.<\/p>\n\n\n\n<p class=\"wp-block-paragraph\">tomado del portal  https:\/\/telenoticiero.com.do<\/p>\n","protected":false},"excerpt":{"rendered":"<p>&nbsp;Luego de su controvertido arresto por parte de la Marina de Guerra Dominicana, el investigador y comunicador \u00c1ngel Mart\u00ednez ha solicitado p\u00fablicamente al presidente Luis Abinader que garantice su seguridad, tras denunciar amenazas de muerte y persecuci\u00f3n en su contra. Mart\u00ednez, quien fue detenido sin orden judicial a bordo de un crucero tur\u00edstico, denunci\u00f3 que [&hellip;]<\/p>\n","protected":false},"author":15,"featured_media":39773,"comment_status":"open","ping_status":"open","sticky":false,"template":"","format":"standard","meta":{"footnotes":""},"categories":[1],"tags":[],"class_list":["post-39772","post","type-post","status-publish","format-standard","has-post-thumbnail","category-uncategorized"],"yoast_head":"<!-- This site is optimized with the Yoast SEO plugin v27.6 - https:\/\/yoast.com\/product\/yoast-seo-wordpress\/ -->\n<title>\u00c1ngel Mart\u00ednez pide protecci\u00f3n tras su detenci\u00f3n, teme por su vida y responsabiliza al Estado dominicano - Conexi\u00f3n 23<\/title>\n<meta name=\"robots\" content=\"index, follow, max-snippet:-1, max-image-preview:large, max-video-preview:-1\" \/>\n<link rel=\"canonical\" href=\"https:\/\/conexion23.com\/?p=39772\" \/>\n<meta property=\"og:locale\" content=\"es_ES\" \/>\n<meta property=\"og:type\" content=\"article\" \/>\n<meta property=\"og:title\" content=\"\u00c1ngel Mart\u00ednez pide protecci\u00f3n tras su detenci\u00f3n, teme por su vida y responsabiliza al Estado dominicano - Conexi\u00f3n 23\" \/>\n<meta property=\"og:description\" content=\"&nbsp;Luego de su controvertido arresto por parte de la Marina de Guerra Dominicana, el investigador y comunicador \u00c1ngel Mart\u00ednez ha solicitado p\u00fablicamente al presidente Luis Abinader que garantice su seguridad, tras denunciar amenazas de muerte y persecuci\u00f3n en su contra. Mart\u00ednez, quien fue detenido sin orden judicial a bordo de un crucero tur\u00edstico, denunci\u00f3 que [&hellip;]\" \/>\n<meta property=\"og:url\" content=\"https:\/\/conexion23.com\/?p=39772\" \/>\n<meta property=\"og:site_name\" content=\"Conexi\u00f3n 23\" \/>\n<meta property=\"article:publisher\" content=\"https:\/\/www.facebook.com\/conexion23com\" \/>\n<meta property=\"article:published_time\" content=\"2025-05-30T11:35:34+00:00\" \/>\n<meta property=\"article:modified_time\" content=\"2025-05-30T11:35:38+00:00\" \/>\n<meta property=\"og:image\" content=\"https:\/\/conexion23.com\/wp-content\/uploads\/2025\/05\/images-7.jpg\" \/>\n\t<meta property=\"og:image:width\" content=\"275\" \/>\n\t<meta property=\"og:image:height\" content=\"183\" \/>\n\t<meta property=\"og:image:type\" content=\"image\/jpeg\" \/>\n<meta name=\"author\" content=\"Raffy Ben\u00edtez\" \/>\n<meta name=\"twitter:card\" content=\"summary_large_image\" \/>\n<meta name=\"twitter:label1\" content=\"Escrito por\" \/>\n\t<meta name=\"twitter:data1\" content=\"Raffy Ben\u00edtez\" \/>\n\t<meta name=\"twitter:label2\" content=\"Tiempo de lectura\" \/>\n\t<meta name=\"twitter:data2\" content=\"2 minutos\" \/>\n<script type=\"application\/ld+json\" class=\"yoast-schema-graph\">{\"@context\":\"https:\\\/\\\/schema.org\",\"@graph\":[{\"@type\":\"Article\",\"@id\":\"https:\\\/\\\/conexion23.com\\\/?p=39772#article\",\"isPartOf\":{\"@id\":\"https:\\\/\\\/conexion23.com\\\/?p=39772\"},\"author\":{\"name\":\"Raffy Ben\u00edtez\",\"@id\":\"http:\\\/\\\/conexion23.com\\\/#\\\/schema\\\/person\\\/03e36043331117e97a373299bbcd30a6\"},\"headline\":\"\u00c1ngel Mart\u00ednez pide protecci\u00f3n tras su detenci\u00f3n, teme por su vida y responsabiliza al Estado dominicano\",\"datePublished\":\"2025-05-30T11:35:34+00:00\",\"dateModified\":\"2025-05-30T11:35:38+00:00\",\"mainEntityOfPage\":{\"@id\":\"https:\\\/\\\/conexion23.com\\\/?p=39772\"},\"wordCount\":298,\"commentCount\":0,\"publisher\":{\"@id\":\"http:\\\/\\\/conexion23.com\\\/#organization\"},\"image\":{\"@id\":\"https:\\\/\\\/conexion23.com\\\/?p=39772#primaryimage\"},\"thumbnailUrl\":\"https:\\\/\\\/conexion23.com\\\/wp-content\\\/uploads\\\/2025\\\/05\\\/images-7.jpg\",\"articleSection\":[\"Uncategorized\"],\"inLanguage\":\"es\",\"potentialAction\":[{\"@type\":\"CommentAction\",\"name\":\"Comment\",\"target\":[\"https:\\\/\\\/conexion23.com\\\/?p=39772#respond\"]}]},{\"@type\":\"WebPage\",\"@id\":\"https:\\\/\\\/conexion23.com\\\/?p=39772\",\"url\":\"https:\\\/\\\/conexion23.com\\\/?p=39772\",\"name\":\"\u00c1ngel Mart\u00ednez pide protecci\u00f3n tras su detenci\u00f3n, teme por su vida y responsabiliza al Estado dominicano - Conexi\u00f3n 23\",\"isPartOf\":{\"@id\":\"http:\\\/\\\/conexion23.com\\\/#website\"},\"primaryImageOfPage\":{\"@id\":\"https:\\\/\\\/conexion23.com\\\/?p=39772#primaryimage\"},\"image\":{\"@id\":\"https:\\\/\\\/conexion23.com\\\/?p=39772#primaryimage\"},\"thumbnailUrl\":\"https:\\\/\\\/conexion23.com\\\/wp-content\\\/uploads\\\/2025\\\/05\\\/images-7.jpg\",\"datePublished\":\"2025-05-30T11:35:34+00:00\",\"dateModified\":\"2025-05-30T11:35:38+00:00\",\"breadcrumb\":{\"@id\":\"https:\\\/\\\/conexion23.com\\\/?p=39772#breadcrumb\"},\"inLanguage\":\"es\",\"potentialAction\":[{\"@type\":\"ReadAction\",\"target\":[\"https:\\\/\\\/conexion23.com\\\/?p=39772\"]}]},{\"@type\":\"ImageObject\",\"inLanguage\":\"es\",\"@id\":\"https:\\\/\\\/conexion23.com\\\/?p=39772#primaryimage\",\"url\":\"https:\\\/\\\/conexion23.com\\\/wp-content\\\/uploads\\\/2025\\\/05\\\/images-7.jpg\",\"contentUrl\":\"https:\\\/\\\/conexion23.com\\\/wp-content\\\/uploads\\\/2025\\\/05\\\/images-7.jpg\",\"width\":275,\"height\":183},{\"@type\":\"BreadcrumbList\",\"@id\":\"https:\\\/\\\/conexion23.com\\\/?p=39772#breadcrumb\",\"itemListElement\":[{\"@type\":\"ListItem\",\"position\":1,\"name\":\"Portada\",\"item\":\"http:\\\/\\\/conexion23.com\\\/\"},{\"@type\":\"ListItem\",\"position\":2,\"name\":\"\u00c1ngel Mart\u00ednez pide protecci\u00f3n tras su detenci\u00f3n, teme por su vida y responsabiliza al Estado dominicano\"}]},{\"@type\":\"WebSite\",\"@id\":\"http:\\\/\\\/conexion23.com\\\/#website\",\"url\":\"http:\\\/\\\/conexion23.com\\\/\",\"name\":\"Conexi\u00f3n 23\",\"description\":\"Peri\u00f3dico 100% Petromacorisano\",\"publisher\":{\"@id\":\"http:\\\/\\\/conexion23.com\\\/#organization\"},\"potentialAction\":[{\"@type\":\"SearchAction\",\"target\":{\"@type\":\"EntryPoint\",\"urlTemplate\":\"http:\\\/\\\/conexion23.com\\\/?s={search_term_string}\"},\"query-input\":{\"@type\":\"PropertyValueSpecification\",\"valueRequired\":true,\"valueName\":\"search_term_string\"}}],\"inLanguage\":\"es\"},{\"@type\":\"Organization\",\"@id\":\"http:\\\/\\\/conexion23.com\\\/#organization\",\"name\":\"Conexion 23\",\"url\":\"http:\\\/\\\/conexion23.com\\\/\",\"logo\":{\"@type\":\"ImageObject\",\"inLanguage\":\"es\",\"@id\":\"http:\\\/\\\/conexion23.com\\\/#\\\/schema\\\/logo\\\/image\\\/\",\"url\":\"https:\\\/\\\/conexion23.com\\\/wp-content\\\/uploads\\\/2021\\\/11\\\/Diseno-sin-titulo-2.png\",\"contentUrl\":\"https:\\\/\\\/conexion23.com\\\/wp-content\\\/uploads\\\/2021\\\/11\\\/Diseno-sin-titulo-2.png\",\"width\":541,\"height\":90,\"caption\":\"Conexion 23\"},\"image\":{\"@id\":\"http:\\\/\\\/conexion23.com\\\/#\\\/schema\\\/logo\\\/image\\\/\"},\"sameAs\":[\"https:\\\/\\\/www.facebook.com\\\/conexion23com\",\"https:\\\/\\\/www.instagram.com\\\/conexion23com\\\/\",\"https:\\\/\\\/www.youtube.com\\\/channel\\\/UCYc7vxxFZMYLIHNsHHxPZ3Q\"]},{\"@type\":\"Person\",\"@id\":\"http:\\\/\\\/conexion23.com\\\/#\\\/schema\\\/person\\\/03e36043331117e97a373299bbcd30a6\",\"name\":\"Raffy Ben\u00edtez\",\"image\":{\"@type\":\"ImageObject\",\"inLanguage\":\"es\",\"@id\":\"https:\\\/\\\/secure.gravatar.com\\\/avatar\\\/3190a6a6c5e1b0327500f7d6c56b6242472ee6cb974cf09b401ee6b3b0798f23?s=96&d=mm&r=g\",\"url\":\"https:\\\/\\\/secure.gravatar.com\\\/avatar\\\/3190a6a6c5e1b0327500f7d6c56b6242472ee6cb974cf09b401ee6b3b0798f23?s=96&d=mm&r=g\",\"contentUrl\":\"https:\\\/\\\/secure.gravatar.com\\\/avatar\\\/3190a6a6c5e1b0327500f7d6c56b6242472ee6cb974cf09b401ee6b3b0798f23?s=96&d=mm&r=g\",\"caption\":\"Raffy Ben\u00edtez\"},\"url\":\"https:\\\/\\\/conexion23.com\\\/?author=15\"}]}<\/script>\n<!-- \/ Yoast SEO plugin. -->","yoast_head_json":{"title":"\u00c1ngel Mart\u00ednez pide protecci\u00f3n tras su detenci\u00f3n, teme por su vida y responsabiliza al Estado dominicano - Conexi\u00f3n 23","robots":{"index":"index","follow":"follow","max-snippet":"max-snippet:-1","max-image-preview":"max-image-preview:large","max-video-preview":"max-video-preview:-1"},"canonical":"https:\/\/conexion23.com\/?p=39772","og_locale":"es_ES","og_type":"article","og_title":"\u00c1ngel Mart\u00ednez pide protecci\u00f3n tras su detenci\u00f3n, teme por su vida y responsabiliza al Estado dominicano - Conexi\u00f3n 23","og_description":"&nbsp;Luego de su controvertido arresto por parte de la Marina de Guerra Dominicana, el investigador y comunicador \u00c1ngel Mart\u00ednez ha solicitado p\u00fablicamente al presidente Luis Abinader que garantice su seguridad, tras denunciar amenazas de muerte y persecuci\u00f3n en su contra. Mart\u00ednez, quien fue detenido sin orden judicial a bordo de un crucero tur\u00edstico, denunci\u00f3 que [&hellip;]","og_url":"https:\/\/conexion23.com\/?p=39772","og_site_name":"Conexi\u00f3n 23","article_publisher":"https:\/\/www.facebook.com\/conexion23com","article_published_time":"2025-05-30T11:35:34+00:00","article_modified_time":"2025-05-30T11:35:38+00:00","og_image":[{"width":275,"height":183,"url":"https:\/\/conexion23.com\/wp-content\/uploads\/2025\/05\/images-7.jpg","type":"image\/jpeg"}],"author":"Raffy Ben\u00edtez","twitter_card":"summary_large_image","twitter_misc":{"Escrito por":"Raffy Ben\u00edtez","Tiempo de lectura":"2 minutos"},"schema":{"@context":"https:\/\/schema.org","@graph":[{"@type":"Article","@id":"https:\/\/conexion23.com\/?p=39772#article","isPartOf":{"@id":"https:\/\/conexion23.com\/?p=39772"},"author":{"name":"Raffy Ben\u00edtez","@id":"http:\/\/conexion23.com\/#\/schema\/person\/03e36043331117e97a373299bbcd30a6"},"headline":"\u00c1ngel Mart\u00ednez pide protecci\u00f3n tras su detenci\u00f3n, teme por su vida y responsabiliza al Estado dominicano","datePublished":"2025-05-30T11:35:34+00:00","dateModified":"2025-05-30T11:35:38+00:00","mainEntityOfPage":{"@id":"https:\/\/conexion23.com\/?p=39772"},"wordCount":298,"commentCount":0,"publisher":{"@id":"http:\/\/conexion23.com\/#organization"},"image":{"@id":"https:\/\/conexion23.com\/?p=39772#primaryimage"},"thumbnailUrl":"https:\/\/conexion23.com\/wp-content\/uploads\/2025\/05\/images-7.jpg","articleSection":["Uncategorized"],"inLanguage":"es","potentialAction":[{"@type":"CommentAction","name":"Comment","target":["https:\/\/conexion23.com\/?p=39772#respond"]}]},{"@type":"WebPage","@id":"https:\/\/conexion23.com\/?p=39772","url":"https:\/\/conexion23.com\/?p=39772","name":"\u00c1ngel Mart\u00ednez pide protecci\u00f3n tras su detenci\u00f3n, teme por su vida y responsabiliza al Estado dominicano - Conexi\u00f3n 23","isPartOf":{"@id":"http:\/\/conexion23.com\/#website"},"primaryImageOfPage":{"@id":"https:\/\/conexion23.com\/?p=39772#primaryimage"},"image":{"@id":"https:\/\/conexion23.com\/?p=39772#primaryimage"},"thumbnailUrl":"https:\/\/conexion23.com\/wp-content\/uploads\/2025\/05\/images-7.jpg","datePublished":"2025-05-30T11:35:34+00:00","dateModified":"2025-05-30T11:35:38+00:00","breadcrumb":{"@id":"https:\/\/conexion23.com\/?p=39772#breadcrumb"},"inLanguage":"es","potentialAction":[{"@type":"ReadAction","target":["https:\/\/conexion23.com\/?p=39772"]}]},{"@type":"ImageObject","inLanguage":"es","@id":"https:\/\/conexion23.com\/?p=39772#primaryimage","url":"https:\/\/conexion23.com\/wp-content\/uploads\/2025\/05\/images-7.jpg","contentUrl":"https:\/\/conexion23.com\/wp-content\/uploads\/2025\/05\/images-7.jpg","width":275,"height":183},{"@type":"BreadcrumbList","@id":"https:\/\/conexion23.com\/?p=39772#breadcrumb","itemListElement":[{"@type":"ListItem","position":1,"name":"Portada","item":"http:\/\/conexion23.com\/"},{"@type":"ListItem","position":2,"name":"\u00c1ngel Mart\u00ednez pide protecci\u00f3n tras su detenci\u00f3n, teme por su vida y responsabiliza al Estado dominicano"}]},{"@type":"WebSite","@id":"http:\/\/conexion23.com\/#website","url":"http:\/\/conexion23.com\/","name":"Conexi\u00f3n 23","description":"Peri\u00f3dico 100% Petromacorisano","publisher":{"@id":"http:\/\/conexion23.com\/#organization"},"potentialAction":[{"@type":"SearchAction","target":{"@type":"EntryPoint","urlTemplate":"http:\/\/conexion23.com\/?s={search_term_string}"},"query-input":{"@type":"PropertyValueSpecification","valueRequired":true,"valueName":"search_term_string"}}],"inLanguage":"es"},{"@type":"Organization","@id":"http:\/\/conexion23.com\/#organization","name":"Conexion 23","url":"http:\/\/conexion23.com\/","logo":{"@type":"ImageObject","inLanguage":"es","@id":"http:\/\/conexion23.com\/#\/schema\/logo\/image\/","url":"https:\/\/conexion23.com\/wp-content\/uploads\/2021\/11\/Diseno-sin-titulo-2.png","contentUrl":"https:\/\/conexion23.com\/wp-content\/uploads\/2021\/11\/Diseno-sin-titulo-2.png","width":541,"height":90,"caption":"Conexion 23"},"image":{"@id":"http:\/\/conexion23.com\/#\/schema\/logo\/image\/"},"sameAs":["https:\/\/www.facebook.com\/conexion23com","https:\/\/www.instagram.com\/conexion23com\/","https:\/\/www.youtube.com\/channel\/UCYc7vxxFZMYLIHNsHHxPZ3Q"]},{"@type":"Person","@id":"http:\/\/conexion23.com\/#\/schema\/person\/03e36043331117e97a373299bbcd30a6","name":"Raffy Ben\u00edtez","image":{"@type":"ImageObject","inLanguage":"es","@id":"https:\/\/secure.gravatar.com\/avatar\/3190a6a6c5e1b0327500f7d6c56b6242472ee6cb974cf09b401ee6b3b0798f23?s=96&d=mm&r=g","url":"https:\/\/secure.gravatar.com\/avatar\/3190a6a6c5e1b0327500f7d6c56b6242472ee6cb974cf09b401ee6b3b0798f23?s=96&d=mm&r=g","contentUrl":"https:\/\/secure.gravatar.com\/avatar\/3190a6a6c5e1b0327500f7d6c56b6242472ee6cb974cf09b401ee6b3b0798f23?s=96&d=mm&r=g","caption":"Raffy Ben\u00edtez"},"url":"https:\/\/conexion23.com\/?author=15"}]}},"_links":{"self":[{"href":"https:\/\/conexion23.com\/index.php?rest_route=\/wp\/v2\/posts\/39772","targetHints":{"allow":["GET"]}}],"collection":[{"href":"https:\/\/conexion23.com\/index.php?rest_route=\/wp\/v2\/posts"}],"about":[{"href":"https:\/\/conexion23.com\/index.php?rest_route=\/wp\/v2\/types\/post"}],"author":[{"embeddable":true,"href":"https:\/\/conexion23.com\/index.php?rest_route=\/wp\/v2\/users\/15"}],"replies":[{"embeddable":true,"href":"https:\/\/conexion23.com\/index.php?rest_route=%2Fwp%2Fv2%2Fcomments&post=39772"}],"version-history":[{"count":1,"href":"https:\/\/conexion23.com\/index.php?rest_route=\/wp\/v2\/posts\/39772\/revisions"}],"predecessor-version":[{"id":39774,"href":"https:\/\/conexion23.com\/index.php?rest_route=\/wp\/v2\/posts\/39772\/revisions\/39774"}],"wp:featuredmedia":[{"embeddable":true,"href":"https:\/\/conexion23.com\/index.php?rest_route=\/wp\/v2\/media\/39773"}],"wp:attachment":[{"href":"https:\/\/conexion23.com\/index.php?rest_route=%2Fwp%2Fv2%2Fmedia&parent=39772"}],"wp:term":[{"taxonomy":"category","embeddable":true,"href":"https:\/\/conexion23.com\/index.php?rest_route=%2Fwp%2Fv2%2Fcategories&post=39772"},{"taxonomy":"post_tag","embeddable":true,"href":"https:\/\/conexion23.com\/index.php?rest_route=%2Fwp%2Fv2%2Ftags&post=39772"}],"curies":[{"name":"wp","href":"https:\/\/api.w.org\/{rel}","templated":true}]}}