{"id":39863,"date":"2025-06-03T07:21:20","date_gmt":"2025-06-03T11:21:20","guid":{"rendered":"https:\/\/conexion23.com\/?p=39863"},"modified":"2025-06-03T07:21:22","modified_gmt":"2025-06-03T11:21:22","slug":"mueren-madre-y-su-hijo-de-3-anos-en-accidente-de-transito-en-higuey","status":"publish","type":"post","link":"https:\/\/conexion23.com\/?p=39863","title":{"rendered":"MUEREN MADRE Y SU HIJO DE 3 A\u00d1OS EN ACCIDENTE DE TR\u00c1NSITO EN HIG\u00dcEY."},"content":{"rendered":"\n<p class=\"wp-block-paragraph\">Una joven madre y su hijo perdieron la vida en un aparatoso accidente la madrugada de este lunes en la carretera Hig\u00fcey\u2013San Rafael del Yuma, frente a la caba\u00f1a Lajas Real.<\/p>\n\n\n\n<p class=\"wp-block-paragraph\">Las v\u00edctimas fueron identificadas como Estefani Severino (Elupina), de 23 a\u00f1os, y su peque\u00f1o hijo Andr\u00e9s Suero Severino, de 3 a\u00f1os. Ambos resid\u00edan en Hig\u00fcey, aunque Estefani era oriunda de la comunidad La Loma, distrito municipal Elupina Cordero, Sabana de la Mar (Hato Mayor).<\/p>\n\n\n\n<p class=\"wp-block-paragraph\">El esposo de Estefani y padre del ni\u00f1o, Luis Antonio Suero Concepci\u00f3n, result\u00f3 herido y fue llevado al Hospital HGENSA por el 9-1-1. Es conocido en Hig\u00fcey por su trabajo como music\u00f3logo y en el \u00e1rea de auto adornos.<\/p>\n\n\n\n<p class=\"wp-block-paragraph\">El tr\u00e1gico hecho ocurri\u00f3 cuando el veh\u00edculo en el que viajaban fue impactado por una jeepeta Chevrolet Trax gris. Las autoridades investigan el suceso.<\/p>\n\n\n\n<p class=\"wp-block-paragraph\">Se presume que la familia regresaba del Carnaval de San Rafael del Yuma cuando ocurri\u00f3 la tragedia.<\/p>\n","protected":false},"excerpt":{"rendered":"<p>Una joven madre y su hijo perdieron la vida en un aparatoso accidente la madrugada de este lunes en la carretera Hig\u00fcey\u2013San Rafael del Yuma, frente a la caba\u00f1a Lajas Real. Las v\u00edctimas fueron identificadas como Estefani Severino (Elupina), de 23 a\u00f1os, y su peque\u00f1o hijo Andr\u00e9s Suero Severino, de 3 a\u00f1os. Ambos resid\u00edan en [&hellip;]<\/p>\n","protected":false},"author":15,"featured_media":39864,"comment_status":"open","ping_status":"open","sticky":false,"template":"","format":"standard","meta":{"footnotes":""},"categories":[2474],"tags":[],"class_list":["post-39863","post","type-post","status-publish","format-standard","has-post-thumbnail","category-la-altagracia"],"yoast_head":"<!-- This site is optimized with the Yoast SEO plugin v27.6 - https:\/\/yoast.com\/product\/yoast-seo-wordpress\/ -->\n<title>MUEREN MADRE Y SU HIJO DE 3 A\u00d1OS EN ACCIDENTE DE TR\u00c1NSITO EN HIG\u00dcEY. - Conexi\u00f3n 23<\/title>\n<meta name=\"robots\" content=\"index, follow, max-snippet:-1, max-image-preview:large, max-video-preview:-1\" \/>\n<link rel=\"canonical\" href=\"https:\/\/conexion23.com\/?p=39863\" \/>\n<meta property=\"og:locale\" content=\"es_ES\" \/>\n<meta property=\"og:type\" content=\"article\" \/>\n<meta property=\"og:title\" content=\"MUEREN MADRE Y SU HIJO DE 3 A\u00d1OS EN ACCIDENTE DE TR\u00c1NSITO EN HIG\u00dcEY. - Conexi\u00f3n 23\" \/>\n<meta property=\"og:description\" content=\"Una joven madre y su hijo perdieron la vida en un aparatoso accidente la madrugada de este lunes en la carretera Hig\u00fcey\u2013San Rafael del Yuma, frente a la caba\u00f1a Lajas Real. Las v\u00edctimas fueron identificadas como Estefani Severino (Elupina), de 23 a\u00f1os, y su peque\u00f1o hijo Andr\u00e9s Suero Severino, de 3 a\u00f1os. Ambos resid\u00edan en [&hellip;]\" \/>\n<meta property=\"og:url\" content=\"https:\/\/conexion23.com\/?p=39863\" \/>\n<meta property=\"og:site_name\" content=\"Conexi\u00f3n 23\" \/>\n<meta property=\"article:publisher\" content=\"https:\/\/www.facebook.com\/conexion23com\" \/>\n<meta property=\"article:published_time\" content=\"2025-06-03T11:21:20+00:00\" \/>\n<meta property=\"article:modified_time\" content=\"2025-06-03T11:21:22+00:00\" \/>\n<meta property=\"og:image\" content=\"https:\/\/conexion23.com\/wp-content\/uploads\/2025\/06\/descarga-1-2.jpg\" \/>\n\t<meta property=\"og:image:width\" content=\"244\" \/>\n\t<meta property=\"og:image:height\" content=\"207\" \/>\n\t<meta property=\"og:image:type\" content=\"image\/jpeg\" \/>\n<meta name=\"author\" content=\"Raffy Ben\u00edtez\" \/>\n<meta name=\"twitter:card\" content=\"summary_large_image\" \/>\n<meta name=\"twitter:label1\" content=\"Escrito por\" \/>\n\t<meta name=\"twitter:data1\" content=\"Raffy Ben\u00edtez\" \/>\n\t<meta name=\"twitter:label2\" content=\"Tiempo de lectura\" \/>\n\t<meta name=\"twitter:data2\" content=\"1 minuto\" \/>\n<script type=\"application\/ld+json\" class=\"yoast-schema-graph\">{\"@context\":\"https:\\\/\\\/schema.org\",\"@graph\":[{\"@type\":\"Article\",\"@id\":\"https:\\\/\\\/conexion23.com\\\/?p=39863#article\",\"isPartOf\":{\"@id\":\"https:\\\/\\\/conexion23.com\\\/?p=39863\"},\"author\":{\"name\":\"Raffy Ben\u00edtez\",\"@id\":\"https:\\\/\\\/conexion23.com\\\/#\\\/schema\\\/person\\\/03e36043331117e97a373299bbcd30a6\"},\"headline\":\"MUEREN MADRE Y SU HIJO DE 3 A\u00d1OS EN ACCIDENTE DE TR\u00c1NSITO EN HIG\u00dcEY.\",\"datePublished\":\"2025-06-03T11:21:20+00:00\",\"dateModified\":\"2025-06-03T11:21:22+00:00\",\"mainEntityOfPage\":{\"@id\":\"https:\\\/\\\/conexion23.com\\\/?p=39863\"},\"wordCount\":186,\"commentCount\":0,\"publisher\":{\"@id\":\"https:\\\/\\\/conexion23.com\\\/#organization\"},\"image\":{\"@id\":\"https:\\\/\\\/conexion23.com\\\/?p=39863#primaryimage\"},\"thumbnailUrl\":\"https:\\\/\\\/conexion23.com\\\/wp-content\\\/uploads\\\/2025\\\/06\\\/descarga-1-2.jpg\",\"articleSection\":[\"La Altagracia\"],\"inLanguage\":\"es\",\"potentialAction\":[{\"@type\":\"CommentAction\",\"name\":\"Comment\",\"target\":[\"https:\\\/\\\/conexion23.com\\\/?p=39863#respond\"]}]},{\"@type\":\"WebPage\",\"@id\":\"https:\\\/\\\/conexion23.com\\\/?p=39863\",\"url\":\"https:\\\/\\\/conexion23.com\\\/?p=39863\",\"name\":\"MUEREN MADRE Y SU HIJO DE 3 A\u00d1OS EN ACCIDENTE DE TR\u00c1NSITO EN HIG\u00dcEY. - Conexi\u00f3n 23\",\"isPartOf\":{\"@id\":\"https:\\\/\\\/conexion23.com\\\/#website\"},\"primaryImageOfPage\":{\"@id\":\"https:\\\/\\\/conexion23.com\\\/?p=39863#primaryimage\"},\"image\":{\"@id\":\"https:\\\/\\\/conexion23.com\\\/?p=39863#primaryimage\"},\"thumbnailUrl\":\"https:\\\/\\\/conexion23.com\\\/wp-content\\\/uploads\\\/2025\\\/06\\\/descarga-1-2.jpg\",\"datePublished\":\"2025-06-03T11:21:20+00:00\",\"dateModified\":\"2025-06-03T11:21:22+00:00\",\"breadcrumb\":{\"@id\":\"https:\\\/\\\/conexion23.com\\\/?p=39863#breadcrumb\"},\"inLanguage\":\"es\",\"potentialAction\":[{\"@type\":\"ReadAction\",\"target\":[\"https:\\\/\\\/conexion23.com\\\/?p=39863\"]}]},{\"@type\":\"ImageObject\",\"inLanguage\":\"es\",\"@id\":\"https:\\\/\\\/conexion23.com\\\/?p=39863#primaryimage\",\"url\":\"https:\\\/\\\/conexion23.com\\\/wp-content\\\/uploads\\\/2025\\\/06\\\/descarga-1-2.jpg\",\"contentUrl\":\"https:\\\/\\\/conexion23.com\\\/wp-content\\\/uploads\\\/2025\\\/06\\\/descarga-1-2.jpg\",\"width\":244,\"height\":207},{\"@type\":\"BreadcrumbList\",\"@id\":\"https:\\\/\\\/conexion23.com\\\/?p=39863#breadcrumb\",\"itemListElement\":[{\"@type\":\"ListItem\",\"position\":1,\"name\":\"Portada\",\"item\":\"https:\\\/\\\/conexion23.com\\\/\"},{\"@type\":\"ListItem\",\"position\":2,\"name\":\"MUEREN MADRE Y SU HIJO DE 3 A\u00d1OS EN ACCIDENTE DE TR\u00c1NSITO EN HIG\u00dcEY.\"}]},{\"@type\":\"WebSite\",\"@id\":\"https:\\\/\\\/conexion23.com\\\/#website\",\"url\":\"https:\\\/\\\/conexion23.com\\\/\",\"name\":\"Conexi\u00f3n 23\",\"description\":\"Peri\u00f3dico 100% Petromacorisano\",\"publisher\":{\"@id\":\"https:\\\/\\\/conexion23.com\\\/#organization\"},\"potentialAction\":[{\"@type\":\"SearchAction\",\"target\":{\"@type\":\"EntryPoint\",\"urlTemplate\":\"https:\\\/\\\/conexion23.com\\\/?s={search_term_string}\"},\"query-input\":{\"@type\":\"PropertyValueSpecification\",\"valueRequired\":true,\"valueName\":\"search_term_string\"}}],\"inLanguage\":\"es\"},{\"@type\":\"Organization\",\"@id\":\"https:\\\/\\\/conexion23.com\\\/#organization\",\"name\":\"Conexion 23\",\"url\":\"https:\\\/\\\/conexion23.com\\\/\",\"logo\":{\"@type\":\"ImageObject\",\"inLanguage\":\"es\",\"@id\":\"https:\\\/\\\/conexion23.com\\\/#\\\/schema\\\/logo\\\/image\\\/\",\"url\":\"https:\\\/\\\/conexion23.com\\\/wp-content\\\/uploads\\\/2021\\\/11\\\/Diseno-sin-titulo-2.png\",\"contentUrl\":\"https:\\\/\\\/conexion23.com\\\/wp-content\\\/uploads\\\/2021\\\/11\\\/Diseno-sin-titulo-2.png\",\"width\":541,\"height\":90,\"caption\":\"Conexion 23\"},\"image\":{\"@id\":\"https:\\\/\\\/conexion23.com\\\/#\\\/schema\\\/logo\\\/image\\\/\"},\"sameAs\":[\"https:\\\/\\\/www.facebook.com\\\/conexion23com\",\"https:\\\/\\\/www.instagram.com\\\/conexion23com\\\/\",\"https:\\\/\\\/www.youtube.com\\\/channel\\\/UCYc7vxxFZMYLIHNsHHxPZ3Q\"]},{\"@type\":\"Person\",\"@id\":\"https:\\\/\\\/conexion23.com\\\/#\\\/schema\\\/person\\\/03e36043331117e97a373299bbcd30a6\",\"name\":\"Raffy Ben\u00edtez\",\"image\":{\"@type\":\"ImageObject\",\"inLanguage\":\"es\",\"@id\":\"https:\\\/\\\/secure.gravatar.com\\\/avatar\\\/3190a6a6c5e1b0327500f7d6c56b6242472ee6cb974cf09b401ee6b3b0798f23?s=96&d=mm&r=g\",\"url\":\"https:\\\/\\\/secure.gravatar.com\\\/avatar\\\/3190a6a6c5e1b0327500f7d6c56b6242472ee6cb974cf09b401ee6b3b0798f23?s=96&d=mm&r=g\",\"contentUrl\":\"https:\\\/\\\/secure.gravatar.com\\\/avatar\\\/3190a6a6c5e1b0327500f7d6c56b6242472ee6cb974cf09b401ee6b3b0798f23?s=96&d=mm&r=g\",\"caption\":\"Raffy Ben\u00edtez\"},\"url\":\"https:\\\/\\\/conexion23.com\\\/?author=15\"}]}<\/script>\n<!-- \/ Yoast SEO plugin. -->","yoast_head_json":{"title":"MUEREN MADRE Y SU HIJO DE 3 A\u00d1OS EN ACCIDENTE DE TR\u00c1NSITO EN HIG\u00dcEY. - Conexi\u00f3n 23","robots":{"index":"index","follow":"follow","max-snippet":"max-snippet:-1","max-image-preview":"max-image-preview:large","max-video-preview":"max-video-preview:-1"},"canonical":"https:\/\/conexion23.com\/?p=39863","og_locale":"es_ES","og_type":"article","og_title":"MUEREN MADRE Y SU HIJO DE 3 A\u00d1OS EN ACCIDENTE DE TR\u00c1NSITO EN HIG\u00dcEY. - Conexi\u00f3n 23","og_description":"Una joven madre y su hijo perdieron la vida en un aparatoso accidente la madrugada de este lunes en la carretera Hig\u00fcey\u2013San Rafael del Yuma, frente a la caba\u00f1a Lajas Real. Las v\u00edctimas fueron identificadas como Estefani Severino (Elupina), de 23 a\u00f1os, y su peque\u00f1o hijo Andr\u00e9s Suero Severino, de 3 a\u00f1os. Ambos resid\u00edan en [&hellip;]","og_url":"https:\/\/conexion23.com\/?p=39863","og_site_name":"Conexi\u00f3n 23","article_publisher":"https:\/\/www.facebook.com\/conexion23com","article_published_time":"2025-06-03T11:21:20+00:00","article_modified_time":"2025-06-03T11:21:22+00:00","og_image":[{"width":244,"height":207,"url":"https:\/\/conexion23.com\/wp-content\/uploads\/2025\/06\/descarga-1-2.jpg","type":"image\/jpeg"}],"author":"Raffy Ben\u00edtez","twitter_card":"summary_large_image","twitter_misc":{"Escrito por":"Raffy Ben\u00edtez","Tiempo de lectura":"1 minuto"},"schema":{"@context":"https:\/\/schema.org","@graph":[{"@type":"Article","@id":"https:\/\/conexion23.com\/?p=39863#article","isPartOf":{"@id":"https:\/\/conexion23.com\/?p=39863"},"author":{"name":"Raffy Ben\u00edtez","@id":"https:\/\/conexion23.com\/#\/schema\/person\/03e36043331117e97a373299bbcd30a6"},"headline":"MUEREN MADRE Y SU HIJO DE 3 A\u00d1OS EN ACCIDENTE DE TR\u00c1NSITO EN HIG\u00dcEY.","datePublished":"2025-06-03T11:21:20+00:00","dateModified":"2025-06-03T11:21:22+00:00","mainEntityOfPage":{"@id":"https:\/\/conexion23.com\/?p=39863"},"wordCount":186,"commentCount":0,"publisher":{"@id":"https:\/\/conexion23.com\/#organization"},"image":{"@id":"https:\/\/conexion23.com\/?p=39863#primaryimage"},"thumbnailUrl":"https:\/\/conexion23.com\/wp-content\/uploads\/2025\/06\/descarga-1-2.jpg","articleSection":["La Altagracia"],"inLanguage":"es","potentialAction":[{"@type":"CommentAction","name":"Comment","target":["https:\/\/conexion23.com\/?p=39863#respond"]}]},{"@type":"WebPage","@id":"https:\/\/conexion23.com\/?p=39863","url":"https:\/\/conexion23.com\/?p=39863","name":"MUEREN MADRE Y SU HIJO DE 3 A\u00d1OS EN ACCIDENTE DE TR\u00c1NSITO EN HIG\u00dcEY. - Conexi\u00f3n 23","isPartOf":{"@id":"https:\/\/conexion23.com\/#website"},"primaryImageOfPage":{"@id":"https:\/\/conexion23.com\/?p=39863#primaryimage"},"image":{"@id":"https:\/\/conexion23.com\/?p=39863#primaryimage"},"thumbnailUrl":"https:\/\/conexion23.com\/wp-content\/uploads\/2025\/06\/descarga-1-2.jpg","datePublished":"2025-06-03T11:21:20+00:00","dateModified":"2025-06-03T11:21:22+00:00","breadcrumb":{"@id":"https:\/\/conexion23.com\/?p=39863#breadcrumb"},"inLanguage":"es","potentialAction":[{"@type":"ReadAction","target":["https:\/\/conexion23.com\/?p=39863"]}]},{"@type":"ImageObject","inLanguage":"es","@id":"https:\/\/conexion23.com\/?p=39863#primaryimage","url":"https:\/\/conexion23.com\/wp-content\/uploads\/2025\/06\/descarga-1-2.jpg","contentUrl":"https:\/\/conexion23.com\/wp-content\/uploads\/2025\/06\/descarga-1-2.jpg","width":244,"height":207},{"@type":"BreadcrumbList","@id":"https:\/\/conexion23.com\/?p=39863#breadcrumb","itemListElement":[{"@type":"ListItem","position":1,"name":"Portada","item":"https:\/\/conexion23.com\/"},{"@type":"ListItem","position":2,"name":"MUEREN MADRE Y SU HIJO DE 3 A\u00d1OS EN ACCIDENTE DE TR\u00c1NSITO EN HIG\u00dcEY."}]},{"@type":"WebSite","@id":"https:\/\/conexion23.com\/#website","url":"https:\/\/conexion23.com\/","name":"Conexi\u00f3n 23","description":"Peri\u00f3dico 100% Petromacorisano","publisher":{"@id":"https:\/\/conexion23.com\/#organization"},"potentialAction":[{"@type":"SearchAction","target":{"@type":"EntryPoint","urlTemplate":"https:\/\/conexion23.com\/?s={search_term_string}"},"query-input":{"@type":"PropertyValueSpecification","valueRequired":true,"valueName":"search_term_string"}}],"inLanguage":"es"},{"@type":"Organization","@id":"https:\/\/conexion23.com\/#organization","name":"Conexion 23","url":"https:\/\/conexion23.com\/","logo":{"@type":"ImageObject","inLanguage":"es","@id":"https:\/\/conexion23.com\/#\/schema\/logo\/image\/","url":"https:\/\/conexion23.com\/wp-content\/uploads\/2021\/11\/Diseno-sin-titulo-2.png","contentUrl":"https:\/\/conexion23.com\/wp-content\/uploads\/2021\/11\/Diseno-sin-titulo-2.png","width":541,"height":90,"caption":"Conexion 23"},"image":{"@id":"https:\/\/conexion23.com\/#\/schema\/logo\/image\/"},"sameAs":["https:\/\/www.facebook.com\/conexion23com","https:\/\/www.instagram.com\/conexion23com\/","https:\/\/www.youtube.com\/channel\/UCYc7vxxFZMYLIHNsHHxPZ3Q"]},{"@type":"Person","@id":"https:\/\/conexion23.com\/#\/schema\/person\/03e36043331117e97a373299bbcd30a6","name":"Raffy Ben\u00edtez","image":{"@type":"ImageObject","inLanguage":"es","@id":"https:\/\/secure.gravatar.com\/avatar\/3190a6a6c5e1b0327500f7d6c56b6242472ee6cb974cf09b401ee6b3b0798f23?s=96&d=mm&r=g","url":"https:\/\/secure.gravatar.com\/avatar\/3190a6a6c5e1b0327500f7d6c56b6242472ee6cb974cf09b401ee6b3b0798f23?s=96&d=mm&r=g","contentUrl":"https:\/\/secure.gravatar.com\/avatar\/3190a6a6c5e1b0327500f7d6c56b6242472ee6cb974cf09b401ee6b3b0798f23?s=96&d=mm&r=g","caption":"Raffy Ben\u00edtez"},"url":"https:\/\/conexion23.com\/?author=15"}]}},"_links":{"self":[{"href":"https:\/\/conexion23.com\/index.php?rest_route=\/wp\/v2\/posts\/39863","targetHints":{"allow":["GET"]}}],"collection":[{"href":"https:\/\/conexion23.com\/index.php?rest_route=\/wp\/v2\/posts"}],"about":[{"href":"https:\/\/conexion23.com\/index.php?rest_route=\/wp\/v2\/types\/post"}],"author":[{"embeddable":true,"href":"https:\/\/conexion23.com\/index.php?rest_route=\/wp\/v2\/users\/15"}],"replies":[{"embeddable":true,"href":"https:\/\/conexion23.com\/index.php?rest_route=%2Fwp%2Fv2%2Fcomments&post=39863"}],"version-history":[{"count":1,"href":"https:\/\/conexion23.com\/index.php?rest_route=\/wp\/v2\/posts\/39863\/revisions"}],"predecessor-version":[{"id":39865,"href":"https:\/\/conexion23.com\/index.php?rest_route=\/wp\/v2\/posts\/39863\/revisions\/39865"}],"wp:featuredmedia":[{"embeddable":true,"href":"https:\/\/conexion23.com\/index.php?rest_route=\/wp\/v2\/media\/39864"}],"wp:attachment":[{"href":"https:\/\/conexion23.com\/index.php?rest_route=%2Fwp%2Fv2%2Fmedia&parent=39863"}],"wp:term":[{"taxonomy":"category","embeddable":true,"href":"https:\/\/conexion23.com\/index.php?rest_route=%2Fwp%2Fv2%2Fcategories&post=39863"},{"taxonomy":"post_tag","embeddable":true,"href":"https:\/\/conexion23.com\/index.php?rest_route=%2Fwp%2Fv2%2Ftags&post=39863"}],"curies":[{"name":"wp","href":"https:\/\/api.w.org\/{rel}","templated":true}]}}