{"id":39867,"date":"2025-06-03T07:28:08","date_gmt":"2025-06-03T11:28:08","guid":{"rendered":"https:\/\/conexion23.com\/?p=39867"},"modified":"2025-06-03T07:28:10","modified_gmt":"2025-06-03T11:28:10","slug":"nina-de-11-anos-muere-tras-picadura-de-abeja-en-san-juan-de-la-maguana","status":"publish","type":"post","link":"https:\/\/conexion23.com\/?p=39867","title":{"rendered":"Ni\u00f1a de 11 a\u00f1os muere tras picadura de abeja en San Juan de la Maguana."},"content":{"rendered":"\n<p class=\"wp-block-paragraph\">Una profunda consternaci\u00f3n embarga a la comunidad educativa del sector Hig\u00fcerito Urbano, en San Juan de la Maguana, tras el fallecimiento de la estudiante Ehisly Alexandra Reyes S\u00e1nchez, de tan solo 11 a\u00f1os de edad. La menor perdi\u00f3 la vida luego de ser picada por una abeja y posteriormente sufrir un infarto, seg\u00fan confirmaron fuentes cercanas a Las Calientes Del Sur.<\/p>\n\n\n\n<p class=\"wp-block-paragraph\">Ehisly Alexandra cursaba el 5to grado de primaria en la escuela Hig\u00fcerito Urbano, donde era reconocida por su buen comportamiento y excelente rendimiento acad\u00e9mico. La ni\u00f1a era hija de la profesora Alexandra S\u00e1nchez, quien tambi\u00e9n labora en el mismo centro educativo, lo que hace a\u00fan m\u00e1s dolorosa esta p\u00e9rdida para toda la comunidad escolar.<\/p>\n\n\n\n<p class=\"wp-block-paragraph\">Seg\u00fan informaciones preliminares, tras recibir la picadura del insecto, la menor present\u00f3 una fuerte reacci\u00f3n que desencaden\u00f3 un infarto, acabando tr\u00e1gicamente con su vida. Aunque se realizaron esfuerzos por brindarle asistencia m\u00e9dica, lamentablemente no fue posible salvarla.<\/p>\n\n\n\n<p class=\"wp-block-paragraph\">El hecho ha provocado gran tristeza entre compa\u00f1eros, maestros y padres de la escuela, quienes han descrito a Ehisly como una ni\u00f1a ejemplar, amable y dedicada. Profesores y alumnos han expresado su dolor a trav\u00e9s de mensajes de solidaridad, mientras se coordinan actividades en memoria de la peque\u00f1a.<\/p>\n\n\n\n<p class=\"wp-block-paragraph\">Los restos de la ni\u00f1a est\u00e1n siendo velados en su residencia, ubicada en la calle segunda, casa n\u00famero 7 del sector Mirador Norte de San Juan de la Maguana.<\/p>\n","protected":false},"excerpt":{"rendered":"<p>Una profunda consternaci\u00f3n embarga a la comunidad educativa del sector Hig\u00fcerito Urbano, en San Juan de la Maguana, tras el fallecimiento de la estudiante Ehisly Alexandra Reyes S\u00e1nchez, de tan solo 11 a\u00f1os de edad. La menor perdi\u00f3 la vida luego de ser picada por una abeja y posteriormente sufrir un infarto, seg\u00fan confirmaron fuentes [&hellip;]<\/p>\n","protected":false},"author":15,"featured_media":39868,"comment_status":"open","ping_status":"open","sticky":false,"template":"","format":"standard","meta":{"footnotes":""},"categories":[1],"tags":[],"class_list":["post-39867","post","type-post","status-publish","format-standard","has-post-thumbnail","category-uncategorized"],"yoast_head":"<!-- This site is optimized with the Yoast SEO plugin v27.6 - https:\/\/yoast.com\/product\/yoast-seo-wordpress\/ -->\n<title>Ni\u00f1a de 11 a\u00f1os muere tras picadura de abeja en San Juan de la Maguana. - Conexi\u00f3n 23<\/title>\n<meta name=\"robots\" content=\"index, follow, max-snippet:-1, max-image-preview:large, max-video-preview:-1\" \/>\n<link rel=\"canonical\" href=\"https:\/\/conexion23.com\/?p=39867\" \/>\n<meta property=\"og:locale\" content=\"es_ES\" \/>\n<meta property=\"og:type\" content=\"article\" \/>\n<meta property=\"og:title\" content=\"Ni\u00f1a de 11 a\u00f1os muere tras picadura de abeja en San Juan de la Maguana. - Conexi\u00f3n 23\" \/>\n<meta property=\"og:description\" content=\"Una profunda consternaci\u00f3n embarga a la comunidad educativa del sector Hig\u00fcerito Urbano, en San Juan de la Maguana, tras el fallecimiento de la estudiante Ehisly Alexandra Reyes S\u00e1nchez, de tan solo 11 a\u00f1os de edad. La menor perdi\u00f3 la vida luego de ser picada por una abeja y posteriormente sufrir un infarto, seg\u00fan confirmaron fuentes [&hellip;]\" \/>\n<meta property=\"og:url\" content=\"https:\/\/conexion23.com\/?p=39867\" \/>\n<meta property=\"og:site_name\" content=\"Conexi\u00f3n 23\" \/>\n<meta property=\"article:publisher\" content=\"https:\/\/www.facebook.com\/conexion23com\" \/>\n<meta property=\"article:published_time\" content=\"2025-06-03T11:28:08+00:00\" \/>\n<meta property=\"article:modified_time\" content=\"2025-06-03T11:28:10+00:00\" \/>\n<meta property=\"og:image\" content=\"https:\/\/conexion23.com\/wp-content\/uploads\/2025\/06\/img_9526-1-768x1024-1.webp\" \/>\n\t<meta property=\"og:image:width\" content=\"768\" \/>\n\t<meta property=\"og:image:height\" content=\"1024\" \/>\n\t<meta property=\"og:image:type\" content=\"image\/webp\" \/>\n<meta name=\"author\" content=\"Raffy Ben\u00edtez\" \/>\n<meta name=\"twitter:card\" content=\"summary_large_image\" \/>\n<meta name=\"twitter:label1\" content=\"Escrito por\" \/>\n\t<meta name=\"twitter:data1\" content=\"Raffy Ben\u00edtez\" \/>\n\t<meta name=\"twitter:label2\" content=\"Tiempo de lectura\" \/>\n\t<meta name=\"twitter:data2\" content=\"2 minutos\" \/>\n<script type=\"application\/ld+json\" class=\"yoast-schema-graph\">{\"@context\":\"https:\\\/\\\/schema.org\",\"@graph\":[{\"@type\":\"Article\",\"@id\":\"https:\\\/\\\/conexion23.com\\\/?p=39867#article\",\"isPartOf\":{\"@id\":\"https:\\\/\\\/conexion23.com\\\/?p=39867\"},\"author\":{\"name\":\"Raffy Ben\u00edtez\",\"@id\":\"https:\\\/\\\/conexion23.com\\\/#\\\/schema\\\/person\\\/03e36043331117e97a373299bbcd30a6\"},\"headline\":\"Ni\u00f1a de 11 a\u00f1os muere tras picadura de abeja en San Juan de la Maguana.\",\"datePublished\":\"2025-06-03T11:28:08+00:00\",\"dateModified\":\"2025-06-03T11:28:10+00:00\",\"mainEntityOfPage\":{\"@id\":\"https:\\\/\\\/conexion23.com\\\/?p=39867\"},\"wordCount\":267,\"commentCount\":0,\"publisher\":{\"@id\":\"https:\\\/\\\/conexion23.com\\\/#organization\"},\"image\":{\"@id\":\"https:\\\/\\\/conexion23.com\\\/?p=39867#primaryimage\"},\"thumbnailUrl\":\"https:\\\/\\\/conexion23.com\\\/wp-content\\\/uploads\\\/2025\\\/06\\\/img_9526-1-768x1024-1.webp\",\"articleSection\":[\"Uncategorized\"],\"inLanguage\":\"es\",\"potentialAction\":[{\"@type\":\"CommentAction\",\"name\":\"Comment\",\"target\":[\"https:\\\/\\\/conexion23.com\\\/?p=39867#respond\"]}]},{\"@type\":\"WebPage\",\"@id\":\"https:\\\/\\\/conexion23.com\\\/?p=39867\",\"url\":\"https:\\\/\\\/conexion23.com\\\/?p=39867\",\"name\":\"Ni\u00f1a de 11 a\u00f1os muere tras picadura de abeja en San Juan de la Maguana. - Conexi\u00f3n 23\",\"isPartOf\":{\"@id\":\"https:\\\/\\\/conexion23.com\\\/#website\"},\"primaryImageOfPage\":{\"@id\":\"https:\\\/\\\/conexion23.com\\\/?p=39867#primaryimage\"},\"image\":{\"@id\":\"https:\\\/\\\/conexion23.com\\\/?p=39867#primaryimage\"},\"thumbnailUrl\":\"https:\\\/\\\/conexion23.com\\\/wp-content\\\/uploads\\\/2025\\\/06\\\/img_9526-1-768x1024-1.webp\",\"datePublished\":\"2025-06-03T11:28:08+00:00\",\"dateModified\":\"2025-06-03T11:28:10+00:00\",\"breadcrumb\":{\"@id\":\"https:\\\/\\\/conexion23.com\\\/?p=39867#breadcrumb\"},\"inLanguage\":\"es\",\"potentialAction\":[{\"@type\":\"ReadAction\",\"target\":[\"https:\\\/\\\/conexion23.com\\\/?p=39867\"]}]},{\"@type\":\"ImageObject\",\"inLanguage\":\"es\",\"@id\":\"https:\\\/\\\/conexion23.com\\\/?p=39867#primaryimage\",\"url\":\"https:\\\/\\\/conexion23.com\\\/wp-content\\\/uploads\\\/2025\\\/06\\\/img_9526-1-768x1024-1.webp\",\"contentUrl\":\"https:\\\/\\\/conexion23.com\\\/wp-content\\\/uploads\\\/2025\\\/06\\\/img_9526-1-768x1024-1.webp\",\"width\":768,\"height\":1024},{\"@type\":\"BreadcrumbList\",\"@id\":\"https:\\\/\\\/conexion23.com\\\/?p=39867#breadcrumb\",\"itemListElement\":[{\"@type\":\"ListItem\",\"position\":1,\"name\":\"Portada\",\"item\":\"https:\\\/\\\/conexion23.com\\\/\"},{\"@type\":\"ListItem\",\"position\":2,\"name\":\"Ni\u00f1a de 11 a\u00f1os muere tras picadura de abeja en San Juan de la Maguana.\"}]},{\"@type\":\"WebSite\",\"@id\":\"https:\\\/\\\/conexion23.com\\\/#website\",\"url\":\"https:\\\/\\\/conexion23.com\\\/\",\"name\":\"Conexi\u00f3n 23\",\"description\":\"Peri\u00f3dico 100% Petromacorisano\",\"publisher\":{\"@id\":\"https:\\\/\\\/conexion23.com\\\/#organization\"},\"potentialAction\":[{\"@type\":\"SearchAction\",\"target\":{\"@type\":\"EntryPoint\",\"urlTemplate\":\"https:\\\/\\\/conexion23.com\\\/?s={search_term_string}\"},\"query-input\":{\"@type\":\"PropertyValueSpecification\",\"valueRequired\":true,\"valueName\":\"search_term_string\"}}],\"inLanguage\":\"es\"},{\"@type\":\"Organization\",\"@id\":\"https:\\\/\\\/conexion23.com\\\/#organization\",\"name\":\"Conexion 23\",\"url\":\"https:\\\/\\\/conexion23.com\\\/\",\"logo\":{\"@type\":\"ImageObject\",\"inLanguage\":\"es\",\"@id\":\"https:\\\/\\\/conexion23.com\\\/#\\\/schema\\\/logo\\\/image\\\/\",\"url\":\"https:\\\/\\\/conexion23.com\\\/wp-content\\\/uploads\\\/2021\\\/11\\\/Diseno-sin-titulo-2.png\",\"contentUrl\":\"https:\\\/\\\/conexion23.com\\\/wp-content\\\/uploads\\\/2021\\\/11\\\/Diseno-sin-titulo-2.png\",\"width\":541,\"height\":90,\"caption\":\"Conexion 23\"},\"image\":{\"@id\":\"https:\\\/\\\/conexion23.com\\\/#\\\/schema\\\/logo\\\/image\\\/\"},\"sameAs\":[\"https:\\\/\\\/www.facebook.com\\\/conexion23com\",\"https:\\\/\\\/www.instagram.com\\\/conexion23com\\\/\",\"https:\\\/\\\/www.youtube.com\\\/channel\\\/UCYc7vxxFZMYLIHNsHHxPZ3Q\"]},{\"@type\":\"Person\",\"@id\":\"https:\\\/\\\/conexion23.com\\\/#\\\/schema\\\/person\\\/03e36043331117e97a373299bbcd30a6\",\"name\":\"Raffy Ben\u00edtez\",\"image\":{\"@type\":\"ImageObject\",\"inLanguage\":\"es\",\"@id\":\"https:\\\/\\\/secure.gravatar.com\\\/avatar\\\/3190a6a6c5e1b0327500f7d6c56b6242472ee6cb974cf09b401ee6b3b0798f23?s=96&d=mm&r=g\",\"url\":\"https:\\\/\\\/secure.gravatar.com\\\/avatar\\\/3190a6a6c5e1b0327500f7d6c56b6242472ee6cb974cf09b401ee6b3b0798f23?s=96&d=mm&r=g\",\"contentUrl\":\"https:\\\/\\\/secure.gravatar.com\\\/avatar\\\/3190a6a6c5e1b0327500f7d6c56b6242472ee6cb974cf09b401ee6b3b0798f23?s=96&d=mm&r=g\",\"caption\":\"Raffy Ben\u00edtez\"},\"url\":\"https:\\\/\\\/conexion23.com\\\/?author=15\"}]}<\/script>\n<!-- \/ Yoast SEO plugin. -->","yoast_head_json":{"title":"Ni\u00f1a de 11 a\u00f1os muere tras picadura de abeja en San Juan de la Maguana. - Conexi\u00f3n 23","robots":{"index":"index","follow":"follow","max-snippet":"max-snippet:-1","max-image-preview":"max-image-preview:large","max-video-preview":"max-video-preview:-1"},"canonical":"https:\/\/conexion23.com\/?p=39867","og_locale":"es_ES","og_type":"article","og_title":"Ni\u00f1a de 11 a\u00f1os muere tras picadura de abeja en San Juan de la Maguana. - Conexi\u00f3n 23","og_description":"Una profunda consternaci\u00f3n embarga a la comunidad educativa del sector Hig\u00fcerito Urbano, en San Juan de la Maguana, tras el fallecimiento de la estudiante Ehisly Alexandra Reyes S\u00e1nchez, de tan solo 11 a\u00f1os de edad. La menor perdi\u00f3 la vida luego de ser picada por una abeja y posteriormente sufrir un infarto, seg\u00fan confirmaron fuentes [&hellip;]","og_url":"https:\/\/conexion23.com\/?p=39867","og_site_name":"Conexi\u00f3n 23","article_publisher":"https:\/\/www.facebook.com\/conexion23com","article_published_time":"2025-06-03T11:28:08+00:00","article_modified_time":"2025-06-03T11:28:10+00:00","og_image":[{"width":768,"height":1024,"url":"https:\/\/conexion23.com\/wp-content\/uploads\/2025\/06\/img_9526-1-768x1024-1.webp","type":"image\/webp"}],"author":"Raffy Ben\u00edtez","twitter_card":"summary_large_image","twitter_misc":{"Escrito por":"Raffy Ben\u00edtez","Tiempo de lectura":"2 minutos"},"schema":{"@context":"https:\/\/schema.org","@graph":[{"@type":"Article","@id":"https:\/\/conexion23.com\/?p=39867#article","isPartOf":{"@id":"https:\/\/conexion23.com\/?p=39867"},"author":{"name":"Raffy Ben\u00edtez","@id":"https:\/\/conexion23.com\/#\/schema\/person\/03e36043331117e97a373299bbcd30a6"},"headline":"Ni\u00f1a de 11 a\u00f1os muere tras picadura de abeja en San Juan de la Maguana.","datePublished":"2025-06-03T11:28:08+00:00","dateModified":"2025-06-03T11:28:10+00:00","mainEntityOfPage":{"@id":"https:\/\/conexion23.com\/?p=39867"},"wordCount":267,"commentCount":0,"publisher":{"@id":"https:\/\/conexion23.com\/#organization"},"image":{"@id":"https:\/\/conexion23.com\/?p=39867#primaryimage"},"thumbnailUrl":"https:\/\/conexion23.com\/wp-content\/uploads\/2025\/06\/img_9526-1-768x1024-1.webp","articleSection":["Uncategorized"],"inLanguage":"es","potentialAction":[{"@type":"CommentAction","name":"Comment","target":["https:\/\/conexion23.com\/?p=39867#respond"]}]},{"@type":"WebPage","@id":"https:\/\/conexion23.com\/?p=39867","url":"https:\/\/conexion23.com\/?p=39867","name":"Ni\u00f1a de 11 a\u00f1os muere tras picadura de abeja en San Juan de la Maguana. - Conexi\u00f3n 23","isPartOf":{"@id":"https:\/\/conexion23.com\/#website"},"primaryImageOfPage":{"@id":"https:\/\/conexion23.com\/?p=39867#primaryimage"},"image":{"@id":"https:\/\/conexion23.com\/?p=39867#primaryimage"},"thumbnailUrl":"https:\/\/conexion23.com\/wp-content\/uploads\/2025\/06\/img_9526-1-768x1024-1.webp","datePublished":"2025-06-03T11:28:08+00:00","dateModified":"2025-06-03T11:28:10+00:00","breadcrumb":{"@id":"https:\/\/conexion23.com\/?p=39867#breadcrumb"},"inLanguage":"es","potentialAction":[{"@type":"ReadAction","target":["https:\/\/conexion23.com\/?p=39867"]}]},{"@type":"ImageObject","inLanguage":"es","@id":"https:\/\/conexion23.com\/?p=39867#primaryimage","url":"https:\/\/conexion23.com\/wp-content\/uploads\/2025\/06\/img_9526-1-768x1024-1.webp","contentUrl":"https:\/\/conexion23.com\/wp-content\/uploads\/2025\/06\/img_9526-1-768x1024-1.webp","width":768,"height":1024},{"@type":"BreadcrumbList","@id":"https:\/\/conexion23.com\/?p=39867#breadcrumb","itemListElement":[{"@type":"ListItem","position":1,"name":"Portada","item":"https:\/\/conexion23.com\/"},{"@type":"ListItem","position":2,"name":"Ni\u00f1a de 11 a\u00f1os muere tras picadura de abeja en San Juan de la Maguana."}]},{"@type":"WebSite","@id":"https:\/\/conexion23.com\/#website","url":"https:\/\/conexion23.com\/","name":"Conexi\u00f3n 23","description":"Peri\u00f3dico 100% Petromacorisano","publisher":{"@id":"https:\/\/conexion23.com\/#organization"},"potentialAction":[{"@type":"SearchAction","target":{"@type":"EntryPoint","urlTemplate":"https:\/\/conexion23.com\/?s={search_term_string}"},"query-input":{"@type":"PropertyValueSpecification","valueRequired":true,"valueName":"search_term_string"}}],"inLanguage":"es"},{"@type":"Organization","@id":"https:\/\/conexion23.com\/#organization","name":"Conexion 23","url":"https:\/\/conexion23.com\/","logo":{"@type":"ImageObject","inLanguage":"es","@id":"https:\/\/conexion23.com\/#\/schema\/logo\/image\/","url":"https:\/\/conexion23.com\/wp-content\/uploads\/2021\/11\/Diseno-sin-titulo-2.png","contentUrl":"https:\/\/conexion23.com\/wp-content\/uploads\/2021\/11\/Diseno-sin-titulo-2.png","width":541,"height":90,"caption":"Conexion 23"},"image":{"@id":"https:\/\/conexion23.com\/#\/schema\/logo\/image\/"},"sameAs":["https:\/\/www.facebook.com\/conexion23com","https:\/\/www.instagram.com\/conexion23com\/","https:\/\/www.youtube.com\/channel\/UCYc7vxxFZMYLIHNsHHxPZ3Q"]},{"@type":"Person","@id":"https:\/\/conexion23.com\/#\/schema\/person\/03e36043331117e97a373299bbcd30a6","name":"Raffy Ben\u00edtez","image":{"@type":"ImageObject","inLanguage":"es","@id":"https:\/\/secure.gravatar.com\/avatar\/3190a6a6c5e1b0327500f7d6c56b6242472ee6cb974cf09b401ee6b3b0798f23?s=96&d=mm&r=g","url":"https:\/\/secure.gravatar.com\/avatar\/3190a6a6c5e1b0327500f7d6c56b6242472ee6cb974cf09b401ee6b3b0798f23?s=96&d=mm&r=g","contentUrl":"https:\/\/secure.gravatar.com\/avatar\/3190a6a6c5e1b0327500f7d6c56b6242472ee6cb974cf09b401ee6b3b0798f23?s=96&d=mm&r=g","caption":"Raffy Ben\u00edtez"},"url":"https:\/\/conexion23.com\/?author=15"}]}},"_links":{"self":[{"href":"https:\/\/conexion23.com\/index.php?rest_route=\/wp\/v2\/posts\/39867","targetHints":{"allow":["GET"]}}],"collection":[{"href":"https:\/\/conexion23.com\/index.php?rest_route=\/wp\/v2\/posts"}],"about":[{"href":"https:\/\/conexion23.com\/index.php?rest_route=\/wp\/v2\/types\/post"}],"author":[{"embeddable":true,"href":"https:\/\/conexion23.com\/index.php?rest_route=\/wp\/v2\/users\/15"}],"replies":[{"embeddable":true,"href":"https:\/\/conexion23.com\/index.php?rest_route=%2Fwp%2Fv2%2Fcomments&post=39867"}],"version-history":[{"count":1,"href":"https:\/\/conexion23.com\/index.php?rest_route=\/wp\/v2\/posts\/39867\/revisions"}],"predecessor-version":[{"id":39869,"href":"https:\/\/conexion23.com\/index.php?rest_route=\/wp\/v2\/posts\/39867\/revisions\/39869"}],"wp:featuredmedia":[{"embeddable":true,"href":"https:\/\/conexion23.com\/index.php?rest_route=\/wp\/v2\/media\/39868"}],"wp:attachment":[{"href":"https:\/\/conexion23.com\/index.php?rest_route=%2Fwp%2Fv2%2Fmedia&parent=39867"}],"wp:term":[{"taxonomy":"category","embeddable":true,"href":"https:\/\/conexion23.com\/index.php?rest_route=%2Fwp%2Fv2%2Fcategories&post=39867"},{"taxonomy":"post_tag","embeddable":true,"href":"https:\/\/conexion23.com\/index.php?rest_route=%2Fwp%2Fv2%2Ftags&post=39867"}],"curies":[{"name":"wp","href":"https:\/\/api.w.org\/{rel}","templated":true}]}}