{"id":39879,"date":"2025-06-03T08:02:16","date_gmt":"2025-06-03T12:02:16","guid":{"rendered":"https:\/\/conexion23.com\/?p=39879"},"modified":"2025-06-03T08:02:18","modified_gmt":"2025-06-03T12:02:18","slug":"encuentran-cadaver-en-canaveral-de-guaymate-la-romana","status":"publish","type":"post","link":"https:\/\/conexion23.com\/?p=39879","title":{"rendered":"Encuentran cad\u00e1ver en ca\u00f1averal de Guaymate, La Romana"},"content":{"rendered":"\n<p class=\"wp-block-paragraph\">A\u00fan se encuentra bajo investigaci\u00f3n el hallazgo de un individuo en circunstancias poco claras, en la zona del tabl\u00f3n de ca\u00f1a n\u00famero 1255, dentro del batey Higo Claro, perteneciente al municipio de Guaymate.<\/p>\n\n\n\n<p class=\"wp-block-paragraph\">Seg\u00fan versiones preliminares ofrecidas por personas que colaboran en labores agr\u00edcolas en el \u00e1rea, fue durante la ma\u00f1ana que se percataron de la presencia del hombre, cuya identidad a\u00fan no ha sido confirmada oficialmente. Las autoridades fueron notificadas de inmediato.<\/p>\n\n\n\n<p class=\"wp-block-paragraph\">Se ha comentado que el individuo no ser\u00eda oriundo de la comunidad, lo que ha generado especulaciones sobre c\u00f3mo lleg\u00f3 al lugar. Algunos colaboradores sugieren que pudo haber sido trasladado y abandonado en el sitio, aunque hasta el momento no hay informaci\u00f3n oficial que confirme esa hip\u00f3tesis.<\/p>\n\n\n\n<p class=\"wp-block-paragraph\">El sujeto no ser\u00eda reconocido por rasgos f\u00edsicos por los habitantes o trabajadores de la zona, lo que refuerza la incertidumbre en torno al caso.<\/p>\n","protected":false},"excerpt":{"rendered":"<p>A\u00fan se encuentra bajo investigaci\u00f3n el hallazgo de un individuo en circunstancias poco claras, en la zona del tabl\u00f3n de ca\u00f1a n\u00famero 1255, dentro del batey Higo Claro, perteneciente al municipio de Guaymate. Seg\u00fan versiones preliminares ofrecidas por personas que colaboran en labores agr\u00edcolas en el \u00e1rea, fue durante la ma\u00f1ana que se percataron de [&hellip;]<\/p>\n","protected":false},"author":15,"featured_media":39880,"comment_status":"open","ping_status":"open","sticky":false,"template":"","format":"standard","meta":{"footnotes":""},"categories":[2473],"tags":[],"class_list":["post-39879","post","type-post","status-publish","format-standard","has-post-thumbnail","category-la-romana"],"yoast_head":"<!-- This site is optimized with the Yoast SEO plugin v27.6 - https:\/\/yoast.com\/product\/yoast-seo-wordpress\/ -->\n<title>Encuentran cad\u00e1ver en ca\u00f1averal de Guaymate, La Romana - Conexi\u00f3n 23<\/title>\n<meta name=\"robots\" content=\"index, follow, max-snippet:-1, max-image-preview:large, max-video-preview:-1\" \/>\n<link rel=\"canonical\" href=\"https:\/\/conexion23.com\/?p=39879\" \/>\n<meta property=\"og:locale\" content=\"es_ES\" \/>\n<meta property=\"og:type\" content=\"article\" \/>\n<meta property=\"og:title\" content=\"Encuentran cad\u00e1ver en ca\u00f1averal de Guaymate, La Romana - Conexi\u00f3n 23\" \/>\n<meta property=\"og:description\" content=\"A\u00fan se encuentra bajo investigaci\u00f3n el hallazgo de un individuo en circunstancias poco claras, en la zona del tabl\u00f3n de ca\u00f1a n\u00famero 1255, dentro del batey Higo Claro, perteneciente al municipio de Guaymate. Seg\u00fan versiones preliminares ofrecidas por personas que colaboran en labores agr\u00edcolas en el \u00e1rea, fue durante la ma\u00f1ana que se percataron de [&hellip;]\" \/>\n<meta property=\"og:url\" content=\"https:\/\/conexion23.com\/?p=39879\" \/>\n<meta property=\"og:site_name\" content=\"Conexi\u00f3n 23\" \/>\n<meta property=\"article:publisher\" content=\"https:\/\/www.facebook.com\/conexion23com\" \/>\n<meta property=\"article:published_time\" content=\"2025-06-03T12:02:16+00:00\" \/>\n<meta property=\"article:modified_time\" content=\"2025-06-03T12:02:18+00:00\" \/>\n<meta property=\"og:image\" content=\"https:\/\/conexion23.com\/wp-content\/uploads\/2025\/06\/descarga-1-3.jpg\" \/>\n\t<meta property=\"og:image:width\" content=\"234\" \/>\n\t<meta property=\"og:image:height\" content=\"215\" \/>\n\t<meta property=\"og:image:type\" content=\"image\/jpeg\" \/>\n<meta name=\"author\" content=\"Raffy Ben\u00edtez\" \/>\n<meta name=\"twitter:card\" content=\"summary_large_image\" \/>\n<meta name=\"twitter:label1\" content=\"Escrito por\" \/>\n\t<meta name=\"twitter:data1\" content=\"Raffy Ben\u00edtez\" \/>\n\t<meta name=\"twitter:label2\" content=\"Tiempo de lectura\" \/>\n\t<meta name=\"twitter:data2\" content=\"1 minuto\" \/>\n<script type=\"application\/ld+json\" class=\"yoast-schema-graph\">{\"@context\":\"https:\\\/\\\/schema.org\",\"@graph\":[{\"@type\":\"Article\",\"@id\":\"https:\\\/\\\/conexion23.com\\\/?p=39879#article\",\"isPartOf\":{\"@id\":\"https:\\\/\\\/conexion23.com\\\/?p=39879\"},\"author\":{\"name\":\"Raffy Ben\u00edtez\",\"@id\":\"https:\\\/\\\/conexion23.com\\\/#\\\/schema\\\/person\\\/03e36043331117e97a373299bbcd30a6\"},\"headline\":\"Encuentran cad\u00e1ver en ca\u00f1averal de Guaymate, La Romana\",\"datePublished\":\"2025-06-03T12:02:16+00:00\",\"dateModified\":\"2025-06-03T12:02:18+00:00\",\"mainEntityOfPage\":{\"@id\":\"https:\\\/\\\/conexion23.com\\\/?p=39879\"},\"wordCount\":169,\"commentCount\":0,\"publisher\":{\"@id\":\"https:\\\/\\\/conexion23.com\\\/#organization\"},\"image\":{\"@id\":\"https:\\\/\\\/conexion23.com\\\/?p=39879#primaryimage\"},\"thumbnailUrl\":\"https:\\\/\\\/conexion23.com\\\/wp-content\\\/uploads\\\/2025\\\/06\\\/descarga-1-3.jpg\",\"articleSection\":[\"La Romana\"],\"inLanguage\":\"es\",\"potentialAction\":[{\"@type\":\"CommentAction\",\"name\":\"Comment\",\"target\":[\"https:\\\/\\\/conexion23.com\\\/?p=39879#respond\"]}]},{\"@type\":\"WebPage\",\"@id\":\"https:\\\/\\\/conexion23.com\\\/?p=39879\",\"url\":\"https:\\\/\\\/conexion23.com\\\/?p=39879\",\"name\":\"Encuentran cad\u00e1ver en ca\u00f1averal de Guaymate, La Romana - Conexi\u00f3n 23\",\"isPartOf\":{\"@id\":\"https:\\\/\\\/conexion23.com\\\/#website\"},\"primaryImageOfPage\":{\"@id\":\"https:\\\/\\\/conexion23.com\\\/?p=39879#primaryimage\"},\"image\":{\"@id\":\"https:\\\/\\\/conexion23.com\\\/?p=39879#primaryimage\"},\"thumbnailUrl\":\"https:\\\/\\\/conexion23.com\\\/wp-content\\\/uploads\\\/2025\\\/06\\\/descarga-1-3.jpg\",\"datePublished\":\"2025-06-03T12:02:16+00:00\",\"dateModified\":\"2025-06-03T12:02:18+00:00\",\"breadcrumb\":{\"@id\":\"https:\\\/\\\/conexion23.com\\\/?p=39879#breadcrumb\"},\"inLanguage\":\"es\",\"potentialAction\":[{\"@type\":\"ReadAction\",\"target\":[\"https:\\\/\\\/conexion23.com\\\/?p=39879\"]}]},{\"@type\":\"ImageObject\",\"inLanguage\":\"es\",\"@id\":\"https:\\\/\\\/conexion23.com\\\/?p=39879#primaryimage\",\"url\":\"https:\\\/\\\/conexion23.com\\\/wp-content\\\/uploads\\\/2025\\\/06\\\/descarga-1-3.jpg\",\"contentUrl\":\"https:\\\/\\\/conexion23.com\\\/wp-content\\\/uploads\\\/2025\\\/06\\\/descarga-1-3.jpg\",\"width\":234,\"height\":215},{\"@type\":\"BreadcrumbList\",\"@id\":\"https:\\\/\\\/conexion23.com\\\/?p=39879#breadcrumb\",\"itemListElement\":[{\"@type\":\"ListItem\",\"position\":1,\"name\":\"Portada\",\"item\":\"https:\\\/\\\/conexion23.com\\\/\"},{\"@type\":\"ListItem\",\"position\":2,\"name\":\"Encuentran cad\u00e1ver en ca\u00f1averal de Guaymate, La Romana\"}]},{\"@type\":\"WebSite\",\"@id\":\"https:\\\/\\\/conexion23.com\\\/#website\",\"url\":\"https:\\\/\\\/conexion23.com\\\/\",\"name\":\"Conexi\u00f3n 23\",\"description\":\"Peri\u00f3dico 100% Petromacorisano\",\"publisher\":{\"@id\":\"https:\\\/\\\/conexion23.com\\\/#organization\"},\"potentialAction\":[{\"@type\":\"SearchAction\",\"target\":{\"@type\":\"EntryPoint\",\"urlTemplate\":\"https:\\\/\\\/conexion23.com\\\/?s={search_term_string}\"},\"query-input\":{\"@type\":\"PropertyValueSpecification\",\"valueRequired\":true,\"valueName\":\"search_term_string\"}}],\"inLanguage\":\"es\"},{\"@type\":\"Organization\",\"@id\":\"https:\\\/\\\/conexion23.com\\\/#organization\",\"name\":\"Conexion 23\",\"url\":\"https:\\\/\\\/conexion23.com\\\/\",\"logo\":{\"@type\":\"ImageObject\",\"inLanguage\":\"es\",\"@id\":\"https:\\\/\\\/conexion23.com\\\/#\\\/schema\\\/logo\\\/image\\\/\",\"url\":\"https:\\\/\\\/conexion23.com\\\/wp-content\\\/uploads\\\/2021\\\/11\\\/Diseno-sin-titulo-2.png\",\"contentUrl\":\"https:\\\/\\\/conexion23.com\\\/wp-content\\\/uploads\\\/2021\\\/11\\\/Diseno-sin-titulo-2.png\",\"width\":541,\"height\":90,\"caption\":\"Conexion 23\"},\"image\":{\"@id\":\"https:\\\/\\\/conexion23.com\\\/#\\\/schema\\\/logo\\\/image\\\/\"},\"sameAs\":[\"https:\\\/\\\/www.facebook.com\\\/conexion23com\",\"https:\\\/\\\/www.instagram.com\\\/conexion23com\\\/\",\"https:\\\/\\\/www.youtube.com\\\/channel\\\/UCYc7vxxFZMYLIHNsHHxPZ3Q\"]},{\"@type\":\"Person\",\"@id\":\"https:\\\/\\\/conexion23.com\\\/#\\\/schema\\\/person\\\/03e36043331117e97a373299bbcd30a6\",\"name\":\"Raffy Ben\u00edtez\",\"image\":{\"@type\":\"ImageObject\",\"inLanguage\":\"es\",\"@id\":\"https:\\\/\\\/secure.gravatar.com\\\/avatar\\\/3190a6a6c5e1b0327500f7d6c56b6242472ee6cb974cf09b401ee6b3b0798f23?s=96&d=mm&r=g\",\"url\":\"https:\\\/\\\/secure.gravatar.com\\\/avatar\\\/3190a6a6c5e1b0327500f7d6c56b6242472ee6cb974cf09b401ee6b3b0798f23?s=96&d=mm&r=g\",\"contentUrl\":\"https:\\\/\\\/secure.gravatar.com\\\/avatar\\\/3190a6a6c5e1b0327500f7d6c56b6242472ee6cb974cf09b401ee6b3b0798f23?s=96&d=mm&r=g\",\"caption\":\"Raffy Ben\u00edtez\"},\"url\":\"https:\\\/\\\/conexion23.com\\\/?author=15\"}]}<\/script>\n<!-- \/ Yoast SEO plugin. -->","yoast_head_json":{"title":"Encuentran cad\u00e1ver en ca\u00f1averal de Guaymate, La Romana - Conexi\u00f3n 23","robots":{"index":"index","follow":"follow","max-snippet":"max-snippet:-1","max-image-preview":"max-image-preview:large","max-video-preview":"max-video-preview:-1"},"canonical":"https:\/\/conexion23.com\/?p=39879","og_locale":"es_ES","og_type":"article","og_title":"Encuentran cad\u00e1ver en ca\u00f1averal de Guaymate, La Romana - Conexi\u00f3n 23","og_description":"A\u00fan se encuentra bajo investigaci\u00f3n el hallazgo de un individuo en circunstancias poco claras, en la zona del tabl\u00f3n de ca\u00f1a n\u00famero 1255, dentro del batey Higo Claro, perteneciente al municipio de Guaymate. Seg\u00fan versiones preliminares ofrecidas por personas que colaboran en labores agr\u00edcolas en el \u00e1rea, fue durante la ma\u00f1ana que se percataron de [&hellip;]","og_url":"https:\/\/conexion23.com\/?p=39879","og_site_name":"Conexi\u00f3n 23","article_publisher":"https:\/\/www.facebook.com\/conexion23com","article_published_time":"2025-06-03T12:02:16+00:00","article_modified_time":"2025-06-03T12:02:18+00:00","og_image":[{"width":234,"height":215,"url":"https:\/\/conexion23.com\/wp-content\/uploads\/2025\/06\/descarga-1-3.jpg","type":"image\/jpeg"}],"author":"Raffy Ben\u00edtez","twitter_card":"summary_large_image","twitter_misc":{"Escrito por":"Raffy Ben\u00edtez","Tiempo de lectura":"1 minuto"},"schema":{"@context":"https:\/\/schema.org","@graph":[{"@type":"Article","@id":"https:\/\/conexion23.com\/?p=39879#article","isPartOf":{"@id":"https:\/\/conexion23.com\/?p=39879"},"author":{"name":"Raffy Ben\u00edtez","@id":"https:\/\/conexion23.com\/#\/schema\/person\/03e36043331117e97a373299bbcd30a6"},"headline":"Encuentran cad\u00e1ver en ca\u00f1averal de Guaymate, La Romana","datePublished":"2025-06-03T12:02:16+00:00","dateModified":"2025-06-03T12:02:18+00:00","mainEntityOfPage":{"@id":"https:\/\/conexion23.com\/?p=39879"},"wordCount":169,"commentCount":0,"publisher":{"@id":"https:\/\/conexion23.com\/#organization"},"image":{"@id":"https:\/\/conexion23.com\/?p=39879#primaryimage"},"thumbnailUrl":"https:\/\/conexion23.com\/wp-content\/uploads\/2025\/06\/descarga-1-3.jpg","articleSection":["La Romana"],"inLanguage":"es","potentialAction":[{"@type":"CommentAction","name":"Comment","target":["https:\/\/conexion23.com\/?p=39879#respond"]}]},{"@type":"WebPage","@id":"https:\/\/conexion23.com\/?p=39879","url":"https:\/\/conexion23.com\/?p=39879","name":"Encuentran cad\u00e1ver en ca\u00f1averal de Guaymate, La Romana - Conexi\u00f3n 23","isPartOf":{"@id":"https:\/\/conexion23.com\/#website"},"primaryImageOfPage":{"@id":"https:\/\/conexion23.com\/?p=39879#primaryimage"},"image":{"@id":"https:\/\/conexion23.com\/?p=39879#primaryimage"},"thumbnailUrl":"https:\/\/conexion23.com\/wp-content\/uploads\/2025\/06\/descarga-1-3.jpg","datePublished":"2025-06-03T12:02:16+00:00","dateModified":"2025-06-03T12:02:18+00:00","breadcrumb":{"@id":"https:\/\/conexion23.com\/?p=39879#breadcrumb"},"inLanguage":"es","potentialAction":[{"@type":"ReadAction","target":["https:\/\/conexion23.com\/?p=39879"]}]},{"@type":"ImageObject","inLanguage":"es","@id":"https:\/\/conexion23.com\/?p=39879#primaryimage","url":"https:\/\/conexion23.com\/wp-content\/uploads\/2025\/06\/descarga-1-3.jpg","contentUrl":"https:\/\/conexion23.com\/wp-content\/uploads\/2025\/06\/descarga-1-3.jpg","width":234,"height":215},{"@type":"BreadcrumbList","@id":"https:\/\/conexion23.com\/?p=39879#breadcrumb","itemListElement":[{"@type":"ListItem","position":1,"name":"Portada","item":"https:\/\/conexion23.com\/"},{"@type":"ListItem","position":2,"name":"Encuentran cad\u00e1ver en ca\u00f1averal de Guaymate, La Romana"}]},{"@type":"WebSite","@id":"https:\/\/conexion23.com\/#website","url":"https:\/\/conexion23.com\/","name":"Conexi\u00f3n 23","description":"Peri\u00f3dico 100% Petromacorisano","publisher":{"@id":"https:\/\/conexion23.com\/#organization"},"potentialAction":[{"@type":"SearchAction","target":{"@type":"EntryPoint","urlTemplate":"https:\/\/conexion23.com\/?s={search_term_string}"},"query-input":{"@type":"PropertyValueSpecification","valueRequired":true,"valueName":"search_term_string"}}],"inLanguage":"es"},{"@type":"Organization","@id":"https:\/\/conexion23.com\/#organization","name":"Conexion 23","url":"https:\/\/conexion23.com\/","logo":{"@type":"ImageObject","inLanguage":"es","@id":"https:\/\/conexion23.com\/#\/schema\/logo\/image\/","url":"https:\/\/conexion23.com\/wp-content\/uploads\/2021\/11\/Diseno-sin-titulo-2.png","contentUrl":"https:\/\/conexion23.com\/wp-content\/uploads\/2021\/11\/Diseno-sin-titulo-2.png","width":541,"height":90,"caption":"Conexion 23"},"image":{"@id":"https:\/\/conexion23.com\/#\/schema\/logo\/image\/"},"sameAs":["https:\/\/www.facebook.com\/conexion23com","https:\/\/www.instagram.com\/conexion23com\/","https:\/\/www.youtube.com\/channel\/UCYc7vxxFZMYLIHNsHHxPZ3Q"]},{"@type":"Person","@id":"https:\/\/conexion23.com\/#\/schema\/person\/03e36043331117e97a373299bbcd30a6","name":"Raffy Ben\u00edtez","image":{"@type":"ImageObject","inLanguage":"es","@id":"https:\/\/secure.gravatar.com\/avatar\/3190a6a6c5e1b0327500f7d6c56b6242472ee6cb974cf09b401ee6b3b0798f23?s=96&d=mm&r=g","url":"https:\/\/secure.gravatar.com\/avatar\/3190a6a6c5e1b0327500f7d6c56b6242472ee6cb974cf09b401ee6b3b0798f23?s=96&d=mm&r=g","contentUrl":"https:\/\/secure.gravatar.com\/avatar\/3190a6a6c5e1b0327500f7d6c56b6242472ee6cb974cf09b401ee6b3b0798f23?s=96&d=mm&r=g","caption":"Raffy Ben\u00edtez"},"url":"https:\/\/conexion23.com\/?author=15"}]}},"_links":{"self":[{"href":"https:\/\/conexion23.com\/index.php?rest_route=\/wp\/v2\/posts\/39879","targetHints":{"allow":["GET"]}}],"collection":[{"href":"https:\/\/conexion23.com\/index.php?rest_route=\/wp\/v2\/posts"}],"about":[{"href":"https:\/\/conexion23.com\/index.php?rest_route=\/wp\/v2\/types\/post"}],"author":[{"embeddable":true,"href":"https:\/\/conexion23.com\/index.php?rest_route=\/wp\/v2\/users\/15"}],"replies":[{"embeddable":true,"href":"https:\/\/conexion23.com\/index.php?rest_route=%2Fwp%2Fv2%2Fcomments&post=39879"}],"version-history":[{"count":1,"href":"https:\/\/conexion23.com\/index.php?rest_route=\/wp\/v2\/posts\/39879\/revisions"}],"predecessor-version":[{"id":39881,"href":"https:\/\/conexion23.com\/index.php?rest_route=\/wp\/v2\/posts\/39879\/revisions\/39881"}],"wp:featuredmedia":[{"embeddable":true,"href":"https:\/\/conexion23.com\/index.php?rest_route=\/wp\/v2\/media\/39880"}],"wp:attachment":[{"href":"https:\/\/conexion23.com\/index.php?rest_route=%2Fwp%2Fv2%2Fmedia&parent=39879"}],"wp:term":[{"taxonomy":"category","embeddable":true,"href":"https:\/\/conexion23.com\/index.php?rest_route=%2Fwp%2Fv2%2Fcategories&post=39879"},{"taxonomy":"post_tag","embeddable":true,"href":"https:\/\/conexion23.com\/index.php?rest_route=%2Fwp%2Fv2%2Ftags&post=39879"}],"curies":[{"name":"wp","href":"https:\/\/api.w.org\/{rel}","templated":true}]}}