{"id":39908,"date":"2025-06-04T07:24:07","date_gmt":"2025-06-04T11:24:07","guid":{"rendered":"https:\/\/conexion23.com\/?p=39908"},"modified":"2025-06-04T07:24:09","modified_gmt":"2025-06-04T11:24:09","slug":"policia-nacional-y-fuerza-tarea-conjunta-coordinan-nuevas-medidas-en-la-romana","status":"publish","type":"post","link":"https:\/\/conexion23.com\/?p=39908","title":{"rendered":"Polic\u00eda Nacional y Fuerza Tarea Conjunta coordinan nuevas medidas en La Romana"},"content":{"rendered":"\n<p class=\"wp-block-paragraph\">El general Wandy Mad\u00e9 Montilla, director regional este de la Polic\u00eda Nacional, encabez\u00f3 este martes un encuentro estrat\u00e9gico con representantes de la Fuerza Tarea Conjunta y altos oficiales de las instituciones castrenses y policiales.&nbsp;&nbsp;<\/p>\n\n\n\n<p class=\"wp-block-paragraph\">La reuni\u00f3n, realizada en la sede de la Direcci\u00f3n Regional Este, tuvo como objetivo evaluar los avances en seguridad ciudadana y definir nuevas estrategias para fortalecer la respuesta ante amenazas emergentes en la regi\u00f3n.&nbsp;&nbsp;<\/p>\n\n\n\n<p class=\"wp-block-paragraph\">Entre los asistentes se encontraron el fiscal John Mota Javier, as\u00ed como representantes de la Subdirecci\u00f3n Regional de Investigaci\u00f3n (Dicrim), la Divisi\u00f3n de Inteligencia (Dintel), la Direcci\u00f3n Regional Este de Seguridad de Tr\u00e1nsito y Transporte Terrestre (Digesett), la Polic\u00eda Tur\u00edstica (Politur), la Direcci\u00f3n Nacional de Control de Drogas (DNCD) y el Departamento de Atenci\u00f3n a V\u00edctimas de Violencia Intrafamiliar y de G\u00e9nero (DEAMVI).&nbsp;&nbsp;<\/p>\n\n\n\n<p class=\"wp-block-paragraph\">Las autoridades subrayaron la importancia de mantener una presencia disuasiva y fortalecer la coordinaci\u00f3n interinstitucional para garantizar la seguridad de la poblaci\u00f3n.&nbsp;&nbsp;<\/p>\n\n\n\n<p class=\"wp-block-paragraph\">El general Mad\u00e9 Montilla adelant\u00f3 que se implementar\u00e1n nuevas medidas tras la presentaci\u00f3n, el d\u00eda anterior, del nuevo modelo de la Polic\u00eda Nacional, evento que cont\u00f3 con la presencia del presidente Luis Abinader.&nbsp;&nbsp;<\/p>\n\n\n\n<p class=\"wp-block-paragraph\">La informaci\u00f3n est\u00e1 contenida en una nota sumistrada por el departamento de comunicaci\u00f3n y estrategias de la regional Este y agrega&nbsp; que ee tipo de encuentros busca reforzar el trabajo conjunto entre las entidades de seguridad, asegurando una respuesta eficaz ante los desaf\u00edos en materia de orden p\u00fablico.<\/p>\n","protected":false},"excerpt":{"rendered":"<p>El general Wandy Mad\u00e9 Montilla, director regional este de la Polic\u00eda Nacional, encabez\u00f3 este martes un encuentro estrat\u00e9gico con representantes de la Fuerza Tarea Conjunta y altos oficiales de las instituciones castrenses y policiales.&nbsp;&nbsp; La reuni\u00f3n, realizada en la sede de la Direcci\u00f3n Regional Este, tuvo como objetivo evaluar los avances en seguridad ciudadana y [&hellip;]<\/p>\n","protected":false},"author":15,"featured_media":39909,"comment_status":"open","ping_status":"open","sticky":false,"template":"","format":"standard","meta":{"footnotes":""},"categories":[2473],"tags":[],"class_list":["post-39908","post","type-post","status-publish","format-standard","has-post-thumbnail","category-la-romana"],"yoast_head":"<!-- This site is optimized with the Yoast SEO plugin v27.6 - https:\/\/yoast.com\/product\/yoast-seo-wordpress\/ -->\n<title>Polic\u00eda Nacional y Fuerza Tarea Conjunta coordinan nuevas medidas en La Romana - Conexi\u00f3n 23<\/title>\n<meta name=\"robots\" content=\"index, follow, max-snippet:-1, max-image-preview:large, max-video-preview:-1\" \/>\n<link rel=\"canonical\" href=\"https:\/\/conexion23.com\/?p=39908\" \/>\n<meta property=\"og:locale\" content=\"es_ES\" \/>\n<meta property=\"og:type\" content=\"article\" \/>\n<meta property=\"og:title\" content=\"Polic\u00eda Nacional y Fuerza Tarea Conjunta coordinan nuevas medidas en La Romana - Conexi\u00f3n 23\" \/>\n<meta property=\"og:description\" content=\"El general Wandy Mad\u00e9 Montilla, director regional este de la Polic\u00eda Nacional, encabez\u00f3 este martes un encuentro estrat\u00e9gico con representantes de la Fuerza Tarea Conjunta y altos oficiales de las instituciones castrenses y policiales.&nbsp;&nbsp; La reuni\u00f3n, realizada en la sede de la Direcci\u00f3n Regional Este, tuvo como objetivo evaluar los avances en seguridad ciudadana y [&hellip;]\" \/>\n<meta property=\"og:url\" content=\"https:\/\/conexion23.com\/?p=39908\" \/>\n<meta property=\"og:site_name\" content=\"Conexi\u00f3n 23\" \/>\n<meta property=\"article:publisher\" content=\"https:\/\/www.facebook.com\/conexion23com\" \/>\n<meta property=\"article:published_time\" content=\"2025-06-04T11:24:07+00:00\" \/>\n<meta property=\"article:modified_time\" content=\"2025-06-04T11:24:09+00:00\" \/>\n<meta property=\"og:image\" content=\"https:\/\/conexion23.com\/wp-content\/uploads\/2025\/06\/IMG-20250603-WA0043.jpg\" \/>\n\t<meta property=\"og:image:width\" content=\"320\" \/>\n\t<meta property=\"og:image:height\" content=\"240\" \/>\n\t<meta property=\"og:image:type\" content=\"image\/jpeg\" \/>\n<meta name=\"author\" content=\"Raffy Ben\u00edtez\" \/>\n<meta name=\"twitter:card\" content=\"summary_large_image\" \/>\n<meta name=\"twitter:label1\" content=\"Escrito por\" \/>\n\t<meta name=\"twitter:data1\" content=\"Raffy Ben\u00edtez\" \/>\n\t<meta name=\"twitter:label2\" content=\"Tiempo de lectura\" \/>\n\t<meta name=\"twitter:data2\" content=\"2 minutos\" \/>\n<script type=\"application\/ld+json\" class=\"yoast-schema-graph\">{\"@context\":\"https:\\\/\\\/schema.org\",\"@graph\":[{\"@type\":\"Article\",\"@id\":\"https:\\\/\\\/conexion23.com\\\/?p=39908#article\",\"isPartOf\":{\"@id\":\"https:\\\/\\\/conexion23.com\\\/?p=39908\"},\"author\":{\"name\":\"Raffy Ben\u00edtez\",\"@id\":\"https:\\\/\\\/conexion23.com\\\/#\\\/schema\\\/person\\\/03e36043331117e97a373299bbcd30a6\"},\"headline\":\"Polic\u00eda Nacional y Fuerza Tarea Conjunta coordinan nuevas medidas en La Romana\",\"datePublished\":\"2025-06-04T11:24:07+00:00\",\"dateModified\":\"2025-06-04T11:24:09+00:00\",\"mainEntityOfPage\":{\"@id\":\"https:\\\/\\\/conexion23.com\\\/?p=39908\"},\"wordCount\":284,\"commentCount\":0,\"publisher\":{\"@id\":\"https:\\\/\\\/conexion23.com\\\/#organization\"},\"image\":{\"@id\":\"https:\\\/\\\/conexion23.com\\\/?p=39908#primaryimage\"},\"thumbnailUrl\":\"https:\\\/\\\/conexion23.com\\\/wp-content\\\/uploads\\\/2025\\\/06\\\/IMG-20250603-WA0043.jpg\",\"articleSection\":[\"La Romana\"],\"inLanguage\":\"es\",\"potentialAction\":[{\"@type\":\"CommentAction\",\"name\":\"Comment\",\"target\":[\"https:\\\/\\\/conexion23.com\\\/?p=39908#respond\"]}]},{\"@type\":\"WebPage\",\"@id\":\"https:\\\/\\\/conexion23.com\\\/?p=39908\",\"url\":\"https:\\\/\\\/conexion23.com\\\/?p=39908\",\"name\":\"Polic\u00eda Nacional y Fuerza Tarea Conjunta coordinan nuevas medidas en La Romana - Conexi\u00f3n 23\",\"isPartOf\":{\"@id\":\"https:\\\/\\\/conexion23.com\\\/#website\"},\"primaryImageOfPage\":{\"@id\":\"https:\\\/\\\/conexion23.com\\\/?p=39908#primaryimage\"},\"image\":{\"@id\":\"https:\\\/\\\/conexion23.com\\\/?p=39908#primaryimage\"},\"thumbnailUrl\":\"https:\\\/\\\/conexion23.com\\\/wp-content\\\/uploads\\\/2025\\\/06\\\/IMG-20250603-WA0043.jpg\",\"datePublished\":\"2025-06-04T11:24:07+00:00\",\"dateModified\":\"2025-06-04T11:24:09+00:00\",\"breadcrumb\":{\"@id\":\"https:\\\/\\\/conexion23.com\\\/?p=39908#breadcrumb\"},\"inLanguage\":\"es\",\"potentialAction\":[{\"@type\":\"ReadAction\",\"target\":[\"https:\\\/\\\/conexion23.com\\\/?p=39908\"]}]},{\"@type\":\"ImageObject\",\"inLanguage\":\"es\",\"@id\":\"https:\\\/\\\/conexion23.com\\\/?p=39908#primaryimage\",\"url\":\"https:\\\/\\\/conexion23.com\\\/wp-content\\\/uploads\\\/2025\\\/06\\\/IMG-20250603-WA0043.jpg\",\"contentUrl\":\"https:\\\/\\\/conexion23.com\\\/wp-content\\\/uploads\\\/2025\\\/06\\\/IMG-20250603-WA0043.jpg\",\"width\":320,\"height\":240},{\"@type\":\"BreadcrumbList\",\"@id\":\"https:\\\/\\\/conexion23.com\\\/?p=39908#breadcrumb\",\"itemListElement\":[{\"@type\":\"ListItem\",\"position\":1,\"name\":\"Portada\",\"item\":\"https:\\\/\\\/conexion23.com\\\/\"},{\"@type\":\"ListItem\",\"position\":2,\"name\":\"Polic\u00eda Nacional y Fuerza Tarea Conjunta coordinan nuevas medidas en La Romana\"}]},{\"@type\":\"WebSite\",\"@id\":\"https:\\\/\\\/conexion23.com\\\/#website\",\"url\":\"https:\\\/\\\/conexion23.com\\\/\",\"name\":\"Conexi\u00f3n 23\",\"description\":\"Peri\u00f3dico 100% Petromacorisano\",\"publisher\":{\"@id\":\"https:\\\/\\\/conexion23.com\\\/#organization\"},\"potentialAction\":[{\"@type\":\"SearchAction\",\"target\":{\"@type\":\"EntryPoint\",\"urlTemplate\":\"https:\\\/\\\/conexion23.com\\\/?s={search_term_string}\"},\"query-input\":{\"@type\":\"PropertyValueSpecification\",\"valueRequired\":true,\"valueName\":\"search_term_string\"}}],\"inLanguage\":\"es\"},{\"@type\":\"Organization\",\"@id\":\"https:\\\/\\\/conexion23.com\\\/#organization\",\"name\":\"Conexion 23\",\"url\":\"https:\\\/\\\/conexion23.com\\\/\",\"logo\":{\"@type\":\"ImageObject\",\"inLanguage\":\"es\",\"@id\":\"https:\\\/\\\/conexion23.com\\\/#\\\/schema\\\/logo\\\/image\\\/\",\"url\":\"https:\\\/\\\/conexion23.com\\\/wp-content\\\/uploads\\\/2021\\\/11\\\/Diseno-sin-titulo-2.png\",\"contentUrl\":\"https:\\\/\\\/conexion23.com\\\/wp-content\\\/uploads\\\/2021\\\/11\\\/Diseno-sin-titulo-2.png\",\"width\":541,\"height\":90,\"caption\":\"Conexion 23\"},\"image\":{\"@id\":\"https:\\\/\\\/conexion23.com\\\/#\\\/schema\\\/logo\\\/image\\\/\"},\"sameAs\":[\"https:\\\/\\\/www.facebook.com\\\/conexion23com\",\"https:\\\/\\\/www.instagram.com\\\/conexion23com\\\/\",\"https:\\\/\\\/www.youtube.com\\\/channel\\\/UCYc7vxxFZMYLIHNsHHxPZ3Q\"]},{\"@type\":\"Person\",\"@id\":\"https:\\\/\\\/conexion23.com\\\/#\\\/schema\\\/person\\\/03e36043331117e97a373299bbcd30a6\",\"name\":\"Raffy Ben\u00edtez\",\"image\":{\"@type\":\"ImageObject\",\"inLanguage\":\"es\",\"@id\":\"https:\\\/\\\/secure.gravatar.com\\\/avatar\\\/3190a6a6c5e1b0327500f7d6c56b6242472ee6cb974cf09b401ee6b3b0798f23?s=96&d=mm&r=g\",\"url\":\"https:\\\/\\\/secure.gravatar.com\\\/avatar\\\/3190a6a6c5e1b0327500f7d6c56b6242472ee6cb974cf09b401ee6b3b0798f23?s=96&d=mm&r=g\",\"contentUrl\":\"https:\\\/\\\/secure.gravatar.com\\\/avatar\\\/3190a6a6c5e1b0327500f7d6c56b6242472ee6cb974cf09b401ee6b3b0798f23?s=96&d=mm&r=g\",\"caption\":\"Raffy Ben\u00edtez\"},\"url\":\"https:\\\/\\\/conexion23.com\\\/?author=15\"}]}<\/script>\n<!-- \/ Yoast SEO plugin. -->","yoast_head_json":{"title":"Polic\u00eda Nacional y Fuerza Tarea Conjunta coordinan nuevas medidas en La Romana - Conexi\u00f3n 23","robots":{"index":"index","follow":"follow","max-snippet":"max-snippet:-1","max-image-preview":"max-image-preview:large","max-video-preview":"max-video-preview:-1"},"canonical":"https:\/\/conexion23.com\/?p=39908","og_locale":"es_ES","og_type":"article","og_title":"Polic\u00eda Nacional y Fuerza Tarea Conjunta coordinan nuevas medidas en La Romana - Conexi\u00f3n 23","og_description":"El general Wandy Mad\u00e9 Montilla, director regional este de la Polic\u00eda Nacional, encabez\u00f3 este martes un encuentro estrat\u00e9gico con representantes de la Fuerza Tarea Conjunta y altos oficiales de las instituciones castrenses y policiales.&nbsp;&nbsp; La reuni\u00f3n, realizada en la sede de la Direcci\u00f3n Regional Este, tuvo como objetivo evaluar los avances en seguridad ciudadana y [&hellip;]","og_url":"https:\/\/conexion23.com\/?p=39908","og_site_name":"Conexi\u00f3n 23","article_publisher":"https:\/\/www.facebook.com\/conexion23com","article_published_time":"2025-06-04T11:24:07+00:00","article_modified_time":"2025-06-04T11:24:09+00:00","og_image":[{"width":320,"height":240,"url":"https:\/\/conexion23.com\/wp-content\/uploads\/2025\/06\/IMG-20250603-WA0043.jpg","type":"image\/jpeg"}],"author":"Raffy Ben\u00edtez","twitter_card":"summary_large_image","twitter_misc":{"Escrito por":"Raffy Ben\u00edtez","Tiempo de lectura":"2 minutos"},"schema":{"@context":"https:\/\/schema.org","@graph":[{"@type":"Article","@id":"https:\/\/conexion23.com\/?p=39908#article","isPartOf":{"@id":"https:\/\/conexion23.com\/?p=39908"},"author":{"name":"Raffy Ben\u00edtez","@id":"https:\/\/conexion23.com\/#\/schema\/person\/03e36043331117e97a373299bbcd30a6"},"headline":"Polic\u00eda Nacional y Fuerza Tarea Conjunta coordinan nuevas medidas en La Romana","datePublished":"2025-06-04T11:24:07+00:00","dateModified":"2025-06-04T11:24:09+00:00","mainEntityOfPage":{"@id":"https:\/\/conexion23.com\/?p=39908"},"wordCount":284,"commentCount":0,"publisher":{"@id":"https:\/\/conexion23.com\/#organization"},"image":{"@id":"https:\/\/conexion23.com\/?p=39908#primaryimage"},"thumbnailUrl":"https:\/\/conexion23.com\/wp-content\/uploads\/2025\/06\/IMG-20250603-WA0043.jpg","articleSection":["La Romana"],"inLanguage":"es","potentialAction":[{"@type":"CommentAction","name":"Comment","target":["https:\/\/conexion23.com\/?p=39908#respond"]}]},{"@type":"WebPage","@id":"https:\/\/conexion23.com\/?p=39908","url":"https:\/\/conexion23.com\/?p=39908","name":"Polic\u00eda Nacional y Fuerza Tarea Conjunta coordinan nuevas medidas en La Romana - Conexi\u00f3n 23","isPartOf":{"@id":"https:\/\/conexion23.com\/#website"},"primaryImageOfPage":{"@id":"https:\/\/conexion23.com\/?p=39908#primaryimage"},"image":{"@id":"https:\/\/conexion23.com\/?p=39908#primaryimage"},"thumbnailUrl":"https:\/\/conexion23.com\/wp-content\/uploads\/2025\/06\/IMG-20250603-WA0043.jpg","datePublished":"2025-06-04T11:24:07+00:00","dateModified":"2025-06-04T11:24:09+00:00","breadcrumb":{"@id":"https:\/\/conexion23.com\/?p=39908#breadcrumb"},"inLanguage":"es","potentialAction":[{"@type":"ReadAction","target":["https:\/\/conexion23.com\/?p=39908"]}]},{"@type":"ImageObject","inLanguage":"es","@id":"https:\/\/conexion23.com\/?p=39908#primaryimage","url":"https:\/\/conexion23.com\/wp-content\/uploads\/2025\/06\/IMG-20250603-WA0043.jpg","contentUrl":"https:\/\/conexion23.com\/wp-content\/uploads\/2025\/06\/IMG-20250603-WA0043.jpg","width":320,"height":240},{"@type":"BreadcrumbList","@id":"https:\/\/conexion23.com\/?p=39908#breadcrumb","itemListElement":[{"@type":"ListItem","position":1,"name":"Portada","item":"https:\/\/conexion23.com\/"},{"@type":"ListItem","position":2,"name":"Polic\u00eda Nacional y Fuerza Tarea Conjunta coordinan nuevas medidas en La Romana"}]},{"@type":"WebSite","@id":"https:\/\/conexion23.com\/#website","url":"https:\/\/conexion23.com\/","name":"Conexi\u00f3n 23","description":"Peri\u00f3dico 100% Petromacorisano","publisher":{"@id":"https:\/\/conexion23.com\/#organization"},"potentialAction":[{"@type":"SearchAction","target":{"@type":"EntryPoint","urlTemplate":"https:\/\/conexion23.com\/?s={search_term_string}"},"query-input":{"@type":"PropertyValueSpecification","valueRequired":true,"valueName":"search_term_string"}}],"inLanguage":"es"},{"@type":"Organization","@id":"https:\/\/conexion23.com\/#organization","name":"Conexion 23","url":"https:\/\/conexion23.com\/","logo":{"@type":"ImageObject","inLanguage":"es","@id":"https:\/\/conexion23.com\/#\/schema\/logo\/image\/","url":"https:\/\/conexion23.com\/wp-content\/uploads\/2021\/11\/Diseno-sin-titulo-2.png","contentUrl":"https:\/\/conexion23.com\/wp-content\/uploads\/2021\/11\/Diseno-sin-titulo-2.png","width":541,"height":90,"caption":"Conexion 23"},"image":{"@id":"https:\/\/conexion23.com\/#\/schema\/logo\/image\/"},"sameAs":["https:\/\/www.facebook.com\/conexion23com","https:\/\/www.instagram.com\/conexion23com\/","https:\/\/www.youtube.com\/channel\/UCYc7vxxFZMYLIHNsHHxPZ3Q"]},{"@type":"Person","@id":"https:\/\/conexion23.com\/#\/schema\/person\/03e36043331117e97a373299bbcd30a6","name":"Raffy Ben\u00edtez","image":{"@type":"ImageObject","inLanguage":"es","@id":"https:\/\/secure.gravatar.com\/avatar\/3190a6a6c5e1b0327500f7d6c56b6242472ee6cb974cf09b401ee6b3b0798f23?s=96&d=mm&r=g","url":"https:\/\/secure.gravatar.com\/avatar\/3190a6a6c5e1b0327500f7d6c56b6242472ee6cb974cf09b401ee6b3b0798f23?s=96&d=mm&r=g","contentUrl":"https:\/\/secure.gravatar.com\/avatar\/3190a6a6c5e1b0327500f7d6c56b6242472ee6cb974cf09b401ee6b3b0798f23?s=96&d=mm&r=g","caption":"Raffy Ben\u00edtez"},"url":"https:\/\/conexion23.com\/?author=15"}]}},"_links":{"self":[{"href":"https:\/\/conexion23.com\/index.php?rest_route=\/wp\/v2\/posts\/39908","targetHints":{"allow":["GET"]}}],"collection":[{"href":"https:\/\/conexion23.com\/index.php?rest_route=\/wp\/v2\/posts"}],"about":[{"href":"https:\/\/conexion23.com\/index.php?rest_route=\/wp\/v2\/types\/post"}],"author":[{"embeddable":true,"href":"https:\/\/conexion23.com\/index.php?rest_route=\/wp\/v2\/users\/15"}],"replies":[{"embeddable":true,"href":"https:\/\/conexion23.com\/index.php?rest_route=%2Fwp%2Fv2%2Fcomments&post=39908"}],"version-history":[{"count":1,"href":"https:\/\/conexion23.com\/index.php?rest_route=\/wp\/v2\/posts\/39908\/revisions"}],"predecessor-version":[{"id":39910,"href":"https:\/\/conexion23.com\/index.php?rest_route=\/wp\/v2\/posts\/39908\/revisions\/39910"}],"wp:featuredmedia":[{"embeddable":true,"href":"https:\/\/conexion23.com\/index.php?rest_route=\/wp\/v2\/media\/39909"}],"wp:attachment":[{"href":"https:\/\/conexion23.com\/index.php?rest_route=%2Fwp%2Fv2%2Fmedia&parent=39908"}],"wp:term":[{"taxonomy":"category","embeddable":true,"href":"https:\/\/conexion23.com\/index.php?rest_route=%2Fwp%2Fv2%2Fcategories&post=39908"},{"taxonomy":"post_tag","embeddable":true,"href":"https:\/\/conexion23.com\/index.php?rest_route=%2Fwp%2Fv2%2Ftags&post=39908"}],"curies":[{"name":"wp","href":"https:\/\/api.w.org\/{rel}","templated":true}]}}