{"id":39932,"date":"2025-06-05T07:11:32","date_gmt":"2025-06-05T11:11:32","guid":{"rendered":"https:\/\/conexion23.com\/?p=39932"},"modified":"2025-06-05T07:11:34","modified_gmt":"2025-06-05T11:11:34","slug":"detienen-dominicano-en-punta-cana-uno-de-los-10-fugitivos-mas-buscados-de-ee-uu","status":"publish","type":"post","link":"https:\/\/conexion23.com\/?p=39932","title":{"rendered":"Detienen dominicano en Punta Cana, uno de los 10 fugitivos m\u00e1s buscados de EE.UU."},"content":{"rendered":"\n<p class=\"wp-block-paragraph\">Las autoridades dominicanas arrestaron en Punta Cana a un hombre&nbsp;<strong>se\u00f1alado entre los diez fugitivos m\u00e1s buscados por Estados Unidos<\/strong>, vinculado a varios asesinatos y delitos de narcotr\u00e1fico en Nueva York, inform\u00f3 este mi\u00e9rcoles la Direcci\u00f3n Nacional de Control de Drogas (DNCD).<\/p>\n\n\n\n<p class=\"wp-block-paragraph\">En la operaci\u00f3n, en la que participaron agentes de la DNCD coordinados por miembros del Ministerio P\u00fablico y apoyados por Alguaciles de Estados Unidos (U.S. Marshals), fue arrestado&nbsp;<strong>Luis Francisco Soriano (alias Yefri o Yeyo)<\/strong>, tras ser ubicado cerca de la playa Arena Gorda, en el norte de la localidad tur\u00edstica dominicana de Punta Cana en la provincia La Altagracia (este).<\/p>\n\n\n\n<p class=\"wp-block-paragraph\">A Yefri, de 32 a\u00f1os y contra quien se iniciar\u00e1 un proceso de extradici\u00f3n, se le acusa de estar involucrado en un cu\u00e1druple homicidio ocurrido el 31 de agosto de 2024 cerca de Rochester, en Nueva York, dos de cuyas v\u00edctimas eran ni\u00f1os de 2 y 4 a\u00f1os.<\/p>\n\n\n\n<p class=\"wp-block-paragraph\"><strong>Al ciudadano dominicano se le imputan los cargos de homicidio en primer y segundo grado<\/strong>, allanamiento de morada en primer grado, secuestro en primer grado, incendio premeditado en primer y segundo grado, en el estado de Nueva York.<\/p>\n\n\n\n<h2 class=\"wp-block-heading\">En su comunicado, la DNCD se\u00f1al\u00f3 que, \u00abdada la naturaleza de los presuntos delitos del dominicano, su peligrosidad para la comunidad en general y su capacidad para eludir a las autoridades, el Servicio de Alguaciles de los Estados Unidos lo incluy\u00f3 en la lista de los 10 fugitivos m\u00e1s buscados\u00bb.&nbsp;<\/h2>\n","protected":false},"excerpt":{"rendered":"<p>Las autoridades dominicanas arrestaron en Punta Cana a un hombre&nbsp;se\u00f1alado entre los diez fugitivos m\u00e1s buscados por Estados Unidos, vinculado a varios asesinatos y delitos de narcotr\u00e1fico en Nueva York, inform\u00f3 este mi\u00e9rcoles la Direcci\u00f3n Nacional de Control de Drogas (DNCD). En la operaci\u00f3n, en la que participaron agentes de la DNCD coordinados por miembros [&hellip;]<\/p>\n","protected":false},"author":15,"featured_media":39933,"comment_status":"open","ping_status":"open","sticky":false,"template":"","format":"standard","meta":{"footnotes":""},"categories":[1],"tags":[],"class_list":["post-39932","post","type-post","status-publish","format-standard","has-post-thumbnail","category-uncategorized"],"yoast_head":"<!-- This site is optimized with the Yoast SEO plugin v27.6 - https:\/\/yoast.com\/product\/yoast-seo-wordpress\/ -->\n<title>Detienen dominicano en Punta Cana, uno de los 10 fugitivos m\u00e1s buscados de EE.UU. - Conexi\u00f3n 23<\/title>\n<meta name=\"robots\" content=\"index, follow, max-snippet:-1, max-image-preview:large, max-video-preview:-1\" \/>\n<link rel=\"canonical\" href=\"https:\/\/conexion23.com\/?p=39932\" \/>\n<meta property=\"og:locale\" content=\"es_ES\" \/>\n<meta property=\"og:type\" content=\"article\" \/>\n<meta property=\"og:title\" content=\"Detienen dominicano en Punta Cana, uno de los 10 fugitivos m\u00e1s buscados de EE.UU. - Conexi\u00f3n 23\" \/>\n<meta property=\"og:description\" content=\"Las autoridades dominicanas arrestaron en Punta Cana a un hombre&nbsp;se\u00f1alado entre los diez fugitivos m\u00e1s buscados por Estados Unidos, vinculado a varios asesinatos y delitos de narcotr\u00e1fico en Nueva York, inform\u00f3 este mi\u00e9rcoles la Direcci\u00f3n Nacional de Control de Drogas (DNCD). En la operaci\u00f3n, en la que participaron agentes de la DNCD coordinados por miembros [&hellip;]\" \/>\n<meta property=\"og:url\" content=\"https:\/\/conexion23.com\/?p=39932\" \/>\n<meta property=\"og:site_name\" content=\"Conexi\u00f3n 23\" \/>\n<meta property=\"article:publisher\" content=\"https:\/\/www.facebook.com\/conexion23com\" \/>\n<meta property=\"article:published_time\" content=\"2025-06-05T11:11:32+00:00\" \/>\n<meta property=\"article:modified_time\" content=\"2025-06-05T11:11:34+00:00\" \/>\n<meta property=\"og:image\" content=\"https:\/\/conexion23.com\/wp-content\/uploads\/2025\/06\/Detienen-en-Punta-Cana-a-uno-de-los-10-fugitivos-mas-buscados-de-EE.UU_.webp\" \/>\n\t<meta property=\"og:image:width\" content=\"620\" \/>\n\t<meta property=\"og:image:height\" content=\"349\" \/>\n\t<meta property=\"og:image:type\" content=\"image\/webp\" \/>\n<meta name=\"author\" content=\"Raffy Ben\u00edtez\" \/>\n<meta name=\"twitter:card\" content=\"summary_large_image\" \/>\n<meta name=\"twitter:label1\" content=\"Escrito por\" \/>\n\t<meta name=\"twitter:data1\" content=\"Raffy Ben\u00edtez\" \/>\n\t<meta name=\"twitter:label2\" content=\"Tiempo de lectura\" \/>\n\t<meta name=\"twitter:data2\" content=\"2 minutos\" \/>\n<script type=\"application\/ld+json\" class=\"yoast-schema-graph\">{\"@context\":\"https:\\\/\\\/schema.org\",\"@graph\":[{\"@type\":\"Article\",\"@id\":\"https:\\\/\\\/conexion23.com\\\/?p=39932#article\",\"isPartOf\":{\"@id\":\"https:\\\/\\\/conexion23.com\\\/?p=39932\"},\"author\":{\"name\":\"Raffy Ben\u00edtez\",\"@id\":\"https:\\\/\\\/conexion23.com\\\/#\\\/schema\\\/person\\\/5d6d767819503a4603e9fd070ecf3ac6\"},\"headline\":\"Detienen dominicano en Punta Cana, uno de los 10 fugitivos m\u00e1s buscados de EE.UU.\",\"datePublished\":\"2025-06-05T11:11:32+00:00\",\"dateModified\":\"2025-06-05T11:11:34+00:00\",\"mainEntityOfPage\":{\"@id\":\"https:\\\/\\\/conexion23.com\\\/?p=39932\"},\"wordCount\":268,\"commentCount\":0,\"publisher\":{\"@id\":\"https:\\\/\\\/conexion23.com\\\/#organization\"},\"image\":{\"@id\":\"https:\\\/\\\/conexion23.com\\\/?p=39932#primaryimage\"},\"thumbnailUrl\":\"https:\\\/\\\/conexion23.com\\\/wp-content\\\/uploads\\\/2025\\\/06\\\/Detienen-en-Punta-Cana-a-uno-de-los-10-fugitivos-mas-buscados-de-EE.UU_.webp\",\"articleSection\":[\"Uncategorized\"],\"inLanguage\":\"es\",\"potentialAction\":[{\"@type\":\"CommentAction\",\"name\":\"Comment\",\"target\":[\"https:\\\/\\\/conexion23.com\\\/?p=39932#respond\"]}]},{\"@type\":\"WebPage\",\"@id\":\"https:\\\/\\\/conexion23.com\\\/?p=39932\",\"url\":\"https:\\\/\\\/conexion23.com\\\/?p=39932\",\"name\":\"Detienen dominicano en Punta Cana, uno de los 10 fugitivos m\u00e1s buscados de EE.UU. - Conexi\u00f3n 23\",\"isPartOf\":{\"@id\":\"https:\\\/\\\/conexion23.com\\\/#website\"},\"primaryImageOfPage\":{\"@id\":\"https:\\\/\\\/conexion23.com\\\/?p=39932#primaryimage\"},\"image\":{\"@id\":\"https:\\\/\\\/conexion23.com\\\/?p=39932#primaryimage\"},\"thumbnailUrl\":\"https:\\\/\\\/conexion23.com\\\/wp-content\\\/uploads\\\/2025\\\/06\\\/Detienen-en-Punta-Cana-a-uno-de-los-10-fugitivos-mas-buscados-de-EE.UU_.webp\",\"datePublished\":\"2025-06-05T11:11:32+00:00\",\"dateModified\":\"2025-06-05T11:11:34+00:00\",\"breadcrumb\":{\"@id\":\"https:\\\/\\\/conexion23.com\\\/?p=39932#breadcrumb\"},\"inLanguage\":\"es\",\"potentialAction\":[{\"@type\":\"ReadAction\",\"target\":[\"https:\\\/\\\/conexion23.com\\\/?p=39932\"]}]},{\"@type\":\"ImageObject\",\"inLanguage\":\"es\",\"@id\":\"https:\\\/\\\/conexion23.com\\\/?p=39932#primaryimage\",\"url\":\"https:\\\/\\\/conexion23.com\\\/wp-content\\\/uploads\\\/2025\\\/06\\\/Detienen-en-Punta-Cana-a-uno-de-los-10-fugitivos-mas-buscados-de-EE.UU_.webp\",\"contentUrl\":\"https:\\\/\\\/conexion23.com\\\/wp-content\\\/uploads\\\/2025\\\/06\\\/Detienen-en-Punta-Cana-a-uno-de-los-10-fugitivos-mas-buscados-de-EE.UU_.webp\",\"width\":620,\"height\":349},{\"@type\":\"BreadcrumbList\",\"@id\":\"https:\\\/\\\/conexion23.com\\\/?p=39932#breadcrumb\",\"itemListElement\":[{\"@type\":\"ListItem\",\"position\":1,\"name\":\"Portada\",\"item\":\"https:\\\/\\\/conexion23.com\\\/\"},{\"@type\":\"ListItem\",\"position\":2,\"name\":\"Detienen dominicano en Punta Cana, uno de los 10 fugitivos m\u00e1s buscados de EE.UU.\"}]},{\"@type\":\"WebSite\",\"@id\":\"https:\\\/\\\/conexion23.com\\\/#website\",\"url\":\"https:\\\/\\\/conexion23.com\\\/\",\"name\":\"Conexi\u00f3n 23\",\"description\":\"Peri\u00f3dico 100% Petromacorisano\",\"publisher\":{\"@id\":\"https:\\\/\\\/conexion23.com\\\/#organization\"},\"potentialAction\":[{\"@type\":\"SearchAction\",\"target\":{\"@type\":\"EntryPoint\",\"urlTemplate\":\"https:\\\/\\\/conexion23.com\\\/?s={search_term_string}\"},\"query-input\":{\"@type\":\"PropertyValueSpecification\",\"valueRequired\":true,\"valueName\":\"search_term_string\"}}],\"inLanguage\":\"es\"},{\"@type\":\"Organization\",\"@id\":\"https:\\\/\\\/conexion23.com\\\/#organization\",\"name\":\"Conexion 23\",\"url\":\"https:\\\/\\\/conexion23.com\\\/\",\"logo\":{\"@type\":\"ImageObject\",\"inLanguage\":\"es\",\"@id\":\"https:\\\/\\\/conexion23.com\\\/#\\\/schema\\\/logo\\\/image\\\/\",\"url\":\"https:\\\/\\\/conexion23.com\\\/wp-content\\\/uploads\\\/2021\\\/11\\\/Diseno-sin-titulo-2.png\",\"contentUrl\":\"https:\\\/\\\/conexion23.com\\\/wp-content\\\/uploads\\\/2021\\\/11\\\/Diseno-sin-titulo-2.png\",\"width\":541,\"height\":90,\"caption\":\"Conexion 23\"},\"image\":{\"@id\":\"https:\\\/\\\/conexion23.com\\\/#\\\/schema\\\/logo\\\/image\\\/\"},\"sameAs\":[\"https:\\\/\\\/www.facebook.com\\\/conexion23com\",\"https:\\\/\\\/www.instagram.com\\\/conexion23com\\\/\",\"https:\\\/\\\/www.youtube.com\\\/channel\\\/UCYc7vxxFZMYLIHNsHHxPZ3Q\"]},{\"@type\":\"Person\",\"@id\":\"https:\\\/\\\/conexion23.com\\\/#\\\/schema\\\/person\\\/5d6d767819503a4603e9fd070ecf3ac6\",\"name\":\"Raffy Ben\u00edtez\",\"image\":{\"@type\":\"ImageObject\",\"inLanguage\":\"es\",\"@id\":\"https:\\\/\\\/secure.gravatar.com\\\/avatar\\\/3190a6a6c5e1b0327500f7d6c56b6242472ee6cb974cf09b401ee6b3b0798f23?s=96&d=mm&r=g\",\"url\":\"https:\\\/\\\/secure.gravatar.com\\\/avatar\\\/3190a6a6c5e1b0327500f7d6c56b6242472ee6cb974cf09b401ee6b3b0798f23?s=96&d=mm&r=g\",\"contentUrl\":\"https:\\\/\\\/secure.gravatar.com\\\/avatar\\\/3190a6a6c5e1b0327500f7d6c56b6242472ee6cb974cf09b401ee6b3b0798f23?s=96&d=mm&r=g\",\"caption\":\"Raffy Ben\u00edtez\"},\"url\":\"https:\\\/\\\/conexion23.com\\\/?author=15\"}]}<\/script>\n<!-- \/ Yoast SEO plugin. -->","yoast_head_json":{"title":"Detienen dominicano en Punta Cana, uno de los 10 fugitivos m\u00e1s buscados de EE.UU. - Conexi\u00f3n 23","robots":{"index":"index","follow":"follow","max-snippet":"max-snippet:-1","max-image-preview":"max-image-preview:large","max-video-preview":"max-video-preview:-1"},"canonical":"https:\/\/conexion23.com\/?p=39932","og_locale":"es_ES","og_type":"article","og_title":"Detienen dominicano en Punta Cana, uno de los 10 fugitivos m\u00e1s buscados de EE.UU. - Conexi\u00f3n 23","og_description":"Las autoridades dominicanas arrestaron en Punta Cana a un hombre&nbsp;se\u00f1alado entre los diez fugitivos m\u00e1s buscados por Estados Unidos, vinculado a varios asesinatos y delitos de narcotr\u00e1fico en Nueva York, inform\u00f3 este mi\u00e9rcoles la Direcci\u00f3n Nacional de Control de Drogas (DNCD). En la operaci\u00f3n, en la que participaron agentes de la DNCD coordinados por miembros [&hellip;]","og_url":"https:\/\/conexion23.com\/?p=39932","og_site_name":"Conexi\u00f3n 23","article_publisher":"https:\/\/www.facebook.com\/conexion23com","article_published_time":"2025-06-05T11:11:32+00:00","article_modified_time":"2025-06-05T11:11:34+00:00","og_image":[{"width":620,"height":349,"url":"https:\/\/conexion23.com\/wp-content\/uploads\/2025\/06\/Detienen-en-Punta-Cana-a-uno-de-los-10-fugitivos-mas-buscados-de-EE.UU_.webp","type":"image\/webp"}],"author":"Raffy Ben\u00edtez","twitter_card":"summary_large_image","twitter_misc":{"Escrito por":"Raffy Ben\u00edtez","Tiempo de lectura":"2 minutos"},"schema":{"@context":"https:\/\/schema.org","@graph":[{"@type":"Article","@id":"https:\/\/conexion23.com\/?p=39932#article","isPartOf":{"@id":"https:\/\/conexion23.com\/?p=39932"},"author":{"name":"Raffy Ben\u00edtez","@id":"https:\/\/conexion23.com\/#\/schema\/person\/5d6d767819503a4603e9fd070ecf3ac6"},"headline":"Detienen dominicano en Punta Cana, uno de los 10 fugitivos m\u00e1s buscados de EE.UU.","datePublished":"2025-06-05T11:11:32+00:00","dateModified":"2025-06-05T11:11:34+00:00","mainEntityOfPage":{"@id":"https:\/\/conexion23.com\/?p=39932"},"wordCount":268,"commentCount":0,"publisher":{"@id":"https:\/\/conexion23.com\/#organization"},"image":{"@id":"https:\/\/conexion23.com\/?p=39932#primaryimage"},"thumbnailUrl":"https:\/\/conexion23.com\/wp-content\/uploads\/2025\/06\/Detienen-en-Punta-Cana-a-uno-de-los-10-fugitivos-mas-buscados-de-EE.UU_.webp","articleSection":["Uncategorized"],"inLanguage":"es","potentialAction":[{"@type":"CommentAction","name":"Comment","target":["https:\/\/conexion23.com\/?p=39932#respond"]}]},{"@type":"WebPage","@id":"https:\/\/conexion23.com\/?p=39932","url":"https:\/\/conexion23.com\/?p=39932","name":"Detienen dominicano en Punta Cana, uno de los 10 fugitivos m\u00e1s buscados de EE.UU. - Conexi\u00f3n 23","isPartOf":{"@id":"https:\/\/conexion23.com\/#website"},"primaryImageOfPage":{"@id":"https:\/\/conexion23.com\/?p=39932#primaryimage"},"image":{"@id":"https:\/\/conexion23.com\/?p=39932#primaryimage"},"thumbnailUrl":"https:\/\/conexion23.com\/wp-content\/uploads\/2025\/06\/Detienen-en-Punta-Cana-a-uno-de-los-10-fugitivos-mas-buscados-de-EE.UU_.webp","datePublished":"2025-06-05T11:11:32+00:00","dateModified":"2025-06-05T11:11:34+00:00","breadcrumb":{"@id":"https:\/\/conexion23.com\/?p=39932#breadcrumb"},"inLanguage":"es","potentialAction":[{"@type":"ReadAction","target":["https:\/\/conexion23.com\/?p=39932"]}]},{"@type":"ImageObject","inLanguage":"es","@id":"https:\/\/conexion23.com\/?p=39932#primaryimage","url":"https:\/\/conexion23.com\/wp-content\/uploads\/2025\/06\/Detienen-en-Punta-Cana-a-uno-de-los-10-fugitivos-mas-buscados-de-EE.UU_.webp","contentUrl":"https:\/\/conexion23.com\/wp-content\/uploads\/2025\/06\/Detienen-en-Punta-Cana-a-uno-de-los-10-fugitivos-mas-buscados-de-EE.UU_.webp","width":620,"height":349},{"@type":"BreadcrumbList","@id":"https:\/\/conexion23.com\/?p=39932#breadcrumb","itemListElement":[{"@type":"ListItem","position":1,"name":"Portada","item":"https:\/\/conexion23.com\/"},{"@type":"ListItem","position":2,"name":"Detienen dominicano en Punta Cana, uno de los 10 fugitivos m\u00e1s buscados de EE.UU."}]},{"@type":"WebSite","@id":"https:\/\/conexion23.com\/#website","url":"https:\/\/conexion23.com\/","name":"Conexi\u00f3n 23","description":"Peri\u00f3dico 100% Petromacorisano","publisher":{"@id":"https:\/\/conexion23.com\/#organization"},"potentialAction":[{"@type":"SearchAction","target":{"@type":"EntryPoint","urlTemplate":"https:\/\/conexion23.com\/?s={search_term_string}"},"query-input":{"@type":"PropertyValueSpecification","valueRequired":true,"valueName":"search_term_string"}}],"inLanguage":"es"},{"@type":"Organization","@id":"https:\/\/conexion23.com\/#organization","name":"Conexion 23","url":"https:\/\/conexion23.com\/","logo":{"@type":"ImageObject","inLanguage":"es","@id":"https:\/\/conexion23.com\/#\/schema\/logo\/image\/","url":"https:\/\/conexion23.com\/wp-content\/uploads\/2021\/11\/Diseno-sin-titulo-2.png","contentUrl":"https:\/\/conexion23.com\/wp-content\/uploads\/2021\/11\/Diseno-sin-titulo-2.png","width":541,"height":90,"caption":"Conexion 23"},"image":{"@id":"https:\/\/conexion23.com\/#\/schema\/logo\/image\/"},"sameAs":["https:\/\/www.facebook.com\/conexion23com","https:\/\/www.instagram.com\/conexion23com\/","https:\/\/www.youtube.com\/channel\/UCYc7vxxFZMYLIHNsHHxPZ3Q"]},{"@type":"Person","@id":"https:\/\/conexion23.com\/#\/schema\/person\/5d6d767819503a4603e9fd070ecf3ac6","name":"Raffy Ben\u00edtez","image":{"@type":"ImageObject","inLanguage":"es","@id":"https:\/\/secure.gravatar.com\/avatar\/3190a6a6c5e1b0327500f7d6c56b6242472ee6cb974cf09b401ee6b3b0798f23?s=96&d=mm&r=g","url":"https:\/\/secure.gravatar.com\/avatar\/3190a6a6c5e1b0327500f7d6c56b6242472ee6cb974cf09b401ee6b3b0798f23?s=96&d=mm&r=g","contentUrl":"https:\/\/secure.gravatar.com\/avatar\/3190a6a6c5e1b0327500f7d6c56b6242472ee6cb974cf09b401ee6b3b0798f23?s=96&d=mm&r=g","caption":"Raffy Ben\u00edtez"},"url":"https:\/\/conexion23.com\/?author=15"}]}},"_links":{"self":[{"href":"https:\/\/conexion23.com\/index.php?rest_route=\/wp\/v2\/posts\/39932","targetHints":{"allow":["GET"]}}],"collection":[{"href":"https:\/\/conexion23.com\/index.php?rest_route=\/wp\/v2\/posts"}],"about":[{"href":"https:\/\/conexion23.com\/index.php?rest_route=\/wp\/v2\/types\/post"}],"author":[{"embeddable":true,"href":"https:\/\/conexion23.com\/index.php?rest_route=\/wp\/v2\/users\/15"}],"replies":[{"embeddable":true,"href":"https:\/\/conexion23.com\/index.php?rest_route=%2Fwp%2Fv2%2Fcomments&post=39932"}],"version-history":[{"count":1,"href":"https:\/\/conexion23.com\/index.php?rest_route=\/wp\/v2\/posts\/39932\/revisions"}],"predecessor-version":[{"id":39934,"href":"https:\/\/conexion23.com\/index.php?rest_route=\/wp\/v2\/posts\/39932\/revisions\/39934"}],"wp:featuredmedia":[{"embeddable":true,"href":"https:\/\/conexion23.com\/index.php?rest_route=\/wp\/v2\/media\/39933"}],"wp:attachment":[{"href":"https:\/\/conexion23.com\/index.php?rest_route=%2Fwp%2Fv2%2Fmedia&parent=39932"}],"wp:term":[{"taxonomy":"category","embeddable":true,"href":"https:\/\/conexion23.com\/index.php?rest_route=%2Fwp%2Fv2%2Fcategories&post=39932"},{"taxonomy":"post_tag","embeddable":true,"href":"https:\/\/conexion23.com\/index.php?rest_route=%2Fwp%2Fv2%2Ftags&post=39932"}],"curies":[{"name":"wp","href":"https:\/\/api.w.org\/{rel}","templated":true}]}}