{"id":39953,"date":"2025-06-05T07:33:39","date_gmt":"2025-06-05T11:33:39","guid":{"rendered":"https:\/\/conexion23.com\/?p=39953"},"modified":"2025-06-05T07:33:41","modified_gmt":"2025-06-05T11:33:41","slug":"joven-buscado-en-sabana-de-la-mar-se-entrega-a-la-policia-nacional-en-gesto-de-reconciliacion","status":"publish","type":"post","link":"https:\/\/conexion23.com\/?p=39953","title":{"rendered":"Joven buscado en Sabana de la Mar se entrega a la Polic\u00eda Nacional en gesto de reconciliaci\u00f3n"},"content":{"rendered":"\n<p class=\"wp-block-paragraph\">Un joven que era activamente buscado por las autoridades en la comunidad de Sabana de la Mar se entreg\u00f3 de manera voluntaria a la Polic\u00eda Nacional, acompa\u00f1ado por l\u00edderes comunitarios y familiares. La acci\u00f3n ha sido vista como un paso esperanzador por parte de la comunidad.<\/p>\n\n\n\n<p class=\"wp-block-paragraph\">La identidad del joven se mantiene en reserva por razones legales, pero se inform\u00f3 que era investigado por su presunta implicaci\u00f3n en hechos recientes en la zona. Su entrega representa un avance importante en la b\u00fasqueda de soluciones pac\u00edficas y el fortalecimiento del di\u00e1logo con la juventud local.<\/p>\n\n\n\n<p class=\"wp-block-paragraph\">La Polic\u00eda Nacional valor\u00f3 el acto como un gesto positivo y reafirm\u00f3 su compromiso de trabajar en la rehabilitaci\u00f3n de j\u00f3venes en conflicto con la ley, promoviendo as\u00ed una convivencia m\u00e1s segura y armoniosa en la comunidad.<\/p>\n","protected":false},"excerpt":{"rendered":"<p>Un joven que era activamente buscado por las autoridades en la comunidad de Sabana de la Mar se entreg\u00f3 de manera voluntaria a la Polic\u00eda Nacional, acompa\u00f1ado por l\u00edderes comunitarios y familiares. La acci\u00f3n ha sido vista como un paso esperanzador por parte de la comunidad. La identidad del joven se mantiene en reserva por [&hellip;]<\/p>\n","protected":false},"author":15,"featured_media":39954,"comment_status":"open","ping_status":"open","sticky":false,"template":"","format":"standard","meta":{"footnotes":""},"categories":[2476],"tags":[],"class_list":["post-39953","post","type-post","status-publish","format-standard","has-post-thumbnail","category-hato-mayor"],"yoast_head":"<!-- This site is optimized with the Yoast SEO plugin v27.6 - https:\/\/yoast.com\/product\/yoast-seo-wordpress\/ -->\n<title>Joven buscado en Sabana de la Mar se entrega a la Polic\u00eda Nacional en gesto de reconciliaci\u00f3n - Conexi\u00f3n 23<\/title>\n<meta name=\"robots\" content=\"index, follow, max-snippet:-1, max-image-preview:large, max-video-preview:-1\" \/>\n<link rel=\"canonical\" href=\"https:\/\/conexion23.com\/?p=39953\" \/>\n<meta property=\"og:locale\" content=\"es_ES\" \/>\n<meta property=\"og:type\" content=\"article\" \/>\n<meta property=\"og:title\" content=\"Joven buscado en Sabana de la Mar se entrega a la Polic\u00eda Nacional en gesto de reconciliaci\u00f3n - Conexi\u00f3n 23\" \/>\n<meta property=\"og:description\" content=\"Un joven que era activamente buscado por las autoridades en la comunidad de Sabana de la Mar se entreg\u00f3 de manera voluntaria a la Polic\u00eda Nacional, acompa\u00f1ado por l\u00edderes comunitarios y familiares. La acci\u00f3n ha sido vista como un paso esperanzador por parte de la comunidad. La identidad del joven se mantiene en reserva por [&hellip;]\" \/>\n<meta property=\"og:url\" content=\"https:\/\/conexion23.com\/?p=39953\" \/>\n<meta property=\"og:site_name\" content=\"Conexi\u00f3n 23\" \/>\n<meta property=\"article:publisher\" content=\"https:\/\/www.facebook.com\/conexion23com\" \/>\n<meta property=\"article:published_time\" content=\"2025-06-05T11:33:39+00:00\" \/>\n<meta property=\"article:modified_time\" content=\"2025-06-05T11:33:41+00:00\" \/>\n<meta property=\"og:image\" content=\"https:\/\/conexion23.com\/wp-content\/uploads\/2025\/06\/73722246-fd8b-49f9-b02a-204aa80824db.jpg\" \/>\n\t<meta property=\"og:image:width\" content=\"600\" \/>\n\t<meta property=\"og:image:height\" content=\"332\" \/>\n\t<meta property=\"og:image:type\" content=\"image\/jpeg\" \/>\n<meta name=\"author\" content=\"Raffy Ben\u00edtez\" \/>\n<meta name=\"twitter:card\" content=\"summary_large_image\" \/>\n<meta name=\"twitter:label1\" content=\"Escrito por\" \/>\n\t<meta name=\"twitter:data1\" content=\"Raffy Ben\u00edtez\" \/>\n\t<meta name=\"twitter:label2\" content=\"Tiempo de lectura\" \/>\n\t<meta name=\"twitter:data2\" content=\"1 minuto\" \/>\n<script type=\"application\/ld+json\" class=\"yoast-schema-graph\">{\"@context\":\"https:\\\/\\\/schema.org\",\"@graph\":[{\"@type\":\"Article\",\"@id\":\"https:\\\/\\\/conexion23.com\\\/?p=39953#article\",\"isPartOf\":{\"@id\":\"https:\\\/\\\/conexion23.com\\\/?p=39953\"},\"author\":{\"name\":\"Raffy Ben\u00edtez\",\"@id\":\"https:\\\/\\\/conexion23.com\\\/#\\\/schema\\\/person\\\/03e36043331117e97a373299bbcd30a6\"},\"headline\":\"Joven buscado en Sabana de la Mar se entrega a la Polic\u00eda Nacional en gesto de reconciliaci\u00f3n\",\"datePublished\":\"2025-06-05T11:33:39+00:00\",\"dateModified\":\"2025-06-05T11:33:41+00:00\",\"mainEntityOfPage\":{\"@id\":\"https:\\\/\\\/conexion23.com\\\/?p=39953\"},\"wordCount\":162,\"commentCount\":0,\"publisher\":{\"@id\":\"https:\\\/\\\/conexion23.com\\\/#organization\"},\"image\":{\"@id\":\"https:\\\/\\\/conexion23.com\\\/?p=39953#primaryimage\"},\"thumbnailUrl\":\"https:\\\/\\\/conexion23.com\\\/wp-content\\\/uploads\\\/2025\\\/06\\\/73722246-fd8b-49f9-b02a-204aa80824db.jpg\",\"articleSection\":[\"Hato Mayor\"],\"inLanguage\":\"es\",\"potentialAction\":[{\"@type\":\"CommentAction\",\"name\":\"Comment\",\"target\":[\"https:\\\/\\\/conexion23.com\\\/?p=39953#respond\"]}]},{\"@type\":\"WebPage\",\"@id\":\"https:\\\/\\\/conexion23.com\\\/?p=39953\",\"url\":\"https:\\\/\\\/conexion23.com\\\/?p=39953\",\"name\":\"Joven buscado en Sabana de la Mar se entrega a la Polic\u00eda Nacional en gesto de reconciliaci\u00f3n - Conexi\u00f3n 23\",\"isPartOf\":{\"@id\":\"https:\\\/\\\/conexion23.com\\\/#website\"},\"primaryImageOfPage\":{\"@id\":\"https:\\\/\\\/conexion23.com\\\/?p=39953#primaryimage\"},\"image\":{\"@id\":\"https:\\\/\\\/conexion23.com\\\/?p=39953#primaryimage\"},\"thumbnailUrl\":\"https:\\\/\\\/conexion23.com\\\/wp-content\\\/uploads\\\/2025\\\/06\\\/73722246-fd8b-49f9-b02a-204aa80824db.jpg\",\"datePublished\":\"2025-06-05T11:33:39+00:00\",\"dateModified\":\"2025-06-05T11:33:41+00:00\",\"breadcrumb\":{\"@id\":\"https:\\\/\\\/conexion23.com\\\/?p=39953#breadcrumb\"},\"inLanguage\":\"es\",\"potentialAction\":[{\"@type\":\"ReadAction\",\"target\":[\"https:\\\/\\\/conexion23.com\\\/?p=39953\"]}]},{\"@type\":\"ImageObject\",\"inLanguage\":\"es\",\"@id\":\"https:\\\/\\\/conexion23.com\\\/?p=39953#primaryimage\",\"url\":\"https:\\\/\\\/conexion23.com\\\/wp-content\\\/uploads\\\/2025\\\/06\\\/73722246-fd8b-49f9-b02a-204aa80824db.jpg\",\"contentUrl\":\"https:\\\/\\\/conexion23.com\\\/wp-content\\\/uploads\\\/2025\\\/06\\\/73722246-fd8b-49f9-b02a-204aa80824db.jpg\",\"width\":600,\"height\":332},{\"@type\":\"BreadcrumbList\",\"@id\":\"https:\\\/\\\/conexion23.com\\\/?p=39953#breadcrumb\",\"itemListElement\":[{\"@type\":\"ListItem\",\"position\":1,\"name\":\"Portada\",\"item\":\"https:\\\/\\\/conexion23.com\\\/\"},{\"@type\":\"ListItem\",\"position\":2,\"name\":\"Joven buscado en Sabana de la Mar se entrega a la Polic\u00eda Nacional en gesto de reconciliaci\u00f3n\"}]},{\"@type\":\"WebSite\",\"@id\":\"https:\\\/\\\/conexion23.com\\\/#website\",\"url\":\"https:\\\/\\\/conexion23.com\\\/\",\"name\":\"Conexi\u00f3n 23\",\"description\":\"Peri\u00f3dico 100% Petromacorisano\",\"publisher\":{\"@id\":\"https:\\\/\\\/conexion23.com\\\/#organization\"},\"potentialAction\":[{\"@type\":\"SearchAction\",\"target\":{\"@type\":\"EntryPoint\",\"urlTemplate\":\"https:\\\/\\\/conexion23.com\\\/?s={search_term_string}\"},\"query-input\":{\"@type\":\"PropertyValueSpecification\",\"valueRequired\":true,\"valueName\":\"search_term_string\"}}],\"inLanguage\":\"es\"},{\"@type\":\"Organization\",\"@id\":\"https:\\\/\\\/conexion23.com\\\/#organization\",\"name\":\"Conexion 23\",\"url\":\"https:\\\/\\\/conexion23.com\\\/\",\"logo\":{\"@type\":\"ImageObject\",\"inLanguage\":\"es\",\"@id\":\"https:\\\/\\\/conexion23.com\\\/#\\\/schema\\\/logo\\\/image\\\/\",\"url\":\"https:\\\/\\\/conexion23.com\\\/wp-content\\\/uploads\\\/2021\\\/11\\\/Diseno-sin-titulo-2.png\",\"contentUrl\":\"https:\\\/\\\/conexion23.com\\\/wp-content\\\/uploads\\\/2021\\\/11\\\/Diseno-sin-titulo-2.png\",\"width\":541,\"height\":90,\"caption\":\"Conexion 23\"},\"image\":{\"@id\":\"https:\\\/\\\/conexion23.com\\\/#\\\/schema\\\/logo\\\/image\\\/\"},\"sameAs\":[\"https:\\\/\\\/www.facebook.com\\\/conexion23com\",\"https:\\\/\\\/www.instagram.com\\\/conexion23com\\\/\",\"https:\\\/\\\/www.youtube.com\\\/channel\\\/UCYc7vxxFZMYLIHNsHHxPZ3Q\"]},{\"@type\":\"Person\",\"@id\":\"https:\\\/\\\/conexion23.com\\\/#\\\/schema\\\/person\\\/03e36043331117e97a373299bbcd30a6\",\"name\":\"Raffy Ben\u00edtez\",\"image\":{\"@type\":\"ImageObject\",\"inLanguage\":\"es\",\"@id\":\"https:\\\/\\\/secure.gravatar.com\\\/avatar\\\/3190a6a6c5e1b0327500f7d6c56b6242472ee6cb974cf09b401ee6b3b0798f23?s=96&d=mm&r=g\",\"url\":\"https:\\\/\\\/secure.gravatar.com\\\/avatar\\\/3190a6a6c5e1b0327500f7d6c56b6242472ee6cb974cf09b401ee6b3b0798f23?s=96&d=mm&r=g\",\"contentUrl\":\"https:\\\/\\\/secure.gravatar.com\\\/avatar\\\/3190a6a6c5e1b0327500f7d6c56b6242472ee6cb974cf09b401ee6b3b0798f23?s=96&d=mm&r=g\",\"caption\":\"Raffy Ben\u00edtez\"},\"url\":\"https:\\\/\\\/conexion23.com\\\/?author=15\"}]}<\/script>\n<!-- \/ Yoast SEO plugin. -->","yoast_head_json":{"title":"Joven buscado en Sabana de la Mar se entrega a la Polic\u00eda Nacional en gesto de reconciliaci\u00f3n - Conexi\u00f3n 23","robots":{"index":"index","follow":"follow","max-snippet":"max-snippet:-1","max-image-preview":"max-image-preview:large","max-video-preview":"max-video-preview:-1"},"canonical":"https:\/\/conexion23.com\/?p=39953","og_locale":"es_ES","og_type":"article","og_title":"Joven buscado en Sabana de la Mar se entrega a la Polic\u00eda Nacional en gesto de reconciliaci\u00f3n - Conexi\u00f3n 23","og_description":"Un joven que era activamente buscado por las autoridades en la comunidad de Sabana de la Mar se entreg\u00f3 de manera voluntaria a la Polic\u00eda Nacional, acompa\u00f1ado por l\u00edderes comunitarios y familiares. La acci\u00f3n ha sido vista como un paso esperanzador por parte de la comunidad. La identidad del joven se mantiene en reserva por [&hellip;]","og_url":"https:\/\/conexion23.com\/?p=39953","og_site_name":"Conexi\u00f3n 23","article_publisher":"https:\/\/www.facebook.com\/conexion23com","article_published_time":"2025-06-05T11:33:39+00:00","article_modified_time":"2025-06-05T11:33:41+00:00","og_image":[{"width":600,"height":332,"url":"https:\/\/conexion23.com\/wp-content\/uploads\/2025\/06\/73722246-fd8b-49f9-b02a-204aa80824db.jpg","type":"image\/jpeg"}],"author":"Raffy Ben\u00edtez","twitter_card":"summary_large_image","twitter_misc":{"Escrito por":"Raffy Ben\u00edtez","Tiempo de lectura":"1 minuto"},"schema":{"@context":"https:\/\/schema.org","@graph":[{"@type":"Article","@id":"https:\/\/conexion23.com\/?p=39953#article","isPartOf":{"@id":"https:\/\/conexion23.com\/?p=39953"},"author":{"name":"Raffy Ben\u00edtez","@id":"https:\/\/conexion23.com\/#\/schema\/person\/03e36043331117e97a373299bbcd30a6"},"headline":"Joven buscado en Sabana de la Mar se entrega a la Polic\u00eda Nacional en gesto de reconciliaci\u00f3n","datePublished":"2025-06-05T11:33:39+00:00","dateModified":"2025-06-05T11:33:41+00:00","mainEntityOfPage":{"@id":"https:\/\/conexion23.com\/?p=39953"},"wordCount":162,"commentCount":0,"publisher":{"@id":"https:\/\/conexion23.com\/#organization"},"image":{"@id":"https:\/\/conexion23.com\/?p=39953#primaryimage"},"thumbnailUrl":"https:\/\/conexion23.com\/wp-content\/uploads\/2025\/06\/73722246-fd8b-49f9-b02a-204aa80824db.jpg","articleSection":["Hato Mayor"],"inLanguage":"es","potentialAction":[{"@type":"CommentAction","name":"Comment","target":["https:\/\/conexion23.com\/?p=39953#respond"]}]},{"@type":"WebPage","@id":"https:\/\/conexion23.com\/?p=39953","url":"https:\/\/conexion23.com\/?p=39953","name":"Joven buscado en Sabana de la Mar se entrega a la Polic\u00eda Nacional en gesto de reconciliaci\u00f3n - Conexi\u00f3n 23","isPartOf":{"@id":"https:\/\/conexion23.com\/#website"},"primaryImageOfPage":{"@id":"https:\/\/conexion23.com\/?p=39953#primaryimage"},"image":{"@id":"https:\/\/conexion23.com\/?p=39953#primaryimage"},"thumbnailUrl":"https:\/\/conexion23.com\/wp-content\/uploads\/2025\/06\/73722246-fd8b-49f9-b02a-204aa80824db.jpg","datePublished":"2025-06-05T11:33:39+00:00","dateModified":"2025-06-05T11:33:41+00:00","breadcrumb":{"@id":"https:\/\/conexion23.com\/?p=39953#breadcrumb"},"inLanguage":"es","potentialAction":[{"@type":"ReadAction","target":["https:\/\/conexion23.com\/?p=39953"]}]},{"@type":"ImageObject","inLanguage":"es","@id":"https:\/\/conexion23.com\/?p=39953#primaryimage","url":"https:\/\/conexion23.com\/wp-content\/uploads\/2025\/06\/73722246-fd8b-49f9-b02a-204aa80824db.jpg","contentUrl":"https:\/\/conexion23.com\/wp-content\/uploads\/2025\/06\/73722246-fd8b-49f9-b02a-204aa80824db.jpg","width":600,"height":332},{"@type":"BreadcrumbList","@id":"https:\/\/conexion23.com\/?p=39953#breadcrumb","itemListElement":[{"@type":"ListItem","position":1,"name":"Portada","item":"https:\/\/conexion23.com\/"},{"@type":"ListItem","position":2,"name":"Joven buscado en Sabana de la Mar se entrega a la Polic\u00eda Nacional en gesto de reconciliaci\u00f3n"}]},{"@type":"WebSite","@id":"https:\/\/conexion23.com\/#website","url":"https:\/\/conexion23.com\/","name":"Conexi\u00f3n 23","description":"Peri\u00f3dico 100% Petromacorisano","publisher":{"@id":"https:\/\/conexion23.com\/#organization"},"potentialAction":[{"@type":"SearchAction","target":{"@type":"EntryPoint","urlTemplate":"https:\/\/conexion23.com\/?s={search_term_string}"},"query-input":{"@type":"PropertyValueSpecification","valueRequired":true,"valueName":"search_term_string"}}],"inLanguage":"es"},{"@type":"Organization","@id":"https:\/\/conexion23.com\/#organization","name":"Conexion 23","url":"https:\/\/conexion23.com\/","logo":{"@type":"ImageObject","inLanguage":"es","@id":"https:\/\/conexion23.com\/#\/schema\/logo\/image\/","url":"https:\/\/conexion23.com\/wp-content\/uploads\/2021\/11\/Diseno-sin-titulo-2.png","contentUrl":"https:\/\/conexion23.com\/wp-content\/uploads\/2021\/11\/Diseno-sin-titulo-2.png","width":541,"height":90,"caption":"Conexion 23"},"image":{"@id":"https:\/\/conexion23.com\/#\/schema\/logo\/image\/"},"sameAs":["https:\/\/www.facebook.com\/conexion23com","https:\/\/www.instagram.com\/conexion23com\/","https:\/\/www.youtube.com\/channel\/UCYc7vxxFZMYLIHNsHHxPZ3Q"]},{"@type":"Person","@id":"https:\/\/conexion23.com\/#\/schema\/person\/03e36043331117e97a373299bbcd30a6","name":"Raffy Ben\u00edtez","image":{"@type":"ImageObject","inLanguage":"es","@id":"https:\/\/secure.gravatar.com\/avatar\/3190a6a6c5e1b0327500f7d6c56b6242472ee6cb974cf09b401ee6b3b0798f23?s=96&d=mm&r=g","url":"https:\/\/secure.gravatar.com\/avatar\/3190a6a6c5e1b0327500f7d6c56b6242472ee6cb974cf09b401ee6b3b0798f23?s=96&d=mm&r=g","contentUrl":"https:\/\/secure.gravatar.com\/avatar\/3190a6a6c5e1b0327500f7d6c56b6242472ee6cb974cf09b401ee6b3b0798f23?s=96&d=mm&r=g","caption":"Raffy Ben\u00edtez"},"url":"https:\/\/conexion23.com\/?author=15"}]}},"_links":{"self":[{"href":"https:\/\/conexion23.com\/index.php?rest_route=\/wp\/v2\/posts\/39953","targetHints":{"allow":["GET"]}}],"collection":[{"href":"https:\/\/conexion23.com\/index.php?rest_route=\/wp\/v2\/posts"}],"about":[{"href":"https:\/\/conexion23.com\/index.php?rest_route=\/wp\/v2\/types\/post"}],"author":[{"embeddable":true,"href":"https:\/\/conexion23.com\/index.php?rest_route=\/wp\/v2\/users\/15"}],"replies":[{"embeddable":true,"href":"https:\/\/conexion23.com\/index.php?rest_route=%2Fwp%2Fv2%2Fcomments&post=39953"}],"version-history":[{"count":1,"href":"https:\/\/conexion23.com\/index.php?rest_route=\/wp\/v2\/posts\/39953\/revisions"}],"predecessor-version":[{"id":39955,"href":"https:\/\/conexion23.com\/index.php?rest_route=\/wp\/v2\/posts\/39953\/revisions\/39955"}],"wp:featuredmedia":[{"embeddable":true,"href":"https:\/\/conexion23.com\/index.php?rest_route=\/wp\/v2\/media\/39954"}],"wp:attachment":[{"href":"https:\/\/conexion23.com\/index.php?rest_route=%2Fwp%2Fv2%2Fmedia&parent=39953"}],"wp:term":[{"taxonomy":"category","embeddable":true,"href":"https:\/\/conexion23.com\/index.php?rest_route=%2Fwp%2Fv2%2Fcategories&post=39953"},{"taxonomy":"post_tag","embeddable":true,"href":"https:\/\/conexion23.com\/index.php?rest_route=%2Fwp%2Fv2%2Ftags&post=39953"}],"curies":[{"name":"wp","href":"https:\/\/api.w.org\/{rel}","templated":true}]}}