{"id":39989,"date":"2025-06-06T07:47:44","date_gmt":"2025-06-06T11:47:44","guid":{"rendered":"https:\/\/conexion23.com\/?p=39989"},"modified":"2025-06-06T07:47:46","modified_gmt":"2025-06-06T11:47:46","slug":"hombre-es-hallado-sin-vida-dentro-de-un-vehiculo-en-villa-altagracia","status":"publish","type":"post","link":"https:\/\/conexion23.com\/?p=39989","title":{"rendered":"Hombre es hallado sin vida dentro de un veh\u00edculo en Villa Altagracia"},"content":{"rendered":"\n<p class=\"wp-block-paragraph\">La comunidad de Villa Altagracia qued\u00f3 consternada este mi\u00e9rcoles tras el hallazgo del cuerpo sin vida de Lucio Heredia, de 57 a\u00f1os, dentro de su veh\u00edculo frente al Parador Taveras, en la autopista Duarte.<\/p>\n\n\n\n<p class=\"wp-block-paragraph\">Heredia, residente de la calle Altagracia y propietario de una finca en Los Mogotes, fue encontrado sin signos vitales tras haber permanecido varias horas estacionado, lo que despert\u00f3 la preocupaci\u00f3n de transe\u00fantes y comerciantes.<\/p>\n\n\n\n<p class=\"wp-block-paragraph\">Al lugar acudieron la Polic\u00eda Nacional, el Cuerpo de Bomberos y el 9-1-1, estableciendo un per\u00edmetro mientras se esperaba al m\u00e9dico legista. Aunque se sospecha de una complicaci\u00f3n de salud, ser\u00e1 el INACIF quien determine la causa exacta del fallecimiento.<\/p>\n\n\n\n<p class=\"wp-block-paragraph\">Lucio era muy conocido en la comunidad y era cu\u00f1ado del baloncestista Joan Vallejo, apodado \u201c#ElKoby\u201d. Su muerte ha generado numerosas muestras de pesar y llamados a la reflexi\u00f3n sobre el cuidado de la salud.<\/p>\n","protected":false},"excerpt":{"rendered":"<p>La comunidad de Villa Altagracia qued\u00f3 consternada este mi\u00e9rcoles tras el hallazgo del cuerpo sin vida de Lucio Heredia, de 57 a\u00f1os, dentro de su veh\u00edculo frente al Parador Taveras, en la autopista Duarte. Heredia, residente de la calle Altagracia y propietario de una finca en Los Mogotes, fue encontrado sin signos vitales tras haber [&hellip;]<\/p>\n","protected":false},"author":15,"featured_media":39990,"comment_status":"open","ping_status":"open","sticky":false,"template":"","format":"standard","meta":{"footnotes":""},"categories":[1],"tags":[],"class_list":["post-39989","post","type-post","status-publish","format-standard","has-post-thumbnail","category-uncategorized"],"yoast_head":"<!-- This site is optimized with the Yoast SEO plugin v27.6 - https:\/\/yoast.com\/product\/yoast-seo-wordpress\/ -->\n<title>Hombre es hallado sin vida dentro de un veh\u00edculo en Villa Altagracia - Conexi\u00f3n 23<\/title>\n<meta name=\"robots\" content=\"index, follow, max-snippet:-1, max-image-preview:large, max-video-preview:-1\" \/>\n<link rel=\"canonical\" href=\"https:\/\/conexion23.com\/?p=39989\" \/>\n<meta property=\"og:locale\" content=\"es_ES\" \/>\n<meta property=\"og:type\" content=\"article\" \/>\n<meta property=\"og:title\" content=\"Hombre es hallado sin vida dentro de un veh\u00edculo en Villa Altagracia - Conexi\u00f3n 23\" \/>\n<meta property=\"og:description\" content=\"La comunidad de Villa Altagracia qued\u00f3 consternada este mi\u00e9rcoles tras el hallazgo del cuerpo sin vida de Lucio Heredia, de 57 a\u00f1os, dentro de su veh\u00edculo frente al Parador Taveras, en la autopista Duarte. Heredia, residente de la calle Altagracia y propietario de una finca en Los Mogotes, fue encontrado sin signos vitales tras haber [&hellip;]\" \/>\n<meta property=\"og:url\" content=\"https:\/\/conexion23.com\/?p=39989\" \/>\n<meta property=\"og:site_name\" content=\"Conexi\u00f3n 23\" \/>\n<meta property=\"article:publisher\" content=\"https:\/\/www.facebook.com\/conexion23com\" \/>\n<meta property=\"article:published_time\" content=\"2025-06-06T11:47:44+00:00\" \/>\n<meta property=\"article:modified_time\" content=\"2025-06-06T11:47:46+00:00\" \/>\n<meta property=\"og:image\" content=\"https:\/\/conexion23.com\/wp-content\/uploads\/2025\/06\/IMG-20250605-WA0141.jpg\" \/>\n\t<meta property=\"og:image:width\" content=\"319\" \/>\n\t<meta property=\"og:image:height\" content=\"320\" \/>\n\t<meta property=\"og:image:type\" content=\"image\/jpeg\" \/>\n<meta name=\"author\" content=\"Raffy Ben\u00edtez\" \/>\n<meta name=\"twitter:card\" content=\"summary_large_image\" \/>\n<meta name=\"twitter:label1\" content=\"Escrito por\" \/>\n\t<meta name=\"twitter:data1\" content=\"Raffy Ben\u00edtez\" \/>\n\t<meta name=\"twitter:label2\" content=\"Tiempo de lectura\" \/>\n\t<meta name=\"twitter:data2\" content=\"1 minuto\" \/>\n<script type=\"application\/ld+json\" class=\"yoast-schema-graph\">{\"@context\":\"https:\\\/\\\/schema.org\",\"@graph\":[{\"@type\":\"Article\",\"@id\":\"https:\\\/\\\/conexion23.com\\\/?p=39989#article\",\"isPartOf\":{\"@id\":\"https:\\\/\\\/conexion23.com\\\/?p=39989\"},\"author\":{\"name\":\"Raffy Ben\u00edtez\",\"@id\":\"https:\\\/\\\/conexion23.com\\\/#\\\/schema\\\/person\\\/03e36043331117e97a373299bbcd30a6\"},\"headline\":\"Hombre es hallado sin vida dentro de un veh\u00edculo en Villa Altagracia\",\"datePublished\":\"2025-06-06T11:47:44+00:00\",\"dateModified\":\"2025-06-06T11:47:46+00:00\",\"mainEntityOfPage\":{\"@id\":\"https:\\\/\\\/conexion23.com\\\/?p=39989\"},\"wordCount\":167,\"commentCount\":0,\"publisher\":{\"@id\":\"https:\\\/\\\/conexion23.com\\\/#organization\"},\"image\":{\"@id\":\"https:\\\/\\\/conexion23.com\\\/?p=39989#primaryimage\"},\"thumbnailUrl\":\"https:\\\/\\\/conexion23.com\\\/wp-content\\\/uploads\\\/2025\\\/06\\\/IMG-20250605-WA0141.jpg\",\"articleSection\":[\"Uncategorized\"],\"inLanguage\":\"es\",\"potentialAction\":[{\"@type\":\"CommentAction\",\"name\":\"Comment\",\"target\":[\"https:\\\/\\\/conexion23.com\\\/?p=39989#respond\"]}]},{\"@type\":\"WebPage\",\"@id\":\"https:\\\/\\\/conexion23.com\\\/?p=39989\",\"url\":\"https:\\\/\\\/conexion23.com\\\/?p=39989\",\"name\":\"Hombre es hallado sin vida dentro de un veh\u00edculo en Villa Altagracia - Conexi\u00f3n 23\",\"isPartOf\":{\"@id\":\"https:\\\/\\\/conexion23.com\\\/#website\"},\"primaryImageOfPage\":{\"@id\":\"https:\\\/\\\/conexion23.com\\\/?p=39989#primaryimage\"},\"image\":{\"@id\":\"https:\\\/\\\/conexion23.com\\\/?p=39989#primaryimage\"},\"thumbnailUrl\":\"https:\\\/\\\/conexion23.com\\\/wp-content\\\/uploads\\\/2025\\\/06\\\/IMG-20250605-WA0141.jpg\",\"datePublished\":\"2025-06-06T11:47:44+00:00\",\"dateModified\":\"2025-06-06T11:47:46+00:00\",\"breadcrumb\":{\"@id\":\"https:\\\/\\\/conexion23.com\\\/?p=39989#breadcrumb\"},\"inLanguage\":\"es\",\"potentialAction\":[{\"@type\":\"ReadAction\",\"target\":[\"https:\\\/\\\/conexion23.com\\\/?p=39989\"]}]},{\"@type\":\"ImageObject\",\"inLanguage\":\"es\",\"@id\":\"https:\\\/\\\/conexion23.com\\\/?p=39989#primaryimage\",\"url\":\"https:\\\/\\\/conexion23.com\\\/wp-content\\\/uploads\\\/2025\\\/06\\\/IMG-20250605-WA0141.jpg\",\"contentUrl\":\"https:\\\/\\\/conexion23.com\\\/wp-content\\\/uploads\\\/2025\\\/06\\\/IMG-20250605-WA0141.jpg\",\"width\":319,\"height\":320},{\"@type\":\"BreadcrumbList\",\"@id\":\"https:\\\/\\\/conexion23.com\\\/?p=39989#breadcrumb\",\"itemListElement\":[{\"@type\":\"ListItem\",\"position\":1,\"name\":\"Portada\",\"item\":\"https:\\\/\\\/conexion23.com\\\/\"},{\"@type\":\"ListItem\",\"position\":2,\"name\":\"Hombre es hallado sin vida dentro de un veh\u00edculo en Villa Altagracia\"}]},{\"@type\":\"WebSite\",\"@id\":\"https:\\\/\\\/conexion23.com\\\/#website\",\"url\":\"https:\\\/\\\/conexion23.com\\\/\",\"name\":\"Conexi\u00f3n 23\",\"description\":\"Peri\u00f3dico 100% Petromacorisano\",\"publisher\":{\"@id\":\"https:\\\/\\\/conexion23.com\\\/#organization\"},\"potentialAction\":[{\"@type\":\"SearchAction\",\"target\":{\"@type\":\"EntryPoint\",\"urlTemplate\":\"https:\\\/\\\/conexion23.com\\\/?s={search_term_string}\"},\"query-input\":{\"@type\":\"PropertyValueSpecification\",\"valueRequired\":true,\"valueName\":\"search_term_string\"}}],\"inLanguage\":\"es\"},{\"@type\":\"Organization\",\"@id\":\"https:\\\/\\\/conexion23.com\\\/#organization\",\"name\":\"Conexion 23\",\"url\":\"https:\\\/\\\/conexion23.com\\\/\",\"logo\":{\"@type\":\"ImageObject\",\"inLanguage\":\"es\",\"@id\":\"https:\\\/\\\/conexion23.com\\\/#\\\/schema\\\/logo\\\/image\\\/\",\"url\":\"https:\\\/\\\/conexion23.com\\\/wp-content\\\/uploads\\\/2021\\\/11\\\/Diseno-sin-titulo-2.png\",\"contentUrl\":\"https:\\\/\\\/conexion23.com\\\/wp-content\\\/uploads\\\/2021\\\/11\\\/Diseno-sin-titulo-2.png\",\"width\":541,\"height\":90,\"caption\":\"Conexion 23\"},\"image\":{\"@id\":\"https:\\\/\\\/conexion23.com\\\/#\\\/schema\\\/logo\\\/image\\\/\"},\"sameAs\":[\"https:\\\/\\\/www.facebook.com\\\/conexion23com\",\"https:\\\/\\\/www.instagram.com\\\/conexion23com\\\/\",\"https:\\\/\\\/www.youtube.com\\\/channel\\\/UCYc7vxxFZMYLIHNsHHxPZ3Q\"]},{\"@type\":\"Person\",\"@id\":\"https:\\\/\\\/conexion23.com\\\/#\\\/schema\\\/person\\\/03e36043331117e97a373299bbcd30a6\",\"name\":\"Raffy Ben\u00edtez\",\"image\":{\"@type\":\"ImageObject\",\"inLanguage\":\"es\",\"@id\":\"https:\\\/\\\/secure.gravatar.com\\\/avatar\\\/3190a6a6c5e1b0327500f7d6c56b6242472ee6cb974cf09b401ee6b3b0798f23?s=96&d=mm&r=g\",\"url\":\"https:\\\/\\\/secure.gravatar.com\\\/avatar\\\/3190a6a6c5e1b0327500f7d6c56b6242472ee6cb974cf09b401ee6b3b0798f23?s=96&d=mm&r=g\",\"contentUrl\":\"https:\\\/\\\/secure.gravatar.com\\\/avatar\\\/3190a6a6c5e1b0327500f7d6c56b6242472ee6cb974cf09b401ee6b3b0798f23?s=96&d=mm&r=g\",\"caption\":\"Raffy Ben\u00edtez\"},\"url\":\"https:\\\/\\\/conexion23.com\\\/?author=15\"}]}<\/script>\n<!-- \/ Yoast SEO plugin. -->","yoast_head_json":{"title":"Hombre es hallado sin vida dentro de un veh\u00edculo en Villa Altagracia - Conexi\u00f3n 23","robots":{"index":"index","follow":"follow","max-snippet":"max-snippet:-1","max-image-preview":"max-image-preview:large","max-video-preview":"max-video-preview:-1"},"canonical":"https:\/\/conexion23.com\/?p=39989","og_locale":"es_ES","og_type":"article","og_title":"Hombre es hallado sin vida dentro de un veh\u00edculo en Villa Altagracia - Conexi\u00f3n 23","og_description":"La comunidad de Villa Altagracia qued\u00f3 consternada este mi\u00e9rcoles tras el hallazgo del cuerpo sin vida de Lucio Heredia, de 57 a\u00f1os, dentro de su veh\u00edculo frente al Parador Taveras, en la autopista Duarte. Heredia, residente de la calle Altagracia y propietario de una finca en Los Mogotes, fue encontrado sin signos vitales tras haber [&hellip;]","og_url":"https:\/\/conexion23.com\/?p=39989","og_site_name":"Conexi\u00f3n 23","article_publisher":"https:\/\/www.facebook.com\/conexion23com","article_published_time":"2025-06-06T11:47:44+00:00","article_modified_time":"2025-06-06T11:47:46+00:00","og_image":[{"width":319,"height":320,"url":"https:\/\/conexion23.com\/wp-content\/uploads\/2025\/06\/IMG-20250605-WA0141.jpg","type":"image\/jpeg"}],"author":"Raffy Ben\u00edtez","twitter_card":"summary_large_image","twitter_misc":{"Escrito por":"Raffy Ben\u00edtez","Tiempo de lectura":"1 minuto"},"schema":{"@context":"https:\/\/schema.org","@graph":[{"@type":"Article","@id":"https:\/\/conexion23.com\/?p=39989#article","isPartOf":{"@id":"https:\/\/conexion23.com\/?p=39989"},"author":{"name":"Raffy Ben\u00edtez","@id":"https:\/\/conexion23.com\/#\/schema\/person\/03e36043331117e97a373299bbcd30a6"},"headline":"Hombre es hallado sin vida dentro de un veh\u00edculo en Villa Altagracia","datePublished":"2025-06-06T11:47:44+00:00","dateModified":"2025-06-06T11:47:46+00:00","mainEntityOfPage":{"@id":"https:\/\/conexion23.com\/?p=39989"},"wordCount":167,"commentCount":0,"publisher":{"@id":"https:\/\/conexion23.com\/#organization"},"image":{"@id":"https:\/\/conexion23.com\/?p=39989#primaryimage"},"thumbnailUrl":"https:\/\/conexion23.com\/wp-content\/uploads\/2025\/06\/IMG-20250605-WA0141.jpg","articleSection":["Uncategorized"],"inLanguage":"es","potentialAction":[{"@type":"CommentAction","name":"Comment","target":["https:\/\/conexion23.com\/?p=39989#respond"]}]},{"@type":"WebPage","@id":"https:\/\/conexion23.com\/?p=39989","url":"https:\/\/conexion23.com\/?p=39989","name":"Hombre es hallado sin vida dentro de un veh\u00edculo en Villa Altagracia - Conexi\u00f3n 23","isPartOf":{"@id":"https:\/\/conexion23.com\/#website"},"primaryImageOfPage":{"@id":"https:\/\/conexion23.com\/?p=39989#primaryimage"},"image":{"@id":"https:\/\/conexion23.com\/?p=39989#primaryimage"},"thumbnailUrl":"https:\/\/conexion23.com\/wp-content\/uploads\/2025\/06\/IMG-20250605-WA0141.jpg","datePublished":"2025-06-06T11:47:44+00:00","dateModified":"2025-06-06T11:47:46+00:00","breadcrumb":{"@id":"https:\/\/conexion23.com\/?p=39989#breadcrumb"},"inLanguage":"es","potentialAction":[{"@type":"ReadAction","target":["https:\/\/conexion23.com\/?p=39989"]}]},{"@type":"ImageObject","inLanguage":"es","@id":"https:\/\/conexion23.com\/?p=39989#primaryimage","url":"https:\/\/conexion23.com\/wp-content\/uploads\/2025\/06\/IMG-20250605-WA0141.jpg","contentUrl":"https:\/\/conexion23.com\/wp-content\/uploads\/2025\/06\/IMG-20250605-WA0141.jpg","width":319,"height":320},{"@type":"BreadcrumbList","@id":"https:\/\/conexion23.com\/?p=39989#breadcrumb","itemListElement":[{"@type":"ListItem","position":1,"name":"Portada","item":"https:\/\/conexion23.com\/"},{"@type":"ListItem","position":2,"name":"Hombre es hallado sin vida dentro de un veh\u00edculo en Villa Altagracia"}]},{"@type":"WebSite","@id":"https:\/\/conexion23.com\/#website","url":"https:\/\/conexion23.com\/","name":"Conexi\u00f3n 23","description":"Peri\u00f3dico 100% Petromacorisano","publisher":{"@id":"https:\/\/conexion23.com\/#organization"},"potentialAction":[{"@type":"SearchAction","target":{"@type":"EntryPoint","urlTemplate":"https:\/\/conexion23.com\/?s={search_term_string}"},"query-input":{"@type":"PropertyValueSpecification","valueRequired":true,"valueName":"search_term_string"}}],"inLanguage":"es"},{"@type":"Organization","@id":"https:\/\/conexion23.com\/#organization","name":"Conexion 23","url":"https:\/\/conexion23.com\/","logo":{"@type":"ImageObject","inLanguage":"es","@id":"https:\/\/conexion23.com\/#\/schema\/logo\/image\/","url":"https:\/\/conexion23.com\/wp-content\/uploads\/2021\/11\/Diseno-sin-titulo-2.png","contentUrl":"https:\/\/conexion23.com\/wp-content\/uploads\/2021\/11\/Diseno-sin-titulo-2.png","width":541,"height":90,"caption":"Conexion 23"},"image":{"@id":"https:\/\/conexion23.com\/#\/schema\/logo\/image\/"},"sameAs":["https:\/\/www.facebook.com\/conexion23com","https:\/\/www.instagram.com\/conexion23com\/","https:\/\/www.youtube.com\/channel\/UCYc7vxxFZMYLIHNsHHxPZ3Q"]},{"@type":"Person","@id":"https:\/\/conexion23.com\/#\/schema\/person\/03e36043331117e97a373299bbcd30a6","name":"Raffy Ben\u00edtez","image":{"@type":"ImageObject","inLanguage":"es","@id":"https:\/\/secure.gravatar.com\/avatar\/3190a6a6c5e1b0327500f7d6c56b6242472ee6cb974cf09b401ee6b3b0798f23?s=96&d=mm&r=g","url":"https:\/\/secure.gravatar.com\/avatar\/3190a6a6c5e1b0327500f7d6c56b6242472ee6cb974cf09b401ee6b3b0798f23?s=96&d=mm&r=g","contentUrl":"https:\/\/secure.gravatar.com\/avatar\/3190a6a6c5e1b0327500f7d6c56b6242472ee6cb974cf09b401ee6b3b0798f23?s=96&d=mm&r=g","caption":"Raffy Ben\u00edtez"},"url":"https:\/\/conexion23.com\/?author=15"}]}},"_links":{"self":[{"href":"https:\/\/conexion23.com\/index.php?rest_route=\/wp\/v2\/posts\/39989","targetHints":{"allow":["GET"]}}],"collection":[{"href":"https:\/\/conexion23.com\/index.php?rest_route=\/wp\/v2\/posts"}],"about":[{"href":"https:\/\/conexion23.com\/index.php?rest_route=\/wp\/v2\/types\/post"}],"author":[{"embeddable":true,"href":"https:\/\/conexion23.com\/index.php?rest_route=\/wp\/v2\/users\/15"}],"replies":[{"embeddable":true,"href":"https:\/\/conexion23.com\/index.php?rest_route=%2Fwp%2Fv2%2Fcomments&post=39989"}],"version-history":[{"count":1,"href":"https:\/\/conexion23.com\/index.php?rest_route=\/wp\/v2\/posts\/39989\/revisions"}],"predecessor-version":[{"id":39991,"href":"https:\/\/conexion23.com\/index.php?rest_route=\/wp\/v2\/posts\/39989\/revisions\/39991"}],"wp:featuredmedia":[{"embeddable":true,"href":"https:\/\/conexion23.com\/index.php?rest_route=\/wp\/v2\/media\/39990"}],"wp:attachment":[{"href":"https:\/\/conexion23.com\/index.php?rest_route=%2Fwp%2Fv2%2Fmedia&parent=39989"}],"wp:term":[{"taxonomy":"category","embeddable":true,"href":"https:\/\/conexion23.com\/index.php?rest_route=%2Fwp%2Fv2%2Fcategories&post=39989"},{"taxonomy":"post_tag","embeddable":true,"href":"https:\/\/conexion23.com\/index.php?rest_route=%2Fwp%2Fv2%2Ftags&post=39989"}],"curies":[{"name":"wp","href":"https:\/\/api.w.org\/{rel}","templated":true}]}}