{"id":3999,"date":"2022-03-04T16:27:04","date_gmt":"2022-03-04T20:27:04","guid":{"rendered":"https:\/\/conexion23.com\/?p=3999"},"modified":"2022-03-04T16:27:16","modified_gmt":"2022-03-04T20:27:16","slug":"desconocidos-matan-a-un-raso-de-la-policia-nacional-en-las-americas","status":"publish","type":"post","link":"https:\/\/conexion23.com\/?p=3999","title":{"rendered":"Desconocidos matan a un raso de la Polic\u00eda Nacional en Las Am\u00e9ricas"},"content":{"rendered":"\n<p class=\"wp-block-paragraph\">Un miembro de la Polic\u00eda Nacional fue acecinado por desconocidos.<\/p>\n\n\n\n<p class=\"wp-block-paragraph\">El raso de dicha instituci\u00f3n fue muerto para despojarlo de su motor, cuando se dirig\u00eda por el kilometro 23 de la  autopistas de Las Am\u00e9ricas. <\/p>\n\n\n\n<p class=\"wp-block-paragraph\">El raso fue identificado como Raibel Carrasco Matos de 21 a\u00f1os de edad qui\u00e9n se desplazaba en compa\u00f1\u00eda de su esposa qui\u00e9n result\u00f3 con heridas leves.<\/p>\n\n\n\n<p class=\"wp-block-paragraph\">Miembros de la Polic\u00eda Nacional activaron la b\u00fasqueda para dar con el paradero de los responsables del hecho. <\/p>\n\n\n\n<p class=\"wp-block-paragraph\">   <\/p>\n","protected":false},"excerpt":{"rendered":"<p>Un miembro de la Polic\u00eda Nacional fue acecinado por desconocidos. El raso de dicha instituci\u00f3n fue muerto para despojarlo de su motor, cuando se dirig\u00eda por el kilometro 23 de la autopistas de Las Am\u00e9ricas. El raso fue identificado como Raibel Carrasco Matos de 21 a\u00f1os de edad qui\u00e9n se desplazaba en compa\u00f1\u00eda de su [&hellip;]<\/p>\n","protected":false},"author":7,"featured_media":0,"comment_status":"open","ping_status":"open","sticky":false,"template":"","format":"standard","meta":{"footnotes":""},"categories":[1],"tags":[361,803,1186,1185],"class_list":["post-3999","post","type-post","status-publish","format-standard","category-uncategorized","tag-muerto","tag-policianacional","tag-raibelcarrascomatos","tag-raso"],"yoast_head":"<!-- This site is optimized with the Yoast SEO plugin v27.6 - https:\/\/yoast.com\/product\/yoast-seo-wordpress\/ -->\n<title>Desconocidos matan a un raso de la Polic\u00eda Nacional en Las Am\u00e9ricas - Conexi\u00f3n 23<\/title>\n<meta name=\"description\" content=\"Un miembro de la Polic\u00eda Nacional fue acecinado por desconocidos.\" \/>\n<meta name=\"robots\" content=\"index, follow, max-snippet:-1, max-image-preview:large, max-video-preview:-1\" \/>\n<link rel=\"canonical\" href=\"https:\/\/conexion23.com\/?p=3999\" \/>\n<meta property=\"og:locale\" content=\"es_ES\" \/>\n<meta property=\"og:type\" content=\"article\" \/>\n<meta property=\"og:title\" content=\"Desconocidos matan a un raso de la Polic\u00eda Nacional en Las Am\u00e9ricas - Conexi\u00f3n 23\" \/>\n<meta property=\"og:description\" content=\"Un miembro de la Polic\u00eda Nacional fue acecinado por desconocidos.\" \/>\n<meta property=\"og:url\" content=\"https:\/\/conexion23.com\/?p=3999\" \/>\n<meta property=\"og:site_name\" content=\"Conexi\u00f3n 23\" \/>\n<meta property=\"article:publisher\" content=\"https:\/\/www.facebook.com\/conexion23com\" \/>\n<meta property=\"article:published_time\" content=\"2022-03-04T20:27:04+00:00\" \/>\n<meta property=\"article:modified_time\" content=\"2022-03-04T20:27:16+00:00\" \/>\n<meta name=\"author\" content=\"Benjam\u00edn Rosario\" \/>\n<meta name=\"twitter:card\" content=\"summary_large_image\" \/>\n<meta name=\"twitter:label1\" content=\"Escrito por\" \/>\n\t<meta name=\"twitter:data1\" content=\"Benjam\u00edn Rosario\" \/>\n\t<meta name=\"twitter:label2\" content=\"Tiempo de lectura\" \/>\n\t<meta name=\"twitter:data2\" content=\"1 minuto\" \/>\n<script type=\"application\/ld+json\" class=\"yoast-schema-graph\">{\"@context\":\"https:\\\/\\\/schema.org\",\"@graph\":[{\"@type\":\"Article\",\"@id\":\"https:\\\/\\\/conexion23.com\\\/?p=3999#article\",\"isPartOf\":{\"@id\":\"https:\\\/\\\/conexion23.com\\\/?p=3999\"},\"author\":{\"name\":\"Benjam\u00edn Rosario\",\"@id\":\"http:\\\/\\\/conexion23.com\\\/#\\\/schema\\\/person\\\/c0b7ce1f0e7a915d08fa289072b8353a\"},\"headline\":\"Desconocidos matan a un raso de la Polic\u00eda Nacional en Las Am\u00e9ricas\",\"datePublished\":\"2022-03-04T20:27:04+00:00\",\"dateModified\":\"2022-03-04T20:27:16+00:00\",\"mainEntityOfPage\":{\"@id\":\"https:\\\/\\\/conexion23.com\\\/?p=3999\"},\"wordCount\":101,\"commentCount\":0,\"publisher\":{\"@id\":\"http:\\\/\\\/conexion23.com\\\/#organization\"},\"keywords\":[\"muerto\",\"policianacional\",\"raibelcarrascomatos\",\"raso\"],\"articleSection\":[\"Uncategorized\"],\"inLanguage\":\"es\",\"potentialAction\":[{\"@type\":\"CommentAction\",\"name\":\"Comment\",\"target\":[\"https:\\\/\\\/conexion23.com\\\/?p=3999#respond\"]}]},{\"@type\":\"WebPage\",\"@id\":\"https:\\\/\\\/conexion23.com\\\/?p=3999\",\"url\":\"https:\\\/\\\/conexion23.com\\\/?p=3999\",\"name\":\"Desconocidos matan a un raso de la Polic\u00eda Nacional en Las Am\u00e9ricas - Conexi\u00f3n 23\",\"isPartOf\":{\"@id\":\"http:\\\/\\\/conexion23.com\\\/#website\"},\"datePublished\":\"2022-03-04T20:27:04+00:00\",\"dateModified\":\"2022-03-04T20:27:16+00:00\",\"description\":\"Un miembro de la Polic\u00eda Nacional fue acecinado por desconocidos.\",\"breadcrumb\":{\"@id\":\"https:\\\/\\\/conexion23.com\\\/?p=3999#breadcrumb\"},\"inLanguage\":\"es\",\"potentialAction\":[{\"@type\":\"ReadAction\",\"target\":[\"https:\\\/\\\/conexion23.com\\\/?p=3999\"]}]},{\"@type\":\"BreadcrumbList\",\"@id\":\"https:\\\/\\\/conexion23.com\\\/?p=3999#breadcrumb\",\"itemListElement\":[{\"@type\":\"ListItem\",\"position\":1,\"name\":\"Portada\",\"item\":\"http:\\\/\\\/conexion23.com\\\/\"},{\"@type\":\"ListItem\",\"position\":2,\"name\":\"Desconocidos matan a un raso de la Polic\u00eda Nacional en Las Am\u00e9ricas\"}]},{\"@type\":\"WebSite\",\"@id\":\"http:\\\/\\\/conexion23.com\\\/#website\",\"url\":\"http:\\\/\\\/conexion23.com\\\/\",\"name\":\"Conexi\u00f3n 23\",\"description\":\"Peri\u00f3dico 100% Petromacorisano\",\"publisher\":{\"@id\":\"http:\\\/\\\/conexion23.com\\\/#organization\"},\"potentialAction\":[{\"@type\":\"SearchAction\",\"target\":{\"@type\":\"EntryPoint\",\"urlTemplate\":\"http:\\\/\\\/conexion23.com\\\/?s={search_term_string}\"},\"query-input\":{\"@type\":\"PropertyValueSpecification\",\"valueRequired\":true,\"valueName\":\"search_term_string\"}}],\"inLanguage\":\"es\"},{\"@type\":\"Organization\",\"@id\":\"http:\\\/\\\/conexion23.com\\\/#organization\",\"name\":\"Conexion 23\",\"url\":\"http:\\\/\\\/conexion23.com\\\/\",\"logo\":{\"@type\":\"ImageObject\",\"inLanguage\":\"es\",\"@id\":\"http:\\\/\\\/conexion23.com\\\/#\\\/schema\\\/logo\\\/image\\\/\",\"url\":\"https:\\\/\\\/conexion23.com\\\/wp-content\\\/uploads\\\/2021\\\/11\\\/Diseno-sin-titulo-2.png\",\"contentUrl\":\"https:\\\/\\\/conexion23.com\\\/wp-content\\\/uploads\\\/2021\\\/11\\\/Diseno-sin-titulo-2.png\",\"width\":541,\"height\":90,\"caption\":\"Conexion 23\"},\"image\":{\"@id\":\"http:\\\/\\\/conexion23.com\\\/#\\\/schema\\\/logo\\\/image\\\/\"},\"sameAs\":[\"https:\\\/\\\/www.facebook.com\\\/conexion23com\",\"https:\\\/\\\/www.instagram.com\\\/conexion23com\\\/\",\"https:\\\/\\\/www.youtube.com\\\/channel\\\/UCYc7vxxFZMYLIHNsHHxPZ3Q\"]},{\"@type\":\"Person\",\"@id\":\"http:\\\/\\\/conexion23.com\\\/#\\\/schema\\\/person\\\/c0b7ce1f0e7a915d08fa289072b8353a\",\"name\":\"Benjam\u00edn Rosario\",\"image\":{\"@type\":\"ImageObject\",\"inLanguage\":\"es\",\"@id\":\"https:\\\/\\\/secure.gravatar.com\\\/avatar\\\/62e1b2539b49cdeb50ee302e2a5f2bd31dc7fdba412bbac67e2a2a6e0c89bb2a?s=96&d=mm&r=g\",\"url\":\"https:\\\/\\\/secure.gravatar.com\\\/avatar\\\/62e1b2539b49cdeb50ee302e2a5f2bd31dc7fdba412bbac67e2a2a6e0c89bb2a?s=96&d=mm&r=g\",\"contentUrl\":\"https:\\\/\\\/secure.gravatar.com\\\/avatar\\\/62e1b2539b49cdeb50ee302e2a5f2bd31dc7fdba412bbac67e2a2a6e0c89bb2a?s=96&d=mm&r=g\",\"caption\":\"Benjam\u00edn Rosario\"},\"url\":\"https:\\\/\\\/conexion23.com\\\/?author=7\"}]}<\/script>\n<!-- \/ Yoast SEO plugin. -->","yoast_head_json":{"title":"Desconocidos matan a un raso de la Polic\u00eda Nacional en Las Am\u00e9ricas - Conexi\u00f3n 23","description":"Un miembro de la Polic\u00eda Nacional fue acecinado por desconocidos.","robots":{"index":"index","follow":"follow","max-snippet":"max-snippet:-1","max-image-preview":"max-image-preview:large","max-video-preview":"max-video-preview:-1"},"canonical":"https:\/\/conexion23.com\/?p=3999","og_locale":"es_ES","og_type":"article","og_title":"Desconocidos matan a un raso de la Polic\u00eda Nacional en Las Am\u00e9ricas - Conexi\u00f3n 23","og_description":"Un miembro de la Polic\u00eda Nacional fue acecinado por desconocidos.","og_url":"https:\/\/conexion23.com\/?p=3999","og_site_name":"Conexi\u00f3n 23","article_publisher":"https:\/\/www.facebook.com\/conexion23com","article_published_time":"2022-03-04T20:27:04+00:00","article_modified_time":"2022-03-04T20:27:16+00:00","author":"Benjam\u00edn Rosario","twitter_card":"summary_large_image","twitter_misc":{"Escrito por":"Benjam\u00edn Rosario","Tiempo de lectura":"1 minuto"},"schema":{"@context":"https:\/\/schema.org","@graph":[{"@type":"Article","@id":"https:\/\/conexion23.com\/?p=3999#article","isPartOf":{"@id":"https:\/\/conexion23.com\/?p=3999"},"author":{"name":"Benjam\u00edn Rosario","@id":"http:\/\/conexion23.com\/#\/schema\/person\/c0b7ce1f0e7a915d08fa289072b8353a"},"headline":"Desconocidos matan a un raso de la Polic\u00eda Nacional en Las Am\u00e9ricas","datePublished":"2022-03-04T20:27:04+00:00","dateModified":"2022-03-04T20:27:16+00:00","mainEntityOfPage":{"@id":"https:\/\/conexion23.com\/?p=3999"},"wordCount":101,"commentCount":0,"publisher":{"@id":"http:\/\/conexion23.com\/#organization"},"keywords":["muerto","policianacional","raibelcarrascomatos","raso"],"articleSection":["Uncategorized"],"inLanguage":"es","potentialAction":[{"@type":"CommentAction","name":"Comment","target":["https:\/\/conexion23.com\/?p=3999#respond"]}]},{"@type":"WebPage","@id":"https:\/\/conexion23.com\/?p=3999","url":"https:\/\/conexion23.com\/?p=3999","name":"Desconocidos matan a un raso de la Polic\u00eda Nacional en Las Am\u00e9ricas - Conexi\u00f3n 23","isPartOf":{"@id":"http:\/\/conexion23.com\/#website"},"datePublished":"2022-03-04T20:27:04+00:00","dateModified":"2022-03-04T20:27:16+00:00","description":"Un miembro de la Polic\u00eda Nacional fue acecinado por desconocidos.","breadcrumb":{"@id":"https:\/\/conexion23.com\/?p=3999#breadcrumb"},"inLanguage":"es","potentialAction":[{"@type":"ReadAction","target":["https:\/\/conexion23.com\/?p=3999"]}]},{"@type":"BreadcrumbList","@id":"https:\/\/conexion23.com\/?p=3999#breadcrumb","itemListElement":[{"@type":"ListItem","position":1,"name":"Portada","item":"http:\/\/conexion23.com\/"},{"@type":"ListItem","position":2,"name":"Desconocidos matan a un raso de la Polic\u00eda Nacional en Las Am\u00e9ricas"}]},{"@type":"WebSite","@id":"http:\/\/conexion23.com\/#website","url":"http:\/\/conexion23.com\/","name":"Conexi\u00f3n 23","description":"Peri\u00f3dico 100% Petromacorisano","publisher":{"@id":"http:\/\/conexion23.com\/#organization"},"potentialAction":[{"@type":"SearchAction","target":{"@type":"EntryPoint","urlTemplate":"http:\/\/conexion23.com\/?s={search_term_string}"},"query-input":{"@type":"PropertyValueSpecification","valueRequired":true,"valueName":"search_term_string"}}],"inLanguage":"es"},{"@type":"Organization","@id":"http:\/\/conexion23.com\/#organization","name":"Conexion 23","url":"http:\/\/conexion23.com\/","logo":{"@type":"ImageObject","inLanguage":"es","@id":"http:\/\/conexion23.com\/#\/schema\/logo\/image\/","url":"https:\/\/conexion23.com\/wp-content\/uploads\/2021\/11\/Diseno-sin-titulo-2.png","contentUrl":"https:\/\/conexion23.com\/wp-content\/uploads\/2021\/11\/Diseno-sin-titulo-2.png","width":541,"height":90,"caption":"Conexion 23"},"image":{"@id":"http:\/\/conexion23.com\/#\/schema\/logo\/image\/"},"sameAs":["https:\/\/www.facebook.com\/conexion23com","https:\/\/www.instagram.com\/conexion23com\/","https:\/\/www.youtube.com\/channel\/UCYc7vxxFZMYLIHNsHHxPZ3Q"]},{"@type":"Person","@id":"http:\/\/conexion23.com\/#\/schema\/person\/c0b7ce1f0e7a915d08fa289072b8353a","name":"Benjam\u00edn Rosario","image":{"@type":"ImageObject","inLanguage":"es","@id":"https:\/\/secure.gravatar.com\/avatar\/62e1b2539b49cdeb50ee302e2a5f2bd31dc7fdba412bbac67e2a2a6e0c89bb2a?s=96&d=mm&r=g","url":"https:\/\/secure.gravatar.com\/avatar\/62e1b2539b49cdeb50ee302e2a5f2bd31dc7fdba412bbac67e2a2a6e0c89bb2a?s=96&d=mm&r=g","contentUrl":"https:\/\/secure.gravatar.com\/avatar\/62e1b2539b49cdeb50ee302e2a5f2bd31dc7fdba412bbac67e2a2a6e0c89bb2a?s=96&d=mm&r=g","caption":"Benjam\u00edn Rosario"},"url":"https:\/\/conexion23.com\/?author=7"}]}},"_links":{"self":[{"href":"https:\/\/conexion23.com\/index.php?rest_route=\/wp\/v2\/posts\/3999","targetHints":{"allow":["GET"]}}],"collection":[{"href":"https:\/\/conexion23.com\/index.php?rest_route=\/wp\/v2\/posts"}],"about":[{"href":"https:\/\/conexion23.com\/index.php?rest_route=\/wp\/v2\/types\/post"}],"author":[{"embeddable":true,"href":"https:\/\/conexion23.com\/index.php?rest_route=\/wp\/v2\/users\/7"}],"replies":[{"embeddable":true,"href":"https:\/\/conexion23.com\/index.php?rest_route=%2Fwp%2Fv2%2Fcomments&post=3999"}],"version-history":[{"count":1,"href":"https:\/\/conexion23.com\/index.php?rest_route=\/wp\/v2\/posts\/3999\/revisions"}],"predecessor-version":[{"id":4004,"href":"https:\/\/conexion23.com\/index.php?rest_route=\/wp\/v2\/posts\/3999\/revisions\/4004"}],"wp:attachment":[{"href":"https:\/\/conexion23.com\/index.php?rest_route=%2Fwp%2Fv2%2Fmedia&parent=3999"}],"wp:term":[{"taxonomy":"category","embeddable":true,"href":"https:\/\/conexion23.com\/index.php?rest_route=%2Fwp%2Fv2%2Fcategories&post=3999"},{"taxonomy":"post_tag","embeddable":true,"href":"https:\/\/conexion23.com\/index.php?rest_route=%2Fwp%2Fv2%2Ftags&post=3999"}],"curies":[{"name":"wp","href":"https:\/\/api.w.org\/{rel}","templated":true}]}}