{"id":39992,"date":"2025-06-06T07:49:08","date_gmt":"2025-06-06T11:49:08","guid":{"rendered":"https:\/\/conexion23.com\/?p=39992"},"modified":"2025-06-06T07:49:10","modified_gmt":"2025-06-06T11:49:10","slug":"puerto-rico-y-republica-dominicana-afinan-detalles-para-inaugurar-ferry-diario-entre-mayaguez-y-san-pedro-de-macoris","status":"publish","type":"post","link":"https:\/\/conexion23.com\/?p=39992","title":{"rendered":"Puerto Rico y Rep\u00fablica Dominicana afinan detalles para inaugurar ferry diario entre Mayag\u00fcez y San Pedro de Macor\u00eds"},"content":{"rendered":"\n<p class=\"wp-block-paragraph\">&nbsp;El esperado proyecto del nuevo ferry que conectar\u00e1 diariamente a Mayag\u00fcez, en Puerto Rico, con San Pedro de Macor\u00eds, en la Rep\u00fablica Dominicana, est\u00e1 cada vez m\u00e1s cerca de hacerse realidad, seg\u00fan confirmaron las autoridades dominicanas y puertorrique\u00f1as. Sin embargo, a\u00fan quedan por resolver algunos aspectos regulatorios en territorio boricua para que la ruta mar\u00edtima comience a operar como fue anunciada para este a\u00f1o.<\/p>\n\n\n\n<p class=\"wp-block-paragraph\">\u00abEstamos listos. De parte de la Rep\u00fablica Dominicana ya todo est\u00e1 en orden, se han hecho las adecuaciones en el puerto de San Pedro de Macor\u00eds. Solo estamos a la espera de que se terminen de resolver algunos temas regulatorios en Puerto Rico\u00bb, asegur\u00f3 el c\u00f3nsul general dominicano en San Juan, C\u00e9sar Cede\u00f1o, quien destac\u00f3 el compromiso tanto de la gobernadora Jenniffer Gonz\u00e1lez como del alcalde de Mayag\u00fcez para destrabar el proceso.<\/p>\n\n\n\n<p class=\"wp-block-paragraph\">La gobernadora Gonz\u00e1lez, por su parte, confirm\u00f3 que \u00abse est\u00e1 trabajando activamente en la ruta del ferry entre San Pedro de Macor\u00eds y Mayag\u00fcez. No hemos podido culminarlo por varias situaciones, pero esperamos poder resolverlas pronto\u00bb.<\/p>\n\n\n\n<p class=\"wp-block-paragraph\"><strong>Una conexi\u00f3n estrat\u00e9gica<br><\/strong>El ferry, que recorrer\u00e1 un trayecto de 133 millas n\u00e1uticas en aproximadamente seis horas, podr\u00e1 transportar hasta 1,000 pasajeros, 350 veh\u00edculos y 300 contenedores por viaje. Se trata de una operaci\u00f3n diaria, que apunta a convertirse en un canal esencial para el turismo, el comercio y la reunificaci\u00f3n familiar entre ambas islas.<\/p>\n\n\n\n<p class=\"wp-block-paragraph\">Seg\u00fan Cede\u00f1o, la medida beneficiar\u00e1 especialmente a la comunidad dominicana en Puerto Rico, que se estima en alrededor de 200,000 personas.&nbsp;<strong>\u201cEsto va a permitir que m\u00e1s dominicanos puedan visitar a sus familias en Rep\u00fablica Dominicana sin depender de costosos boletos a\u00e9reos. Tambi\u00e9n facilitar\u00e1 que muchos puertorrique\u00f1os viajen de vacaciones al pa\u00eds. No tengo duda de que habr\u00e1 un crecimiento importante en el intercambio comercial\u201d<\/strong>, afirm\u00f3.<\/p>\n\n\n\n<p class=\"wp-block-paragraph\"><strong>Una apuesta del presidente Abinader<br><\/strong>La ruta fue anunciada por el presidente Luis Abinader durante su discurso de rendici\u00f3n de cuentas, como parte de una estrategia para dinamizar la econom\u00eda del este dominicano y consolidar a San Pedro de Macor\u00eds como un centro log\u00edstico y tur\u00edstico.<\/p>\n\n\n\n<p class=\"wp-block-paragraph\">\u201cUna ruta diaria a partir de julio de este a\u00f1o, que traer\u00e1 nuevos horizontes a la Sultana del Este, impactando en el turismo y en la econom\u00eda de la regi\u00f3n\u201d, se\u00f1al\u00f3 Abinader.<\/p>\n\n\n\n<p class=\"wp-block-paragraph\">En paralelo, la Autoridad Portuaria Dominicana (Apordom) y la empresa espa\u00f1ola Balearia \u2014una de las m\u00e1s grandes en transporte mar\u00edtimo en Europa\u2014 presentaron los planes para reconvertir el puerto de San Pedro de Macor\u00eds en una moderna terminal multifuncional. Las obras tambi\u00e9n incluyen la adaptaci\u00f3n de m\u00e1s de 100,000 metros cuadrados de instalaciones en el puerto de Mayag\u00fcez.<\/p>\n\n\n\n<p class=\"wp-block-paragraph\"><strong>Avances en infraestructura y tecnolog\u00eda<br><\/strong>De acuerdo con el director ejecutivo de Apordom, Jean Luis Rodr\u00edguez, el proyecto representa \u201cun avance para toda la regi\u00f3n y una visi\u00f3n clara del presidente Abinader\u201d. La transformaci\u00f3n del puerto contempla nuevas tecnolog\u00edas, mayor capacidad de carga y pasajeros, y un impulso significativo a la conectividad con las Antillas y el acceso a mercados internacionales.<\/p>\n\n\n\n<p class=\"wp-block-paragraph\">Juan Adolfo Utor Mart\u00ednez, presidente de Balearia, expres\u00f3 su entusiasmo con la expansi\u00f3n al Caribe, destacando que el ferry ser\u00e1 un \u201cmotor clave para el desarrollo socioecon\u00f3mico y el turismo entre ambos pa\u00edses\u201d.<\/p>\n\n\n\n<p class=\"wp-block-paragraph\"><strong>Una ruta que complementa, no compite<br><\/strong>Actualmente, la empresa Ferries del Caribe mantiene una conexi\u00f3n mar\u00edtima entre Santo Domingo y San Juan, operando tres veces por semana. Sin embargo, esta nueva ruta hacia Mayag\u00fcez busca descongestionar la capital puertorrique\u00f1a, fomentar el desarrollo regional y aumentar la frecuencia de viajes entre ambas islas.<\/p>\n\n\n\n<p class=\"wp-block-paragraph\">El ferry complementar\u00e1 las conexiones a\u00e9reas \u2014como la reci\u00e9n inaugurada ruta diaria de Arajet entre Santo Domingo y San Juan\u2014 con una alternativa econ\u00f3mica, especialmente \u00fatil para quienes transportan carga o viajan con veh\u00edculos.<\/p>\n\n\n\n<p class=\"wp-block-paragraph\"><strong>A la espera del visto bueno final<br><\/strong>Si bien los avances en infraestructura son notorios y la voluntad pol\u00edtica existe, las autoridades reiteran que la puesta en marcha del ferry depende del cumplimiento de ciertas normativas estatales y federales en Puerto Rico, un proceso que ha tomado m\u00e1s tiempo de lo previsto.<br>Mientras tanto, dominicanos y puertorrique\u00f1os aguardan con expectativas el inicio de un servicio que promete transformar el mapa de conectividad en el Caribe.<\/p>\n","protected":false},"excerpt":{"rendered":"<p>&nbsp;El esperado proyecto del nuevo ferry que conectar\u00e1 diariamente a Mayag\u00fcez, en Puerto Rico, con San Pedro de Macor\u00eds, en la Rep\u00fablica Dominicana, est\u00e1 cada vez m\u00e1s cerca de hacerse realidad, seg\u00fan confirmaron las autoridades dominicanas y puertorrique\u00f1as. Sin embargo, a\u00fan quedan por resolver algunos aspectos regulatorios en territorio boricua para que la ruta mar\u00edtima [&hellip;]<\/p>\n","protected":false},"author":15,"featured_media":39993,"comment_status":"open","ping_status":"open","sticky":false,"template":"","format":"standard","meta":{"footnotes":""},"categories":[1],"tags":[],"class_list":["post-39992","post","type-post","status-publish","format-standard","has-post-thumbnail","category-uncategorized"],"yoast_head":"<!-- This site is optimized with the Yoast SEO plugin v27.6 - https:\/\/yoast.com\/product\/yoast-seo-wordpress\/ -->\n<title>Puerto Rico y Rep\u00fablica Dominicana afinan detalles para inaugurar ferry diario entre Mayag\u00fcez y San Pedro de Macor\u00eds - Conexi\u00f3n 23<\/title>\n<meta name=\"robots\" content=\"index, follow, max-snippet:-1, max-image-preview:large, max-video-preview:-1\" \/>\n<link rel=\"canonical\" href=\"https:\/\/conexion23.com\/?p=39992\" \/>\n<meta property=\"og:locale\" content=\"es_ES\" \/>\n<meta property=\"og:type\" content=\"article\" \/>\n<meta property=\"og:title\" content=\"Puerto Rico y Rep\u00fablica Dominicana afinan detalles para inaugurar ferry diario entre Mayag\u00fcez y San Pedro de Macor\u00eds - Conexi\u00f3n 23\" \/>\n<meta property=\"og:description\" content=\"&nbsp;El esperado proyecto del nuevo ferry que conectar\u00e1 diariamente a Mayag\u00fcez, en Puerto Rico, con San Pedro de Macor\u00eds, en la Rep\u00fablica Dominicana, est\u00e1 cada vez m\u00e1s cerca de hacerse realidad, seg\u00fan confirmaron las autoridades dominicanas y puertorrique\u00f1as. Sin embargo, a\u00fan quedan por resolver algunos aspectos regulatorios en territorio boricua para que la ruta mar\u00edtima [&hellip;]\" \/>\n<meta property=\"og:url\" content=\"https:\/\/conexion23.com\/?p=39992\" \/>\n<meta property=\"og:site_name\" content=\"Conexi\u00f3n 23\" \/>\n<meta property=\"article:publisher\" content=\"https:\/\/www.facebook.com\/conexion23com\" \/>\n<meta property=\"article:published_time\" content=\"2025-06-06T11:49:08+00:00\" \/>\n<meta property=\"article:modified_time\" content=\"2025-06-06T11:49:10+00:00\" \/>\n<meta property=\"og:image\" content=\"https:\/\/conexion23.com\/wp-content\/uploads\/2025\/06\/puerto-rico-y-republica-dominicana.webp\" \/>\n\t<meta property=\"og:image:width\" content=\"1082\" \/>\n\t<meta property=\"og:image:height\" content=\"488\" \/>\n\t<meta property=\"og:image:type\" content=\"image\/webp\" \/>\n<meta name=\"author\" content=\"Raffy Ben\u00edtez\" \/>\n<meta name=\"twitter:card\" content=\"summary_large_image\" \/>\n<meta name=\"twitter:label1\" content=\"Escrito por\" \/>\n\t<meta name=\"twitter:data1\" content=\"Raffy Ben\u00edtez\" \/>\n\t<meta name=\"twitter:label2\" content=\"Tiempo de lectura\" \/>\n\t<meta name=\"twitter:data2\" content=\"4 minutos\" \/>\n<script type=\"application\/ld+json\" class=\"yoast-schema-graph\">{\"@context\":\"https:\\\/\\\/schema.org\",\"@graph\":[{\"@type\":\"Article\",\"@id\":\"https:\\\/\\\/conexion23.com\\\/?p=39992#article\",\"isPartOf\":{\"@id\":\"https:\\\/\\\/conexion23.com\\\/?p=39992\"},\"author\":{\"name\":\"Raffy Ben\u00edtez\",\"@id\":\"https:\\\/\\\/conexion23.com\\\/#\\\/schema\\\/person\\\/03e36043331117e97a373299bbcd30a6\"},\"headline\":\"Puerto Rico y Rep\u00fablica Dominicana afinan detalles para inaugurar ferry diario entre Mayag\u00fcez y San Pedro de Macor\u00eds\",\"datePublished\":\"2025-06-06T11:49:08+00:00\",\"dateModified\":\"2025-06-06T11:49:10+00:00\",\"mainEntityOfPage\":{\"@id\":\"https:\\\/\\\/conexion23.com\\\/?p=39992\"},\"wordCount\":772,\"commentCount\":0,\"publisher\":{\"@id\":\"https:\\\/\\\/conexion23.com\\\/#organization\"},\"image\":{\"@id\":\"https:\\\/\\\/conexion23.com\\\/?p=39992#primaryimage\"},\"thumbnailUrl\":\"https:\\\/\\\/conexion23.com\\\/wp-content\\\/uploads\\\/2025\\\/06\\\/puerto-rico-y-republica-dominicana.webp\",\"articleSection\":[\"Uncategorized\"],\"inLanguage\":\"es\",\"potentialAction\":[{\"@type\":\"CommentAction\",\"name\":\"Comment\",\"target\":[\"https:\\\/\\\/conexion23.com\\\/?p=39992#respond\"]}]},{\"@type\":\"WebPage\",\"@id\":\"https:\\\/\\\/conexion23.com\\\/?p=39992\",\"url\":\"https:\\\/\\\/conexion23.com\\\/?p=39992\",\"name\":\"Puerto Rico y Rep\u00fablica Dominicana afinan detalles para inaugurar ferry diario entre Mayag\u00fcez y San Pedro de Macor\u00eds - Conexi\u00f3n 23\",\"isPartOf\":{\"@id\":\"https:\\\/\\\/conexion23.com\\\/#website\"},\"primaryImageOfPage\":{\"@id\":\"https:\\\/\\\/conexion23.com\\\/?p=39992#primaryimage\"},\"image\":{\"@id\":\"https:\\\/\\\/conexion23.com\\\/?p=39992#primaryimage\"},\"thumbnailUrl\":\"https:\\\/\\\/conexion23.com\\\/wp-content\\\/uploads\\\/2025\\\/06\\\/puerto-rico-y-republica-dominicana.webp\",\"datePublished\":\"2025-06-06T11:49:08+00:00\",\"dateModified\":\"2025-06-06T11:49:10+00:00\",\"breadcrumb\":{\"@id\":\"https:\\\/\\\/conexion23.com\\\/?p=39992#breadcrumb\"},\"inLanguage\":\"es\",\"potentialAction\":[{\"@type\":\"ReadAction\",\"target\":[\"https:\\\/\\\/conexion23.com\\\/?p=39992\"]}]},{\"@type\":\"ImageObject\",\"inLanguage\":\"es\",\"@id\":\"https:\\\/\\\/conexion23.com\\\/?p=39992#primaryimage\",\"url\":\"https:\\\/\\\/conexion23.com\\\/wp-content\\\/uploads\\\/2025\\\/06\\\/puerto-rico-y-republica-dominicana.webp\",\"contentUrl\":\"https:\\\/\\\/conexion23.com\\\/wp-content\\\/uploads\\\/2025\\\/06\\\/puerto-rico-y-republica-dominicana.webp\",\"width\":1082,\"height\":488},{\"@type\":\"BreadcrumbList\",\"@id\":\"https:\\\/\\\/conexion23.com\\\/?p=39992#breadcrumb\",\"itemListElement\":[{\"@type\":\"ListItem\",\"position\":1,\"name\":\"Portada\",\"item\":\"https:\\\/\\\/conexion23.com\\\/\"},{\"@type\":\"ListItem\",\"position\":2,\"name\":\"Puerto Rico y Rep\u00fablica Dominicana afinan detalles para inaugurar ferry diario entre Mayag\u00fcez y San Pedro de Macor\u00eds\"}]},{\"@type\":\"WebSite\",\"@id\":\"https:\\\/\\\/conexion23.com\\\/#website\",\"url\":\"https:\\\/\\\/conexion23.com\\\/\",\"name\":\"Conexi\u00f3n 23\",\"description\":\"Peri\u00f3dico 100% Petromacorisano\",\"publisher\":{\"@id\":\"https:\\\/\\\/conexion23.com\\\/#organization\"},\"potentialAction\":[{\"@type\":\"SearchAction\",\"target\":{\"@type\":\"EntryPoint\",\"urlTemplate\":\"https:\\\/\\\/conexion23.com\\\/?s={search_term_string}\"},\"query-input\":{\"@type\":\"PropertyValueSpecification\",\"valueRequired\":true,\"valueName\":\"search_term_string\"}}],\"inLanguage\":\"es\"},{\"@type\":\"Organization\",\"@id\":\"https:\\\/\\\/conexion23.com\\\/#organization\",\"name\":\"Conexion 23\",\"url\":\"https:\\\/\\\/conexion23.com\\\/\",\"logo\":{\"@type\":\"ImageObject\",\"inLanguage\":\"es\",\"@id\":\"https:\\\/\\\/conexion23.com\\\/#\\\/schema\\\/logo\\\/image\\\/\",\"url\":\"https:\\\/\\\/conexion23.com\\\/wp-content\\\/uploads\\\/2021\\\/11\\\/Diseno-sin-titulo-2.png\",\"contentUrl\":\"https:\\\/\\\/conexion23.com\\\/wp-content\\\/uploads\\\/2021\\\/11\\\/Diseno-sin-titulo-2.png\",\"width\":541,\"height\":90,\"caption\":\"Conexion 23\"},\"image\":{\"@id\":\"https:\\\/\\\/conexion23.com\\\/#\\\/schema\\\/logo\\\/image\\\/\"},\"sameAs\":[\"https:\\\/\\\/www.facebook.com\\\/conexion23com\",\"https:\\\/\\\/www.instagram.com\\\/conexion23com\\\/\",\"https:\\\/\\\/www.youtube.com\\\/channel\\\/UCYc7vxxFZMYLIHNsHHxPZ3Q\"]},{\"@type\":\"Person\",\"@id\":\"https:\\\/\\\/conexion23.com\\\/#\\\/schema\\\/person\\\/03e36043331117e97a373299bbcd30a6\",\"name\":\"Raffy Ben\u00edtez\",\"image\":{\"@type\":\"ImageObject\",\"inLanguage\":\"es\",\"@id\":\"https:\\\/\\\/secure.gravatar.com\\\/avatar\\\/3190a6a6c5e1b0327500f7d6c56b6242472ee6cb974cf09b401ee6b3b0798f23?s=96&d=mm&r=g\",\"url\":\"https:\\\/\\\/secure.gravatar.com\\\/avatar\\\/3190a6a6c5e1b0327500f7d6c56b6242472ee6cb974cf09b401ee6b3b0798f23?s=96&d=mm&r=g\",\"contentUrl\":\"https:\\\/\\\/secure.gravatar.com\\\/avatar\\\/3190a6a6c5e1b0327500f7d6c56b6242472ee6cb974cf09b401ee6b3b0798f23?s=96&d=mm&r=g\",\"caption\":\"Raffy Ben\u00edtez\"},\"url\":\"https:\\\/\\\/conexion23.com\\\/?author=15\"}]}<\/script>\n<!-- \/ Yoast SEO plugin. -->","yoast_head_json":{"title":"Puerto Rico y Rep\u00fablica Dominicana afinan detalles para inaugurar ferry diario entre Mayag\u00fcez y San Pedro de Macor\u00eds - Conexi\u00f3n 23","robots":{"index":"index","follow":"follow","max-snippet":"max-snippet:-1","max-image-preview":"max-image-preview:large","max-video-preview":"max-video-preview:-1"},"canonical":"https:\/\/conexion23.com\/?p=39992","og_locale":"es_ES","og_type":"article","og_title":"Puerto Rico y Rep\u00fablica Dominicana afinan detalles para inaugurar ferry diario entre Mayag\u00fcez y San Pedro de Macor\u00eds - Conexi\u00f3n 23","og_description":"&nbsp;El esperado proyecto del nuevo ferry que conectar\u00e1 diariamente a Mayag\u00fcez, en Puerto Rico, con San Pedro de Macor\u00eds, en la Rep\u00fablica Dominicana, est\u00e1 cada vez m\u00e1s cerca de hacerse realidad, seg\u00fan confirmaron las autoridades dominicanas y puertorrique\u00f1as. Sin embargo, a\u00fan quedan por resolver algunos aspectos regulatorios en territorio boricua para que la ruta mar\u00edtima [&hellip;]","og_url":"https:\/\/conexion23.com\/?p=39992","og_site_name":"Conexi\u00f3n 23","article_publisher":"https:\/\/www.facebook.com\/conexion23com","article_published_time":"2025-06-06T11:49:08+00:00","article_modified_time":"2025-06-06T11:49:10+00:00","og_image":[{"width":1082,"height":488,"url":"https:\/\/conexion23.com\/wp-content\/uploads\/2025\/06\/puerto-rico-y-republica-dominicana.webp","type":"image\/webp"}],"author":"Raffy Ben\u00edtez","twitter_card":"summary_large_image","twitter_misc":{"Escrito por":"Raffy Ben\u00edtez","Tiempo de lectura":"4 minutos"},"schema":{"@context":"https:\/\/schema.org","@graph":[{"@type":"Article","@id":"https:\/\/conexion23.com\/?p=39992#article","isPartOf":{"@id":"https:\/\/conexion23.com\/?p=39992"},"author":{"name":"Raffy Ben\u00edtez","@id":"https:\/\/conexion23.com\/#\/schema\/person\/03e36043331117e97a373299bbcd30a6"},"headline":"Puerto Rico y Rep\u00fablica Dominicana afinan detalles para inaugurar ferry diario entre Mayag\u00fcez y San Pedro de Macor\u00eds","datePublished":"2025-06-06T11:49:08+00:00","dateModified":"2025-06-06T11:49:10+00:00","mainEntityOfPage":{"@id":"https:\/\/conexion23.com\/?p=39992"},"wordCount":772,"commentCount":0,"publisher":{"@id":"https:\/\/conexion23.com\/#organization"},"image":{"@id":"https:\/\/conexion23.com\/?p=39992#primaryimage"},"thumbnailUrl":"https:\/\/conexion23.com\/wp-content\/uploads\/2025\/06\/puerto-rico-y-republica-dominicana.webp","articleSection":["Uncategorized"],"inLanguage":"es","potentialAction":[{"@type":"CommentAction","name":"Comment","target":["https:\/\/conexion23.com\/?p=39992#respond"]}]},{"@type":"WebPage","@id":"https:\/\/conexion23.com\/?p=39992","url":"https:\/\/conexion23.com\/?p=39992","name":"Puerto Rico y Rep\u00fablica Dominicana afinan detalles para inaugurar ferry diario entre Mayag\u00fcez y San Pedro de Macor\u00eds - Conexi\u00f3n 23","isPartOf":{"@id":"https:\/\/conexion23.com\/#website"},"primaryImageOfPage":{"@id":"https:\/\/conexion23.com\/?p=39992#primaryimage"},"image":{"@id":"https:\/\/conexion23.com\/?p=39992#primaryimage"},"thumbnailUrl":"https:\/\/conexion23.com\/wp-content\/uploads\/2025\/06\/puerto-rico-y-republica-dominicana.webp","datePublished":"2025-06-06T11:49:08+00:00","dateModified":"2025-06-06T11:49:10+00:00","breadcrumb":{"@id":"https:\/\/conexion23.com\/?p=39992#breadcrumb"},"inLanguage":"es","potentialAction":[{"@type":"ReadAction","target":["https:\/\/conexion23.com\/?p=39992"]}]},{"@type":"ImageObject","inLanguage":"es","@id":"https:\/\/conexion23.com\/?p=39992#primaryimage","url":"https:\/\/conexion23.com\/wp-content\/uploads\/2025\/06\/puerto-rico-y-republica-dominicana.webp","contentUrl":"https:\/\/conexion23.com\/wp-content\/uploads\/2025\/06\/puerto-rico-y-republica-dominicana.webp","width":1082,"height":488},{"@type":"BreadcrumbList","@id":"https:\/\/conexion23.com\/?p=39992#breadcrumb","itemListElement":[{"@type":"ListItem","position":1,"name":"Portada","item":"https:\/\/conexion23.com\/"},{"@type":"ListItem","position":2,"name":"Puerto Rico y Rep\u00fablica Dominicana afinan detalles para inaugurar ferry diario entre Mayag\u00fcez y San Pedro de Macor\u00eds"}]},{"@type":"WebSite","@id":"https:\/\/conexion23.com\/#website","url":"https:\/\/conexion23.com\/","name":"Conexi\u00f3n 23","description":"Peri\u00f3dico 100% Petromacorisano","publisher":{"@id":"https:\/\/conexion23.com\/#organization"},"potentialAction":[{"@type":"SearchAction","target":{"@type":"EntryPoint","urlTemplate":"https:\/\/conexion23.com\/?s={search_term_string}"},"query-input":{"@type":"PropertyValueSpecification","valueRequired":true,"valueName":"search_term_string"}}],"inLanguage":"es"},{"@type":"Organization","@id":"https:\/\/conexion23.com\/#organization","name":"Conexion 23","url":"https:\/\/conexion23.com\/","logo":{"@type":"ImageObject","inLanguage":"es","@id":"https:\/\/conexion23.com\/#\/schema\/logo\/image\/","url":"https:\/\/conexion23.com\/wp-content\/uploads\/2021\/11\/Diseno-sin-titulo-2.png","contentUrl":"https:\/\/conexion23.com\/wp-content\/uploads\/2021\/11\/Diseno-sin-titulo-2.png","width":541,"height":90,"caption":"Conexion 23"},"image":{"@id":"https:\/\/conexion23.com\/#\/schema\/logo\/image\/"},"sameAs":["https:\/\/www.facebook.com\/conexion23com","https:\/\/www.instagram.com\/conexion23com\/","https:\/\/www.youtube.com\/channel\/UCYc7vxxFZMYLIHNsHHxPZ3Q"]},{"@type":"Person","@id":"https:\/\/conexion23.com\/#\/schema\/person\/03e36043331117e97a373299bbcd30a6","name":"Raffy Ben\u00edtez","image":{"@type":"ImageObject","inLanguage":"es","@id":"https:\/\/secure.gravatar.com\/avatar\/3190a6a6c5e1b0327500f7d6c56b6242472ee6cb974cf09b401ee6b3b0798f23?s=96&d=mm&r=g","url":"https:\/\/secure.gravatar.com\/avatar\/3190a6a6c5e1b0327500f7d6c56b6242472ee6cb974cf09b401ee6b3b0798f23?s=96&d=mm&r=g","contentUrl":"https:\/\/secure.gravatar.com\/avatar\/3190a6a6c5e1b0327500f7d6c56b6242472ee6cb974cf09b401ee6b3b0798f23?s=96&d=mm&r=g","caption":"Raffy Ben\u00edtez"},"url":"https:\/\/conexion23.com\/?author=15"}]}},"_links":{"self":[{"href":"https:\/\/conexion23.com\/index.php?rest_route=\/wp\/v2\/posts\/39992","targetHints":{"allow":["GET"]}}],"collection":[{"href":"https:\/\/conexion23.com\/index.php?rest_route=\/wp\/v2\/posts"}],"about":[{"href":"https:\/\/conexion23.com\/index.php?rest_route=\/wp\/v2\/types\/post"}],"author":[{"embeddable":true,"href":"https:\/\/conexion23.com\/index.php?rest_route=\/wp\/v2\/users\/15"}],"replies":[{"embeddable":true,"href":"https:\/\/conexion23.com\/index.php?rest_route=%2Fwp%2Fv2%2Fcomments&post=39992"}],"version-history":[{"count":1,"href":"https:\/\/conexion23.com\/index.php?rest_route=\/wp\/v2\/posts\/39992\/revisions"}],"predecessor-version":[{"id":39994,"href":"https:\/\/conexion23.com\/index.php?rest_route=\/wp\/v2\/posts\/39992\/revisions\/39994"}],"wp:featuredmedia":[{"embeddable":true,"href":"https:\/\/conexion23.com\/index.php?rest_route=\/wp\/v2\/media\/39993"}],"wp:attachment":[{"href":"https:\/\/conexion23.com\/index.php?rest_route=%2Fwp%2Fv2%2Fmedia&parent=39992"}],"wp:term":[{"taxonomy":"category","embeddable":true,"href":"https:\/\/conexion23.com\/index.php?rest_route=%2Fwp%2Fv2%2Fcategories&post=39992"},{"taxonomy":"post_tag","embeddable":true,"href":"https:\/\/conexion23.com\/index.php?rest_route=%2Fwp%2Fv2%2Ftags&post=39992"}],"curies":[{"name":"wp","href":"https:\/\/api.w.org\/{rel}","templated":true}]}}