{"id":39995,"date":"2025-06-06T07:53:53","date_gmt":"2025-06-06T11:53:53","guid":{"rendered":"https:\/\/conexion23.com\/?p=39995"},"modified":"2025-06-06T07:53:55","modified_gmt":"2025-06-06T11:53:55","slug":"haiti-muestra-preocupacion-por-prohibicion-de-entrada-a-eeuu-de-sus-ciudadanos","status":"publish","type":"post","link":"https:\/\/conexion23.com\/?p=39995","title":{"rendered":"Hait\u00ed muestra preocupaci\u00f3n por prohibici\u00f3n de entrada a EEUU de sus ciudadanos."},"content":{"rendered":"\n<p class=\"wp-block-paragraph\">El Gobierno haitiano declar\u00f3 este jueves que \u00abtoma nota\u00bb del decreto de la Administraci\u00f3n de<strong>&nbsp;Donald Trump<\/strong>&nbsp;que restringe la entrada a&nbsp;<strong>Estados Unidos<\/strong>&nbsp;de ciudadanos de 12 pa\u00edses, entre ellos&nbsp;<strong>Hait\u00ed<\/strong>.<\/p>\n\n\n\n<p class=\"wp-block-paragraph\">\u00abLa Canciller\u00eda (de Hait\u00ed) es consciente de las consecuencias de esta decisi\u00f3n para las familias haitianas tanto dentro como fuera del pa\u00eds\u00bb, dijo ese organismo en una nota publicada en su p\u00e1gina de Facebook.<\/p>\n\n\n\n<p class=\"wp-block-paragraph\">El Ministerio de Exteriores haitiano record\u00f3 que esta medida llega en un momento en el que el Gobierno haitiano \u00abse esfuerza, con la ayuda de sus socios internacionales, por combatir la&nbsp;<strong>inseguridad&nbsp;<\/strong>y reforzar la seguridad de las fronteras\u00bb.<\/p>\n\n\n\n<p class=\"wp-block-paragraph\">Hait\u00ed se compromete a \u00abtrabajar en la b\u00fasqueda de soluciones r\u00e1pidas\u00bb, a\u00f1adi\u00f3 el Ministerio de Asuntos Exteriores, al recordar que la medida entra en vigor el lunes pr\u00f3ximo.<\/p>\n\n\n\n<p class=\"wp-block-paragraph\">Asimismo, la instancia estatal subray\u00f3 su intenci\u00f3n de \u00abproseguir el di\u00e1logo y la cooperaci\u00f3n con el Gobierno estadounidense en materia de&nbsp;<strong>seguridad&nbsp;<\/strong>y pol\u00edtica migratoria\u00bb, en consonancia con la Declaraci\u00f3n de Los \u00c1ngeles para una&nbsp;<strong>migraci\u00f3n&nbsp;<\/strong>regular, segura y ordenada, adoptada en la IX Cumbre de las Am\u00e9ricas en junio de 2022.<\/p>\n\n\n\n<p class=\"wp-block-paragraph\">El presidente estadounidense, Donald Trump, firm\u00f3 ayer una nueva proclamaci\u00f3n que impone una prohibici\u00f3n total de entrada a ciudadanos de Hait\u00ed y otros 11 pa\u00edses.<\/p>\n\n\n\n<p class=\"wp-block-paragraph\">La decisi\u00f3n, justificada por razones de seguridad nacional, afecta tanto a inmigrantes como a no inmigrantes, y se suma a otras restricciones parciales impuestas a ciudadanos de siete pa\u00edses adicionales.<\/p>\n\n\n\n<p class=\"wp-block-paragraph\">La proclamaci\u00f3n&nbsp;<strong>proh\u00edbe&nbsp;<\/strong>completamente la entrada a ciudadanos de Afganist\u00e1n, Birmania, Chad, Rep\u00fablica del Congo, Guinea Ecuatorial, Eritrea, Hait\u00ed, Ir\u00e1n, Libia, Somalia,&nbsp;<strong>Sud\u00e1n&nbsp;<\/strong>y Yemen. Adem\u00e1s, impone&nbsp;<strong>restricciones&nbsp;<\/strong>parciales a ciudadanos de Burundi, Cuba, Laos, Sierra Leona, Togo, Turkmenist\u00e1n y&nbsp;<strong>Venezuela<\/strong>.<\/p>\n\n\n\n<p class=\"wp-block-paragraph\">La medida adoptada proh\u00edbe la entrada a los ciudadanos haitianos, con las siguientes excepciones: residentes permanentes legales, titulares de visados v\u00e1lidos expedidos antes de la fecha de entrada en vigor de la decisi\u00f3n,&nbsp;<strong>diplom\u00e1ticos&nbsp;<\/strong>y representantes de organizaciones internacionales y casos&nbsp;<strong>humanitarios&nbsp;<\/strong>espec\u00edficos, en particular los ni\u00f1os adoptados por ciudadanos estadounidenses, afirm\u00f3 la&nbsp;<strong>Canciller\u00eda&nbsp;<\/strong>haitiana.<\/p>\n\n\n\n<p class=\"wp-block-paragraph\">El Ministerio de Asuntos Exteriores llam\u00f3 la \u00abatenci\u00f3n\u00bb sobre el&nbsp;<strong>peligro&nbsp;<\/strong>que representan las bandas armadas, recientemente designadas como grupos&nbsp;<strong>terroristas<\/strong>, para las relaciones de Hait\u00ed con el exterior.<\/p>\n\n\n\n<p class=\"wp-block-paragraph\">\u00abEsto, teniendo en cuenta las medidas de pol\u00edtica migratoria adoptadas en el ejercicio de los derechos soberanos de un gobierno extranjero\u00bb, afirm\u00f3 el documento.<\/p>\n","protected":false},"excerpt":{"rendered":"<p>El Gobierno haitiano declar\u00f3 este jueves que \u00abtoma nota\u00bb del decreto de la Administraci\u00f3n de&nbsp;Donald Trump&nbsp;que restringe la entrada a&nbsp;Estados Unidos&nbsp;de ciudadanos de 12 pa\u00edses, entre ellos&nbsp;Hait\u00ed. \u00abLa Canciller\u00eda (de Hait\u00ed) es consciente de las consecuencias de esta decisi\u00f3n para las familias haitianas tanto dentro como fuera del pa\u00eds\u00bb, dijo ese organismo en una nota [&hellip;]<\/p>\n","protected":false},"author":15,"featured_media":39996,"comment_status":"open","ping_status":"open","sticky":false,"template":"","format":"standard","meta":{"footnotes":""},"categories":[1],"tags":[],"class_list":["post-39995","post","type-post","status-publish","format-standard","has-post-thumbnail","category-uncategorized"],"yoast_head":"<!-- This site is optimized with the Yoast SEO plugin v27.6 - https:\/\/yoast.com\/product\/yoast-seo-wordpress\/ -->\n<title>Hait\u00ed muestra preocupaci\u00f3n por prohibici\u00f3n de entrada a EEUU de sus ciudadanos. - Conexi\u00f3n 23<\/title>\n<meta name=\"robots\" content=\"index, follow, max-snippet:-1, max-image-preview:large, max-video-preview:-1\" \/>\n<link rel=\"canonical\" href=\"https:\/\/conexion23.com\/?p=39995\" \/>\n<meta property=\"og:locale\" content=\"es_ES\" \/>\n<meta property=\"og:type\" content=\"article\" \/>\n<meta property=\"og:title\" content=\"Hait\u00ed muestra preocupaci\u00f3n por prohibici\u00f3n de entrada a EEUU de sus ciudadanos. - Conexi\u00f3n 23\" \/>\n<meta property=\"og:description\" content=\"El Gobierno haitiano declar\u00f3 este jueves que \u00abtoma nota\u00bb del decreto de la Administraci\u00f3n de&nbsp;Donald Trump&nbsp;que restringe la entrada a&nbsp;Estados Unidos&nbsp;de ciudadanos de 12 pa\u00edses, entre ellos&nbsp;Hait\u00ed. \u00abLa Canciller\u00eda (de Hait\u00ed) es consciente de las consecuencias de esta decisi\u00f3n para las familias haitianas tanto dentro como fuera del pa\u00eds\u00bb, dijo ese organismo en una nota [&hellip;]\" \/>\n<meta property=\"og:url\" content=\"https:\/\/conexion23.com\/?p=39995\" \/>\n<meta property=\"og:site_name\" content=\"Conexi\u00f3n 23\" \/>\n<meta property=\"article:publisher\" content=\"https:\/\/www.facebook.com\/conexion23com\" \/>\n<meta property=\"article:published_time\" content=\"2025-06-06T11:53:53+00:00\" \/>\n<meta property=\"article:modified_time\" content=\"2025-06-06T11:53:55+00:00\" \/>\n<meta property=\"og:image\" content=\"https:\/\/conexion23.com\/wp-content\/uploads\/2025\/06\/6840ede601fb3.r_d.678-253.jpeg\" \/>\n\t<meta property=\"og:image:width\" content=\"800\" \/>\n\t<meta property=\"og:image:height\" content=\"533\" \/>\n\t<meta property=\"og:image:type\" content=\"image\/jpeg\" \/>\n<meta name=\"author\" content=\"Raffy Ben\u00edtez\" \/>\n<meta name=\"twitter:card\" content=\"summary_large_image\" \/>\n<meta name=\"twitter:label1\" content=\"Escrito por\" \/>\n\t<meta name=\"twitter:data1\" content=\"Raffy Ben\u00edtez\" \/>\n\t<meta name=\"twitter:label2\" content=\"Tiempo de lectura\" \/>\n\t<meta name=\"twitter:data2\" content=\"2 minutos\" \/>\n<script type=\"application\/ld+json\" class=\"yoast-schema-graph\">{\"@context\":\"https:\\\/\\\/schema.org\",\"@graph\":[{\"@type\":\"Article\",\"@id\":\"https:\\\/\\\/conexion23.com\\\/?p=39995#article\",\"isPartOf\":{\"@id\":\"https:\\\/\\\/conexion23.com\\\/?p=39995\"},\"author\":{\"name\":\"Raffy Ben\u00edtez\",\"@id\":\"https:\\\/\\\/conexion23.com\\\/#\\\/schema\\\/person\\\/03e36043331117e97a373299bbcd30a6\"},\"headline\":\"Hait\u00ed muestra preocupaci\u00f3n por prohibici\u00f3n de entrada a EEUU de sus ciudadanos.\",\"datePublished\":\"2025-06-06T11:53:53+00:00\",\"dateModified\":\"2025-06-06T11:53:55+00:00\",\"mainEntityOfPage\":{\"@id\":\"https:\\\/\\\/conexion23.com\\\/?p=39995\"},\"wordCount\":466,\"commentCount\":0,\"publisher\":{\"@id\":\"https:\\\/\\\/conexion23.com\\\/#organization\"},\"image\":{\"@id\":\"https:\\\/\\\/conexion23.com\\\/?p=39995#primaryimage\"},\"thumbnailUrl\":\"https:\\\/\\\/conexion23.com\\\/wp-content\\\/uploads\\\/2025\\\/06\\\/6840ede601fb3.r_d.678-253.jpeg\",\"articleSection\":[\"Uncategorized\"],\"inLanguage\":\"es\",\"potentialAction\":[{\"@type\":\"CommentAction\",\"name\":\"Comment\",\"target\":[\"https:\\\/\\\/conexion23.com\\\/?p=39995#respond\"]}]},{\"@type\":\"WebPage\",\"@id\":\"https:\\\/\\\/conexion23.com\\\/?p=39995\",\"url\":\"https:\\\/\\\/conexion23.com\\\/?p=39995\",\"name\":\"Hait\u00ed muestra preocupaci\u00f3n por prohibici\u00f3n de entrada a EEUU de sus ciudadanos. - Conexi\u00f3n 23\",\"isPartOf\":{\"@id\":\"https:\\\/\\\/conexion23.com\\\/#website\"},\"primaryImageOfPage\":{\"@id\":\"https:\\\/\\\/conexion23.com\\\/?p=39995#primaryimage\"},\"image\":{\"@id\":\"https:\\\/\\\/conexion23.com\\\/?p=39995#primaryimage\"},\"thumbnailUrl\":\"https:\\\/\\\/conexion23.com\\\/wp-content\\\/uploads\\\/2025\\\/06\\\/6840ede601fb3.r_d.678-253.jpeg\",\"datePublished\":\"2025-06-06T11:53:53+00:00\",\"dateModified\":\"2025-06-06T11:53:55+00:00\",\"breadcrumb\":{\"@id\":\"https:\\\/\\\/conexion23.com\\\/?p=39995#breadcrumb\"},\"inLanguage\":\"es\",\"potentialAction\":[{\"@type\":\"ReadAction\",\"target\":[\"https:\\\/\\\/conexion23.com\\\/?p=39995\"]}]},{\"@type\":\"ImageObject\",\"inLanguage\":\"es\",\"@id\":\"https:\\\/\\\/conexion23.com\\\/?p=39995#primaryimage\",\"url\":\"https:\\\/\\\/conexion23.com\\\/wp-content\\\/uploads\\\/2025\\\/06\\\/6840ede601fb3.r_d.678-253.jpeg\",\"contentUrl\":\"https:\\\/\\\/conexion23.com\\\/wp-content\\\/uploads\\\/2025\\\/06\\\/6840ede601fb3.r_d.678-253.jpeg\",\"width\":800,\"height\":533},{\"@type\":\"BreadcrumbList\",\"@id\":\"https:\\\/\\\/conexion23.com\\\/?p=39995#breadcrumb\",\"itemListElement\":[{\"@type\":\"ListItem\",\"position\":1,\"name\":\"Portada\",\"item\":\"https:\\\/\\\/conexion23.com\\\/\"},{\"@type\":\"ListItem\",\"position\":2,\"name\":\"Hait\u00ed muestra preocupaci\u00f3n por prohibici\u00f3n de entrada a EEUU de sus ciudadanos.\"}]},{\"@type\":\"WebSite\",\"@id\":\"https:\\\/\\\/conexion23.com\\\/#website\",\"url\":\"https:\\\/\\\/conexion23.com\\\/\",\"name\":\"Conexi\u00f3n 23\",\"description\":\"Peri\u00f3dico 100% Petromacorisano\",\"publisher\":{\"@id\":\"https:\\\/\\\/conexion23.com\\\/#organization\"},\"potentialAction\":[{\"@type\":\"SearchAction\",\"target\":{\"@type\":\"EntryPoint\",\"urlTemplate\":\"https:\\\/\\\/conexion23.com\\\/?s={search_term_string}\"},\"query-input\":{\"@type\":\"PropertyValueSpecification\",\"valueRequired\":true,\"valueName\":\"search_term_string\"}}],\"inLanguage\":\"es\"},{\"@type\":\"Organization\",\"@id\":\"https:\\\/\\\/conexion23.com\\\/#organization\",\"name\":\"Conexion 23\",\"url\":\"https:\\\/\\\/conexion23.com\\\/\",\"logo\":{\"@type\":\"ImageObject\",\"inLanguage\":\"es\",\"@id\":\"https:\\\/\\\/conexion23.com\\\/#\\\/schema\\\/logo\\\/image\\\/\",\"url\":\"https:\\\/\\\/conexion23.com\\\/wp-content\\\/uploads\\\/2021\\\/11\\\/Diseno-sin-titulo-2.png\",\"contentUrl\":\"https:\\\/\\\/conexion23.com\\\/wp-content\\\/uploads\\\/2021\\\/11\\\/Diseno-sin-titulo-2.png\",\"width\":541,\"height\":90,\"caption\":\"Conexion 23\"},\"image\":{\"@id\":\"https:\\\/\\\/conexion23.com\\\/#\\\/schema\\\/logo\\\/image\\\/\"},\"sameAs\":[\"https:\\\/\\\/www.facebook.com\\\/conexion23com\",\"https:\\\/\\\/www.instagram.com\\\/conexion23com\\\/\",\"https:\\\/\\\/www.youtube.com\\\/channel\\\/UCYc7vxxFZMYLIHNsHHxPZ3Q\"]},{\"@type\":\"Person\",\"@id\":\"https:\\\/\\\/conexion23.com\\\/#\\\/schema\\\/person\\\/03e36043331117e97a373299bbcd30a6\",\"name\":\"Raffy Ben\u00edtez\",\"image\":{\"@type\":\"ImageObject\",\"inLanguage\":\"es\",\"@id\":\"https:\\\/\\\/secure.gravatar.com\\\/avatar\\\/3190a6a6c5e1b0327500f7d6c56b6242472ee6cb974cf09b401ee6b3b0798f23?s=96&d=mm&r=g\",\"url\":\"https:\\\/\\\/secure.gravatar.com\\\/avatar\\\/3190a6a6c5e1b0327500f7d6c56b6242472ee6cb974cf09b401ee6b3b0798f23?s=96&d=mm&r=g\",\"contentUrl\":\"https:\\\/\\\/secure.gravatar.com\\\/avatar\\\/3190a6a6c5e1b0327500f7d6c56b6242472ee6cb974cf09b401ee6b3b0798f23?s=96&d=mm&r=g\",\"caption\":\"Raffy Ben\u00edtez\"},\"url\":\"https:\\\/\\\/conexion23.com\\\/?author=15\"}]}<\/script>\n<!-- \/ Yoast SEO plugin. -->","yoast_head_json":{"title":"Hait\u00ed muestra preocupaci\u00f3n por prohibici\u00f3n de entrada a EEUU de sus ciudadanos. - Conexi\u00f3n 23","robots":{"index":"index","follow":"follow","max-snippet":"max-snippet:-1","max-image-preview":"max-image-preview:large","max-video-preview":"max-video-preview:-1"},"canonical":"https:\/\/conexion23.com\/?p=39995","og_locale":"es_ES","og_type":"article","og_title":"Hait\u00ed muestra preocupaci\u00f3n por prohibici\u00f3n de entrada a EEUU de sus ciudadanos. - Conexi\u00f3n 23","og_description":"El Gobierno haitiano declar\u00f3 este jueves que \u00abtoma nota\u00bb del decreto de la Administraci\u00f3n de&nbsp;Donald Trump&nbsp;que restringe la entrada a&nbsp;Estados Unidos&nbsp;de ciudadanos de 12 pa\u00edses, entre ellos&nbsp;Hait\u00ed. \u00abLa Canciller\u00eda (de Hait\u00ed) es consciente de las consecuencias de esta decisi\u00f3n para las familias haitianas tanto dentro como fuera del pa\u00eds\u00bb, dijo ese organismo en una nota [&hellip;]","og_url":"https:\/\/conexion23.com\/?p=39995","og_site_name":"Conexi\u00f3n 23","article_publisher":"https:\/\/www.facebook.com\/conexion23com","article_published_time":"2025-06-06T11:53:53+00:00","article_modified_time":"2025-06-06T11:53:55+00:00","og_image":[{"width":800,"height":533,"url":"https:\/\/conexion23.com\/wp-content\/uploads\/2025\/06\/6840ede601fb3.r_d.678-253.jpeg","type":"image\/jpeg"}],"author":"Raffy Ben\u00edtez","twitter_card":"summary_large_image","twitter_misc":{"Escrito por":"Raffy Ben\u00edtez","Tiempo de lectura":"2 minutos"},"schema":{"@context":"https:\/\/schema.org","@graph":[{"@type":"Article","@id":"https:\/\/conexion23.com\/?p=39995#article","isPartOf":{"@id":"https:\/\/conexion23.com\/?p=39995"},"author":{"name":"Raffy Ben\u00edtez","@id":"https:\/\/conexion23.com\/#\/schema\/person\/03e36043331117e97a373299bbcd30a6"},"headline":"Hait\u00ed muestra preocupaci\u00f3n por prohibici\u00f3n de entrada a EEUU de sus ciudadanos.","datePublished":"2025-06-06T11:53:53+00:00","dateModified":"2025-06-06T11:53:55+00:00","mainEntityOfPage":{"@id":"https:\/\/conexion23.com\/?p=39995"},"wordCount":466,"commentCount":0,"publisher":{"@id":"https:\/\/conexion23.com\/#organization"},"image":{"@id":"https:\/\/conexion23.com\/?p=39995#primaryimage"},"thumbnailUrl":"https:\/\/conexion23.com\/wp-content\/uploads\/2025\/06\/6840ede601fb3.r_d.678-253.jpeg","articleSection":["Uncategorized"],"inLanguage":"es","potentialAction":[{"@type":"CommentAction","name":"Comment","target":["https:\/\/conexion23.com\/?p=39995#respond"]}]},{"@type":"WebPage","@id":"https:\/\/conexion23.com\/?p=39995","url":"https:\/\/conexion23.com\/?p=39995","name":"Hait\u00ed muestra preocupaci\u00f3n por prohibici\u00f3n de entrada a EEUU de sus ciudadanos. - Conexi\u00f3n 23","isPartOf":{"@id":"https:\/\/conexion23.com\/#website"},"primaryImageOfPage":{"@id":"https:\/\/conexion23.com\/?p=39995#primaryimage"},"image":{"@id":"https:\/\/conexion23.com\/?p=39995#primaryimage"},"thumbnailUrl":"https:\/\/conexion23.com\/wp-content\/uploads\/2025\/06\/6840ede601fb3.r_d.678-253.jpeg","datePublished":"2025-06-06T11:53:53+00:00","dateModified":"2025-06-06T11:53:55+00:00","breadcrumb":{"@id":"https:\/\/conexion23.com\/?p=39995#breadcrumb"},"inLanguage":"es","potentialAction":[{"@type":"ReadAction","target":["https:\/\/conexion23.com\/?p=39995"]}]},{"@type":"ImageObject","inLanguage":"es","@id":"https:\/\/conexion23.com\/?p=39995#primaryimage","url":"https:\/\/conexion23.com\/wp-content\/uploads\/2025\/06\/6840ede601fb3.r_d.678-253.jpeg","contentUrl":"https:\/\/conexion23.com\/wp-content\/uploads\/2025\/06\/6840ede601fb3.r_d.678-253.jpeg","width":800,"height":533},{"@type":"BreadcrumbList","@id":"https:\/\/conexion23.com\/?p=39995#breadcrumb","itemListElement":[{"@type":"ListItem","position":1,"name":"Portada","item":"https:\/\/conexion23.com\/"},{"@type":"ListItem","position":2,"name":"Hait\u00ed muestra preocupaci\u00f3n por prohibici\u00f3n de entrada a EEUU de sus ciudadanos."}]},{"@type":"WebSite","@id":"https:\/\/conexion23.com\/#website","url":"https:\/\/conexion23.com\/","name":"Conexi\u00f3n 23","description":"Peri\u00f3dico 100% Petromacorisano","publisher":{"@id":"https:\/\/conexion23.com\/#organization"},"potentialAction":[{"@type":"SearchAction","target":{"@type":"EntryPoint","urlTemplate":"https:\/\/conexion23.com\/?s={search_term_string}"},"query-input":{"@type":"PropertyValueSpecification","valueRequired":true,"valueName":"search_term_string"}}],"inLanguage":"es"},{"@type":"Organization","@id":"https:\/\/conexion23.com\/#organization","name":"Conexion 23","url":"https:\/\/conexion23.com\/","logo":{"@type":"ImageObject","inLanguage":"es","@id":"https:\/\/conexion23.com\/#\/schema\/logo\/image\/","url":"https:\/\/conexion23.com\/wp-content\/uploads\/2021\/11\/Diseno-sin-titulo-2.png","contentUrl":"https:\/\/conexion23.com\/wp-content\/uploads\/2021\/11\/Diseno-sin-titulo-2.png","width":541,"height":90,"caption":"Conexion 23"},"image":{"@id":"https:\/\/conexion23.com\/#\/schema\/logo\/image\/"},"sameAs":["https:\/\/www.facebook.com\/conexion23com","https:\/\/www.instagram.com\/conexion23com\/","https:\/\/www.youtube.com\/channel\/UCYc7vxxFZMYLIHNsHHxPZ3Q"]},{"@type":"Person","@id":"https:\/\/conexion23.com\/#\/schema\/person\/03e36043331117e97a373299bbcd30a6","name":"Raffy Ben\u00edtez","image":{"@type":"ImageObject","inLanguage":"es","@id":"https:\/\/secure.gravatar.com\/avatar\/3190a6a6c5e1b0327500f7d6c56b6242472ee6cb974cf09b401ee6b3b0798f23?s=96&d=mm&r=g","url":"https:\/\/secure.gravatar.com\/avatar\/3190a6a6c5e1b0327500f7d6c56b6242472ee6cb974cf09b401ee6b3b0798f23?s=96&d=mm&r=g","contentUrl":"https:\/\/secure.gravatar.com\/avatar\/3190a6a6c5e1b0327500f7d6c56b6242472ee6cb974cf09b401ee6b3b0798f23?s=96&d=mm&r=g","caption":"Raffy Ben\u00edtez"},"url":"https:\/\/conexion23.com\/?author=15"}]}},"_links":{"self":[{"href":"https:\/\/conexion23.com\/index.php?rest_route=\/wp\/v2\/posts\/39995","targetHints":{"allow":["GET"]}}],"collection":[{"href":"https:\/\/conexion23.com\/index.php?rest_route=\/wp\/v2\/posts"}],"about":[{"href":"https:\/\/conexion23.com\/index.php?rest_route=\/wp\/v2\/types\/post"}],"author":[{"embeddable":true,"href":"https:\/\/conexion23.com\/index.php?rest_route=\/wp\/v2\/users\/15"}],"replies":[{"embeddable":true,"href":"https:\/\/conexion23.com\/index.php?rest_route=%2Fwp%2Fv2%2Fcomments&post=39995"}],"version-history":[{"count":1,"href":"https:\/\/conexion23.com\/index.php?rest_route=\/wp\/v2\/posts\/39995\/revisions"}],"predecessor-version":[{"id":39997,"href":"https:\/\/conexion23.com\/index.php?rest_route=\/wp\/v2\/posts\/39995\/revisions\/39997"}],"wp:featuredmedia":[{"embeddable":true,"href":"https:\/\/conexion23.com\/index.php?rest_route=\/wp\/v2\/media\/39996"}],"wp:attachment":[{"href":"https:\/\/conexion23.com\/index.php?rest_route=%2Fwp%2Fv2%2Fmedia&parent=39995"}],"wp:term":[{"taxonomy":"category","embeddable":true,"href":"https:\/\/conexion23.com\/index.php?rest_route=%2Fwp%2Fv2%2Fcategories&post=39995"},{"taxonomy":"post_tag","embeddable":true,"href":"https:\/\/conexion23.com\/index.php?rest_route=%2Fwp%2Fv2%2Ftags&post=39995"}],"curies":[{"name":"wp","href":"https:\/\/api.w.org\/{rel}","templated":true}]}}