{"id":40022,"date":"2025-06-07T08:18:53","date_gmt":"2025-06-07T12:18:53","guid":{"rendered":"https:\/\/conexion23.com\/?p=40022"},"modified":"2025-06-07T08:18:56","modified_gmt":"2025-06-07T12:18:56","slug":"joven-pierde-la-vida-por-heridas-de-arma-de-fuego-en-el-soco-san-pedro-de-macoris","status":"publish","type":"post","link":"https:\/\/conexion23.com\/?p=40022","title":{"rendered":"Joven pierde la vida por heridas de arma de fuego en El Soco, San Pedro de Macor\u00eds"},"content":{"rendered":"\n<p class=\"wp-block-paragraph\">Se informa el fallecimiento del joven Juan Alberto Castro Paredes, residente en la comunidad de El Soco, quien perdi\u00f3 la vida tras recibir heridas de arma de fuego en un confuso incidente ocurrido en dicho sector.<\/p>\n\n\n\n<p class=\"wp-block-paragraph\">El hecho se produjo en circunstancias a\u00fan no esclarecidas por las autoridades. Hasta el momento se desconocen los motivos y responsables del tr\u00e1gico suceso, lo que ha generado consternaci\u00f3n entre los moradores de la zona.<\/p>\n\n\n\n<p class=\"wp-block-paragraph\">Vecinos y allegados exigen una pronta investigaci\u00f3n por parte de la Polic\u00eda Nacional y el Ministerio P\u00fablico para dar con los responsables de este hecho violento que enluta a otra familia petromacorisana.<\/p>\n\n\n\n<p class=\"wp-block-paragraph\">Se espera que en las pr\u00f3ximas horas las autoridades ofrezcan m\u00e1s detalles sobre lo ocurrido.<\/p>\n","protected":false},"excerpt":{"rendered":"<p>Se informa el fallecimiento del joven Juan Alberto Castro Paredes, residente en la comunidad de El Soco, quien perdi\u00f3 la vida tras recibir heridas de arma de fuego en un confuso incidente ocurrido en dicho sector. El hecho se produjo en circunstancias a\u00fan no esclarecidas por las autoridades. Hasta el momento se desconocen los motivos [&hellip;]<\/p>\n","protected":false},"author":15,"featured_media":40023,"comment_status":"open","ping_status":"open","sticky":false,"template":"","format":"standard","meta":{"footnotes":""},"categories":[35],"tags":[],"class_list":["post-40022","post","type-post","status-publish","format-standard","has-post-thumbnail","category-spm"],"yoast_head":"<!-- This site is optimized with the Yoast SEO plugin v27.6 - https:\/\/yoast.com\/product\/yoast-seo-wordpress\/ -->\n<title>Joven pierde la vida por heridas de arma de fuego en El Soco, San Pedro de Macor\u00eds - Conexi\u00f3n 23<\/title>\n<meta name=\"robots\" content=\"index, follow, max-snippet:-1, max-image-preview:large, max-video-preview:-1\" \/>\n<link rel=\"canonical\" href=\"https:\/\/conexion23.com\/?p=40022\" \/>\n<meta property=\"og:locale\" content=\"es_ES\" \/>\n<meta property=\"og:type\" content=\"article\" \/>\n<meta property=\"og:title\" content=\"Joven pierde la vida por heridas de arma de fuego en El Soco, San Pedro de Macor\u00eds - Conexi\u00f3n 23\" \/>\n<meta property=\"og:description\" content=\"Se informa el fallecimiento del joven Juan Alberto Castro Paredes, residente en la comunidad de El Soco, quien perdi\u00f3 la vida tras recibir heridas de arma de fuego en un confuso incidente ocurrido en dicho sector. El hecho se produjo en circunstancias a\u00fan no esclarecidas por las autoridades. Hasta el momento se desconocen los motivos [&hellip;]\" \/>\n<meta property=\"og:url\" content=\"https:\/\/conexion23.com\/?p=40022\" \/>\n<meta property=\"og:site_name\" content=\"Conexi\u00f3n 23\" \/>\n<meta property=\"article:publisher\" content=\"https:\/\/www.facebook.com\/conexion23com\" \/>\n<meta property=\"article:published_time\" content=\"2025-06-07T12:18:53+00:00\" \/>\n<meta property=\"article:modified_time\" content=\"2025-06-07T12:18:56+00:00\" \/>\n<meta property=\"og:image\" content=\"https:\/\/conexion23.com\/wp-content\/uploads\/2025\/06\/ea481940-294f-4713-bd97-1937a914dd89.jpg\" \/>\n\t<meta property=\"og:image:width\" content=\"1179\" \/>\n\t<meta property=\"og:image:height\" content=\"1399\" \/>\n\t<meta property=\"og:image:type\" content=\"image\/jpeg\" \/>\n<meta name=\"author\" content=\"Raffy Ben\u00edtez\" \/>\n<meta name=\"twitter:card\" content=\"summary_large_image\" \/>\n<meta name=\"twitter:label1\" content=\"Escrito por\" \/>\n\t<meta name=\"twitter:data1\" content=\"Raffy Ben\u00edtez\" \/>\n\t<meta name=\"twitter:label2\" content=\"Tiempo de lectura\" \/>\n\t<meta name=\"twitter:data2\" content=\"1 minuto\" \/>\n<script type=\"application\/ld+json\" class=\"yoast-schema-graph\">{\"@context\":\"https:\\\/\\\/schema.org\",\"@graph\":[{\"@type\":\"Article\",\"@id\":\"https:\\\/\\\/conexion23.com\\\/?p=40022#article\",\"isPartOf\":{\"@id\":\"https:\\\/\\\/conexion23.com\\\/?p=40022\"},\"author\":{\"name\":\"Raffy Ben\u00edtez\",\"@id\":\"http:\\\/\\\/conexion23.com\\\/#\\\/schema\\\/person\\\/03e36043331117e97a373299bbcd30a6\"},\"headline\":\"Joven pierde la vida por heridas de arma de fuego en El Soco, San Pedro de Macor\u00eds\",\"datePublished\":\"2025-06-07T12:18:53+00:00\",\"dateModified\":\"2025-06-07T12:18:56+00:00\",\"mainEntityOfPage\":{\"@id\":\"https:\\\/\\\/conexion23.com\\\/?p=40022\"},\"wordCount\":144,\"commentCount\":0,\"publisher\":{\"@id\":\"http:\\\/\\\/conexion23.com\\\/#organization\"},\"image\":{\"@id\":\"https:\\\/\\\/conexion23.com\\\/?p=40022#primaryimage\"},\"thumbnailUrl\":\"https:\\\/\\\/conexion23.com\\\/wp-content\\\/uploads\\\/2025\\\/06\\\/ea481940-294f-4713-bd97-1937a914dd89.jpg\",\"articleSection\":[\"SPM\"],\"inLanguage\":\"es\",\"potentialAction\":[{\"@type\":\"CommentAction\",\"name\":\"Comment\",\"target\":[\"https:\\\/\\\/conexion23.com\\\/?p=40022#respond\"]}]},{\"@type\":\"WebPage\",\"@id\":\"https:\\\/\\\/conexion23.com\\\/?p=40022\",\"url\":\"https:\\\/\\\/conexion23.com\\\/?p=40022\",\"name\":\"Joven pierde la vida por heridas de arma de fuego en El Soco, San Pedro de Macor\u00eds - Conexi\u00f3n 23\",\"isPartOf\":{\"@id\":\"http:\\\/\\\/conexion23.com\\\/#website\"},\"primaryImageOfPage\":{\"@id\":\"https:\\\/\\\/conexion23.com\\\/?p=40022#primaryimage\"},\"image\":{\"@id\":\"https:\\\/\\\/conexion23.com\\\/?p=40022#primaryimage\"},\"thumbnailUrl\":\"https:\\\/\\\/conexion23.com\\\/wp-content\\\/uploads\\\/2025\\\/06\\\/ea481940-294f-4713-bd97-1937a914dd89.jpg\",\"datePublished\":\"2025-06-07T12:18:53+00:00\",\"dateModified\":\"2025-06-07T12:18:56+00:00\",\"breadcrumb\":{\"@id\":\"https:\\\/\\\/conexion23.com\\\/?p=40022#breadcrumb\"},\"inLanguage\":\"es\",\"potentialAction\":[{\"@type\":\"ReadAction\",\"target\":[\"https:\\\/\\\/conexion23.com\\\/?p=40022\"]}]},{\"@type\":\"ImageObject\",\"inLanguage\":\"es\",\"@id\":\"https:\\\/\\\/conexion23.com\\\/?p=40022#primaryimage\",\"url\":\"https:\\\/\\\/conexion23.com\\\/wp-content\\\/uploads\\\/2025\\\/06\\\/ea481940-294f-4713-bd97-1937a914dd89.jpg\",\"contentUrl\":\"https:\\\/\\\/conexion23.com\\\/wp-content\\\/uploads\\\/2025\\\/06\\\/ea481940-294f-4713-bd97-1937a914dd89.jpg\",\"width\":1179,\"height\":1399},{\"@type\":\"BreadcrumbList\",\"@id\":\"https:\\\/\\\/conexion23.com\\\/?p=40022#breadcrumb\",\"itemListElement\":[{\"@type\":\"ListItem\",\"position\":1,\"name\":\"Portada\",\"item\":\"http:\\\/\\\/conexion23.com\\\/\"},{\"@type\":\"ListItem\",\"position\":2,\"name\":\"Joven pierde la vida por heridas de arma de fuego en El Soco, San Pedro de Macor\u00eds\"}]},{\"@type\":\"WebSite\",\"@id\":\"http:\\\/\\\/conexion23.com\\\/#website\",\"url\":\"http:\\\/\\\/conexion23.com\\\/\",\"name\":\"Conexi\u00f3n 23\",\"description\":\"Peri\u00f3dico 100% Petromacorisano\",\"publisher\":{\"@id\":\"http:\\\/\\\/conexion23.com\\\/#organization\"},\"potentialAction\":[{\"@type\":\"SearchAction\",\"target\":{\"@type\":\"EntryPoint\",\"urlTemplate\":\"http:\\\/\\\/conexion23.com\\\/?s={search_term_string}\"},\"query-input\":{\"@type\":\"PropertyValueSpecification\",\"valueRequired\":true,\"valueName\":\"search_term_string\"}}],\"inLanguage\":\"es\"},{\"@type\":\"Organization\",\"@id\":\"http:\\\/\\\/conexion23.com\\\/#organization\",\"name\":\"Conexion 23\",\"url\":\"http:\\\/\\\/conexion23.com\\\/\",\"logo\":{\"@type\":\"ImageObject\",\"inLanguage\":\"es\",\"@id\":\"http:\\\/\\\/conexion23.com\\\/#\\\/schema\\\/logo\\\/image\\\/\",\"url\":\"https:\\\/\\\/conexion23.com\\\/wp-content\\\/uploads\\\/2021\\\/11\\\/Diseno-sin-titulo-2.png\",\"contentUrl\":\"https:\\\/\\\/conexion23.com\\\/wp-content\\\/uploads\\\/2021\\\/11\\\/Diseno-sin-titulo-2.png\",\"width\":541,\"height\":90,\"caption\":\"Conexion 23\"},\"image\":{\"@id\":\"http:\\\/\\\/conexion23.com\\\/#\\\/schema\\\/logo\\\/image\\\/\"},\"sameAs\":[\"https:\\\/\\\/www.facebook.com\\\/conexion23com\",\"https:\\\/\\\/www.instagram.com\\\/conexion23com\\\/\",\"https:\\\/\\\/www.youtube.com\\\/channel\\\/UCYc7vxxFZMYLIHNsHHxPZ3Q\"]},{\"@type\":\"Person\",\"@id\":\"http:\\\/\\\/conexion23.com\\\/#\\\/schema\\\/person\\\/03e36043331117e97a373299bbcd30a6\",\"name\":\"Raffy Ben\u00edtez\",\"image\":{\"@type\":\"ImageObject\",\"inLanguage\":\"es\",\"@id\":\"https:\\\/\\\/secure.gravatar.com\\\/avatar\\\/3190a6a6c5e1b0327500f7d6c56b6242472ee6cb974cf09b401ee6b3b0798f23?s=96&d=mm&r=g\",\"url\":\"https:\\\/\\\/secure.gravatar.com\\\/avatar\\\/3190a6a6c5e1b0327500f7d6c56b6242472ee6cb974cf09b401ee6b3b0798f23?s=96&d=mm&r=g\",\"contentUrl\":\"https:\\\/\\\/secure.gravatar.com\\\/avatar\\\/3190a6a6c5e1b0327500f7d6c56b6242472ee6cb974cf09b401ee6b3b0798f23?s=96&d=mm&r=g\",\"caption\":\"Raffy Ben\u00edtez\"},\"url\":\"https:\\\/\\\/conexion23.com\\\/?author=15\"}]}<\/script>\n<!-- \/ Yoast SEO plugin. -->","yoast_head_json":{"title":"Joven pierde la vida por heridas de arma de fuego en El Soco, San Pedro de Macor\u00eds - Conexi\u00f3n 23","robots":{"index":"index","follow":"follow","max-snippet":"max-snippet:-1","max-image-preview":"max-image-preview:large","max-video-preview":"max-video-preview:-1"},"canonical":"https:\/\/conexion23.com\/?p=40022","og_locale":"es_ES","og_type":"article","og_title":"Joven pierde la vida por heridas de arma de fuego en El Soco, San Pedro de Macor\u00eds - Conexi\u00f3n 23","og_description":"Se informa el fallecimiento del joven Juan Alberto Castro Paredes, residente en la comunidad de El Soco, quien perdi\u00f3 la vida tras recibir heridas de arma de fuego en un confuso incidente ocurrido en dicho sector. El hecho se produjo en circunstancias a\u00fan no esclarecidas por las autoridades. Hasta el momento se desconocen los motivos [&hellip;]","og_url":"https:\/\/conexion23.com\/?p=40022","og_site_name":"Conexi\u00f3n 23","article_publisher":"https:\/\/www.facebook.com\/conexion23com","article_published_time":"2025-06-07T12:18:53+00:00","article_modified_time":"2025-06-07T12:18:56+00:00","og_image":[{"width":1179,"height":1399,"url":"https:\/\/conexion23.com\/wp-content\/uploads\/2025\/06\/ea481940-294f-4713-bd97-1937a914dd89.jpg","type":"image\/jpeg"}],"author":"Raffy Ben\u00edtez","twitter_card":"summary_large_image","twitter_misc":{"Escrito por":"Raffy Ben\u00edtez","Tiempo de lectura":"1 minuto"},"schema":{"@context":"https:\/\/schema.org","@graph":[{"@type":"Article","@id":"https:\/\/conexion23.com\/?p=40022#article","isPartOf":{"@id":"https:\/\/conexion23.com\/?p=40022"},"author":{"name":"Raffy Ben\u00edtez","@id":"http:\/\/conexion23.com\/#\/schema\/person\/03e36043331117e97a373299bbcd30a6"},"headline":"Joven pierde la vida por heridas de arma de fuego en El Soco, San Pedro de Macor\u00eds","datePublished":"2025-06-07T12:18:53+00:00","dateModified":"2025-06-07T12:18:56+00:00","mainEntityOfPage":{"@id":"https:\/\/conexion23.com\/?p=40022"},"wordCount":144,"commentCount":0,"publisher":{"@id":"http:\/\/conexion23.com\/#organization"},"image":{"@id":"https:\/\/conexion23.com\/?p=40022#primaryimage"},"thumbnailUrl":"https:\/\/conexion23.com\/wp-content\/uploads\/2025\/06\/ea481940-294f-4713-bd97-1937a914dd89.jpg","articleSection":["SPM"],"inLanguage":"es","potentialAction":[{"@type":"CommentAction","name":"Comment","target":["https:\/\/conexion23.com\/?p=40022#respond"]}]},{"@type":"WebPage","@id":"https:\/\/conexion23.com\/?p=40022","url":"https:\/\/conexion23.com\/?p=40022","name":"Joven pierde la vida por heridas de arma de fuego en El Soco, San Pedro de Macor\u00eds - Conexi\u00f3n 23","isPartOf":{"@id":"http:\/\/conexion23.com\/#website"},"primaryImageOfPage":{"@id":"https:\/\/conexion23.com\/?p=40022#primaryimage"},"image":{"@id":"https:\/\/conexion23.com\/?p=40022#primaryimage"},"thumbnailUrl":"https:\/\/conexion23.com\/wp-content\/uploads\/2025\/06\/ea481940-294f-4713-bd97-1937a914dd89.jpg","datePublished":"2025-06-07T12:18:53+00:00","dateModified":"2025-06-07T12:18:56+00:00","breadcrumb":{"@id":"https:\/\/conexion23.com\/?p=40022#breadcrumb"},"inLanguage":"es","potentialAction":[{"@type":"ReadAction","target":["https:\/\/conexion23.com\/?p=40022"]}]},{"@type":"ImageObject","inLanguage":"es","@id":"https:\/\/conexion23.com\/?p=40022#primaryimage","url":"https:\/\/conexion23.com\/wp-content\/uploads\/2025\/06\/ea481940-294f-4713-bd97-1937a914dd89.jpg","contentUrl":"https:\/\/conexion23.com\/wp-content\/uploads\/2025\/06\/ea481940-294f-4713-bd97-1937a914dd89.jpg","width":1179,"height":1399},{"@type":"BreadcrumbList","@id":"https:\/\/conexion23.com\/?p=40022#breadcrumb","itemListElement":[{"@type":"ListItem","position":1,"name":"Portada","item":"http:\/\/conexion23.com\/"},{"@type":"ListItem","position":2,"name":"Joven pierde la vida por heridas de arma de fuego en El Soco, San Pedro de Macor\u00eds"}]},{"@type":"WebSite","@id":"http:\/\/conexion23.com\/#website","url":"http:\/\/conexion23.com\/","name":"Conexi\u00f3n 23","description":"Peri\u00f3dico 100% Petromacorisano","publisher":{"@id":"http:\/\/conexion23.com\/#organization"},"potentialAction":[{"@type":"SearchAction","target":{"@type":"EntryPoint","urlTemplate":"http:\/\/conexion23.com\/?s={search_term_string}"},"query-input":{"@type":"PropertyValueSpecification","valueRequired":true,"valueName":"search_term_string"}}],"inLanguage":"es"},{"@type":"Organization","@id":"http:\/\/conexion23.com\/#organization","name":"Conexion 23","url":"http:\/\/conexion23.com\/","logo":{"@type":"ImageObject","inLanguage":"es","@id":"http:\/\/conexion23.com\/#\/schema\/logo\/image\/","url":"https:\/\/conexion23.com\/wp-content\/uploads\/2021\/11\/Diseno-sin-titulo-2.png","contentUrl":"https:\/\/conexion23.com\/wp-content\/uploads\/2021\/11\/Diseno-sin-titulo-2.png","width":541,"height":90,"caption":"Conexion 23"},"image":{"@id":"http:\/\/conexion23.com\/#\/schema\/logo\/image\/"},"sameAs":["https:\/\/www.facebook.com\/conexion23com","https:\/\/www.instagram.com\/conexion23com\/","https:\/\/www.youtube.com\/channel\/UCYc7vxxFZMYLIHNsHHxPZ3Q"]},{"@type":"Person","@id":"http:\/\/conexion23.com\/#\/schema\/person\/03e36043331117e97a373299bbcd30a6","name":"Raffy Ben\u00edtez","image":{"@type":"ImageObject","inLanguage":"es","@id":"https:\/\/secure.gravatar.com\/avatar\/3190a6a6c5e1b0327500f7d6c56b6242472ee6cb974cf09b401ee6b3b0798f23?s=96&d=mm&r=g","url":"https:\/\/secure.gravatar.com\/avatar\/3190a6a6c5e1b0327500f7d6c56b6242472ee6cb974cf09b401ee6b3b0798f23?s=96&d=mm&r=g","contentUrl":"https:\/\/secure.gravatar.com\/avatar\/3190a6a6c5e1b0327500f7d6c56b6242472ee6cb974cf09b401ee6b3b0798f23?s=96&d=mm&r=g","caption":"Raffy Ben\u00edtez"},"url":"https:\/\/conexion23.com\/?author=15"}]}},"_links":{"self":[{"href":"https:\/\/conexion23.com\/index.php?rest_route=\/wp\/v2\/posts\/40022","targetHints":{"allow":["GET"]}}],"collection":[{"href":"https:\/\/conexion23.com\/index.php?rest_route=\/wp\/v2\/posts"}],"about":[{"href":"https:\/\/conexion23.com\/index.php?rest_route=\/wp\/v2\/types\/post"}],"author":[{"embeddable":true,"href":"https:\/\/conexion23.com\/index.php?rest_route=\/wp\/v2\/users\/15"}],"replies":[{"embeddable":true,"href":"https:\/\/conexion23.com\/index.php?rest_route=%2Fwp%2Fv2%2Fcomments&post=40022"}],"version-history":[{"count":1,"href":"https:\/\/conexion23.com\/index.php?rest_route=\/wp\/v2\/posts\/40022\/revisions"}],"predecessor-version":[{"id":40024,"href":"https:\/\/conexion23.com\/index.php?rest_route=\/wp\/v2\/posts\/40022\/revisions\/40024"}],"wp:featuredmedia":[{"embeddable":true,"href":"https:\/\/conexion23.com\/index.php?rest_route=\/wp\/v2\/media\/40023"}],"wp:attachment":[{"href":"https:\/\/conexion23.com\/index.php?rest_route=%2Fwp%2Fv2%2Fmedia&parent=40022"}],"wp:term":[{"taxonomy":"category","embeddable":true,"href":"https:\/\/conexion23.com\/index.php?rest_route=%2Fwp%2Fv2%2Fcategories&post=40022"},{"taxonomy":"post_tag","embeddable":true,"href":"https:\/\/conexion23.com\/index.php?rest_route=%2Fwp%2Fv2%2Ftags&post=40022"}],"curies":[{"name":"wp","href":"https:\/\/api.w.org\/{rel}","templated":true}]}}