{"id":40119,"date":"2025-06-10T08:01:18","date_gmt":"2025-06-10T12:01:18","guid":{"rendered":"https:\/\/conexion23.com\/?p=40119"},"modified":"2025-06-10T08:01:19","modified_gmt":"2025-06-10T12:01:19","slug":"aclu-exige-liberen-a-una-dominicana-apresada-en-puerto-rico","status":"publish","type":"post","link":"https:\/\/conexion23.com\/?p=40119","title":{"rendered":"ACLU exige liberen a una dominicana apresada en Puerto Rico"},"content":{"rendered":"\n<p class=\"wp-block-paragraph\">Una mujer dominicana de 47 a\u00f1os fue detenida por la polic\u00eda de Puerto Rico a finales de mayo, despu\u00e9s de que ingres\u00f3 a un edificio municipal para tramitar un permiso para vender helados en la playa.<\/p>\n\n\n\n<p class=\"wp-block-paragraph\">Una vez que fue puesta a disposici\u00f3n de los agentes federales, la mujer present\u00f3 su pasaporte, licencia de conducir y permisos de trabajo que demostraban que viv\u00eda legalmente en la isla, indicaron el lunes su abogado, \u00c1ngel Robles, y la Uni\u00f3n Americana de Libertades Civiles (ACLU) de Puerto Rico.<\/p>\n\n\n\n<p class=\"wp-block-paragraph\">A pesar de que present\u00f3 los documentos, las autoridades la trasladaron recientemente a Texas como parte de una ofensiva federal contra los migrantes que viven ilegalmente en jurisdicciones de Estados Unidos.<\/p>\n\n\n\n<p class=\"wp-block-paragraph\">La mujer, cuyo nombre de pila es Aracelis, no ha sido identificada por su nombre completo porque es v\u00edctima de violencia dom\u00e9stica.<\/p>\n\n\n\n<p class=\"wp-block-paragraph\">Aracelis es una de cientos de personas que han sido detenidas en Puerto Rico desde que comenzaron los arrestos a gran escala a finales de enero, sorprendiendo a muchos en un territorio estadounidense que ha acogido a los migrantes desde hace mucho tiempo.<\/p>\n\n\n\n<p class=\"wp-block-paragraph\">Robles y la ACLU exigieron que Aracelis sea liberada y enviada de regreso a Puerto Rico.<\/p>\n\n\n\n<p class=\"wp-block-paragraph\">\u00abEs outrageous (indignante)\u00bb, dijo Robles en una entrevista telef\u00f3nica. \u00abNo le han radicado cargos, y tampoco tienen el nombre de ella en el sistema\u00bb.<\/p>\n\n\n\n<p class=\"wp-block-paragraph\">Como su nombre no aparece en una base de datos federal, la solicitud de Robles para una audiencia de fianza fue rechazada. \u00abEste operativo es un atropello infame\u00bb, declar\u00f3 Annette Mart\u00ednez Orabona, directora de la ACLU en Puerto Rico.<\/p>\n\n\n\n<p class=\"wp-block-paragraph\">El caso ha desatado la ira ya latente contra la gesti\u00f3n de la gobernadora de Puerto Rico, Jenniffer Gonz\u00e1lez Col\u00f3n, y las autoridades locales que han estado colaborando con agentes del Servicio de Inmigraci\u00f3n y Control de Aduanas de Estados Unidos (ICE por sus iniciales en ingl\u00e9s) para arrestar a quienes se cree que viven ilegalmente en el territorio.<\/p>\n\n\n\n<h3 class=\"wp-block-heading\">VIOLACI\u00d3N DE LA CONSTITUCI\u00d3N<\/h3>\n\n\n\n<p class=\"wp-block-paragraph\">En una carta enviada el lunes a la gobernadora y al secretario de Justicia de la isla, la ACLU acus\u00f3 al gobierno de Puerto Rico de violar la Constituci\u00f3n y las leyes locales al proporcionar al ICE y al Departamento de Seguridad Nacional de Estados Unidos (DHS por sus iniciales en ingl\u00e9s) informaci\u00f3n confidencial de casi 6.000 inmigrantes.<\/p>\n\n\n\n<p class=\"wp-block-paragraph\">Tambi\u00e9n acus\u00f3 al ICE de usar esos datos para realizar una \u00abexpedici\u00f3n de pesca\u00bb que calific\u00f3 de \u00abarbitraria y abusiva\u00bb.<\/p>\n\n\n\n<p class=\"wp-block-paragraph\">Un portavoz de Investigaciones de Seguridad Nacional no respondi\u00f3 de inmediato a una solicitud de comentarios.<\/p>\n\n\n\n<p class=\"wp-block-paragraph\">En Puerto Rico, a los inmigrantes sin autorizaci\u00f3n legal se les permite abrir cuentas bancarias y obtener una licencia de conducir especial.<\/p>\n\n\n\n<p class=\"wp-block-paragraph\">La ACLU en Puerto Rico tambi\u00e9n acus\u00f3 a la administraci\u00f3n de Gonz\u00e1lez Col\u00f3n de no proporcionar a las agencias gubernamentales locales los protocolos para el manejo de este tipo de solicitudes del gobierno federal.<\/p>\n\n\n\n<p class=\"wp-block-paragraph\">Entre otras cosas, la ACLU solicit\u00f3 que el gobierno de Puerto Rico emita una orden ejecutiva que proh\u00edba a las agencias p\u00fablicas colaborar con las citaciones del ICE que no est\u00e9n acompa\u00f1adas de una orden judicial.<\/p>\n\n\n\n<p class=\"wp-block-paragraph\">Una portavoz de la gobernadora no respondi\u00f3 de inmediato a un mensaje en busca de comentarios.<\/p>\n\n\n\n<p class=\"wp-block-paragraph\">Desde el 26 de enero hasta el 20 de marzo, agentes del ICE han arrestado a m\u00e1s de 200 personas, la mayor\u00eda de ellas dominicanas. No hab\u00eda cifras actualizadas de momento.<\/p>\n","protected":false},"excerpt":{"rendered":"<p>Una mujer dominicana de 47 a\u00f1os fue detenida por la polic\u00eda de Puerto Rico a finales de mayo, despu\u00e9s de que ingres\u00f3 a un edificio municipal para tramitar un permiso para vender helados en la playa. Una vez que fue puesta a disposici\u00f3n de los agentes federales, la mujer present\u00f3 su pasaporte, licencia de conducir [&hellip;]<\/p>\n","protected":false},"author":15,"featured_media":40120,"comment_status":"open","ping_status":"open","sticky":false,"template":"","format":"standard","meta":{"footnotes":""},"categories":[1],"tags":[],"class_list":["post-40119","post","type-post","status-publish","format-standard","has-post-thumbnail","category-uncategorized"],"yoast_head":"<!-- This site is optimized with the Yoast SEO plugin v27.6 - https:\/\/yoast.com\/product\/yoast-seo-wordpress\/ -->\n<title>ACLU exige liberen a una dominicana apresada en Puerto Rico - Conexi\u00f3n 23<\/title>\n<meta name=\"robots\" content=\"index, follow, max-snippet:-1, max-image-preview:large, max-video-preview:-1\" \/>\n<link rel=\"canonical\" href=\"https:\/\/conexion23.com\/?p=40119\" \/>\n<meta property=\"og:locale\" content=\"es_ES\" \/>\n<meta property=\"og:type\" content=\"article\" \/>\n<meta property=\"og:title\" content=\"ACLU exige liberen a una dominicana apresada en Puerto Rico - Conexi\u00f3n 23\" \/>\n<meta property=\"og:description\" content=\"Una mujer dominicana de 47 a\u00f1os fue detenida por la polic\u00eda de Puerto Rico a finales de mayo, despu\u00e9s de que ingres\u00f3 a un edificio municipal para tramitar un permiso para vender helados en la playa. Una vez que fue puesta a disposici\u00f3n de los agentes federales, la mujer present\u00f3 su pasaporte, licencia de conducir [&hellip;]\" \/>\n<meta property=\"og:url\" content=\"https:\/\/conexion23.com\/?p=40119\" \/>\n<meta property=\"og:site_name\" content=\"Conexi\u00f3n 23\" \/>\n<meta property=\"article:publisher\" content=\"https:\/\/www.facebook.com\/conexion23com\" \/>\n<meta property=\"article:published_time\" content=\"2025-06-10T12:01:18+00:00\" \/>\n<meta property=\"article:modified_time\" content=\"2025-06-10T12:01:19+00:00\" \/>\n<meta property=\"og:image\" content=\"https:\/\/conexion23.com\/wp-content\/uploads\/2025\/06\/6847943b124ea.jpeg\" \/>\n\t<meta property=\"og:image:width\" content=\"800\" \/>\n\t<meta property=\"og:image:height\" content=\"534\" \/>\n\t<meta property=\"og:image:type\" content=\"image\/jpeg\" \/>\n<meta name=\"author\" content=\"Raffy Ben\u00edtez\" \/>\n<meta name=\"twitter:card\" content=\"summary_large_image\" \/>\n<meta name=\"twitter:label1\" content=\"Escrito por\" \/>\n\t<meta name=\"twitter:data1\" content=\"Raffy Ben\u00edtez\" \/>\n\t<meta name=\"twitter:label2\" content=\"Tiempo de lectura\" \/>\n\t<meta name=\"twitter:data2\" content=\"3 minutos\" \/>\n<script type=\"application\/ld+json\" class=\"yoast-schema-graph\">{\"@context\":\"https:\\\/\\\/schema.org\",\"@graph\":[{\"@type\":\"Article\",\"@id\":\"https:\\\/\\\/conexion23.com\\\/?p=40119#article\",\"isPartOf\":{\"@id\":\"https:\\\/\\\/conexion23.com\\\/?p=40119\"},\"author\":{\"name\":\"Raffy Ben\u00edtez\",\"@id\":\"https:\\\/\\\/conexion23.com\\\/#\\\/schema\\\/person\\\/5d6d767819503a4603e9fd070ecf3ac6\"},\"headline\":\"ACLU exige liberen a una dominicana apresada en Puerto Rico\",\"datePublished\":\"2025-06-10T12:01:18+00:00\",\"dateModified\":\"2025-06-10T12:01:19+00:00\",\"mainEntityOfPage\":{\"@id\":\"https:\\\/\\\/conexion23.com\\\/?p=40119\"},\"wordCount\":595,\"commentCount\":0,\"publisher\":{\"@id\":\"https:\\\/\\\/conexion23.com\\\/#organization\"},\"image\":{\"@id\":\"https:\\\/\\\/conexion23.com\\\/?p=40119#primaryimage\"},\"thumbnailUrl\":\"https:\\\/\\\/conexion23.com\\\/wp-content\\\/uploads\\\/2025\\\/06\\\/6847943b124ea.jpeg\",\"articleSection\":[\"Uncategorized\"],\"inLanguage\":\"es\",\"potentialAction\":[{\"@type\":\"CommentAction\",\"name\":\"Comment\",\"target\":[\"https:\\\/\\\/conexion23.com\\\/?p=40119#respond\"]}]},{\"@type\":\"WebPage\",\"@id\":\"https:\\\/\\\/conexion23.com\\\/?p=40119\",\"url\":\"https:\\\/\\\/conexion23.com\\\/?p=40119\",\"name\":\"ACLU exige liberen a una dominicana apresada en Puerto Rico - Conexi\u00f3n 23\",\"isPartOf\":{\"@id\":\"https:\\\/\\\/conexion23.com\\\/#website\"},\"primaryImageOfPage\":{\"@id\":\"https:\\\/\\\/conexion23.com\\\/?p=40119#primaryimage\"},\"image\":{\"@id\":\"https:\\\/\\\/conexion23.com\\\/?p=40119#primaryimage\"},\"thumbnailUrl\":\"https:\\\/\\\/conexion23.com\\\/wp-content\\\/uploads\\\/2025\\\/06\\\/6847943b124ea.jpeg\",\"datePublished\":\"2025-06-10T12:01:18+00:00\",\"dateModified\":\"2025-06-10T12:01:19+00:00\",\"breadcrumb\":{\"@id\":\"https:\\\/\\\/conexion23.com\\\/?p=40119#breadcrumb\"},\"inLanguage\":\"es\",\"potentialAction\":[{\"@type\":\"ReadAction\",\"target\":[\"https:\\\/\\\/conexion23.com\\\/?p=40119\"]}]},{\"@type\":\"ImageObject\",\"inLanguage\":\"es\",\"@id\":\"https:\\\/\\\/conexion23.com\\\/?p=40119#primaryimage\",\"url\":\"https:\\\/\\\/conexion23.com\\\/wp-content\\\/uploads\\\/2025\\\/06\\\/6847943b124ea.jpeg\",\"contentUrl\":\"https:\\\/\\\/conexion23.com\\\/wp-content\\\/uploads\\\/2025\\\/06\\\/6847943b124ea.jpeg\",\"width\":800,\"height\":534},{\"@type\":\"BreadcrumbList\",\"@id\":\"https:\\\/\\\/conexion23.com\\\/?p=40119#breadcrumb\",\"itemListElement\":[{\"@type\":\"ListItem\",\"position\":1,\"name\":\"Portada\",\"item\":\"https:\\\/\\\/conexion23.com\\\/\"},{\"@type\":\"ListItem\",\"position\":2,\"name\":\"ACLU exige liberen a una dominicana apresada en Puerto Rico\"}]},{\"@type\":\"WebSite\",\"@id\":\"https:\\\/\\\/conexion23.com\\\/#website\",\"url\":\"https:\\\/\\\/conexion23.com\\\/\",\"name\":\"Conexi\u00f3n 23\",\"description\":\"Peri\u00f3dico 100% Petromacorisano\",\"publisher\":{\"@id\":\"https:\\\/\\\/conexion23.com\\\/#organization\"},\"potentialAction\":[{\"@type\":\"SearchAction\",\"target\":{\"@type\":\"EntryPoint\",\"urlTemplate\":\"https:\\\/\\\/conexion23.com\\\/?s={search_term_string}\"},\"query-input\":{\"@type\":\"PropertyValueSpecification\",\"valueRequired\":true,\"valueName\":\"search_term_string\"}}],\"inLanguage\":\"es\"},{\"@type\":\"Organization\",\"@id\":\"https:\\\/\\\/conexion23.com\\\/#organization\",\"name\":\"Conexion 23\",\"url\":\"https:\\\/\\\/conexion23.com\\\/\",\"logo\":{\"@type\":\"ImageObject\",\"inLanguage\":\"es\",\"@id\":\"https:\\\/\\\/conexion23.com\\\/#\\\/schema\\\/logo\\\/image\\\/\",\"url\":\"https:\\\/\\\/conexion23.com\\\/wp-content\\\/uploads\\\/2021\\\/11\\\/Diseno-sin-titulo-2.png\",\"contentUrl\":\"https:\\\/\\\/conexion23.com\\\/wp-content\\\/uploads\\\/2021\\\/11\\\/Diseno-sin-titulo-2.png\",\"width\":541,\"height\":90,\"caption\":\"Conexion 23\"},\"image\":{\"@id\":\"https:\\\/\\\/conexion23.com\\\/#\\\/schema\\\/logo\\\/image\\\/\"},\"sameAs\":[\"https:\\\/\\\/www.facebook.com\\\/conexion23com\",\"https:\\\/\\\/www.instagram.com\\\/conexion23com\\\/\",\"https:\\\/\\\/www.youtube.com\\\/channel\\\/UCYc7vxxFZMYLIHNsHHxPZ3Q\"]},{\"@type\":\"Person\",\"@id\":\"https:\\\/\\\/conexion23.com\\\/#\\\/schema\\\/person\\\/5d6d767819503a4603e9fd070ecf3ac6\",\"name\":\"Raffy Ben\u00edtez\",\"image\":{\"@type\":\"ImageObject\",\"inLanguage\":\"es\",\"@id\":\"https:\\\/\\\/secure.gravatar.com\\\/avatar\\\/3190a6a6c5e1b0327500f7d6c56b6242472ee6cb974cf09b401ee6b3b0798f23?s=96&d=mm&r=g\",\"url\":\"https:\\\/\\\/secure.gravatar.com\\\/avatar\\\/3190a6a6c5e1b0327500f7d6c56b6242472ee6cb974cf09b401ee6b3b0798f23?s=96&d=mm&r=g\",\"contentUrl\":\"https:\\\/\\\/secure.gravatar.com\\\/avatar\\\/3190a6a6c5e1b0327500f7d6c56b6242472ee6cb974cf09b401ee6b3b0798f23?s=96&d=mm&r=g\",\"caption\":\"Raffy Ben\u00edtez\"},\"url\":\"https:\\\/\\\/conexion23.com\\\/?author=15\"}]}<\/script>\n<!-- \/ Yoast SEO plugin. -->","yoast_head_json":{"title":"ACLU exige liberen a una dominicana apresada en Puerto Rico - Conexi\u00f3n 23","robots":{"index":"index","follow":"follow","max-snippet":"max-snippet:-1","max-image-preview":"max-image-preview:large","max-video-preview":"max-video-preview:-1"},"canonical":"https:\/\/conexion23.com\/?p=40119","og_locale":"es_ES","og_type":"article","og_title":"ACLU exige liberen a una dominicana apresada en Puerto Rico - Conexi\u00f3n 23","og_description":"Una mujer dominicana de 47 a\u00f1os fue detenida por la polic\u00eda de Puerto Rico a finales de mayo, despu\u00e9s de que ingres\u00f3 a un edificio municipal para tramitar un permiso para vender helados en la playa. Una vez que fue puesta a disposici\u00f3n de los agentes federales, la mujer present\u00f3 su pasaporte, licencia de conducir [&hellip;]","og_url":"https:\/\/conexion23.com\/?p=40119","og_site_name":"Conexi\u00f3n 23","article_publisher":"https:\/\/www.facebook.com\/conexion23com","article_published_time":"2025-06-10T12:01:18+00:00","article_modified_time":"2025-06-10T12:01:19+00:00","og_image":[{"width":800,"height":534,"url":"https:\/\/conexion23.com\/wp-content\/uploads\/2025\/06\/6847943b124ea.jpeg","type":"image\/jpeg"}],"author":"Raffy Ben\u00edtez","twitter_card":"summary_large_image","twitter_misc":{"Escrito por":"Raffy Ben\u00edtez","Tiempo de lectura":"3 minutos"},"schema":{"@context":"https:\/\/schema.org","@graph":[{"@type":"Article","@id":"https:\/\/conexion23.com\/?p=40119#article","isPartOf":{"@id":"https:\/\/conexion23.com\/?p=40119"},"author":{"name":"Raffy Ben\u00edtez","@id":"https:\/\/conexion23.com\/#\/schema\/person\/5d6d767819503a4603e9fd070ecf3ac6"},"headline":"ACLU exige liberen a una dominicana apresada en Puerto Rico","datePublished":"2025-06-10T12:01:18+00:00","dateModified":"2025-06-10T12:01:19+00:00","mainEntityOfPage":{"@id":"https:\/\/conexion23.com\/?p=40119"},"wordCount":595,"commentCount":0,"publisher":{"@id":"https:\/\/conexion23.com\/#organization"},"image":{"@id":"https:\/\/conexion23.com\/?p=40119#primaryimage"},"thumbnailUrl":"https:\/\/conexion23.com\/wp-content\/uploads\/2025\/06\/6847943b124ea.jpeg","articleSection":["Uncategorized"],"inLanguage":"es","potentialAction":[{"@type":"CommentAction","name":"Comment","target":["https:\/\/conexion23.com\/?p=40119#respond"]}]},{"@type":"WebPage","@id":"https:\/\/conexion23.com\/?p=40119","url":"https:\/\/conexion23.com\/?p=40119","name":"ACLU exige liberen a una dominicana apresada en Puerto Rico - Conexi\u00f3n 23","isPartOf":{"@id":"https:\/\/conexion23.com\/#website"},"primaryImageOfPage":{"@id":"https:\/\/conexion23.com\/?p=40119#primaryimage"},"image":{"@id":"https:\/\/conexion23.com\/?p=40119#primaryimage"},"thumbnailUrl":"https:\/\/conexion23.com\/wp-content\/uploads\/2025\/06\/6847943b124ea.jpeg","datePublished":"2025-06-10T12:01:18+00:00","dateModified":"2025-06-10T12:01:19+00:00","breadcrumb":{"@id":"https:\/\/conexion23.com\/?p=40119#breadcrumb"},"inLanguage":"es","potentialAction":[{"@type":"ReadAction","target":["https:\/\/conexion23.com\/?p=40119"]}]},{"@type":"ImageObject","inLanguage":"es","@id":"https:\/\/conexion23.com\/?p=40119#primaryimage","url":"https:\/\/conexion23.com\/wp-content\/uploads\/2025\/06\/6847943b124ea.jpeg","contentUrl":"https:\/\/conexion23.com\/wp-content\/uploads\/2025\/06\/6847943b124ea.jpeg","width":800,"height":534},{"@type":"BreadcrumbList","@id":"https:\/\/conexion23.com\/?p=40119#breadcrumb","itemListElement":[{"@type":"ListItem","position":1,"name":"Portada","item":"https:\/\/conexion23.com\/"},{"@type":"ListItem","position":2,"name":"ACLU exige liberen a una dominicana apresada en Puerto Rico"}]},{"@type":"WebSite","@id":"https:\/\/conexion23.com\/#website","url":"https:\/\/conexion23.com\/","name":"Conexi\u00f3n 23","description":"Peri\u00f3dico 100% Petromacorisano","publisher":{"@id":"https:\/\/conexion23.com\/#organization"},"potentialAction":[{"@type":"SearchAction","target":{"@type":"EntryPoint","urlTemplate":"https:\/\/conexion23.com\/?s={search_term_string}"},"query-input":{"@type":"PropertyValueSpecification","valueRequired":true,"valueName":"search_term_string"}}],"inLanguage":"es"},{"@type":"Organization","@id":"https:\/\/conexion23.com\/#organization","name":"Conexion 23","url":"https:\/\/conexion23.com\/","logo":{"@type":"ImageObject","inLanguage":"es","@id":"https:\/\/conexion23.com\/#\/schema\/logo\/image\/","url":"https:\/\/conexion23.com\/wp-content\/uploads\/2021\/11\/Diseno-sin-titulo-2.png","contentUrl":"https:\/\/conexion23.com\/wp-content\/uploads\/2021\/11\/Diseno-sin-titulo-2.png","width":541,"height":90,"caption":"Conexion 23"},"image":{"@id":"https:\/\/conexion23.com\/#\/schema\/logo\/image\/"},"sameAs":["https:\/\/www.facebook.com\/conexion23com","https:\/\/www.instagram.com\/conexion23com\/","https:\/\/www.youtube.com\/channel\/UCYc7vxxFZMYLIHNsHHxPZ3Q"]},{"@type":"Person","@id":"https:\/\/conexion23.com\/#\/schema\/person\/5d6d767819503a4603e9fd070ecf3ac6","name":"Raffy Ben\u00edtez","image":{"@type":"ImageObject","inLanguage":"es","@id":"https:\/\/secure.gravatar.com\/avatar\/3190a6a6c5e1b0327500f7d6c56b6242472ee6cb974cf09b401ee6b3b0798f23?s=96&d=mm&r=g","url":"https:\/\/secure.gravatar.com\/avatar\/3190a6a6c5e1b0327500f7d6c56b6242472ee6cb974cf09b401ee6b3b0798f23?s=96&d=mm&r=g","contentUrl":"https:\/\/secure.gravatar.com\/avatar\/3190a6a6c5e1b0327500f7d6c56b6242472ee6cb974cf09b401ee6b3b0798f23?s=96&d=mm&r=g","caption":"Raffy Ben\u00edtez"},"url":"https:\/\/conexion23.com\/?author=15"}]}},"_links":{"self":[{"href":"https:\/\/conexion23.com\/index.php?rest_route=\/wp\/v2\/posts\/40119","targetHints":{"allow":["GET"]}}],"collection":[{"href":"https:\/\/conexion23.com\/index.php?rest_route=\/wp\/v2\/posts"}],"about":[{"href":"https:\/\/conexion23.com\/index.php?rest_route=\/wp\/v2\/types\/post"}],"author":[{"embeddable":true,"href":"https:\/\/conexion23.com\/index.php?rest_route=\/wp\/v2\/users\/15"}],"replies":[{"embeddable":true,"href":"https:\/\/conexion23.com\/index.php?rest_route=%2Fwp%2Fv2%2Fcomments&post=40119"}],"version-history":[{"count":1,"href":"https:\/\/conexion23.com\/index.php?rest_route=\/wp\/v2\/posts\/40119\/revisions"}],"predecessor-version":[{"id":40121,"href":"https:\/\/conexion23.com\/index.php?rest_route=\/wp\/v2\/posts\/40119\/revisions\/40121"}],"wp:featuredmedia":[{"embeddable":true,"href":"https:\/\/conexion23.com\/index.php?rest_route=\/wp\/v2\/media\/40120"}],"wp:attachment":[{"href":"https:\/\/conexion23.com\/index.php?rest_route=%2Fwp%2Fv2%2Fmedia&parent=40119"}],"wp:term":[{"taxonomy":"category","embeddable":true,"href":"https:\/\/conexion23.com\/index.php?rest_route=%2Fwp%2Fv2%2Fcategories&post=40119"},{"taxonomy":"post_tag","embeddable":true,"href":"https:\/\/conexion23.com\/index.php?rest_route=%2Fwp%2Fv2%2Ftags&post=40119"}],"curies":[{"name":"wp","href":"https:\/\/api.w.org\/{rel}","templated":true}]}}