{"id":4012,"date":"2022-03-05T09:51:58","date_gmt":"2022-03-05T13:51:58","guid":{"rendered":"https:\/\/conexion23.com\/?p=4012"},"modified":"2022-03-05T09:52:04","modified_gmt":"2022-03-05T13:52:04","slug":"diputado-miguel-gutierrez-diaz-en-vigilancia-de-suicidio-en-carcel-federal-ee-uu","status":"publish","type":"post","link":"https:\/\/conexion23.com\/?p=4012","title":{"rendered":"Diputado Miguel Guti\u00e9rrez D\u00edaz en vigilancia de suicidio en c\u00e1rcel federal EE.UU"},"content":{"rendered":"\n<p>Miguel Andr\u00e9s Guti\u00e9rrez D\u00edaz, diputado por Santiago investigado por tr\u00e1fico de drogas en Estados Unidos, est\u00e1 bajo vigilancia de suicidio en una c\u00e1rcel federal de Miami, en los Estados Unidos.<\/p>\n\n\n\n<p>El abogado del imputado, Dennis Urbano, dijo al \u201cMiami Herald\u201d que<strong>&nbsp;es la segunda ocasi\u00f3n desde el pasado mes de diciembre que pide vigilancia por alerta de suicidio para Guti\u00e9rrez D\u00edaz<\/strong>, quien se encuentra reclu\u00eddo en el Centro Federal de Detenci\u00f3n de Miami.<\/p>\n\n\n\n<p>De acuerdo con una noticia publicada por el peri\u00f3dico estadounidense, el acusado de tr\u00e1fico de drogas&nbsp;<strong>est\u00e1 siendo evaluado psicol\u00f3gicamente&nbsp;<\/strong>para determinar si est\u00e1 preparado para ser juzgado.<\/p>\n\n\n\n<p>El hermano del pol\u00edtico dominicano, llamado Miguel Emilio Guti\u00e9rrez D\u00edaz,<strong>&nbsp;podr\u00eda ser condenado hasta a 15 a\u00f1os de prisi\u00f3n<\/strong>, pero es probable que reciba una pena menor debido a su cooperaci\u00f3n con la investigaci\u00f3n.<\/p>\n\n\n\n<p>En el caso del diputado Miguel Guti\u00e9rrez D\u00edaz, apresado en mayo de 2021 en el aeropuerto internacional de Miami, visit\u00f3 la ciudad para acudir a la graduaci\u00f3n de uno de sus hijos.&nbsp;<\/p>\n\n\n\n<p>El legislador dominicano Guti\u00e9rrez D\u00edaz naci\u00f3 el 31 de enero de 1963 en la provincia Santiago.<\/p>\n","protected":false},"excerpt":{"rendered":"<p>Miguel Andr\u00e9s Guti\u00e9rrez D\u00edaz, diputado por Santiago investigado por tr\u00e1fico de drogas en Estados Unidos, est\u00e1 bajo vigilancia de suicidio en una c\u00e1rcel federal de Miami, en los Estados Unidos. El abogado del imputado, Dennis Urbano, dijo al \u201cMiami Herald\u201d que&nbsp;es la segunda ocasi\u00f3n desde el pasado mes de diciembre que pide vigilancia por alerta [&hellip;]<\/p>\n","protected":false},"author":7,"featured_media":0,"comment_status":"open","ping_status":"open","sticky":false,"template":"","format":"standard","meta":{"footnotes":""},"categories":[1],"tags":[],"class_list":{"0":"post-4012","1":"post","2":"type-post","3":"status-publish","4":"format-standard","6":"category-uncategorized"},"yoast_head":"<!-- This site is optimized with the Yoast SEO plugin v27.1.1 - https:\/\/yoast.com\/product\/yoast-seo-wordpress\/ -->\n<title>Diputado Miguel Guti\u00e9rrez D\u00edaz en vigilancia de suicidio en c\u00e1rcel federal EE.UU - Conexi\u00f3n 23<\/title>\n<meta name=\"robots\" content=\"index, follow, max-snippet:-1, max-image-preview:large, max-video-preview:-1\" \/>\n<link rel=\"canonical\" href=\"http:\/\/conexion23.com\/?p=4012\" \/>\n<meta property=\"og:locale\" content=\"es_ES\" \/>\n<meta property=\"og:type\" content=\"article\" \/>\n<meta property=\"og:title\" content=\"Diputado Miguel Guti\u00e9rrez D\u00edaz en vigilancia de suicidio en c\u00e1rcel federal EE.UU - Conexi\u00f3n 23\" \/>\n<meta property=\"og:description\" content=\"Miguel Andr\u00e9s Guti\u00e9rrez D\u00edaz, diputado por Santiago investigado por tr\u00e1fico de drogas en Estados Unidos, est\u00e1 bajo vigilancia de suicidio en una c\u00e1rcel federal de Miami, en los Estados Unidos. El abogado del imputado, Dennis Urbano, dijo al \u201cMiami Herald\u201d que&nbsp;es la segunda ocasi\u00f3n desde el pasado mes de diciembre que pide vigilancia por alerta [&hellip;]\" \/>\n<meta property=\"og:url\" content=\"http:\/\/conexion23.com\/?p=4012\" \/>\n<meta property=\"og:site_name\" content=\"Conexi\u00f3n 23\" \/>\n<meta property=\"article:publisher\" content=\"https:\/\/www.facebook.com\/conexion23com\" \/>\n<meta property=\"article:published_time\" content=\"2022-03-05T13:51:58+00:00\" \/>\n<meta property=\"article:modified_time\" content=\"2022-03-05T13:52:04+00:00\" \/>\n<meta name=\"author\" content=\"Benjam\u00edn Rosario\" \/>\n<meta name=\"twitter:card\" content=\"summary_large_image\" \/>\n<meta name=\"twitter:label1\" content=\"Escrito por\" \/>\n\t<meta name=\"twitter:data1\" content=\"Benjam\u00edn Rosario\" \/>\n\t<meta name=\"twitter:label2\" content=\"Tiempo de lectura\" \/>\n\t<meta name=\"twitter:data2\" content=\"1 minuto\" \/>\n<script type=\"application\/ld+json\" class=\"yoast-schema-graph\">{\"@context\":\"https:\/\/schema.org\",\"@graph\":[{\"@type\":\"Article\",\"@id\":\"http:\/\/conexion23.com\/?p=4012#article\",\"isPartOf\":{\"@id\":\"http:\/\/conexion23.com\/?p=4012\"},\"author\":{\"name\":\"Benjam\u00edn Rosario\",\"@id\":\"https:\/\/conexion23.com\/#\/schema\/person\/c0b7ce1f0e7a915d08fa289072b8353a\"},\"headline\":\"Diputado Miguel Guti\u00e9rrez D\u00edaz en vigilancia de suicidio en c\u00e1rcel federal EE.UU\",\"datePublished\":\"2022-03-05T13:51:58+00:00\",\"dateModified\":\"2022-03-05T13:52:04+00:00\",\"mainEntityOfPage\":{\"@id\":\"http:\/\/conexion23.com\/?p=4012\"},\"wordCount\":226,\"commentCount\":0,\"publisher\":{\"@id\":\"https:\/\/conexion23.com\/#organization\"},\"articleSection\":[\"Uncategorized\"],\"inLanguage\":\"es\",\"potentialAction\":[{\"@type\":\"CommentAction\",\"name\":\"Comment\",\"target\":[\"http:\/\/conexion23.com\/?p=4012#respond\"]}]},{\"@type\":\"WebPage\",\"@id\":\"http:\/\/conexion23.com\/?p=4012\",\"url\":\"http:\/\/conexion23.com\/?p=4012\",\"name\":\"Diputado Miguel Guti\u00e9rrez D\u00edaz en vigilancia de suicidio en c\u00e1rcel federal EE.UU - Conexi\u00f3n 23\",\"isPartOf\":{\"@id\":\"https:\/\/conexion23.com\/#website\"},\"datePublished\":\"2022-03-05T13:51:58+00:00\",\"dateModified\":\"2022-03-05T13:52:04+00:00\",\"breadcrumb\":{\"@id\":\"http:\/\/conexion23.com\/?p=4012#breadcrumb\"},\"inLanguage\":\"es\",\"potentialAction\":[{\"@type\":\"ReadAction\",\"target\":[\"http:\/\/conexion23.com\/?p=4012\"]}]},{\"@type\":\"BreadcrumbList\",\"@id\":\"http:\/\/conexion23.com\/?p=4012#breadcrumb\",\"itemListElement\":[{\"@type\":\"ListItem\",\"position\":1,\"name\":\"Portada\",\"item\":\"https:\/\/conexion23.com\/\"},{\"@type\":\"ListItem\",\"position\":2,\"name\":\"Diputado Miguel Guti\u00e9rrez D\u00edaz en vigilancia de suicidio en c\u00e1rcel federal EE.UU\"}]},{\"@type\":\"WebSite\",\"@id\":\"https:\/\/conexion23.com\/#website\",\"url\":\"https:\/\/conexion23.com\/\",\"name\":\"Conexi\u00f3n 23\",\"description\":\"Peri\u00f3dico 100% Petromacorisano\",\"publisher\":{\"@id\":\"https:\/\/conexion23.com\/#organization\"},\"potentialAction\":[{\"@type\":\"SearchAction\",\"target\":{\"@type\":\"EntryPoint\",\"urlTemplate\":\"https:\/\/conexion23.com\/?s={search_term_string}\"},\"query-input\":{\"@type\":\"PropertyValueSpecification\",\"valueRequired\":true,\"valueName\":\"search_term_string\"}}],\"inLanguage\":\"es\"},{\"@type\":\"Organization\",\"@id\":\"https:\/\/conexion23.com\/#organization\",\"name\":\"Conexion 23\",\"url\":\"https:\/\/conexion23.com\/\",\"logo\":{\"@type\":\"ImageObject\",\"inLanguage\":\"es\",\"@id\":\"https:\/\/conexion23.com\/#\/schema\/logo\/image\/\",\"url\":\"https:\/\/conexion23.com\/wp-content\/uploads\/2021\/11\/Diseno-sin-titulo-2.png\",\"contentUrl\":\"https:\/\/conexion23.com\/wp-content\/uploads\/2021\/11\/Diseno-sin-titulo-2.png\",\"width\":541,\"height\":90,\"caption\":\"Conexion 23\"},\"image\":{\"@id\":\"https:\/\/conexion23.com\/#\/schema\/logo\/image\/\"},\"sameAs\":[\"https:\/\/www.facebook.com\/conexion23com\",\"https:\/\/www.instagram.com\/conexion23com\/\",\"https:\/\/www.youtube.com\/channel\/UCYc7vxxFZMYLIHNsHHxPZ3Q\"]},{\"@type\":\"Person\",\"@id\":\"https:\/\/conexion23.com\/#\/schema\/person\/c0b7ce1f0e7a915d08fa289072b8353a\",\"name\":\"Benjam\u00edn Rosario\",\"image\":{\"@type\":\"ImageObject\",\"inLanguage\":\"es\",\"@id\":\"https:\/\/conexion23.com\/#\/schema\/person\/image\/\",\"url\":\"https:\/\/secure.gravatar.com\/avatar\/62e1b2539b49cdeb50ee302e2a5f2bd31dc7fdba412bbac67e2a2a6e0c89bb2a?s=96&d=mm&r=g\",\"contentUrl\":\"https:\/\/secure.gravatar.com\/avatar\/62e1b2539b49cdeb50ee302e2a5f2bd31dc7fdba412bbac67e2a2a6e0c89bb2a?s=96&d=mm&r=g\",\"caption\":\"Benjam\u00edn Rosario\"},\"url\":\"https:\/\/conexion23.com\/?author=7\"}]}<\/script>\n<!-- \/ Yoast SEO plugin. -->","yoast_head_json":{"title":"Diputado Miguel Guti\u00e9rrez D\u00edaz en vigilancia de suicidio en c\u00e1rcel federal EE.UU - Conexi\u00f3n 23","robots":{"index":"index","follow":"follow","max-snippet":"max-snippet:-1","max-image-preview":"max-image-preview:large","max-video-preview":"max-video-preview:-1"},"canonical":"http:\/\/conexion23.com\/?p=4012","og_locale":"es_ES","og_type":"article","og_title":"Diputado Miguel Guti\u00e9rrez D\u00edaz en vigilancia de suicidio en c\u00e1rcel federal EE.UU - Conexi\u00f3n 23","og_description":"Miguel Andr\u00e9s Guti\u00e9rrez D\u00edaz, diputado por Santiago investigado por tr\u00e1fico de drogas en Estados Unidos, est\u00e1 bajo vigilancia de suicidio en una c\u00e1rcel federal de Miami, en los Estados Unidos. El abogado del imputado, Dennis Urbano, dijo al \u201cMiami Herald\u201d que&nbsp;es la segunda ocasi\u00f3n desde el pasado mes de diciembre que pide vigilancia por alerta [&hellip;]","og_url":"http:\/\/conexion23.com\/?p=4012","og_site_name":"Conexi\u00f3n 23","article_publisher":"https:\/\/www.facebook.com\/conexion23com","article_published_time":"2022-03-05T13:51:58+00:00","article_modified_time":"2022-03-05T13:52:04+00:00","author":"Benjam\u00edn Rosario","twitter_card":"summary_large_image","twitter_misc":{"Escrito por":"Benjam\u00edn Rosario","Tiempo de lectura":"1 minuto"},"schema":{"@context":"https:\/\/schema.org","@graph":[{"@type":"Article","@id":"http:\/\/conexion23.com\/?p=4012#article","isPartOf":{"@id":"http:\/\/conexion23.com\/?p=4012"},"author":{"name":"Benjam\u00edn Rosario","@id":"https:\/\/conexion23.com\/#\/schema\/person\/c0b7ce1f0e7a915d08fa289072b8353a"},"headline":"Diputado Miguel Guti\u00e9rrez D\u00edaz en vigilancia de suicidio en c\u00e1rcel federal EE.UU","datePublished":"2022-03-05T13:51:58+00:00","dateModified":"2022-03-05T13:52:04+00:00","mainEntityOfPage":{"@id":"http:\/\/conexion23.com\/?p=4012"},"wordCount":226,"commentCount":0,"publisher":{"@id":"https:\/\/conexion23.com\/#organization"},"articleSection":["Uncategorized"],"inLanguage":"es","potentialAction":[{"@type":"CommentAction","name":"Comment","target":["http:\/\/conexion23.com\/?p=4012#respond"]}]},{"@type":"WebPage","@id":"http:\/\/conexion23.com\/?p=4012","url":"http:\/\/conexion23.com\/?p=4012","name":"Diputado Miguel Guti\u00e9rrez D\u00edaz en vigilancia de suicidio en c\u00e1rcel federal EE.UU - Conexi\u00f3n 23","isPartOf":{"@id":"https:\/\/conexion23.com\/#website"},"datePublished":"2022-03-05T13:51:58+00:00","dateModified":"2022-03-05T13:52:04+00:00","breadcrumb":{"@id":"http:\/\/conexion23.com\/?p=4012#breadcrumb"},"inLanguage":"es","potentialAction":[{"@type":"ReadAction","target":["http:\/\/conexion23.com\/?p=4012"]}]},{"@type":"BreadcrumbList","@id":"http:\/\/conexion23.com\/?p=4012#breadcrumb","itemListElement":[{"@type":"ListItem","position":1,"name":"Portada","item":"https:\/\/conexion23.com\/"},{"@type":"ListItem","position":2,"name":"Diputado Miguel Guti\u00e9rrez D\u00edaz en vigilancia de suicidio en c\u00e1rcel federal EE.UU"}]},{"@type":"WebSite","@id":"https:\/\/conexion23.com\/#website","url":"https:\/\/conexion23.com\/","name":"Conexi\u00f3n 23","description":"Peri\u00f3dico 100% Petromacorisano","publisher":{"@id":"https:\/\/conexion23.com\/#organization"},"potentialAction":[{"@type":"SearchAction","target":{"@type":"EntryPoint","urlTemplate":"https:\/\/conexion23.com\/?s={search_term_string}"},"query-input":{"@type":"PropertyValueSpecification","valueRequired":true,"valueName":"search_term_string"}}],"inLanguage":"es"},{"@type":"Organization","@id":"https:\/\/conexion23.com\/#organization","name":"Conexion 23","url":"https:\/\/conexion23.com\/","logo":{"@type":"ImageObject","inLanguage":"es","@id":"https:\/\/conexion23.com\/#\/schema\/logo\/image\/","url":"https:\/\/conexion23.com\/wp-content\/uploads\/2021\/11\/Diseno-sin-titulo-2.png","contentUrl":"https:\/\/conexion23.com\/wp-content\/uploads\/2021\/11\/Diseno-sin-titulo-2.png","width":541,"height":90,"caption":"Conexion 23"},"image":{"@id":"https:\/\/conexion23.com\/#\/schema\/logo\/image\/"},"sameAs":["https:\/\/www.facebook.com\/conexion23com","https:\/\/www.instagram.com\/conexion23com\/","https:\/\/www.youtube.com\/channel\/UCYc7vxxFZMYLIHNsHHxPZ3Q"]},{"@type":"Person","@id":"https:\/\/conexion23.com\/#\/schema\/person\/c0b7ce1f0e7a915d08fa289072b8353a","name":"Benjam\u00edn Rosario","image":{"@type":"ImageObject","inLanguage":"es","@id":"https:\/\/conexion23.com\/#\/schema\/person\/image\/","url":"https:\/\/secure.gravatar.com\/avatar\/62e1b2539b49cdeb50ee302e2a5f2bd31dc7fdba412bbac67e2a2a6e0c89bb2a?s=96&d=mm&r=g","contentUrl":"https:\/\/secure.gravatar.com\/avatar\/62e1b2539b49cdeb50ee302e2a5f2bd31dc7fdba412bbac67e2a2a6e0c89bb2a?s=96&d=mm&r=g","caption":"Benjam\u00edn Rosario"},"url":"https:\/\/conexion23.com\/?author=7"}]}},"_links":{"self":[{"href":"https:\/\/conexion23.com\/index.php?rest_route=\/wp\/v2\/posts\/4012","targetHints":{"allow":["GET"]}}],"collection":[{"href":"https:\/\/conexion23.com\/index.php?rest_route=\/wp\/v2\/posts"}],"about":[{"href":"https:\/\/conexion23.com\/index.php?rest_route=\/wp\/v2\/types\/post"}],"author":[{"embeddable":true,"href":"https:\/\/conexion23.com\/index.php?rest_route=\/wp\/v2\/users\/7"}],"replies":[{"embeddable":true,"href":"https:\/\/conexion23.com\/index.php?rest_route=%2Fwp%2Fv2%2Fcomments&post=4012"}],"version-history":[{"count":1,"href":"https:\/\/conexion23.com\/index.php?rest_route=\/wp\/v2\/posts\/4012\/revisions"}],"predecessor-version":[{"id":4014,"href":"https:\/\/conexion23.com\/index.php?rest_route=\/wp\/v2\/posts\/4012\/revisions\/4014"}],"wp:attachment":[{"href":"https:\/\/conexion23.com\/index.php?rest_route=%2Fwp%2Fv2%2Fmedia&parent=4012"}],"wp:term":[{"taxonomy":"category","embeddable":true,"href":"https:\/\/conexion23.com\/index.php?rest_route=%2Fwp%2Fv2%2Fcategories&post=4012"},{"taxonomy":"post_tag","embeddable":true,"href":"https:\/\/conexion23.com\/index.php?rest_route=%2Fwp%2Fv2%2Ftags&post=4012"}],"curies":[{"name":"wp","href":"https:\/\/api.w.org\/{rel}","templated":true}]}}