{"id":40166,"date":"2025-06-11T07:49:52","date_gmt":"2025-06-11T11:49:52","guid":{"rendered":"https:\/\/conexion23.com\/?p=40166"},"modified":"2025-06-11T07:49:54","modified_gmt":"2025-06-11T11:49:54","slug":"dos-muertos-y-seis-heridos-en-accidente-en-matanzas-peravia","status":"publish","type":"post","link":"https:\/\/conexion23.com\/?p=40166","title":{"rendered":"Dos muertos y seis heridos en accidente en Matanzas, Peravia"},"content":{"rendered":"\n<p class=\"wp-block-paragraph\">Dos personas fallecieron y seis resultaron heridas de gravedad tras un accidente entre un minib\u00fas y una camioneta Nissan en el kil\u00f3metro 78 de la carretera S\u00e1nchez, pr\u00f3ximo al cruce de Gale\u00f3n, en Matanzas.<\/p>\n\n\n\n<p class=\"wp-block-paragraph\">Las v\u00edctimas mortales fueron Franchesca Feliz Pe\u00f1a, de 25 a\u00f1os, residente en Tamayo, Barahona, y Alan Villalona, del barrio 30 de Mayo en Ban\u00ed, quienes murieron por politraumatismos severos.<\/p>\n\n\n\n<p class=\"wp-block-paragraph\">Entre los heridos se encuentran Santo Cruz, N\u00e9stor Medina (chofer del minib\u00fas), Cuello Pineda (cobrador), Xiomara Encarnaci\u00f3n y Lidivina Cuevas, residentes en Vicente Noble, Barahona.<\/p>\n\n\n\n<p class=\"wp-block-paragraph\">Equipos de bomberos de Matanzas y Ban\u00ed rescataron los cuerpos, mientras unas siete ambulancias del DAEH trasladaron a los heridos a los hospitales Nuestra Se\u00f1ora de Regla, en Ban\u00ed, y Regional Taiw\u00e1n, en Az\u00faa. La DIGESETT trabaj\u00f3 en la regulaci\u00f3n del tr\u00e1nsito, afectado por un gran taponamiento en la zona.<\/p>\n","protected":false},"excerpt":{"rendered":"<p>Dos personas fallecieron y seis resultaron heridas de gravedad tras un accidente entre un minib\u00fas y una camioneta Nissan en el kil\u00f3metro 78 de la carretera S\u00e1nchez, pr\u00f3ximo al cruce de Gale\u00f3n, en Matanzas. Las v\u00edctimas mortales fueron Franchesca Feliz Pe\u00f1a, de 25 a\u00f1os, residente en Tamayo, Barahona, y Alan Villalona, del barrio 30 de [&hellip;]<\/p>\n","protected":false},"author":15,"featured_media":40167,"comment_status":"open","ping_status":"open","sticky":false,"template":"","format":"standard","meta":{"footnotes":""},"categories":[1],"tags":[],"class_list":["post-40166","post","type-post","status-publish","format-standard","has-post-thumbnail","category-uncategorized"],"yoast_head":"<!-- This site is optimized with the Yoast SEO plugin v27.6 - https:\/\/yoast.com\/product\/yoast-seo-wordpress\/ -->\n<title>Dos muertos y seis heridos en accidente en Matanzas, Peravia - Conexi\u00f3n 23<\/title>\n<meta name=\"robots\" content=\"index, follow, max-snippet:-1, max-image-preview:large, max-video-preview:-1\" \/>\n<link rel=\"canonical\" href=\"https:\/\/conexion23.com\/?p=40166\" \/>\n<meta property=\"og:locale\" content=\"es_ES\" \/>\n<meta property=\"og:type\" content=\"article\" \/>\n<meta property=\"og:title\" content=\"Dos muertos y seis heridos en accidente en Matanzas, Peravia - Conexi\u00f3n 23\" \/>\n<meta property=\"og:description\" content=\"Dos personas fallecieron y seis resultaron heridas de gravedad tras un accidente entre un minib\u00fas y una camioneta Nissan en el kil\u00f3metro 78 de la carretera S\u00e1nchez, pr\u00f3ximo al cruce de Gale\u00f3n, en Matanzas. Las v\u00edctimas mortales fueron Franchesca Feliz Pe\u00f1a, de 25 a\u00f1os, residente en Tamayo, Barahona, y Alan Villalona, del barrio 30 de [&hellip;]\" \/>\n<meta property=\"og:url\" content=\"https:\/\/conexion23.com\/?p=40166\" \/>\n<meta property=\"og:site_name\" content=\"Conexi\u00f3n 23\" \/>\n<meta property=\"article:publisher\" content=\"https:\/\/www.facebook.com\/conexion23com\" \/>\n<meta property=\"article:published_time\" content=\"2025-06-11T11:49:52+00:00\" \/>\n<meta property=\"article:modified_time\" content=\"2025-06-11T11:49:54+00:00\" \/>\n<meta property=\"og:image\" content=\"https:\/\/conexion23.com\/wp-content\/uploads\/2025\/06\/IMG-20250610-WA0081.jpg\" \/>\n\t<meta property=\"og:image:width\" content=\"320\" \/>\n\t<meta property=\"og:image:height\" content=\"308\" \/>\n\t<meta property=\"og:image:type\" content=\"image\/jpeg\" \/>\n<meta name=\"author\" content=\"Raffy Ben\u00edtez\" \/>\n<meta name=\"twitter:card\" content=\"summary_large_image\" \/>\n<meta name=\"twitter:label1\" content=\"Escrito por\" \/>\n\t<meta name=\"twitter:data1\" content=\"Raffy Ben\u00edtez\" \/>\n\t<meta name=\"twitter:label2\" content=\"Tiempo de lectura\" \/>\n\t<meta name=\"twitter:data2\" content=\"1 minuto\" \/>\n<script type=\"application\/ld+json\" class=\"yoast-schema-graph\">{\"@context\":\"https:\\\/\\\/schema.org\",\"@graph\":[{\"@type\":\"Article\",\"@id\":\"https:\\\/\\\/conexion23.com\\\/?p=40166#article\",\"isPartOf\":{\"@id\":\"https:\\\/\\\/conexion23.com\\\/?p=40166\"},\"author\":{\"name\":\"Raffy Ben\u00edtez\",\"@id\":\"https:\\\/\\\/conexion23.com\\\/#\\\/schema\\\/person\\\/03e36043331117e97a373299bbcd30a6\"},\"headline\":\"Dos muertos y seis heridos en accidente en Matanzas, Peravia\",\"datePublished\":\"2025-06-11T11:49:52+00:00\",\"dateModified\":\"2025-06-11T11:49:54+00:00\",\"mainEntityOfPage\":{\"@id\":\"https:\\\/\\\/conexion23.com\\\/?p=40166\"},\"wordCount\":161,\"commentCount\":0,\"publisher\":{\"@id\":\"https:\\\/\\\/conexion23.com\\\/#organization\"},\"image\":{\"@id\":\"https:\\\/\\\/conexion23.com\\\/?p=40166#primaryimage\"},\"thumbnailUrl\":\"https:\\\/\\\/conexion23.com\\\/wp-content\\\/uploads\\\/2025\\\/06\\\/IMG-20250610-WA0081.jpg\",\"articleSection\":[\"Uncategorized\"],\"inLanguage\":\"es\",\"potentialAction\":[{\"@type\":\"CommentAction\",\"name\":\"Comment\",\"target\":[\"https:\\\/\\\/conexion23.com\\\/?p=40166#respond\"]}]},{\"@type\":\"WebPage\",\"@id\":\"https:\\\/\\\/conexion23.com\\\/?p=40166\",\"url\":\"https:\\\/\\\/conexion23.com\\\/?p=40166\",\"name\":\"Dos muertos y seis heridos en accidente en Matanzas, Peravia - Conexi\u00f3n 23\",\"isPartOf\":{\"@id\":\"https:\\\/\\\/conexion23.com\\\/#website\"},\"primaryImageOfPage\":{\"@id\":\"https:\\\/\\\/conexion23.com\\\/?p=40166#primaryimage\"},\"image\":{\"@id\":\"https:\\\/\\\/conexion23.com\\\/?p=40166#primaryimage\"},\"thumbnailUrl\":\"https:\\\/\\\/conexion23.com\\\/wp-content\\\/uploads\\\/2025\\\/06\\\/IMG-20250610-WA0081.jpg\",\"datePublished\":\"2025-06-11T11:49:52+00:00\",\"dateModified\":\"2025-06-11T11:49:54+00:00\",\"breadcrumb\":{\"@id\":\"https:\\\/\\\/conexion23.com\\\/?p=40166#breadcrumb\"},\"inLanguage\":\"es\",\"potentialAction\":[{\"@type\":\"ReadAction\",\"target\":[\"https:\\\/\\\/conexion23.com\\\/?p=40166\"]}]},{\"@type\":\"ImageObject\",\"inLanguage\":\"es\",\"@id\":\"https:\\\/\\\/conexion23.com\\\/?p=40166#primaryimage\",\"url\":\"https:\\\/\\\/conexion23.com\\\/wp-content\\\/uploads\\\/2025\\\/06\\\/IMG-20250610-WA0081.jpg\",\"contentUrl\":\"https:\\\/\\\/conexion23.com\\\/wp-content\\\/uploads\\\/2025\\\/06\\\/IMG-20250610-WA0081.jpg\",\"width\":320,\"height\":308},{\"@type\":\"BreadcrumbList\",\"@id\":\"https:\\\/\\\/conexion23.com\\\/?p=40166#breadcrumb\",\"itemListElement\":[{\"@type\":\"ListItem\",\"position\":1,\"name\":\"Portada\",\"item\":\"https:\\\/\\\/conexion23.com\\\/\"},{\"@type\":\"ListItem\",\"position\":2,\"name\":\"Dos muertos y seis heridos en accidente en Matanzas, Peravia\"}]},{\"@type\":\"WebSite\",\"@id\":\"https:\\\/\\\/conexion23.com\\\/#website\",\"url\":\"https:\\\/\\\/conexion23.com\\\/\",\"name\":\"Conexi\u00f3n 23\",\"description\":\"Peri\u00f3dico 100% Petromacorisano\",\"publisher\":{\"@id\":\"https:\\\/\\\/conexion23.com\\\/#organization\"},\"potentialAction\":[{\"@type\":\"SearchAction\",\"target\":{\"@type\":\"EntryPoint\",\"urlTemplate\":\"https:\\\/\\\/conexion23.com\\\/?s={search_term_string}\"},\"query-input\":{\"@type\":\"PropertyValueSpecification\",\"valueRequired\":true,\"valueName\":\"search_term_string\"}}],\"inLanguage\":\"es\"},{\"@type\":\"Organization\",\"@id\":\"https:\\\/\\\/conexion23.com\\\/#organization\",\"name\":\"Conexion 23\",\"url\":\"https:\\\/\\\/conexion23.com\\\/\",\"logo\":{\"@type\":\"ImageObject\",\"inLanguage\":\"es\",\"@id\":\"https:\\\/\\\/conexion23.com\\\/#\\\/schema\\\/logo\\\/image\\\/\",\"url\":\"https:\\\/\\\/conexion23.com\\\/wp-content\\\/uploads\\\/2021\\\/11\\\/Diseno-sin-titulo-2.png\",\"contentUrl\":\"https:\\\/\\\/conexion23.com\\\/wp-content\\\/uploads\\\/2021\\\/11\\\/Diseno-sin-titulo-2.png\",\"width\":541,\"height\":90,\"caption\":\"Conexion 23\"},\"image\":{\"@id\":\"https:\\\/\\\/conexion23.com\\\/#\\\/schema\\\/logo\\\/image\\\/\"},\"sameAs\":[\"https:\\\/\\\/www.facebook.com\\\/conexion23com\",\"https:\\\/\\\/www.instagram.com\\\/conexion23com\\\/\",\"https:\\\/\\\/www.youtube.com\\\/channel\\\/UCYc7vxxFZMYLIHNsHHxPZ3Q\"]},{\"@type\":\"Person\",\"@id\":\"https:\\\/\\\/conexion23.com\\\/#\\\/schema\\\/person\\\/03e36043331117e97a373299bbcd30a6\",\"name\":\"Raffy Ben\u00edtez\",\"image\":{\"@type\":\"ImageObject\",\"inLanguage\":\"es\",\"@id\":\"https:\\\/\\\/secure.gravatar.com\\\/avatar\\\/3190a6a6c5e1b0327500f7d6c56b6242472ee6cb974cf09b401ee6b3b0798f23?s=96&d=mm&r=g\",\"url\":\"https:\\\/\\\/secure.gravatar.com\\\/avatar\\\/3190a6a6c5e1b0327500f7d6c56b6242472ee6cb974cf09b401ee6b3b0798f23?s=96&d=mm&r=g\",\"contentUrl\":\"https:\\\/\\\/secure.gravatar.com\\\/avatar\\\/3190a6a6c5e1b0327500f7d6c56b6242472ee6cb974cf09b401ee6b3b0798f23?s=96&d=mm&r=g\",\"caption\":\"Raffy Ben\u00edtez\"},\"url\":\"https:\\\/\\\/conexion23.com\\\/?author=15\"}]}<\/script>\n<!-- \/ Yoast SEO plugin. -->","yoast_head_json":{"title":"Dos muertos y seis heridos en accidente en Matanzas, Peravia - Conexi\u00f3n 23","robots":{"index":"index","follow":"follow","max-snippet":"max-snippet:-1","max-image-preview":"max-image-preview:large","max-video-preview":"max-video-preview:-1"},"canonical":"https:\/\/conexion23.com\/?p=40166","og_locale":"es_ES","og_type":"article","og_title":"Dos muertos y seis heridos en accidente en Matanzas, Peravia - Conexi\u00f3n 23","og_description":"Dos personas fallecieron y seis resultaron heridas de gravedad tras un accidente entre un minib\u00fas y una camioneta Nissan en el kil\u00f3metro 78 de la carretera S\u00e1nchez, pr\u00f3ximo al cruce de Gale\u00f3n, en Matanzas. Las v\u00edctimas mortales fueron Franchesca Feliz Pe\u00f1a, de 25 a\u00f1os, residente en Tamayo, Barahona, y Alan Villalona, del barrio 30 de [&hellip;]","og_url":"https:\/\/conexion23.com\/?p=40166","og_site_name":"Conexi\u00f3n 23","article_publisher":"https:\/\/www.facebook.com\/conexion23com","article_published_time":"2025-06-11T11:49:52+00:00","article_modified_time":"2025-06-11T11:49:54+00:00","og_image":[{"width":320,"height":308,"url":"https:\/\/conexion23.com\/wp-content\/uploads\/2025\/06\/IMG-20250610-WA0081.jpg","type":"image\/jpeg"}],"author":"Raffy Ben\u00edtez","twitter_card":"summary_large_image","twitter_misc":{"Escrito por":"Raffy Ben\u00edtez","Tiempo de lectura":"1 minuto"},"schema":{"@context":"https:\/\/schema.org","@graph":[{"@type":"Article","@id":"https:\/\/conexion23.com\/?p=40166#article","isPartOf":{"@id":"https:\/\/conexion23.com\/?p=40166"},"author":{"name":"Raffy Ben\u00edtez","@id":"https:\/\/conexion23.com\/#\/schema\/person\/03e36043331117e97a373299bbcd30a6"},"headline":"Dos muertos y seis heridos en accidente en Matanzas, Peravia","datePublished":"2025-06-11T11:49:52+00:00","dateModified":"2025-06-11T11:49:54+00:00","mainEntityOfPage":{"@id":"https:\/\/conexion23.com\/?p=40166"},"wordCount":161,"commentCount":0,"publisher":{"@id":"https:\/\/conexion23.com\/#organization"},"image":{"@id":"https:\/\/conexion23.com\/?p=40166#primaryimage"},"thumbnailUrl":"https:\/\/conexion23.com\/wp-content\/uploads\/2025\/06\/IMG-20250610-WA0081.jpg","articleSection":["Uncategorized"],"inLanguage":"es","potentialAction":[{"@type":"CommentAction","name":"Comment","target":["https:\/\/conexion23.com\/?p=40166#respond"]}]},{"@type":"WebPage","@id":"https:\/\/conexion23.com\/?p=40166","url":"https:\/\/conexion23.com\/?p=40166","name":"Dos muertos y seis heridos en accidente en Matanzas, Peravia - Conexi\u00f3n 23","isPartOf":{"@id":"https:\/\/conexion23.com\/#website"},"primaryImageOfPage":{"@id":"https:\/\/conexion23.com\/?p=40166#primaryimage"},"image":{"@id":"https:\/\/conexion23.com\/?p=40166#primaryimage"},"thumbnailUrl":"https:\/\/conexion23.com\/wp-content\/uploads\/2025\/06\/IMG-20250610-WA0081.jpg","datePublished":"2025-06-11T11:49:52+00:00","dateModified":"2025-06-11T11:49:54+00:00","breadcrumb":{"@id":"https:\/\/conexion23.com\/?p=40166#breadcrumb"},"inLanguage":"es","potentialAction":[{"@type":"ReadAction","target":["https:\/\/conexion23.com\/?p=40166"]}]},{"@type":"ImageObject","inLanguage":"es","@id":"https:\/\/conexion23.com\/?p=40166#primaryimage","url":"https:\/\/conexion23.com\/wp-content\/uploads\/2025\/06\/IMG-20250610-WA0081.jpg","contentUrl":"https:\/\/conexion23.com\/wp-content\/uploads\/2025\/06\/IMG-20250610-WA0081.jpg","width":320,"height":308},{"@type":"BreadcrumbList","@id":"https:\/\/conexion23.com\/?p=40166#breadcrumb","itemListElement":[{"@type":"ListItem","position":1,"name":"Portada","item":"https:\/\/conexion23.com\/"},{"@type":"ListItem","position":2,"name":"Dos muertos y seis heridos en accidente en Matanzas, Peravia"}]},{"@type":"WebSite","@id":"https:\/\/conexion23.com\/#website","url":"https:\/\/conexion23.com\/","name":"Conexi\u00f3n 23","description":"Peri\u00f3dico 100% Petromacorisano","publisher":{"@id":"https:\/\/conexion23.com\/#organization"},"potentialAction":[{"@type":"SearchAction","target":{"@type":"EntryPoint","urlTemplate":"https:\/\/conexion23.com\/?s={search_term_string}"},"query-input":{"@type":"PropertyValueSpecification","valueRequired":true,"valueName":"search_term_string"}}],"inLanguage":"es"},{"@type":"Organization","@id":"https:\/\/conexion23.com\/#organization","name":"Conexion 23","url":"https:\/\/conexion23.com\/","logo":{"@type":"ImageObject","inLanguage":"es","@id":"https:\/\/conexion23.com\/#\/schema\/logo\/image\/","url":"https:\/\/conexion23.com\/wp-content\/uploads\/2021\/11\/Diseno-sin-titulo-2.png","contentUrl":"https:\/\/conexion23.com\/wp-content\/uploads\/2021\/11\/Diseno-sin-titulo-2.png","width":541,"height":90,"caption":"Conexion 23"},"image":{"@id":"https:\/\/conexion23.com\/#\/schema\/logo\/image\/"},"sameAs":["https:\/\/www.facebook.com\/conexion23com","https:\/\/www.instagram.com\/conexion23com\/","https:\/\/www.youtube.com\/channel\/UCYc7vxxFZMYLIHNsHHxPZ3Q"]},{"@type":"Person","@id":"https:\/\/conexion23.com\/#\/schema\/person\/03e36043331117e97a373299bbcd30a6","name":"Raffy Ben\u00edtez","image":{"@type":"ImageObject","inLanguage":"es","@id":"https:\/\/secure.gravatar.com\/avatar\/3190a6a6c5e1b0327500f7d6c56b6242472ee6cb974cf09b401ee6b3b0798f23?s=96&d=mm&r=g","url":"https:\/\/secure.gravatar.com\/avatar\/3190a6a6c5e1b0327500f7d6c56b6242472ee6cb974cf09b401ee6b3b0798f23?s=96&d=mm&r=g","contentUrl":"https:\/\/secure.gravatar.com\/avatar\/3190a6a6c5e1b0327500f7d6c56b6242472ee6cb974cf09b401ee6b3b0798f23?s=96&d=mm&r=g","caption":"Raffy Ben\u00edtez"},"url":"https:\/\/conexion23.com\/?author=15"}]}},"_links":{"self":[{"href":"https:\/\/conexion23.com\/index.php?rest_route=\/wp\/v2\/posts\/40166","targetHints":{"allow":["GET"]}}],"collection":[{"href":"https:\/\/conexion23.com\/index.php?rest_route=\/wp\/v2\/posts"}],"about":[{"href":"https:\/\/conexion23.com\/index.php?rest_route=\/wp\/v2\/types\/post"}],"author":[{"embeddable":true,"href":"https:\/\/conexion23.com\/index.php?rest_route=\/wp\/v2\/users\/15"}],"replies":[{"embeddable":true,"href":"https:\/\/conexion23.com\/index.php?rest_route=%2Fwp%2Fv2%2Fcomments&post=40166"}],"version-history":[{"count":1,"href":"https:\/\/conexion23.com\/index.php?rest_route=\/wp\/v2\/posts\/40166\/revisions"}],"predecessor-version":[{"id":40168,"href":"https:\/\/conexion23.com\/index.php?rest_route=\/wp\/v2\/posts\/40166\/revisions\/40168"}],"wp:featuredmedia":[{"embeddable":true,"href":"https:\/\/conexion23.com\/index.php?rest_route=\/wp\/v2\/media\/40167"}],"wp:attachment":[{"href":"https:\/\/conexion23.com\/index.php?rest_route=%2Fwp%2Fv2%2Fmedia&parent=40166"}],"wp:term":[{"taxonomy":"category","embeddable":true,"href":"https:\/\/conexion23.com\/index.php?rest_route=%2Fwp%2Fv2%2Fcategories&post=40166"},{"taxonomy":"post_tag","embeddable":true,"href":"https:\/\/conexion23.com\/index.php?rest_route=%2Fwp%2Fv2%2Ftags&post=40166"}],"curies":[{"name":"wp","href":"https:\/\/api.w.org\/{rel}","templated":true}]}}