{"id":40175,"date":"2025-06-11T08:01:58","date_gmt":"2025-06-11T12:01:58","guid":{"rendered":"https:\/\/conexion23.com\/?p=40175"},"modified":"2025-06-11T08:02:00","modified_gmt":"2025-06-11T12:02:00","slug":"empleado-habria-advertido-a-antonio-espaillat-sobre-el-riesgo-de-desplome-del-techo-en-el-jet-set","status":"publish","type":"post","link":"https:\/\/conexion23.com\/?p=40175","title":{"rendered":"Empleado habr\u00eda advertido a Antonio Espaillat sobre el riesgo de desplome del techo en el Jet Set"},"content":{"rendered":"\n<p class=\"wp-block-paragraph\">El Ministerio P\u00fablico interrog\u00f3 a un testigo clave y v\u00edctima de la tragedia de la discoteca Jet Set, quien presuntamente entreg\u00f3 evidencia que demuestra no solo la responsabilidad civil, sino tambi\u00e9n penal de los propietarios del establecimiento comercial.<\/p>\n\n\n\n<p class=\"wp-block-paragraph\"><strong>Gregory Adam\u00e9s,<\/strong>&nbsp;quien era&nbsp;<strong>empleado de la discoteca<\/strong>, acudi\u00f3 a la Procuradur\u00eda General de la Rep\u00fablica, acompa\u00f1ado de sus abogados Luis Andr\u00e9s Aybar y Plinio Pina. All\u00ed fue interrogado por fiscales de la Direcci\u00f3n de Persecuci\u00f3n del Ministerio P\u00fablico, que dirige Wilson Camacho.<\/p>\n\n\n\n<p class=\"wp-block-paragraph\">Adem\u00e1s, Adam\u00e9s present\u00f3 una querella con constituci\u00f3n en<strong>&nbsp;actor civil en contra de Antonio Espaillat L\u00f3pez,<\/strong>&nbsp;de su madre Ana Grecia L\u00f3pez, y de la empresa Inversiones E y L y Club Jet Set.<\/p>\n\n\n\n<p class=\"wp-block-paragraph\">Dentro de las pruebas que deposit\u00f3 Gregory se encuentra&nbsp;<strong>un tel\u00e9fono con videos y conversaciones con Antonio Espaillat<\/strong>, en las que le advert\u00eda que la fiesta del pasado 8 de abril de 2025 no se pod\u00eda realizar porque el techo podr\u00eda desplomarse.<\/p>\n\n\n\n<p class=\"wp-block-paragraph\">A pesar de la advertencia de Gregory de que el techo se estaba cayendo y que no hab\u00eda condiciones para el evento,&nbsp;<strong>Antonio Espaillat le manifest\u00f3 que continuaran<\/strong>&nbsp;con la celebraci\u00f3n de la fiesta amenizada por el merenguero Rubby P\u00e9rez, quien muri\u00f3 en la tragedia junto a unas 235 personas.<\/p>\n\n\n\n<p class=\"wp-block-paragraph\">Gregory, quien tambi\u00e9n result\u00f3 herido junto a 180 personas, era el encargado de reservar las mesas y coordinar la log\u00edstica para los eventos.<\/p>\n\n\n\n<p class=\"wp-block-paragraph\"><strong>Aumento de acciones legales y se\u00f1alamientos al Estado<\/strong><\/p>\n\n\n\n<p class=\"wp-block-paragraph\">Este martes, las acciones legales presentadas en la Fiscal\u00eda del Distrito Nacional contra los propietarios de la discoteca Jet Set aumentaron a 68, incluyendo querellas y denuncias.<\/p>\n\n\n\n<p class=\"wp-block-paragraph\">Algunas de estas acciones tambi\u00e9n involucran al Estado dominicano y a la Alcald\u00eda del Distrito Nacional (ADN) por el presunto incumplimiento de sus obligaciones legales en materia de seguridad y supervisi\u00f3n de esos establecimientos.<\/p>\n\n\n\n<p class=\"wp-block-paragraph\">Estas querellas y denuncias incluyen&nbsp;<strong>cargos de homicidio involuntario y negligencia<\/strong>, citando posibles problemas estructurales y la presencia de equipo pesado en el techo como factores que contribuyeron al derrumbe.<\/p>\n\n\n\n<p class=\"wp-block-paragraph\">Los denunciantes sostienen que el Ministerio P\u00fablico tiene la obligaci\u00f3n de iniciar la acci\u00f3n p\u00fablica contra Espaillat, comenzando con su interrogatorio para llevar a cabo una investigaci\u00f3n objetiva. Argumentan que esto es crucial para evitar un mayor descr\u00e9dito del sistema de justicia.<\/p>\n\n\n\n<p class=\"wp-block-paragraph\">Aducen que, hasta la fecha, el Ministerio P\u00fablico no ha entrevistado ni interrogado a Espaillat, y mucho menos ha iniciado ninguna acci\u00f3n penal en su contra.<\/p>\n","protected":false},"excerpt":{"rendered":"<p>El Ministerio P\u00fablico interrog\u00f3 a un testigo clave y v\u00edctima de la tragedia de la discoteca Jet Set, quien presuntamente entreg\u00f3 evidencia que demuestra no solo la responsabilidad civil, sino tambi\u00e9n penal de los propietarios del establecimiento comercial. Gregory Adam\u00e9s,&nbsp;quien era&nbsp;empleado de la discoteca, acudi\u00f3 a la Procuradur\u00eda General de la Rep\u00fablica, acompa\u00f1ado de sus [&hellip;]<\/p>\n","protected":false},"author":15,"featured_media":40176,"comment_status":"open","ping_status":"open","sticky":false,"template":"","format":"standard","meta":{"footnotes":""},"categories":[1],"tags":[],"class_list":["post-40175","post","type-post","status-publish","format-standard","has-post-thumbnail","category-uncategorized"],"yoast_head":"<!-- This site is optimized with the Yoast SEO plugin v27.6 - https:\/\/yoast.com\/product\/yoast-seo-wordpress\/ -->\n<title>Empleado habr\u00eda advertido a Antonio Espaillat sobre el riesgo de desplome del techo en el Jet Set - Conexi\u00f3n 23<\/title>\n<meta name=\"robots\" content=\"index, follow, max-snippet:-1, max-image-preview:large, max-video-preview:-1\" \/>\n<link rel=\"canonical\" href=\"https:\/\/conexion23.com\/?p=40175\" \/>\n<meta property=\"og:locale\" content=\"es_ES\" \/>\n<meta property=\"og:type\" content=\"article\" \/>\n<meta property=\"og:title\" content=\"Empleado habr\u00eda advertido a Antonio Espaillat sobre el riesgo de desplome del techo en el Jet Set - Conexi\u00f3n 23\" \/>\n<meta property=\"og:description\" content=\"El Ministerio P\u00fablico interrog\u00f3 a un testigo clave y v\u00edctima de la tragedia de la discoteca Jet Set, quien presuntamente entreg\u00f3 evidencia que demuestra no solo la responsabilidad civil, sino tambi\u00e9n penal de los propietarios del establecimiento comercial. Gregory Adam\u00e9s,&nbsp;quien era&nbsp;empleado de la discoteca, acudi\u00f3 a la Procuradur\u00eda General de la Rep\u00fablica, acompa\u00f1ado de sus [&hellip;]\" \/>\n<meta property=\"og:url\" content=\"https:\/\/conexion23.com\/?p=40175\" \/>\n<meta property=\"og:site_name\" content=\"Conexi\u00f3n 23\" \/>\n<meta property=\"article:publisher\" content=\"https:\/\/www.facebook.com\/conexion23com\" \/>\n<meta property=\"article:published_time\" content=\"2025-06-11T12:01:58+00:00\" \/>\n<meta property=\"article:modified_time\" content=\"2025-06-11T12:02:00+00:00\" \/>\n<meta property=\"og:image\" content=\"https:\/\/conexion23.com\/wp-content\/uploads\/2025\/06\/descarga-2-3.jpg\" \/>\n\t<meta property=\"og:image:width\" content=\"286\" \/>\n\t<meta property=\"og:image:height\" content=\"176\" \/>\n\t<meta property=\"og:image:type\" content=\"image\/jpeg\" \/>\n<meta name=\"author\" content=\"Raffy Ben\u00edtez\" \/>\n<meta name=\"twitter:card\" content=\"summary_large_image\" \/>\n<meta name=\"twitter:label1\" content=\"Escrito por\" \/>\n\t<meta name=\"twitter:data1\" content=\"Raffy Ben\u00edtez\" \/>\n\t<meta name=\"twitter:label2\" content=\"Tiempo de lectura\" \/>\n\t<meta name=\"twitter:data2\" content=\"3 minutos\" \/>\n<script type=\"application\/ld+json\" class=\"yoast-schema-graph\">{\"@context\":\"https:\\\/\\\/schema.org\",\"@graph\":[{\"@type\":\"Article\",\"@id\":\"https:\\\/\\\/conexion23.com\\\/?p=40175#article\",\"isPartOf\":{\"@id\":\"https:\\\/\\\/conexion23.com\\\/?p=40175\"},\"author\":{\"name\":\"Raffy Ben\u00edtez\",\"@id\":\"http:\\\/\\\/conexion23.com\\\/#\\\/schema\\\/person\\\/03e36043331117e97a373299bbcd30a6\"},\"headline\":\"Empleado habr\u00eda advertido a Antonio Espaillat sobre el riesgo de desplome del techo en el Jet Set\",\"datePublished\":\"2025-06-11T12:01:58+00:00\",\"dateModified\":\"2025-06-11T12:02:00+00:00\",\"mainEntityOfPage\":{\"@id\":\"https:\\\/\\\/conexion23.com\\\/?p=40175\"},\"wordCount\":456,\"commentCount\":0,\"publisher\":{\"@id\":\"http:\\\/\\\/conexion23.com\\\/#organization\"},\"image\":{\"@id\":\"https:\\\/\\\/conexion23.com\\\/?p=40175#primaryimage\"},\"thumbnailUrl\":\"https:\\\/\\\/conexion23.com\\\/wp-content\\\/uploads\\\/2025\\\/06\\\/descarga-2-3.jpg\",\"articleSection\":[\"Uncategorized\"],\"inLanguage\":\"es\",\"potentialAction\":[{\"@type\":\"CommentAction\",\"name\":\"Comment\",\"target\":[\"https:\\\/\\\/conexion23.com\\\/?p=40175#respond\"]}]},{\"@type\":\"WebPage\",\"@id\":\"https:\\\/\\\/conexion23.com\\\/?p=40175\",\"url\":\"https:\\\/\\\/conexion23.com\\\/?p=40175\",\"name\":\"Empleado habr\u00eda advertido a Antonio Espaillat sobre el riesgo de desplome del techo en el Jet Set - Conexi\u00f3n 23\",\"isPartOf\":{\"@id\":\"http:\\\/\\\/conexion23.com\\\/#website\"},\"primaryImageOfPage\":{\"@id\":\"https:\\\/\\\/conexion23.com\\\/?p=40175#primaryimage\"},\"image\":{\"@id\":\"https:\\\/\\\/conexion23.com\\\/?p=40175#primaryimage\"},\"thumbnailUrl\":\"https:\\\/\\\/conexion23.com\\\/wp-content\\\/uploads\\\/2025\\\/06\\\/descarga-2-3.jpg\",\"datePublished\":\"2025-06-11T12:01:58+00:00\",\"dateModified\":\"2025-06-11T12:02:00+00:00\",\"breadcrumb\":{\"@id\":\"https:\\\/\\\/conexion23.com\\\/?p=40175#breadcrumb\"},\"inLanguage\":\"es\",\"potentialAction\":[{\"@type\":\"ReadAction\",\"target\":[\"https:\\\/\\\/conexion23.com\\\/?p=40175\"]}]},{\"@type\":\"ImageObject\",\"inLanguage\":\"es\",\"@id\":\"https:\\\/\\\/conexion23.com\\\/?p=40175#primaryimage\",\"url\":\"https:\\\/\\\/conexion23.com\\\/wp-content\\\/uploads\\\/2025\\\/06\\\/descarga-2-3.jpg\",\"contentUrl\":\"https:\\\/\\\/conexion23.com\\\/wp-content\\\/uploads\\\/2025\\\/06\\\/descarga-2-3.jpg\",\"width\":286,\"height\":176},{\"@type\":\"BreadcrumbList\",\"@id\":\"https:\\\/\\\/conexion23.com\\\/?p=40175#breadcrumb\",\"itemListElement\":[{\"@type\":\"ListItem\",\"position\":1,\"name\":\"Portada\",\"item\":\"http:\\\/\\\/conexion23.com\\\/\"},{\"@type\":\"ListItem\",\"position\":2,\"name\":\"Empleado habr\u00eda advertido a Antonio Espaillat sobre el riesgo de desplome del techo en el Jet Set\"}]},{\"@type\":\"WebSite\",\"@id\":\"http:\\\/\\\/conexion23.com\\\/#website\",\"url\":\"http:\\\/\\\/conexion23.com\\\/\",\"name\":\"Conexi\u00f3n 23\",\"description\":\"Peri\u00f3dico 100% Petromacorisano\",\"publisher\":{\"@id\":\"http:\\\/\\\/conexion23.com\\\/#organization\"},\"potentialAction\":[{\"@type\":\"SearchAction\",\"target\":{\"@type\":\"EntryPoint\",\"urlTemplate\":\"http:\\\/\\\/conexion23.com\\\/?s={search_term_string}\"},\"query-input\":{\"@type\":\"PropertyValueSpecification\",\"valueRequired\":true,\"valueName\":\"search_term_string\"}}],\"inLanguage\":\"es\"},{\"@type\":\"Organization\",\"@id\":\"http:\\\/\\\/conexion23.com\\\/#organization\",\"name\":\"Conexion 23\",\"url\":\"http:\\\/\\\/conexion23.com\\\/\",\"logo\":{\"@type\":\"ImageObject\",\"inLanguage\":\"es\",\"@id\":\"http:\\\/\\\/conexion23.com\\\/#\\\/schema\\\/logo\\\/image\\\/\",\"url\":\"https:\\\/\\\/conexion23.com\\\/wp-content\\\/uploads\\\/2021\\\/11\\\/Diseno-sin-titulo-2.png\",\"contentUrl\":\"https:\\\/\\\/conexion23.com\\\/wp-content\\\/uploads\\\/2021\\\/11\\\/Diseno-sin-titulo-2.png\",\"width\":541,\"height\":90,\"caption\":\"Conexion 23\"},\"image\":{\"@id\":\"http:\\\/\\\/conexion23.com\\\/#\\\/schema\\\/logo\\\/image\\\/\"},\"sameAs\":[\"https:\\\/\\\/www.facebook.com\\\/conexion23com\",\"https:\\\/\\\/www.instagram.com\\\/conexion23com\\\/\",\"https:\\\/\\\/www.youtube.com\\\/channel\\\/UCYc7vxxFZMYLIHNsHHxPZ3Q\"]},{\"@type\":\"Person\",\"@id\":\"http:\\\/\\\/conexion23.com\\\/#\\\/schema\\\/person\\\/03e36043331117e97a373299bbcd30a6\",\"name\":\"Raffy Ben\u00edtez\",\"image\":{\"@type\":\"ImageObject\",\"inLanguage\":\"es\",\"@id\":\"https:\\\/\\\/secure.gravatar.com\\\/avatar\\\/3190a6a6c5e1b0327500f7d6c56b6242472ee6cb974cf09b401ee6b3b0798f23?s=96&d=mm&r=g\",\"url\":\"https:\\\/\\\/secure.gravatar.com\\\/avatar\\\/3190a6a6c5e1b0327500f7d6c56b6242472ee6cb974cf09b401ee6b3b0798f23?s=96&d=mm&r=g\",\"contentUrl\":\"https:\\\/\\\/secure.gravatar.com\\\/avatar\\\/3190a6a6c5e1b0327500f7d6c56b6242472ee6cb974cf09b401ee6b3b0798f23?s=96&d=mm&r=g\",\"caption\":\"Raffy Ben\u00edtez\"},\"url\":\"https:\\\/\\\/conexion23.com\\\/?author=15\"}]}<\/script>\n<!-- \/ Yoast SEO plugin. -->","yoast_head_json":{"title":"Empleado habr\u00eda advertido a Antonio Espaillat sobre el riesgo de desplome del techo en el Jet Set - Conexi\u00f3n 23","robots":{"index":"index","follow":"follow","max-snippet":"max-snippet:-1","max-image-preview":"max-image-preview:large","max-video-preview":"max-video-preview:-1"},"canonical":"https:\/\/conexion23.com\/?p=40175","og_locale":"es_ES","og_type":"article","og_title":"Empleado habr\u00eda advertido a Antonio Espaillat sobre el riesgo de desplome del techo en el Jet Set - Conexi\u00f3n 23","og_description":"El Ministerio P\u00fablico interrog\u00f3 a un testigo clave y v\u00edctima de la tragedia de la discoteca Jet Set, quien presuntamente entreg\u00f3 evidencia que demuestra no solo la responsabilidad civil, sino tambi\u00e9n penal de los propietarios del establecimiento comercial. Gregory Adam\u00e9s,&nbsp;quien era&nbsp;empleado de la discoteca, acudi\u00f3 a la Procuradur\u00eda General de la Rep\u00fablica, acompa\u00f1ado de sus [&hellip;]","og_url":"https:\/\/conexion23.com\/?p=40175","og_site_name":"Conexi\u00f3n 23","article_publisher":"https:\/\/www.facebook.com\/conexion23com","article_published_time":"2025-06-11T12:01:58+00:00","article_modified_time":"2025-06-11T12:02:00+00:00","og_image":[{"width":286,"height":176,"url":"https:\/\/conexion23.com\/wp-content\/uploads\/2025\/06\/descarga-2-3.jpg","type":"image\/jpeg"}],"author":"Raffy Ben\u00edtez","twitter_card":"summary_large_image","twitter_misc":{"Escrito por":"Raffy Ben\u00edtez","Tiempo de lectura":"3 minutos"},"schema":{"@context":"https:\/\/schema.org","@graph":[{"@type":"Article","@id":"https:\/\/conexion23.com\/?p=40175#article","isPartOf":{"@id":"https:\/\/conexion23.com\/?p=40175"},"author":{"name":"Raffy Ben\u00edtez","@id":"http:\/\/conexion23.com\/#\/schema\/person\/03e36043331117e97a373299bbcd30a6"},"headline":"Empleado habr\u00eda advertido a Antonio Espaillat sobre el riesgo de desplome del techo en el Jet Set","datePublished":"2025-06-11T12:01:58+00:00","dateModified":"2025-06-11T12:02:00+00:00","mainEntityOfPage":{"@id":"https:\/\/conexion23.com\/?p=40175"},"wordCount":456,"commentCount":0,"publisher":{"@id":"http:\/\/conexion23.com\/#organization"},"image":{"@id":"https:\/\/conexion23.com\/?p=40175#primaryimage"},"thumbnailUrl":"https:\/\/conexion23.com\/wp-content\/uploads\/2025\/06\/descarga-2-3.jpg","articleSection":["Uncategorized"],"inLanguage":"es","potentialAction":[{"@type":"CommentAction","name":"Comment","target":["https:\/\/conexion23.com\/?p=40175#respond"]}]},{"@type":"WebPage","@id":"https:\/\/conexion23.com\/?p=40175","url":"https:\/\/conexion23.com\/?p=40175","name":"Empleado habr\u00eda advertido a Antonio Espaillat sobre el riesgo de desplome del techo en el Jet Set - Conexi\u00f3n 23","isPartOf":{"@id":"http:\/\/conexion23.com\/#website"},"primaryImageOfPage":{"@id":"https:\/\/conexion23.com\/?p=40175#primaryimage"},"image":{"@id":"https:\/\/conexion23.com\/?p=40175#primaryimage"},"thumbnailUrl":"https:\/\/conexion23.com\/wp-content\/uploads\/2025\/06\/descarga-2-3.jpg","datePublished":"2025-06-11T12:01:58+00:00","dateModified":"2025-06-11T12:02:00+00:00","breadcrumb":{"@id":"https:\/\/conexion23.com\/?p=40175#breadcrumb"},"inLanguage":"es","potentialAction":[{"@type":"ReadAction","target":["https:\/\/conexion23.com\/?p=40175"]}]},{"@type":"ImageObject","inLanguage":"es","@id":"https:\/\/conexion23.com\/?p=40175#primaryimage","url":"https:\/\/conexion23.com\/wp-content\/uploads\/2025\/06\/descarga-2-3.jpg","contentUrl":"https:\/\/conexion23.com\/wp-content\/uploads\/2025\/06\/descarga-2-3.jpg","width":286,"height":176},{"@type":"BreadcrumbList","@id":"https:\/\/conexion23.com\/?p=40175#breadcrumb","itemListElement":[{"@type":"ListItem","position":1,"name":"Portada","item":"http:\/\/conexion23.com\/"},{"@type":"ListItem","position":2,"name":"Empleado habr\u00eda advertido a Antonio Espaillat sobre el riesgo de desplome del techo en el Jet Set"}]},{"@type":"WebSite","@id":"http:\/\/conexion23.com\/#website","url":"http:\/\/conexion23.com\/","name":"Conexi\u00f3n 23","description":"Peri\u00f3dico 100% Petromacorisano","publisher":{"@id":"http:\/\/conexion23.com\/#organization"},"potentialAction":[{"@type":"SearchAction","target":{"@type":"EntryPoint","urlTemplate":"http:\/\/conexion23.com\/?s={search_term_string}"},"query-input":{"@type":"PropertyValueSpecification","valueRequired":true,"valueName":"search_term_string"}}],"inLanguage":"es"},{"@type":"Organization","@id":"http:\/\/conexion23.com\/#organization","name":"Conexion 23","url":"http:\/\/conexion23.com\/","logo":{"@type":"ImageObject","inLanguage":"es","@id":"http:\/\/conexion23.com\/#\/schema\/logo\/image\/","url":"https:\/\/conexion23.com\/wp-content\/uploads\/2021\/11\/Diseno-sin-titulo-2.png","contentUrl":"https:\/\/conexion23.com\/wp-content\/uploads\/2021\/11\/Diseno-sin-titulo-2.png","width":541,"height":90,"caption":"Conexion 23"},"image":{"@id":"http:\/\/conexion23.com\/#\/schema\/logo\/image\/"},"sameAs":["https:\/\/www.facebook.com\/conexion23com","https:\/\/www.instagram.com\/conexion23com\/","https:\/\/www.youtube.com\/channel\/UCYc7vxxFZMYLIHNsHHxPZ3Q"]},{"@type":"Person","@id":"http:\/\/conexion23.com\/#\/schema\/person\/03e36043331117e97a373299bbcd30a6","name":"Raffy Ben\u00edtez","image":{"@type":"ImageObject","inLanguage":"es","@id":"https:\/\/secure.gravatar.com\/avatar\/3190a6a6c5e1b0327500f7d6c56b6242472ee6cb974cf09b401ee6b3b0798f23?s=96&d=mm&r=g","url":"https:\/\/secure.gravatar.com\/avatar\/3190a6a6c5e1b0327500f7d6c56b6242472ee6cb974cf09b401ee6b3b0798f23?s=96&d=mm&r=g","contentUrl":"https:\/\/secure.gravatar.com\/avatar\/3190a6a6c5e1b0327500f7d6c56b6242472ee6cb974cf09b401ee6b3b0798f23?s=96&d=mm&r=g","caption":"Raffy Ben\u00edtez"},"url":"https:\/\/conexion23.com\/?author=15"}]}},"_links":{"self":[{"href":"https:\/\/conexion23.com\/index.php?rest_route=\/wp\/v2\/posts\/40175","targetHints":{"allow":["GET"]}}],"collection":[{"href":"https:\/\/conexion23.com\/index.php?rest_route=\/wp\/v2\/posts"}],"about":[{"href":"https:\/\/conexion23.com\/index.php?rest_route=\/wp\/v2\/types\/post"}],"author":[{"embeddable":true,"href":"https:\/\/conexion23.com\/index.php?rest_route=\/wp\/v2\/users\/15"}],"replies":[{"embeddable":true,"href":"https:\/\/conexion23.com\/index.php?rest_route=%2Fwp%2Fv2%2Fcomments&post=40175"}],"version-history":[{"count":1,"href":"https:\/\/conexion23.com\/index.php?rest_route=\/wp\/v2\/posts\/40175\/revisions"}],"predecessor-version":[{"id":40177,"href":"https:\/\/conexion23.com\/index.php?rest_route=\/wp\/v2\/posts\/40175\/revisions\/40177"}],"wp:featuredmedia":[{"embeddable":true,"href":"https:\/\/conexion23.com\/index.php?rest_route=\/wp\/v2\/media\/40176"}],"wp:attachment":[{"href":"https:\/\/conexion23.com\/index.php?rest_route=%2Fwp%2Fv2%2Fmedia&parent=40175"}],"wp:term":[{"taxonomy":"category","embeddable":true,"href":"https:\/\/conexion23.com\/index.php?rest_route=%2Fwp%2Fv2%2Fcategories&post=40175"},{"taxonomy":"post_tag","embeddable":true,"href":"https:\/\/conexion23.com\/index.php?rest_route=%2Fwp%2Fv2%2Ftags&post=40175"}],"curies":[{"name":"wp","href":"https:\/\/api.w.org\/{rel}","templated":true}]}}