{"id":40186,"date":"2025-06-12T07:00:05","date_gmt":"2025-06-12T11:00:05","guid":{"rendered":"https:\/\/conexion23.com\/?p=40186"},"modified":"2025-06-12T07:00:08","modified_gmt":"2025-06-12T11:00:08","slug":"mas-de-100-muertes-en-tailandia-en-un-mes-por-un-brote-de-covid-19","status":"publish","type":"post","link":"https:\/\/conexion23.com\/?p=40186","title":{"rendered":"M\u00e1s de 100 muertes en Tailandia en un mes por un brote de covid-19"},"content":{"rendered":"\n<p class=\"wp-block-paragraph\">Las autoridades sanitarias de Tailandia contabilizaron 102 muertes debido al&nbsp;<a href=\"https:\/\/es.wikipedia.org\/wiki\/COVID-19\" target=\"_blank\" rel=\"noreferrer noopener\">covid-19<\/a>&nbsp;entre el 11 de mayo y el 11 de junio, tiempo en el que el pa\u00eds ha registrado un brote de la enfermedad que el Gobierno atribuye a causas estacionales y una ca\u00edda en la inmunizaci\u00f3n, seg\u00fan explic\u00f3 a EFE el ministerio tailand\u00e9s de Sanidad.<\/p>\n\n\n\n<p class=\"wp-block-paragraph\">El repunte de la enfermedad en Tailandia, con m\u00e1s de 350.000 contagios en un mes, ha activado las alarmas en Asia y Ocean\u00eda, donde se ha documentado un ligero aumento de casos mientras los gobiernos llaman a la prevenci\u00f3n, si bien aseguran que la situaci\u00f3n est\u00e1 bajo control.<\/p>\n\n\n\n<p class=\"wp-block-paragraph\">\u00abEl reciente aumento en el n\u00famero de casos de covid-19 podr\u00eda deberse a varios factores combinados. Uno de ellos es la temporada de lluvias, que influye en el incremento de los contagios\u00bb, indic\u00f3 la fuente sanitaria.<\/p>\n\n\n\n<p class=\"wp-block-paragraph\">Asimismo, el Gobierno asegur\u00f3 que el brote est\u00e1 vinculado con las mutaciones del virus, \u00abespecialmente en las subvariantes de \u00d3micron -como JN.1, KP.2, KP.3-, que presentan una mayor capacidad de transmisi\u00f3n y una mejor evasi\u00f3n del sistema inmunol\u00f3gico en comparaci\u00f3n con variantes anteriores\u00bb.<\/p>\n\n\n\n<p class=\"wp-block-paragraph\">Las autoridades no explican a\u00fan c\u00f3mo ha impactado este aumento repentino en el n\u00famero de casos -365.527 en los \u00faltimos 31 d\u00edas- en la capacidad de respuesta de los hospitales p\u00fablicos y privados y, en cambio, insiste en llamar a los ciudadanos a retomar las medidas de prevenci\u00f3n.<\/p>\n\n\n\n<p class=\"wp-block-paragraph\">\u00abEsto ha provocado un aumento en los casos de reinfecci\u00f3n, incluso en personas que ya han sido infectadas o vacunadas anteriormente\u00bb, remarc\u00f3 la fuente.<\/p>\n\n\n\n<p class=\"wp-block-paragraph\">A esto se suma \u00abla disminuci\u00f3n de la inmunidad con el tiempo, especialmente entre quienes no han recibido una dosis de refuerzo o la dosis m\u00e1s reciente en los \u00faltimos 6 a 12 meses\u00bb.<\/p>\n\n\n\n<p class=\"wp-block-paragraph\">Adem\u00e1s, el ministerio tailand\u00e9s de Sanidad advirti\u00f3 de que han disminuido las medidas preventivas entre la poblaci\u00f3n -como el uso de mascarillas y el distanciamiento social-, lo que ayuda en alguna medida a la propagaci\u00f3n del coronavirus, sobre todo en actividades que suponen concentraci\u00f3n de personas.<\/p>\n\n\n\n<p class=\"wp-block-paragraph\">En el caso de Tailandia, que recibe a cientos de miles de turistas extranjeros cada semana, se a\u00f1ade el inicio del nuevo ciclo escolar, algo que \u00abincrementa las oportunidades de contagio\u00bb entre los estudiantes y de estos a sus padres.<\/p>\n\n\n\n<p class=\"wp-block-paragraph\">El Gobierno no explica a\u00fan c\u00f3mo ha impactado este aumento repentino en el n\u00famero de casos -365.527 en los \u00faltimos 31 d\u00edas- en la capacidad de respuesta de los hospitales p\u00fablicos y privados y, en cambio, insiste en llamar a los ciudadanos a retomar las medidas de prevenci\u00f3n.<\/p>\n\n\n\n<p class=\"wp-block-paragraph\">Adem\u00e1s de Tailandia, las autoridades de Indonesia, Vietnam, Camboya y Birmania (Myanmar) han instado a fortalecer la prevenci\u00f3n en el Sudeste Asi\u00e1tico tras registrar leves aumentos de casos en esos pa\u00edses, mientras que Nueva Zelanda y Australia hicieron lo propio en Ocean\u00eda.<\/p>\n\n\n\n<p class=\"wp-block-paragraph\">En India, donde ha habido un repunte -con 7.121 infecciones activas actualmente-, el Gobierno decidi\u00f3 someter desde hoy a pruebas PCR a cualquier funcionario que necesite una reuni\u00f3n con el primer ministro, Narendra Modi.<\/p>\n","protected":false},"excerpt":{"rendered":"<p>Las autoridades sanitarias de Tailandia contabilizaron 102 muertes debido al&nbsp;covid-19&nbsp;entre el 11 de mayo y el 11 de junio, tiempo en el que el pa\u00eds ha registrado un brote de la enfermedad que el Gobierno atribuye a causas estacionales y una ca\u00edda en la inmunizaci\u00f3n, seg\u00fan explic\u00f3 a EFE el ministerio tailand\u00e9s de Sanidad. El [&hellip;]<\/p>\n","protected":false},"author":15,"featured_media":40187,"comment_status":"open","ping_status":"open","sticky":false,"template":"","format":"standard","meta":{"footnotes":""},"categories":[1],"tags":[],"class_list":["post-40186","post","type-post","status-publish","format-standard","has-post-thumbnail","category-uncategorized"],"yoast_head":"<!-- This site is optimized with the Yoast SEO plugin v27.6 - https:\/\/yoast.com\/product\/yoast-seo-wordpress\/ -->\n<title>M\u00e1s de 100 muertes en Tailandia en un mes por un brote de covid-19 - Conexi\u00f3n 23<\/title>\n<meta name=\"robots\" content=\"index, follow, max-snippet:-1, max-image-preview:large, max-video-preview:-1\" \/>\n<link rel=\"canonical\" href=\"https:\/\/conexion23.com\/?p=40186\" \/>\n<meta property=\"og:locale\" content=\"es_ES\" \/>\n<meta property=\"og:type\" content=\"article\" \/>\n<meta property=\"og:title\" content=\"M\u00e1s de 100 muertes en Tailandia en un mes por un brote de covid-19 - Conexi\u00f3n 23\" \/>\n<meta property=\"og:description\" content=\"Las autoridades sanitarias de Tailandia contabilizaron 102 muertes debido al&nbsp;covid-19&nbsp;entre el 11 de mayo y el 11 de junio, tiempo en el que el pa\u00eds ha registrado un brote de la enfermedad que el Gobierno atribuye a causas estacionales y una ca\u00edda en la inmunizaci\u00f3n, seg\u00fan explic\u00f3 a EFE el ministerio tailand\u00e9s de Sanidad. El [&hellip;]\" \/>\n<meta property=\"og:url\" content=\"https:\/\/conexion23.com\/?p=40186\" \/>\n<meta property=\"og:site_name\" content=\"Conexi\u00f3n 23\" \/>\n<meta property=\"article:publisher\" content=\"https:\/\/www.facebook.com\/conexion23com\" \/>\n<meta property=\"article:published_time\" content=\"2025-06-12T11:00:05+00:00\" \/>\n<meta property=\"article:modified_time\" content=\"2025-06-12T11:00:08+00:00\" \/>\n<meta property=\"og:image\" content=\"https:\/\/conexion23.com\/wp-content\/uploads\/2025\/06\/descarga-1-11.jpg\" \/>\n\t<meta property=\"og:image:width\" content=\"321\" \/>\n\t<meta property=\"og:image:height\" content=\"157\" \/>\n\t<meta property=\"og:image:type\" content=\"image\/jpeg\" \/>\n<meta name=\"author\" content=\"Raffy Ben\u00edtez\" \/>\n<meta name=\"twitter:card\" content=\"summary_large_image\" \/>\n<meta name=\"twitter:label1\" content=\"Escrito por\" \/>\n\t<meta name=\"twitter:data1\" content=\"Raffy Ben\u00edtez\" \/>\n\t<meta name=\"twitter:label2\" content=\"Tiempo de lectura\" \/>\n\t<meta name=\"twitter:data2\" content=\"3 minutos\" \/>\n<script type=\"application\/ld+json\" class=\"yoast-schema-graph\">{\"@context\":\"https:\\\/\\\/schema.org\",\"@graph\":[{\"@type\":\"Article\",\"@id\":\"https:\\\/\\\/conexion23.com\\\/?p=40186#article\",\"isPartOf\":{\"@id\":\"https:\\\/\\\/conexion23.com\\\/?p=40186\"},\"author\":{\"name\":\"Raffy Ben\u00edtez\",\"@id\":\"http:\\\/\\\/conexion23.com\\\/#\\\/schema\\\/person\\\/03e36043331117e97a373299bbcd30a6\"},\"headline\":\"M\u00e1s de 100 muertes en Tailandia en un mes por un brote de covid-19\",\"datePublished\":\"2025-06-12T11:00:05+00:00\",\"dateModified\":\"2025-06-12T11:00:08+00:00\",\"mainEntityOfPage\":{\"@id\":\"https:\\\/\\\/conexion23.com\\\/?p=40186\"},\"wordCount\":549,\"commentCount\":0,\"publisher\":{\"@id\":\"http:\\\/\\\/conexion23.com\\\/#organization\"},\"image\":{\"@id\":\"https:\\\/\\\/conexion23.com\\\/?p=40186#primaryimage\"},\"thumbnailUrl\":\"https:\\\/\\\/conexion23.com\\\/wp-content\\\/uploads\\\/2025\\\/06\\\/descarga-1-11.jpg\",\"articleSection\":[\"Uncategorized\"],\"inLanguage\":\"es\",\"potentialAction\":[{\"@type\":\"CommentAction\",\"name\":\"Comment\",\"target\":[\"https:\\\/\\\/conexion23.com\\\/?p=40186#respond\"]}]},{\"@type\":\"WebPage\",\"@id\":\"https:\\\/\\\/conexion23.com\\\/?p=40186\",\"url\":\"https:\\\/\\\/conexion23.com\\\/?p=40186\",\"name\":\"M\u00e1s de 100 muertes en Tailandia en un mes por un brote de covid-19 - Conexi\u00f3n 23\",\"isPartOf\":{\"@id\":\"http:\\\/\\\/conexion23.com\\\/#website\"},\"primaryImageOfPage\":{\"@id\":\"https:\\\/\\\/conexion23.com\\\/?p=40186#primaryimage\"},\"image\":{\"@id\":\"https:\\\/\\\/conexion23.com\\\/?p=40186#primaryimage\"},\"thumbnailUrl\":\"https:\\\/\\\/conexion23.com\\\/wp-content\\\/uploads\\\/2025\\\/06\\\/descarga-1-11.jpg\",\"datePublished\":\"2025-06-12T11:00:05+00:00\",\"dateModified\":\"2025-06-12T11:00:08+00:00\",\"breadcrumb\":{\"@id\":\"https:\\\/\\\/conexion23.com\\\/?p=40186#breadcrumb\"},\"inLanguage\":\"es\",\"potentialAction\":[{\"@type\":\"ReadAction\",\"target\":[\"https:\\\/\\\/conexion23.com\\\/?p=40186\"]}]},{\"@type\":\"ImageObject\",\"inLanguage\":\"es\",\"@id\":\"https:\\\/\\\/conexion23.com\\\/?p=40186#primaryimage\",\"url\":\"https:\\\/\\\/conexion23.com\\\/wp-content\\\/uploads\\\/2025\\\/06\\\/descarga-1-11.jpg\",\"contentUrl\":\"https:\\\/\\\/conexion23.com\\\/wp-content\\\/uploads\\\/2025\\\/06\\\/descarga-1-11.jpg\",\"width\":321,\"height\":157},{\"@type\":\"BreadcrumbList\",\"@id\":\"https:\\\/\\\/conexion23.com\\\/?p=40186#breadcrumb\",\"itemListElement\":[{\"@type\":\"ListItem\",\"position\":1,\"name\":\"Portada\",\"item\":\"http:\\\/\\\/conexion23.com\\\/\"},{\"@type\":\"ListItem\",\"position\":2,\"name\":\"M\u00e1s de 100 muertes en Tailandia en un mes por un brote de covid-19\"}]},{\"@type\":\"WebSite\",\"@id\":\"http:\\\/\\\/conexion23.com\\\/#website\",\"url\":\"http:\\\/\\\/conexion23.com\\\/\",\"name\":\"Conexi\u00f3n 23\",\"description\":\"Peri\u00f3dico 100% Petromacorisano\",\"publisher\":{\"@id\":\"http:\\\/\\\/conexion23.com\\\/#organization\"},\"potentialAction\":[{\"@type\":\"SearchAction\",\"target\":{\"@type\":\"EntryPoint\",\"urlTemplate\":\"http:\\\/\\\/conexion23.com\\\/?s={search_term_string}\"},\"query-input\":{\"@type\":\"PropertyValueSpecification\",\"valueRequired\":true,\"valueName\":\"search_term_string\"}}],\"inLanguage\":\"es\"},{\"@type\":\"Organization\",\"@id\":\"http:\\\/\\\/conexion23.com\\\/#organization\",\"name\":\"Conexion 23\",\"url\":\"http:\\\/\\\/conexion23.com\\\/\",\"logo\":{\"@type\":\"ImageObject\",\"inLanguage\":\"es\",\"@id\":\"http:\\\/\\\/conexion23.com\\\/#\\\/schema\\\/logo\\\/image\\\/\",\"url\":\"https:\\\/\\\/conexion23.com\\\/wp-content\\\/uploads\\\/2021\\\/11\\\/Diseno-sin-titulo-2.png\",\"contentUrl\":\"https:\\\/\\\/conexion23.com\\\/wp-content\\\/uploads\\\/2021\\\/11\\\/Diseno-sin-titulo-2.png\",\"width\":541,\"height\":90,\"caption\":\"Conexion 23\"},\"image\":{\"@id\":\"http:\\\/\\\/conexion23.com\\\/#\\\/schema\\\/logo\\\/image\\\/\"},\"sameAs\":[\"https:\\\/\\\/www.facebook.com\\\/conexion23com\",\"https:\\\/\\\/www.instagram.com\\\/conexion23com\\\/\",\"https:\\\/\\\/www.youtube.com\\\/channel\\\/UCYc7vxxFZMYLIHNsHHxPZ3Q\"]},{\"@type\":\"Person\",\"@id\":\"http:\\\/\\\/conexion23.com\\\/#\\\/schema\\\/person\\\/03e36043331117e97a373299bbcd30a6\",\"name\":\"Raffy Ben\u00edtez\",\"image\":{\"@type\":\"ImageObject\",\"inLanguage\":\"es\",\"@id\":\"https:\\\/\\\/secure.gravatar.com\\\/avatar\\\/3190a6a6c5e1b0327500f7d6c56b6242472ee6cb974cf09b401ee6b3b0798f23?s=96&d=mm&r=g\",\"url\":\"https:\\\/\\\/secure.gravatar.com\\\/avatar\\\/3190a6a6c5e1b0327500f7d6c56b6242472ee6cb974cf09b401ee6b3b0798f23?s=96&d=mm&r=g\",\"contentUrl\":\"https:\\\/\\\/secure.gravatar.com\\\/avatar\\\/3190a6a6c5e1b0327500f7d6c56b6242472ee6cb974cf09b401ee6b3b0798f23?s=96&d=mm&r=g\",\"caption\":\"Raffy Ben\u00edtez\"},\"url\":\"https:\\\/\\\/conexion23.com\\\/?author=15\"}]}<\/script>\n<!-- \/ Yoast SEO plugin. -->","yoast_head_json":{"title":"M\u00e1s de 100 muertes en Tailandia en un mes por un brote de covid-19 - Conexi\u00f3n 23","robots":{"index":"index","follow":"follow","max-snippet":"max-snippet:-1","max-image-preview":"max-image-preview:large","max-video-preview":"max-video-preview:-1"},"canonical":"https:\/\/conexion23.com\/?p=40186","og_locale":"es_ES","og_type":"article","og_title":"M\u00e1s de 100 muertes en Tailandia en un mes por un brote de covid-19 - Conexi\u00f3n 23","og_description":"Las autoridades sanitarias de Tailandia contabilizaron 102 muertes debido al&nbsp;covid-19&nbsp;entre el 11 de mayo y el 11 de junio, tiempo en el que el pa\u00eds ha registrado un brote de la enfermedad que el Gobierno atribuye a causas estacionales y una ca\u00edda en la inmunizaci\u00f3n, seg\u00fan explic\u00f3 a EFE el ministerio tailand\u00e9s de Sanidad. El [&hellip;]","og_url":"https:\/\/conexion23.com\/?p=40186","og_site_name":"Conexi\u00f3n 23","article_publisher":"https:\/\/www.facebook.com\/conexion23com","article_published_time":"2025-06-12T11:00:05+00:00","article_modified_time":"2025-06-12T11:00:08+00:00","og_image":[{"width":321,"height":157,"url":"https:\/\/conexion23.com\/wp-content\/uploads\/2025\/06\/descarga-1-11.jpg","type":"image\/jpeg"}],"author":"Raffy Ben\u00edtez","twitter_card":"summary_large_image","twitter_misc":{"Escrito por":"Raffy Ben\u00edtez","Tiempo de lectura":"3 minutos"},"schema":{"@context":"https:\/\/schema.org","@graph":[{"@type":"Article","@id":"https:\/\/conexion23.com\/?p=40186#article","isPartOf":{"@id":"https:\/\/conexion23.com\/?p=40186"},"author":{"name":"Raffy Ben\u00edtez","@id":"http:\/\/conexion23.com\/#\/schema\/person\/03e36043331117e97a373299bbcd30a6"},"headline":"M\u00e1s de 100 muertes en Tailandia en un mes por un brote de covid-19","datePublished":"2025-06-12T11:00:05+00:00","dateModified":"2025-06-12T11:00:08+00:00","mainEntityOfPage":{"@id":"https:\/\/conexion23.com\/?p=40186"},"wordCount":549,"commentCount":0,"publisher":{"@id":"http:\/\/conexion23.com\/#organization"},"image":{"@id":"https:\/\/conexion23.com\/?p=40186#primaryimage"},"thumbnailUrl":"https:\/\/conexion23.com\/wp-content\/uploads\/2025\/06\/descarga-1-11.jpg","articleSection":["Uncategorized"],"inLanguage":"es","potentialAction":[{"@type":"CommentAction","name":"Comment","target":["https:\/\/conexion23.com\/?p=40186#respond"]}]},{"@type":"WebPage","@id":"https:\/\/conexion23.com\/?p=40186","url":"https:\/\/conexion23.com\/?p=40186","name":"M\u00e1s de 100 muertes en Tailandia en un mes por un brote de covid-19 - Conexi\u00f3n 23","isPartOf":{"@id":"http:\/\/conexion23.com\/#website"},"primaryImageOfPage":{"@id":"https:\/\/conexion23.com\/?p=40186#primaryimage"},"image":{"@id":"https:\/\/conexion23.com\/?p=40186#primaryimage"},"thumbnailUrl":"https:\/\/conexion23.com\/wp-content\/uploads\/2025\/06\/descarga-1-11.jpg","datePublished":"2025-06-12T11:00:05+00:00","dateModified":"2025-06-12T11:00:08+00:00","breadcrumb":{"@id":"https:\/\/conexion23.com\/?p=40186#breadcrumb"},"inLanguage":"es","potentialAction":[{"@type":"ReadAction","target":["https:\/\/conexion23.com\/?p=40186"]}]},{"@type":"ImageObject","inLanguage":"es","@id":"https:\/\/conexion23.com\/?p=40186#primaryimage","url":"https:\/\/conexion23.com\/wp-content\/uploads\/2025\/06\/descarga-1-11.jpg","contentUrl":"https:\/\/conexion23.com\/wp-content\/uploads\/2025\/06\/descarga-1-11.jpg","width":321,"height":157},{"@type":"BreadcrumbList","@id":"https:\/\/conexion23.com\/?p=40186#breadcrumb","itemListElement":[{"@type":"ListItem","position":1,"name":"Portada","item":"http:\/\/conexion23.com\/"},{"@type":"ListItem","position":2,"name":"M\u00e1s de 100 muertes en Tailandia en un mes por un brote de covid-19"}]},{"@type":"WebSite","@id":"http:\/\/conexion23.com\/#website","url":"http:\/\/conexion23.com\/","name":"Conexi\u00f3n 23","description":"Peri\u00f3dico 100% Petromacorisano","publisher":{"@id":"http:\/\/conexion23.com\/#organization"},"potentialAction":[{"@type":"SearchAction","target":{"@type":"EntryPoint","urlTemplate":"http:\/\/conexion23.com\/?s={search_term_string}"},"query-input":{"@type":"PropertyValueSpecification","valueRequired":true,"valueName":"search_term_string"}}],"inLanguage":"es"},{"@type":"Organization","@id":"http:\/\/conexion23.com\/#organization","name":"Conexion 23","url":"http:\/\/conexion23.com\/","logo":{"@type":"ImageObject","inLanguage":"es","@id":"http:\/\/conexion23.com\/#\/schema\/logo\/image\/","url":"https:\/\/conexion23.com\/wp-content\/uploads\/2021\/11\/Diseno-sin-titulo-2.png","contentUrl":"https:\/\/conexion23.com\/wp-content\/uploads\/2021\/11\/Diseno-sin-titulo-2.png","width":541,"height":90,"caption":"Conexion 23"},"image":{"@id":"http:\/\/conexion23.com\/#\/schema\/logo\/image\/"},"sameAs":["https:\/\/www.facebook.com\/conexion23com","https:\/\/www.instagram.com\/conexion23com\/","https:\/\/www.youtube.com\/channel\/UCYc7vxxFZMYLIHNsHHxPZ3Q"]},{"@type":"Person","@id":"http:\/\/conexion23.com\/#\/schema\/person\/03e36043331117e97a373299bbcd30a6","name":"Raffy Ben\u00edtez","image":{"@type":"ImageObject","inLanguage":"es","@id":"https:\/\/secure.gravatar.com\/avatar\/3190a6a6c5e1b0327500f7d6c56b6242472ee6cb974cf09b401ee6b3b0798f23?s=96&d=mm&r=g","url":"https:\/\/secure.gravatar.com\/avatar\/3190a6a6c5e1b0327500f7d6c56b6242472ee6cb974cf09b401ee6b3b0798f23?s=96&d=mm&r=g","contentUrl":"https:\/\/secure.gravatar.com\/avatar\/3190a6a6c5e1b0327500f7d6c56b6242472ee6cb974cf09b401ee6b3b0798f23?s=96&d=mm&r=g","caption":"Raffy Ben\u00edtez"},"url":"https:\/\/conexion23.com\/?author=15"}]}},"_links":{"self":[{"href":"https:\/\/conexion23.com\/index.php?rest_route=\/wp\/v2\/posts\/40186","targetHints":{"allow":["GET"]}}],"collection":[{"href":"https:\/\/conexion23.com\/index.php?rest_route=\/wp\/v2\/posts"}],"about":[{"href":"https:\/\/conexion23.com\/index.php?rest_route=\/wp\/v2\/types\/post"}],"author":[{"embeddable":true,"href":"https:\/\/conexion23.com\/index.php?rest_route=\/wp\/v2\/users\/15"}],"replies":[{"embeddable":true,"href":"https:\/\/conexion23.com\/index.php?rest_route=%2Fwp%2Fv2%2Fcomments&post=40186"}],"version-history":[{"count":1,"href":"https:\/\/conexion23.com\/index.php?rest_route=\/wp\/v2\/posts\/40186\/revisions"}],"predecessor-version":[{"id":40188,"href":"https:\/\/conexion23.com\/index.php?rest_route=\/wp\/v2\/posts\/40186\/revisions\/40188"}],"wp:featuredmedia":[{"embeddable":true,"href":"https:\/\/conexion23.com\/index.php?rest_route=\/wp\/v2\/media\/40187"}],"wp:attachment":[{"href":"https:\/\/conexion23.com\/index.php?rest_route=%2Fwp%2Fv2%2Fmedia&parent=40186"}],"wp:term":[{"taxonomy":"category","embeddable":true,"href":"https:\/\/conexion23.com\/index.php?rest_route=%2Fwp%2Fv2%2Fcategories&post=40186"},{"taxonomy":"post_tag","embeddable":true,"href":"https:\/\/conexion23.com\/index.php?rest_route=%2Fwp%2Fv2%2Ftags&post=40186"}],"curies":[{"name":"wp","href":"https:\/\/api.w.org\/{rel}","templated":true}]}}