{"id":40291,"date":"2025-06-14T09:18:55","date_gmt":"2025-06-14T13:18:55","guid":{"rendered":"https:\/\/conexion23.com\/?p=40291"},"modified":"2025-06-14T09:18:57","modified_gmt":"2025-06-14T13:18:57","slug":"robo-de-medidores-electricos-un-delito-en-aumento","status":"publish","type":"post","link":"https:\/\/conexion23.com\/?p=40291","title":{"rendered":"Robo de medidores el\u00e9ctricos, Un delito en aumento"},"content":{"rendered":"\n<p class=\"wp-block-paragraph\">El programa de investigaci\u00f3n&nbsp;<a href=\"https:\/\/cdn.com.do\/investigacion\/desclasificado\/nuevas-denuncias-de-fraude-inmobiliario-desclasificado\/\" target=\"_blank\" rel=\"noreferrer noopener\"><strong>Desclasificado<\/strong>&nbsp;con&nbsp;<strong>Addis Burgos<\/strong><\/a>, revel\u00f3 detalles hasta ahora desconocidos, de una creciente e inusual ola de robos que afecta a comercios y usuarios particulares en todo el pa\u00eds, el robo de medidores de electricidad.<\/p>\n\n\n\n<p class=\"wp-block-paragraph\">La ley No.186-07 establece que la manipulaci\u00f3n del contador es un delito, y est\u00e1 tipificado como \u201cFraude El\u00e9ctrico\u201d, que incluye la prisi\u00f3n y multas. Pero esto parece no importarle a quienes desaf\u00edan las leyes y hasta su propia seguridad.<\/p>\n\n\n\n<blockquote class=\"wp-block-quote is-layout-flow wp-block-quote-is-layout-flow\">\n<p class=\"wp-block-paragraph\">La abogada Mildred Ram\u00edrez afirm\u00f3 que este tipo de hechos est\u00e1n tipificados en la ley como, \u201cRobo simple, ya que la ley 125-01 derogada por la 186 -07 no tipifica el robo de alg\u00fan artefacto como decir alambre, sino que habla simplemente de lo que es fraude a la empresa, pero no habla de robo per se\u201d<\/p>\n<\/blockquote>\n\n\n\n<p class=\"wp-block-paragraph\">El robo de medidores es cada vez m\u00e1s frecuente y seg\u00fan reportes de las propias compa\u00f1\u00edas, sucede en distintos puntos del pa\u00eds. Por ejemplo, Edeeste, inform\u00f3 que dentro de su zona de concesi\u00f3n se reportaron m\u00e1s de 1349 medidores sustra\u00eddos, entre enero y octubre de este a\u00f1o. Y que en la regi\u00f3n oriental se reportaron 1.284 medidores sustra\u00eddos.<\/p>\n\n\n\n<h3 class=\"wp-block-heading\" id=\"h-companias-y-usuarios-en-alerta\"><br>Compa\u00f1\u00edas y usuarios en alerta<\/h3>\n\n\n\n<p class=\"wp-block-paragraph\">Las zonas afectadas fueron: Las Am\u00e9ricas con 379, Jumbo San Isidro con 186, Megacentro 527, Invivienda con 180 y Boca Chica con 12 medidores robados. En la regi\u00f3n Este, se vieron afectadas: San Pedro de Macor\u00eds, La Romana, La Altagracia (Hig\u00fcey) y Hato Mayor, con un total de 65 sustracciones.<\/p>\n\n\n\n<p class=\"wp-block-paragraph\">Debido a estos robos &nbsp;constantes, las compa\u00f1\u00edas de electricidad han tenido que invertir en la colocaci\u00f3n de aros de seguridad para proteger los medidores. Muchos comerciantes y usuarios particulares optan por colocar rejas para evitar la sustracci\u00f3n de los aparatos.<\/p>\n\n\n\n<blockquote class=\"wp-block-quote is-layout-flow wp-block-quote-is-layout-flow\">\n<p class=\"wp-block-paragraph\"><br>\u2018\u2019Porque ya es un caso que no es un caso aislado, ya hay reincidencia en eso en diferentes partes del pa\u00eds ya hay una red de eso, porque le cogen como parte de adentro creo que el cobre, tiene cobre y eso lo cogen y lo queman como el tema de las tapas de los alcantarillados\u2019\u2019, explico en Desclasificado la abogada Mildred Ram\u00edrez.<\/p>\n<\/blockquote>\n\n\n\n<blockquote class=\"wp-block-quote is-layout-flow wp-block-quote-is-layout-flow\">\n<p class=\"wp-block-paragraph\">El perito el\u00e9ctrico Elis Adalberto Ayala Mateo, quien lleva m\u00e1s de 30 a\u00f1os trabajando en materia de electricidad, sostuvo que,&nbsp;<strong>\u2018\u2019El robo de los medidores, siempre ha existido\u2019\u2019<\/strong>.<\/p>\n<\/blockquote>\n\n\n\n<p class=\"wp-block-paragraph\"><br>Los fines de estos delitos son varios, e incluyen la desmantelaci\u00f3n para venderlos por piezas en las metaleras del pa\u00f1is, hasta la reventa en comercios y casas que tienen alta facturaci\u00f3n, esta \u00faltima una de las mas frecuentes.<\/p>\n\n\n\n<blockquote class=\"wp-block-quote is-layout-flow wp-block-quote-is-layout-flow\">\n<p class=\"wp-block-paragraph\"><br>\u2018\u2019Hay personas que tienen un cierto consumo fijo, una persona pobrecita que tiene un bombillo, no tenga nevera consume poco. Un due\u00f1o de un colmado o negocio pone ese contador como no hay un centro per se de lo que consume en s\u00ed, sino que ya me llevo por los \u00faltimos tres meses de lo que ha consumido as\u00ed es que se trabaja\u00b4\u00b4.<\/p>\n<\/blockquote>\n\n\n\n<p class=\"wp-block-paragraph\">La abogada explic\u00f3 que, esta es una de las razones por las que se sustraen los medidores de luz de las casas, principalmente en barrios m\u00e1s carenciados del pa\u00eds, para llevarlos a comercios y hogares que tienen un alto consumo y as\u00ed evadir el costo real de sus facturas.<\/p>\n\n\n\n<h3 class=\"wp-block-heading\" id=\"h-cronologia-desclasificada\">Cronolog\u00eda Desclasificada<\/h3>\n\n\n\n<p class=\"wp-block-paragraph\">En febrero de este a\u00f1o se hizo viral el video de un hombre que con total impunidad desmontaba contadores en la calle Santom\u00e9 pr\u00f3ximo a la calle Jos\u00e9 Gabriel Garc\u00eda, en la zona colonial.<\/p>\n\n\n\n<blockquote class=\"wp-block-quote is-layout-flow wp-block-quote-is-layout-flow\">\n<p class=\"wp-block-paragraph\">El material, dej\u00f3 en evidencia la facilidad con la que se sustrajeron los medidores de electricidad, en este caso de La Empresa Distribuidora de Electricidad del Este (EDEEste).<\/p>\n<\/blockquote>\n\n\n\n<blockquote class=\"wp-block-quote is-layout-flow wp-block-quote-is-layout-flow\">\n<p class=\"wp-block-paragraph\">En la investigaci\u00f3n que mostr\u00f3 el programa de Addis Burgos, identificaron que solo a una persona le contabilizaron al menos 18 denuncias por robar medidores de electricidad, entre el 2 de agosto y el 29 de septiembre del 2022. Se trata del se\u00f1or Eddy Rodr\u00edguez Guzm\u00e1n (a) Coco, una ficha conocida en el ensanche Luper\u00f3n y zonas aleda\u00f1as.<\/p>\n<\/blockquote>\n\n\n\n<blockquote class=\"wp-block-quote is-layout-flow wp-block-quote-is-layout-flow\">\n<p class=\"wp-block-paragraph\">Desclasificado revel\u00f3 que, en junio de 2024, fue apresado Sandino Delgado L\u00f3pez, de 49 a\u00f1os, en el municipio San Francisco de Macor\u00eds, provincia Duarte.<\/p>\n<\/blockquote>\n\n\n\n<blockquote class=\"wp-block-quote is-layout-flow wp-block-quote-is-layout-flow\">\n<p class=\"wp-block-paragraph\">El acusado, figura con un amplio historial delictivo, siendo apresado y sometido a la justicia en julio del 2022 y septiembre del 2023 por los mismos delitos: robo de contadores el\u00e9ctricos.<\/p>\n<\/blockquote>\n\n\n\n<p class=\"wp-block-paragraph\">El 5 y 10 de mayo de este a\u00f1o, Delgado L\u00f3pez fue se\u00f1alado como el responsable de sustraer el contador el\u00e9ctrico de un centro m\u00e9dico y un centro oftalmol\u00f3gico en San Francisco de Macor\u00eds. El 7 de mayo, fue se\u00f1alado como el responsable del mismo hecho, esta vez en un sal\u00f3n de belleza. 18 v\u00edctimas lo denunciaron, y al ser cuestionado dijo a las autoridades que se los vend\u00eda a una metalera clandestina.<\/p>\n\n\n\n<p class=\"wp-block-paragraph\">A finales de octubre del 2022, la Polic\u00eda Nacional, inform\u00f3 que hab\u00eda apresado a cuatro personas, a bordo de una camioneta, a las que se les ocup\u00f3 una cantidad indeterminada de contadores, en un hecho ocurrido en el Municipio Sabana Iglesia, de la provincia de Santiago.<\/p>\n\n\n\n<blockquote class=\"wp-block-quote is-layout-flow wp-block-quote-is-layout-flow\">\n<p class=\"wp-block-paragraph\">En junio del 2023: la Direcci\u00f3n Regional Este de la Polic\u00eda Nacional, inform\u00f3 el apresamiento de Rounny Enrique Rijo Rijo de 25 a\u00f1os por el delito de robo de medidores el\u00e9ctricos. Fue detenido en flagrante delito en el distrito Cumayasa, con seis medidores de electricidad propiedad de EdeEste.<\/p>\n<\/blockquote>\n\n\n\n<p class=\"wp-block-paragraph\">El se\u00f1or Samuel P\u00e9rez Mancebo, alias el coquero, fue de tenido en octubre del presente a\u00f1o, en el sector Herrera de Santo Domingo Oeste, con un saco que conten\u00eda 9 medidores robados a la compa\u00f1\u00eda Edesur.<\/p>\n\n\n\n<blockquote class=\"wp-block-quote is-layout-flow wp-block-quote-is-layout-flow\">\n<p class=\"wp-block-paragraph\">Este caso c\u00f3mo pudo verificar Desclasificado fue recientemente sancionado, y el Ministerio P\u00fablico le asign\u00f3 la calificaci\u00f3n jur\u00eddica provisional de robo agravado en perjuicio de Edesur, por lo que el imputado deber\u00e1 cumplir la prisi\u00f3n preventiva de tres meses en la c\u00e1rcel p\u00fablica de Monte Plata.<\/p>\n<\/blockquote>\n\n\n\n<p class=\"wp-block-paragraph\">Los principales afectados son los usuarios, quienes tienen que incurrir en gastos para asegurar sus aparatos ante el miedo de que se los roben. Pero adem\u00e1s, en ellos recae la responsabilidad de hacer la denuncia en la polic\u00eda y luego dar aviso a la empresa para que le reponga<br>el contador, a pesar de que el aparato es propiedad de las Edes.<\/p>\n","protected":false},"excerpt":{"rendered":"<p>El programa de investigaci\u00f3n&nbsp;Desclasificado&nbsp;con&nbsp;Addis Burgos, revel\u00f3 detalles hasta ahora desconocidos, de una creciente e inusual ola de robos que afecta a comercios y usuarios particulares en todo el pa\u00eds, el robo de medidores de electricidad. La ley No.186-07 establece que la manipulaci\u00f3n del contador es un delito, y est\u00e1 tipificado como \u201cFraude El\u00e9ctrico\u201d, que incluye [&hellip;]<\/p>\n","protected":false},"author":15,"featured_media":40293,"comment_status":"open","ping_status":"open","sticky":false,"template":"","format":"standard","meta":{"footnotes":""},"categories":[1],"tags":[],"class_list":["post-40291","post","type-post","status-publish","format-standard","has-post-thumbnail","category-uncategorized"],"yoast_head":"<!-- This site is optimized with the Yoast SEO plugin v27.6 - https:\/\/yoast.com\/product\/yoast-seo-wordpress\/ -->\n<title>Robo de medidores el\u00e9ctricos, Un delito en aumento - Conexi\u00f3n 23<\/title>\n<meta name=\"robots\" content=\"index, follow, max-snippet:-1, max-image-preview:large, max-video-preview:-1\" \/>\n<link rel=\"canonical\" href=\"https:\/\/conexion23.com\/?p=40291\" \/>\n<meta property=\"og:locale\" content=\"es_ES\" \/>\n<meta property=\"og:type\" content=\"article\" \/>\n<meta property=\"og:title\" content=\"Robo de medidores el\u00e9ctricos, Un delito en aumento - Conexi\u00f3n 23\" \/>\n<meta property=\"og:description\" content=\"El programa de investigaci\u00f3n&nbsp;Desclasificado&nbsp;con&nbsp;Addis Burgos, revel\u00f3 detalles hasta ahora desconocidos, de una creciente e inusual ola de robos que afecta a comercios y usuarios particulares en todo el pa\u00eds, el robo de medidores de electricidad. La ley No.186-07 establece que la manipulaci\u00f3n del contador es un delito, y est\u00e1 tipificado como \u201cFraude El\u00e9ctrico\u201d, que incluye [&hellip;]\" \/>\n<meta property=\"og:url\" content=\"https:\/\/conexion23.com\/?p=40291\" \/>\n<meta property=\"og:site_name\" content=\"Conexi\u00f3n 23\" \/>\n<meta property=\"article:publisher\" content=\"https:\/\/www.facebook.com\/conexion23com\" \/>\n<meta property=\"article:published_time\" content=\"2025-06-14T13:18:55+00:00\" \/>\n<meta property=\"article:modified_time\" content=\"2025-06-14T13:18:57+00:00\" \/>\n<meta property=\"og:image\" content=\"https:\/\/conexion23.com\/wp-content\/uploads\/2025\/06\/descarga-30.jpg\" \/>\n\t<meta property=\"og:image:width\" content=\"283\" \/>\n\t<meta property=\"og:image:height\" content=\"178\" \/>\n\t<meta property=\"og:image:type\" content=\"image\/jpeg\" \/>\n<meta name=\"author\" content=\"Raffy Ben\u00edtez\" \/>\n<meta name=\"twitter:card\" content=\"summary_large_image\" \/>\n<meta name=\"twitter:label1\" content=\"Escrito por\" \/>\n\t<meta name=\"twitter:data1\" content=\"Raffy Ben\u00edtez\" \/>\n\t<meta name=\"twitter:label2\" content=\"Tiempo de lectura\" \/>\n\t<meta name=\"twitter:data2\" content=\"3 minutos\" \/>\n<script type=\"application\/ld+json\" class=\"yoast-schema-graph\">{\"@context\":\"https:\\\/\\\/schema.org\",\"@graph\":[{\"@type\":\"Article\",\"@id\":\"https:\\\/\\\/conexion23.com\\\/?p=40291#article\",\"isPartOf\":{\"@id\":\"https:\\\/\\\/conexion23.com\\\/?p=40291\"},\"author\":{\"name\":\"Raffy Ben\u00edtez\",\"@id\":\"https:\\\/\\\/conexion23.com\\\/#\\\/schema\\\/person\\\/03e36043331117e97a373299bbcd30a6\"},\"headline\":\"Robo de medidores el\u00e9ctricos, Un delito en aumento\",\"datePublished\":\"2025-06-14T13:18:55+00:00\",\"dateModified\":\"2025-06-14T13:18:57+00:00\",\"mainEntityOfPage\":{\"@id\":\"https:\\\/\\\/conexion23.com\\\/?p=40291\"},\"wordCount\":1087,\"commentCount\":0,\"publisher\":{\"@id\":\"https:\\\/\\\/conexion23.com\\\/#organization\"},\"image\":{\"@id\":\"https:\\\/\\\/conexion23.com\\\/?p=40291#primaryimage\"},\"thumbnailUrl\":\"https:\\\/\\\/conexion23.com\\\/wp-content\\\/uploads\\\/2025\\\/06\\\/descarga-30.jpg\",\"articleSection\":[\"Uncategorized\"],\"inLanguage\":\"es\",\"potentialAction\":[{\"@type\":\"CommentAction\",\"name\":\"Comment\",\"target\":[\"https:\\\/\\\/conexion23.com\\\/?p=40291#respond\"]}]},{\"@type\":\"WebPage\",\"@id\":\"https:\\\/\\\/conexion23.com\\\/?p=40291\",\"url\":\"https:\\\/\\\/conexion23.com\\\/?p=40291\",\"name\":\"Robo de medidores el\u00e9ctricos, Un delito en aumento - Conexi\u00f3n 23\",\"isPartOf\":{\"@id\":\"https:\\\/\\\/conexion23.com\\\/#website\"},\"primaryImageOfPage\":{\"@id\":\"https:\\\/\\\/conexion23.com\\\/?p=40291#primaryimage\"},\"image\":{\"@id\":\"https:\\\/\\\/conexion23.com\\\/?p=40291#primaryimage\"},\"thumbnailUrl\":\"https:\\\/\\\/conexion23.com\\\/wp-content\\\/uploads\\\/2025\\\/06\\\/descarga-30.jpg\",\"datePublished\":\"2025-06-14T13:18:55+00:00\",\"dateModified\":\"2025-06-14T13:18:57+00:00\",\"breadcrumb\":{\"@id\":\"https:\\\/\\\/conexion23.com\\\/?p=40291#breadcrumb\"},\"inLanguage\":\"es\",\"potentialAction\":[{\"@type\":\"ReadAction\",\"target\":[\"https:\\\/\\\/conexion23.com\\\/?p=40291\"]}]},{\"@type\":\"ImageObject\",\"inLanguage\":\"es\",\"@id\":\"https:\\\/\\\/conexion23.com\\\/?p=40291#primaryimage\",\"url\":\"https:\\\/\\\/conexion23.com\\\/wp-content\\\/uploads\\\/2025\\\/06\\\/descarga-30.jpg\",\"contentUrl\":\"https:\\\/\\\/conexion23.com\\\/wp-content\\\/uploads\\\/2025\\\/06\\\/descarga-30.jpg\",\"width\":283,\"height\":178},{\"@type\":\"BreadcrumbList\",\"@id\":\"https:\\\/\\\/conexion23.com\\\/?p=40291#breadcrumb\",\"itemListElement\":[{\"@type\":\"ListItem\",\"position\":1,\"name\":\"Portada\",\"item\":\"https:\\\/\\\/conexion23.com\\\/\"},{\"@type\":\"ListItem\",\"position\":2,\"name\":\"Robo de medidores el\u00e9ctricos, Un delito en aumento\"}]},{\"@type\":\"WebSite\",\"@id\":\"https:\\\/\\\/conexion23.com\\\/#website\",\"url\":\"https:\\\/\\\/conexion23.com\\\/\",\"name\":\"Conexi\u00f3n 23\",\"description\":\"Peri\u00f3dico 100% Petromacorisano\",\"publisher\":{\"@id\":\"https:\\\/\\\/conexion23.com\\\/#organization\"},\"potentialAction\":[{\"@type\":\"SearchAction\",\"target\":{\"@type\":\"EntryPoint\",\"urlTemplate\":\"https:\\\/\\\/conexion23.com\\\/?s={search_term_string}\"},\"query-input\":{\"@type\":\"PropertyValueSpecification\",\"valueRequired\":true,\"valueName\":\"search_term_string\"}}],\"inLanguage\":\"es\"},{\"@type\":\"Organization\",\"@id\":\"https:\\\/\\\/conexion23.com\\\/#organization\",\"name\":\"Conexion 23\",\"url\":\"https:\\\/\\\/conexion23.com\\\/\",\"logo\":{\"@type\":\"ImageObject\",\"inLanguage\":\"es\",\"@id\":\"https:\\\/\\\/conexion23.com\\\/#\\\/schema\\\/logo\\\/image\\\/\",\"url\":\"https:\\\/\\\/conexion23.com\\\/wp-content\\\/uploads\\\/2021\\\/11\\\/Diseno-sin-titulo-2.png\",\"contentUrl\":\"https:\\\/\\\/conexion23.com\\\/wp-content\\\/uploads\\\/2021\\\/11\\\/Diseno-sin-titulo-2.png\",\"width\":541,\"height\":90,\"caption\":\"Conexion 23\"},\"image\":{\"@id\":\"https:\\\/\\\/conexion23.com\\\/#\\\/schema\\\/logo\\\/image\\\/\"},\"sameAs\":[\"https:\\\/\\\/www.facebook.com\\\/conexion23com\",\"https:\\\/\\\/www.instagram.com\\\/conexion23com\\\/\",\"https:\\\/\\\/www.youtube.com\\\/channel\\\/UCYc7vxxFZMYLIHNsHHxPZ3Q\"]},{\"@type\":\"Person\",\"@id\":\"https:\\\/\\\/conexion23.com\\\/#\\\/schema\\\/person\\\/03e36043331117e97a373299bbcd30a6\",\"name\":\"Raffy Ben\u00edtez\",\"image\":{\"@type\":\"ImageObject\",\"inLanguage\":\"es\",\"@id\":\"https:\\\/\\\/secure.gravatar.com\\\/avatar\\\/3190a6a6c5e1b0327500f7d6c56b6242472ee6cb974cf09b401ee6b3b0798f23?s=96&d=mm&r=g\",\"url\":\"https:\\\/\\\/secure.gravatar.com\\\/avatar\\\/3190a6a6c5e1b0327500f7d6c56b6242472ee6cb974cf09b401ee6b3b0798f23?s=96&d=mm&r=g\",\"contentUrl\":\"https:\\\/\\\/secure.gravatar.com\\\/avatar\\\/3190a6a6c5e1b0327500f7d6c56b6242472ee6cb974cf09b401ee6b3b0798f23?s=96&d=mm&r=g\",\"caption\":\"Raffy Ben\u00edtez\"},\"url\":\"https:\\\/\\\/conexion23.com\\\/?author=15\"}]}<\/script>\n<!-- \/ Yoast SEO plugin. -->","yoast_head_json":{"title":"Robo de medidores el\u00e9ctricos, Un delito en aumento - Conexi\u00f3n 23","robots":{"index":"index","follow":"follow","max-snippet":"max-snippet:-1","max-image-preview":"max-image-preview:large","max-video-preview":"max-video-preview:-1"},"canonical":"https:\/\/conexion23.com\/?p=40291","og_locale":"es_ES","og_type":"article","og_title":"Robo de medidores el\u00e9ctricos, Un delito en aumento - Conexi\u00f3n 23","og_description":"El programa de investigaci\u00f3n&nbsp;Desclasificado&nbsp;con&nbsp;Addis Burgos, revel\u00f3 detalles hasta ahora desconocidos, de una creciente e inusual ola de robos que afecta a comercios y usuarios particulares en todo el pa\u00eds, el robo de medidores de electricidad. La ley No.186-07 establece que la manipulaci\u00f3n del contador es un delito, y est\u00e1 tipificado como \u201cFraude El\u00e9ctrico\u201d, que incluye [&hellip;]","og_url":"https:\/\/conexion23.com\/?p=40291","og_site_name":"Conexi\u00f3n 23","article_publisher":"https:\/\/www.facebook.com\/conexion23com","article_published_time":"2025-06-14T13:18:55+00:00","article_modified_time":"2025-06-14T13:18:57+00:00","og_image":[{"width":283,"height":178,"url":"https:\/\/conexion23.com\/wp-content\/uploads\/2025\/06\/descarga-30.jpg","type":"image\/jpeg"}],"author":"Raffy Ben\u00edtez","twitter_card":"summary_large_image","twitter_misc":{"Escrito por":"Raffy Ben\u00edtez","Tiempo de lectura":"3 minutos"},"schema":{"@context":"https:\/\/schema.org","@graph":[{"@type":"Article","@id":"https:\/\/conexion23.com\/?p=40291#article","isPartOf":{"@id":"https:\/\/conexion23.com\/?p=40291"},"author":{"name":"Raffy Ben\u00edtez","@id":"https:\/\/conexion23.com\/#\/schema\/person\/03e36043331117e97a373299bbcd30a6"},"headline":"Robo de medidores el\u00e9ctricos, Un delito en aumento","datePublished":"2025-06-14T13:18:55+00:00","dateModified":"2025-06-14T13:18:57+00:00","mainEntityOfPage":{"@id":"https:\/\/conexion23.com\/?p=40291"},"wordCount":1087,"commentCount":0,"publisher":{"@id":"https:\/\/conexion23.com\/#organization"},"image":{"@id":"https:\/\/conexion23.com\/?p=40291#primaryimage"},"thumbnailUrl":"https:\/\/conexion23.com\/wp-content\/uploads\/2025\/06\/descarga-30.jpg","articleSection":["Uncategorized"],"inLanguage":"es","potentialAction":[{"@type":"CommentAction","name":"Comment","target":["https:\/\/conexion23.com\/?p=40291#respond"]}]},{"@type":"WebPage","@id":"https:\/\/conexion23.com\/?p=40291","url":"https:\/\/conexion23.com\/?p=40291","name":"Robo de medidores el\u00e9ctricos, Un delito en aumento - Conexi\u00f3n 23","isPartOf":{"@id":"https:\/\/conexion23.com\/#website"},"primaryImageOfPage":{"@id":"https:\/\/conexion23.com\/?p=40291#primaryimage"},"image":{"@id":"https:\/\/conexion23.com\/?p=40291#primaryimage"},"thumbnailUrl":"https:\/\/conexion23.com\/wp-content\/uploads\/2025\/06\/descarga-30.jpg","datePublished":"2025-06-14T13:18:55+00:00","dateModified":"2025-06-14T13:18:57+00:00","breadcrumb":{"@id":"https:\/\/conexion23.com\/?p=40291#breadcrumb"},"inLanguage":"es","potentialAction":[{"@type":"ReadAction","target":["https:\/\/conexion23.com\/?p=40291"]}]},{"@type":"ImageObject","inLanguage":"es","@id":"https:\/\/conexion23.com\/?p=40291#primaryimage","url":"https:\/\/conexion23.com\/wp-content\/uploads\/2025\/06\/descarga-30.jpg","contentUrl":"https:\/\/conexion23.com\/wp-content\/uploads\/2025\/06\/descarga-30.jpg","width":283,"height":178},{"@type":"BreadcrumbList","@id":"https:\/\/conexion23.com\/?p=40291#breadcrumb","itemListElement":[{"@type":"ListItem","position":1,"name":"Portada","item":"https:\/\/conexion23.com\/"},{"@type":"ListItem","position":2,"name":"Robo de medidores el\u00e9ctricos, Un delito en aumento"}]},{"@type":"WebSite","@id":"https:\/\/conexion23.com\/#website","url":"https:\/\/conexion23.com\/","name":"Conexi\u00f3n 23","description":"Peri\u00f3dico 100% Petromacorisano","publisher":{"@id":"https:\/\/conexion23.com\/#organization"},"potentialAction":[{"@type":"SearchAction","target":{"@type":"EntryPoint","urlTemplate":"https:\/\/conexion23.com\/?s={search_term_string}"},"query-input":{"@type":"PropertyValueSpecification","valueRequired":true,"valueName":"search_term_string"}}],"inLanguage":"es"},{"@type":"Organization","@id":"https:\/\/conexion23.com\/#organization","name":"Conexion 23","url":"https:\/\/conexion23.com\/","logo":{"@type":"ImageObject","inLanguage":"es","@id":"https:\/\/conexion23.com\/#\/schema\/logo\/image\/","url":"https:\/\/conexion23.com\/wp-content\/uploads\/2021\/11\/Diseno-sin-titulo-2.png","contentUrl":"https:\/\/conexion23.com\/wp-content\/uploads\/2021\/11\/Diseno-sin-titulo-2.png","width":541,"height":90,"caption":"Conexion 23"},"image":{"@id":"https:\/\/conexion23.com\/#\/schema\/logo\/image\/"},"sameAs":["https:\/\/www.facebook.com\/conexion23com","https:\/\/www.instagram.com\/conexion23com\/","https:\/\/www.youtube.com\/channel\/UCYc7vxxFZMYLIHNsHHxPZ3Q"]},{"@type":"Person","@id":"https:\/\/conexion23.com\/#\/schema\/person\/03e36043331117e97a373299bbcd30a6","name":"Raffy Ben\u00edtez","image":{"@type":"ImageObject","inLanguage":"es","@id":"https:\/\/secure.gravatar.com\/avatar\/3190a6a6c5e1b0327500f7d6c56b6242472ee6cb974cf09b401ee6b3b0798f23?s=96&d=mm&r=g","url":"https:\/\/secure.gravatar.com\/avatar\/3190a6a6c5e1b0327500f7d6c56b6242472ee6cb974cf09b401ee6b3b0798f23?s=96&d=mm&r=g","contentUrl":"https:\/\/secure.gravatar.com\/avatar\/3190a6a6c5e1b0327500f7d6c56b6242472ee6cb974cf09b401ee6b3b0798f23?s=96&d=mm&r=g","caption":"Raffy Ben\u00edtez"},"url":"https:\/\/conexion23.com\/?author=15"}]}},"_links":{"self":[{"href":"https:\/\/conexion23.com\/index.php?rest_route=\/wp\/v2\/posts\/40291","targetHints":{"allow":["GET"]}}],"collection":[{"href":"https:\/\/conexion23.com\/index.php?rest_route=\/wp\/v2\/posts"}],"about":[{"href":"https:\/\/conexion23.com\/index.php?rest_route=\/wp\/v2\/types\/post"}],"author":[{"embeddable":true,"href":"https:\/\/conexion23.com\/index.php?rest_route=\/wp\/v2\/users\/15"}],"replies":[{"embeddable":true,"href":"https:\/\/conexion23.com\/index.php?rest_route=%2Fwp%2Fv2%2Fcomments&post=40291"}],"version-history":[{"count":1,"href":"https:\/\/conexion23.com\/index.php?rest_route=\/wp\/v2\/posts\/40291\/revisions"}],"predecessor-version":[{"id":40294,"href":"https:\/\/conexion23.com\/index.php?rest_route=\/wp\/v2\/posts\/40291\/revisions\/40294"}],"wp:featuredmedia":[{"embeddable":true,"href":"https:\/\/conexion23.com\/index.php?rest_route=\/wp\/v2\/media\/40293"}],"wp:attachment":[{"href":"https:\/\/conexion23.com\/index.php?rest_route=%2Fwp%2Fv2%2Fmedia&parent=40291"}],"wp:term":[{"taxonomy":"category","embeddable":true,"href":"https:\/\/conexion23.com\/index.php?rest_route=%2Fwp%2Fv2%2Fcategories&post=40291"},{"taxonomy":"post_tag","embeddable":true,"href":"https:\/\/conexion23.com\/index.php?rest_route=%2Fwp%2Fv2%2Ftags&post=40291"}],"curies":[{"name":"wp","href":"https:\/\/api.w.org\/{rel}","templated":true}]}}