{"id":40301,"date":"2025-06-14T09:39:36","date_gmt":"2025-06-14T13:39:36","guid":{"rendered":"https:\/\/conexion23.com\/?p=40301"},"modified":"2025-06-14T09:39:38","modified_gmt":"2025-06-14T13:39:38","slug":"residentes-en-placer-bonito-denuncian-zanja-impide-transitar-por-calle-enrique-a-valdez","status":"publish","type":"post","link":"https:\/\/conexion23.com\/?p=40301","title":{"rendered":"Residentes en Placer Bonito denuncian zanja impide transitar por calle Enr\u00edque A. Vald\u00e9z"},"content":{"rendered":"\n<p class=\"wp-block-paragraph\">Una profunda zanja abierta desde hace varios meses mantiene pr\u00e1cticamente inhabilitada la circulaci\u00f3n de veh\u00edculos en la calle Enr\u00edque A. Vald\u00e9z, en el sector Placer Bonito, debido a trabajos iniciados por la alcald\u00eda que a\u00fan no han sido concluidos.<\/p>\n\n\n\n<p class=\"wp-block-paragraph\">La situaci\u00f3n ha generado molestias, riesgos para la salud y accidentes de tr\u00e1nsito que han afectado a los residentes del lugar y personas que no conocen de la problem\u00e1tica.<\/p>\n\n\n\n<p class=\"wp-block-paragraph\">La via que atraviesa un canal de desag\u00fce que conduce las aguas pluviales hacia el r\u00edo Higuamo, permanece al descubierto lo que ha impide el paso normal de veh\u00edculos y representa un peligro constante tanto para conductores como para peatones en especial a quienes se desplazan en motocicletas.<\/p>\n\n\n\n<p class=\"wp-block-paragraph\">Vecinos del lugar, en un intento por habilitar un acceso provisional, han colocado tablas improvisadas sobre la zanja para permitir el paso.<\/p>\n\n\n\n<p class=\"wp-block-paragraph\">No obstante, varios veh\u00edculos han ca\u00eddo dentro del canal por la inestabilidad de esas estructuras, lo que ha requerido la intervenci\u00f3n de gr\u00faas para sacar los veh\u00edculos debido a la profundidad del hueco.<\/p>\n\n\n\n<p class=\"wp-block-paragraph\">L\u00f3pez advirti\u00f3 sobre el impacto sanitario que representa el canal descubierto, ya que el mal olor que emana del agua estancada afecta a todos los moradores del entorno.<\/p>\n\n\n\n<p class=\"wp-block-paragraph\">\u201cEsto no solo es un peligro para el tr\u00e1nsito, tambi\u00e9n lo es para la salud. El hedor entra a las casas y hay ni\u00f1os y envejecientes que se ven afectados\u201d, se\u00f1al\u00f3.<\/p>\n\n\n\n<p class=\"wp-block-paragraph\">Los comunitarios demandan una pronta intervenci\u00f3n por parte del Ayuntamiento Municipal para que se culmine la obra, se cubra el canal y se restablezca la circulaci\u00f3n vehicular en esa importante v\u00eda del sector.<\/p>\n","protected":false},"excerpt":{"rendered":"<p>Una profunda zanja abierta desde hace varios meses mantiene pr\u00e1cticamente inhabilitada la circulaci\u00f3n de veh\u00edculos en la calle Enr\u00edque A. Vald\u00e9z, en el sector Placer Bonito, debido a trabajos iniciados por la alcald\u00eda que a\u00fan no han sido concluidos. La situaci\u00f3n ha generado molestias, riesgos para la salud y accidentes de tr\u00e1nsito que han afectado [&hellip;]<\/p>\n","protected":false},"author":15,"featured_media":40302,"comment_status":"open","ping_status":"open","sticky":false,"template":"","format":"standard","meta":{"footnotes":""},"categories":[35],"tags":[],"class_list":["post-40301","post","type-post","status-publish","format-standard","has-post-thumbnail","category-spm"],"yoast_head":"<!-- This site is optimized with the Yoast SEO plugin v27.6 - https:\/\/yoast.com\/product\/yoast-seo-wordpress\/ -->\n<title>Residentes en Placer Bonito denuncian zanja impide transitar por calle Enr\u00edque A. Vald\u00e9z - Conexi\u00f3n 23<\/title>\n<meta name=\"robots\" content=\"index, follow, max-snippet:-1, max-image-preview:large, max-video-preview:-1\" \/>\n<link rel=\"canonical\" href=\"https:\/\/conexion23.com\/?p=40301\" \/>\n<meta property=\"og:locale\" content=\"es_ES\" \/>\n<meta property=\"og:type\" content=\"article\" \/>\n<meta property=\"og:title\" content=\"Residentes en Placer Bonito denuncian zanja impide transitar por calle Enr\u00edque A. Vald\u00e9z - Conexi\u00f3n 23\" \/>\n<meta property=\"og:description\" content=\"Una profunda zanja abierta desde hace varios meses mantiene pr\u00e1cticamente inhabilitada la circulaci\u00f3n de veh\u00edculos en la calle Enr\u00edque A. Vald\u00e9z, en el sector Placer Bonito, debido a trabajos iniciados por la alcald\u00eda que a\u00fan no han sido concluidos. La situaci\u00f3n ha generado molestias, riesgos para la salud y accidentes de tr\u00e1nsito que han afectado [&hellip;]\" \/>\n<meta property=\"og:url\" content=\"https:\/\/conexion23.com\/?p=40301\" \/>\n<meta property=\"og:site_name\" content=\"Conexi\u00f3n 23\" \/>\n<meta property=\"article:publisher\" content=\"https:\/\/www.facebook.com\/conexion23com\" \/>\n<meta property=\"article:published_time\" content=\"2025-06-14T13:39:36+00:00\" \/>\n<meta property=\"article:modified_time\" content=\"2025-06-14T13:39:38+00:00\" \/>\n<meta property=\"og:image\" content=\"https:\/\/conexion23.com\/wp-content\/uploads\/2025\/06\/eea5e558-53ea-4d37-bbd2-b61ec11bf12c.jpg\" \/>\n\t<meta property=\"og:image:width\" content=\"1280\" \/>\n\t<meta property=\"og:image:height\" content=\"740\" \/>\n\t<meta property=\"og:image:type\" content=\"image\/jpeg\" \/>\n<meta name=\"author\" content=\"Raffy Ben\u00edtez\" \/>\n<meta name=\"twitter:card\" content=\"summary_large_image\" \/>\n<meta name=\"twitter:label1\" content=\"Escrito por\" \/>\n\t<meta name=\"twitter:data1\" content=\"Raffy Ben\u00edtez\" \/>\n\t<meta name=\"twitter:label2\" content=\"Tiempo de lectura\" \/>\n\t<meta name=\"twitter:data2\" content=\"2 minutos\" \/>\n<script type=\"application\/ld+json\" class=\"yoast-schema-graph\">{\"@context\":\"https:\\\/\\\/schema.org\",\"@graph\":[{\"@type\":\"Article\",\"@id\":\"https:\\\/\\\/conexion23.com\\\/?p=40301#article\",\"isPartOf\":{\"@id\":\"https:\\\/\\\/conexion23.com\\\/?p=40301\"},\"author\":{\"name\":\"Raffy Ben\u00edtez\",\"@id\":\"http:\\\/\\\/conexion23.com\\\/#\\\/schema\\\/person\\\/03e36043331117e97a373299bbcd30a6\"},\"headline\":\"Residentes en Placer Bonito denuncian zanja impide transitar por calle Enr\u00edque A. Vald\u00e9z\",\"datePublished\":\"2025-06-14T13:39:36+00:00\",\"dateModified\":\"2025-06-14T13:39:38+00:00\",\"mainEntityOfPage\":{\"@id\":\"https:\\\/\\\/conexion23.com\\\/?p=40301\"},\"wordCount\":304,\"commentCount\":0,\"publisher\":{\"@id\":\"http:\\\/\\\/conexion23.com\\\/#organization\"},\"image\":{\"@id\":\"https:\\\/\\\/conexion23.com\\\/?p=40301#primaryimage\"},\"thumbnailUrl\":\"https:\\\/\\\/conexion23.com\\\/wp-content\\\/uploads\\\/2025\\\/06\\\/eea5e558-53ea-4d37-bbd2-b61ec11bf12c.jpg\",\"articleSection\":[\"SPM\"],\"inLanguage\":\"es\",\"potentialAction\":[{\"@type\":\"CommentAction\",\"name\":\"Comment\",\"target\":[\"https:\\\/\\\/conexion23.com\\\/?p=40301#respond\"]}]},{\"@type\":\"WebPage\",\"@id\":\"https:\\\/\\\/conexion23.com\\\/?p=40301\",\"url\":\"https:\\\/\\\/conexion23.com\\\/?p=40301\",\"name\":\"Residentes en Placer Bonito denuncian zanja impide transitar por calle Enr\u00edque A. Vald\u00e9z - Conexi\u00f3n 23\",\"isPartOf\":{\"@id\":\"http:\\\/\\\/conexion23.com\\\/#website\"},\"primaryImageOfPage\":{\"@id\":\"https:\\\/\\\/conexion23.com\\\/?p=40301#primaryimage\"},\"image\":{\"@id\":\"https:\\\/\\\/conexion23.com\\\/?p=40301#primaryimage\"},\"thumbnailUrl\":\"https:\\\/\\\/conexion23.com\\\/wp-content\\\/uploads\\\/2025\\\/06\\\/eea5e558-53ea-4d37-bbd2-b61ec11bf12c.jpg\",\"datePublished\":\"2025-06-14T13:39:36+00:00\",\"dateModified\":\"2025-06-14T13:39:38+00:00\",\"breadcrumb\":{\"@id\":\"https:\\\/\\\/conexion23.com\\\/?p=40301#breadcrumb\"},\"inLanguage\":\"es\",\"potentialAction\":[{\"@type\":\"ReadAction\",\"target\":[\"https:\\\/\\\/conexion23.com\\\/?p=40301\"]}]},{\"@type\":\"ImageObject\",\"inLanguage\":\"es\",\"@id\":\"https:\\\/\\\/conexion23.com\\\/?p=40301#primaryimage\",\"url\":\"https:\\\/\\\/conexion23.com\\\/wp-content\\\/uploads\\\/2025\\\/06\\\/eea5e558-53ea-4d37-bbd2-b61ec11bf12c.jpg\",\"contentUrl\":\"https:\\\/\\\/conexion23.com\\\/wp-content\\\/uploads\\\/2025\\\/06\\\/eea5e558-53ea-4d37-bbd2-b61ec11bf12c.jpg\",\"width\":1280,\"height\":740},{\"@type\":\"BreadcrumbList\",\"@id\":\"https:\\\/\\\/conexion23.com\\\/?p=40301#breadcrumb\",\"itemListElement\":[{\"@type\":\"ListItem\",\"position\":1,\"name\":\"Portada\",\"item\":\"http:\\\/\\\/conexion23.com\\\/\"},{\"@type\":\"ListItem\",\"position\":2,\"name\":\"Residentes en Placer Bonito denuncian zanja impide transitar por calle Enr\u00edque A. Vald\u00e9z\"}]},{\"@type\":\"WebSite\",\"@id\":\"http:\\\/\\\/conexion23.com\\\/#website\",\"url\":\"http:\\\/\\\/conexion23.com\\\/\",\"name\":\"Conexi\u00f3n 23\",\"description\":\"Peri\u00f3dico 100% Petromacorisano\",\"publisher\":{\"@id\":\"http:\\\/\\\/conexion23.com\\\/#organization\"},\"potentialAction\":[{\"@type\":\"SearchAction\",\"target\":{\"@type\":\"EntryPoint\",\"urlTemplate\":\"http:\\\/\\\/conexion23.com\\\/?s={search_term_string}\"},\"query-input\":{\"@type\":\"PropertyValueSpecification\",\"valueRequired\":true,\"valueName\":\"search_term_string\"}}],\"inLanguage\":\"es\"},{\"@type\":\"Organization\",\"@id\":\"http:\\\/\\\/conexion23.com\\\/#organization\",\"name\":\"Conexion 23\",\"url\":\"http:\\\/\\\/conexion23.com\\\/\",\"logo\":{\"@type\":\"ImageObject\",\"inLanguage\":\"es\",\"@id\":\"http:\\\/\\\/conexion23.com\\\/#\\\/schema\\\/logo\\\/image\\\/\",\"url\":\"https:\\\/\\\/conexion23.com\\\/wp-content\\\/uploads\\\/2021\\\/11\\\/Diseno-sin-titulo-2.png\",\"contentUrl\":\"https:\\\/\\\/conexion23.com\\\/wp-content\\\/uploads\\\/2021\\\/11\\\/Diseno-sin-titulo-2.png\",\"width\":541,\"height\":90,\"caption\":\"Conexion 23\"},\"image\":{\"@id\":\"http:\\\/\\\/conexion23.com\\\/#\\\/schema\\\/logo\\\/image\\\/\"},\"sameAs\":[\"https:\\\/\\\/www.facebook.com\\\/conexion23com\",\"https:\\\/\\\/www.instagram.com\\\/conexion23com\\\/\",\"https:\\\/\\\/www.youtube.com\\\/channel\\\/UCYc7vxxFZMYLIHNsHHxPZ3Q\"]},{\"@type\":\"Person\",\"@id\":\"http:\\\/\\\/conexion23.com\\\/#\\\/schema\\\/person\\\/03e36043331117e97a373299bbcd30a6\",\"name\":\"Raffy Ben\u00edtez\",\"image\":{\"@type\":\"ImageObject\",\"inLanguage\":\"es\",\"@id\":\"https:\\\/\\\/secure.gravatar.com\\\/avatar\\\/3190a6a6c5e1b0327500f7d6c56b6242472ee6cb974cf09b401ee6b3b0798f23?s=96&d=mm&r=g\",\"url\":\"https:\\\/\\\/secure.gravatar.com\\\/avatar\\\/3190a6a6c5e1b0327500f7d6c56b6242472ee6cb974cf09b401ee6b3b0798f23?s=96&d=mm&r=g\",\"contentUrl\":\"https:\\\/\\\/secure.gravatar.com\\\/avatar\\\/3190a6a6c5e1b0327500f7d6c56b6242472ee6cb974cf09b401ee6b3b0798f23?s=96&d=mm&r=g\",\"caption\":\"Raffy Ben\u00edtez\"},\"url\":\"https:\\\/\\\/conexion23.com\\\/?author=15\"}]}<\/script>\n<!-- \/ Yoast SEO plugin. -->","yoast_head_json":{"title":"Residentes en Placer Bonito denuncian zanja impide transitar por calle Enr\u00edque A. Vald\u00e9z - Conexi\u00f3n 23","robots":{"index":"index","follow":"follow","max-snippet":"max-snippet:-1","max-image-preview":"max-image-preview:large","max-video-preview":"max-video-preview:-1"},"canonical":"https:\/\/conexion23.com\/?p=40301","og_locale":"es_ES","og_type":"article","og_title":"Residentes en Placer Bonito denuncian zanja impide transitar por calle Enr\u00edque A. Vald\u00e9z - Conexi\u00f3n 23","og_description":"Una profunda zanja abierta desde hace varios meses mantiene pr\u00e1cticamente inhabilitada la circulaci\u00f3n de veh\u00edculos en la calle Enr\u00edque A. Vald\u00e9z, en el sector Placer Bonito, debido a trabajos iniciados por la alcald\u00eda que a\u00fan no han sido concluidos. La situaci\u00f3n ha generado molestias, riesgos para la salud y accidentes de tr\u00e1nsito que han afectado [&hellip;]","og_url":"https:\/\/conexion23.com\/?p=40301","og_site_name":"Conexi\u00f3n 23","article_publisher":"https:\/\/www.facebook.com\/conexion23com","article_published_time":"2025-06-14T13:39:36+00:00","article_modified_time":"2025-06-14T13:39:38+00:00","og_image":[{"width":1280,"height":740,"url":"https:\/\/conexion23.com\/wp-content\/uploads\/2025\/06\/eea5e558-53ea-4d37-bbd2-b61ec11bf12c.jpg","type":"image\/jpeg"}],"author":"Raffy Ben\u00edtez","twitter_card":"summary_large_image","twitter_misc":{"Escrito por":"Raffy Ben\u00edtez","Tiempo de lectura":"2 minutos"},"schema":{"@context":"https:\/\/schema.org","@graph":[{"@type":"Article","@id":"https:\/\/conexion23.com\/?p=40301#article","isPartOf":{"@id":"https:\/\/conexion23.com\/?p=40301"},"author":{"name":"Raffy Ben\u00edtez","@id":"http:\/\/conexion23.com\/#\/schema\/person\/03e36043331117e97a373299bbcd30a6"},"headline":"Residentes en Placer Bonito denuncian zanja impide transitar por calle Enr\u00edque A. Vald\u00e9z","datePublished":"2025-06-14T13:39:36+00:00","dateModified":"2025-06-14T13:39:38+00:00","mainEntityOfPage":{"@id":"https:\/\/conexion23.com\/?p=40301"},"wordCount":304,"commentCount":0,"publisher":{"@id":"http:\/\/conexion23.com\/#organization"},"image":{"@id":"https:\/\/conexion23.com\/?p=40301#primaryimage"},"thumbnailUrl":"https:\/\/conexion23.com\/wp-content\/uploads\/2025\/06\/eea5e558-53ea-4d37-bbd2-b61ec11bf12c.jpg","articleSection":["SPM"],"inLanguage":"es","potentialAction":[{"@type":"CommentAction","name":"Comment","target":["https:\/\/conexion23.com\/?p=40301#respond"]}]},{"@type":"WebPage","@id":"https:\/\/conexion23.com\/?p=40301","url":"https:\/\/conexion23.com\/?p=40301","name":"Residentes en Placer Bonito denuncian zanja impide transitar por calle Enr\u00edque A. Vald\u00e9z - Conexi\u00f3n 23","isPartOf":{"@id":"http:\/\/conexion23.com\/#website"},"primaryImageOfPage":{"@id":"https:\/\/conexion23.com\/?p=40301#primaryimage"},"image":{"@id":"https:\/\/conexion23.com\/?p=40301#primaryimage"},"thumbnailUrl":"https:\/\/conexion23.com\/wp-content\/uploads\/2025\/06\/eea5e558-53ea-4d37-bbd2-b61ec11bf12c.jpg","datePublished":"2025-06-14T13:39:36+00:00","dateModified":"2025-06-14T13:39:38+00:00","breadcrumb":{"@id":"https:\/\/conexion23.com\/?p=40301#breadcrumb"},"inLanguage":"es","potentialAction":[{"@type":"ReadAction","target":["https:\/\/conexion23.com\/?p=40301"]}]},{"@type":"ImageObject","inLanguage":"es","@id":"https:\/\/conexion23.com\/?p=40301#primaryimage","url":"https:\/\/conexion23.com\/wp-content\/uploads\/2025\/06\/eea5e558-53ea-4d37-bbd2-b61ec11bf12c.jpg","contentUrl":"https:\/\/conexion23.com\/wp-content\/uploads\/2025\/06\/eea5e558-53ea-4d37-bbd2-b61ec11bf12c.jpg","width":1280,"height":740},{"@type":"BreadcrumbList","@id":"https:\/\/conexion23.com\/?p=40301#breadcrumb","itemListElement":[{"@type":"ListItem","position":1,"name":"Portada","item":"http:\/\/conexion23.com\/"},{"@type":"ListItem","position":2,"name":"Residentes en Placer Bonito denuncian zanja impide transitar por calle Enr\u00edque A. Vald\u00e9z"}]},{"@type":"WebSite","@id":"http:\/\/conexion23.com\/#website","url":"http:\/\/conexion23.com\/","name":"Conexi\u00f3n 23","description":"Peri\u00f3dico 100% Petromacorisano","publisher":{"@id":"http:\/\/conexion23.com\/#organization"},"potentialAction":[{"@type":"SearchAction","target":{"@type":"EntryPoint","urlTemplate":"http:\/\/conexion23.com\/?s={search_term_string}"},"query-input":{"@type":"PropertyValueSpecification","valueRequired":true,"valueName":"search_term_string"}}],"inLanguage":"es"},{"@type":"Organization","@id":"http:\/\/conexion23.com\/#organization","name":"Conexion 23","url":"http:\/\/conexion23.com\/","logo":{"@type":"ImageObject","inLanguage":"es","@id":"http:\/\/conexion23.com\/#\/schema\/logo\/image\/","url":"https:\/\/conexion23.com\/wp-content\/uploads\/2021\/11\/Diseno-sin-titulo-2.png","contentUrl":"https:\/\/conexion23.com\/wp-content\/uploads\/2021\/11\/Diseno-sin-titulo-2.png","width":541,"height":90,"caption":"Conexion 23"},"image":{"@id":"http:\/\/conexion23.com\/#\/schema\/logo\/image\/"},"sameAs":["https:\/\/www.facebook.com\/conexion23com","https:\/\/www.instagram.com\/conexion23com\/","https:\/\/www.youtube.com\/channel\/UCYc7vxxFZMYLIHNsHHxPZ3Q"]},{"@type":"Person","@id":"http:\/\/conexion23.com\/#\/schema\/person\/03e36043331117e97a373299bbcd30a6","name":"Raffy Ben\u00edtez","image":{"@type":"ImageObject","inLanguage":"es","@id":"https:\/\/secure.gravatar.com\/avatar\/3190a6a6c5e1b0327500f7d6c56b6242472ee6cb974cf09b401ee6b3b0798f23?s=96&d=mm&r=g","url":"https:\/\/secure.gravatar.com\/avatar\/3190a6a6c5e1b0327500f7d6c56b6242472ee6cb974cf09b401ee6b3b0798f23?s=96&d=mm&r=g","contentUrl":"https:\/\/secure.gravatar.com\/avatar\/3190a6a6c5e1b0327500f7d6c56b6242472ee6cb974cf09b401ee6b3b0798f23?s=96&d=mm&r=g","caption":"Raffy Ben\u00edtez"},"url":"https:\/\/conexion23.com\/?author=15"}]}},"_links":{"self":[{"href":"https:\/\/conexion23.com\/index.php?rest_route=\/wp\/v2\/posts\/40301","targetHints":{"allow":["GET"]}}],"collection":[{"href":"https:\/\/conexion23.com\/index.php?rest_route=\/wp\/v2\/posts"}],"about":[{"href":"https:\/\/conexion23.com\/index.php?rest_route=\/wp\/v2\/types\/post"}],"author":[{"embeddable":true,"href":"https:\/\/conexion23.com\/index.php?rest_route=\/wp\/v2\/users\/15"}],"replies":[{"embeddable":true,"href":"https:\/\/conexion23.com\/index.php?rest_route=%2Fwp%2Fv2%2Fcomments&post=40301"}],"version-history":[{"count":1,"href":"https:\/\/conexion23.com\/index.php?rest_route=\/wp\/v2\/posts\/40301\/revisions"}],"predecessor-version":[{"id":40303,"href":"https:\/\/conexion23.com\/index.php?rest_route=\/wp\/v2\/posts\/40301\/revisions\/40303"}],"wp:featuredmedia":[{"embeddable":true,"href":"https:\/\/conexion23.com\/index.php?rest_route=\/wp\/v2\/media\/40302"}],"wp:attachment":[{"href":"https:\/\/conexion23.com\/index.php?rest_route=%2Fwp%2Fv2%2Fmedia&parent=40301"}],"wp:term":[{"taxonomy":"category","embeddable":true,"href":"https:\/\/conexion23.com\/index.php?rest_route=%2Fwp%2Fv2%2Fcategories&post=40301"},{"taxonomy":"post_tag","embeddable":true,"href":"https:\/\/conexion23.com\/index.php?rest_route=%2Fwp%2Fv2%2Ftags&post=40301"}],"curies":[{"name":"wp","href":"https:\/\/api.w.org\/{rel}","templated":true}]}}