{"id":40314,"date":"2025-06-16T07:21:41","date_gmt":"2025-06-16T11:21:41","guid":{"rendered":"https:\/\/conexion23.com\/?p=40314"},"modified":"2025-06-16T07:21:43","modified_gmt":"2025-06-16T11:21:43","slug":"sismo-de-61-de-magnitud-provoca-un-muerto-en-lima","status":"publish","type":"post","link":"https:\/\/conexion23.com\/?p=40314","title":{"rendered":"Sismo de 6,1 de magnitud provoca un muerto en Lima."},"content":{"rendered":"\n<p class=\"wp-block-paragraph\">Un sismo de magnitud 6,1 que sacudi\u00f3 Lima y sus alrededores este domingo provoc\u00f3 una muerte y cinco heridos adem\u00e1s de varios deslizamientos de tierra.<\/p>\n\n\n\n<p class=\"wp-block-paragraph\">El evento empez\u00f3 a las 11H35 locales (16H35 GMT) y su epicentro se situ\u00f3 a una treintena de kil\u00f3metros al suroeste de Callao, ciudad colindante con Lima, seg\u00fan el Centro Sismol\u00f3gico Nacional.<\/p>\n\n\n\n<p class=\"wp-block-paragraph\">La Polic\u00eda Nacional confirm\u00f3 que un hombre de 36 a\u00f1os muri\u00f3 aplastado por la ca\u00edda de un muro sobre el auto en el que se encontraba en el distrito de Independencia, en la capital.<\/p>\n\n\n\n<p class=\"wp-block-paragraph\">Adem\u00e1s, el Centro de Operaciones de Emergencia report\u00f3 cinco heridos en Lima.<\/p>\n\n\n\n<p class=\"wp-block-paragraph\">\u00abPido tranquilidad a la poblaci\u00f3n\u00bb, dijo la presidenta, Dina Boluarte, que record\u00f3 que no hay alerta de tsunami para la costa del pa\u00eds.<\/p>\n\n\n\n<p class=\"wp-block-paragraph\">Un video transmitido en el canal Latina mostr\u00f3 deslizamientos de tierra en varios municipios de Lima.<\/p>\n\n\n\n<p class=\"wp-block-paragraph\">El sismo provoc\u00f3 la suspensi\u00f3n moment\u00e1nea del partido de f\u00fatbol entre Sporting Cristal y Deportivo Garcilaso por el torneo Apertura.<\/p>\n\n\n\n<p class=\"wp-block-paragraph\">Per\u00fa, con 34 millones de habitantes, est\u00e1 ubicado en el denominado Cintur\u00f3n de Fuego del Pac\u00edfico, que se extiende a lo largo de la costa oeste americana y este asi\u00e1tica.<\/p>\n\n\n\n<p class=\"wp-block-paragraph\">En estas regiones se registra la mayor actividad s\u00edsmica del mundo. Al a\u00f1o, solo en Per\u00fa, ocurren al menos un centenar de sismos perceptibles para la poblaci\u00f3n.<\/p>\n\n\n\n<p class=\"wp-block-paragraph\">El \u00faltimo sismo de gran magnitud fue en la regi\u00f3n Amazonas en noviembre de 2021, de 7,5. Dej\u00f3 12 heridos y destruy\u00f3 m\u00e1s de 70 viviendas.<\/p>\n\n\n\n<p class=\"wp-block-paragraph\">En 1970 Per\u00fa sufri\u00f3 uno de los terremotos m\u00e1s mort\u00edferos de los \u00faltimos 100 a\u00f1os, en el que murieron 67.000 personas en la regi\u00f3n \u00c1ncash, al centro norte del pa\u00eds.<\/p>\n","protected":false},"excerpt":{"rendered":"<p>Un sismo de magnitud 6,1 que sacudi\u00f3 Lima y sus alrededores este domingo provoc\u00f3 una muerte y cinco heridos adem\u00e1s de varios deslizamientos de tierra. El evento empez\u00f3 a las 11H35 locales (16H35 GMT) y su epicentro se situ\u00f3 a una treintena de kil\u00f3metros al suroeste de Callao, ciudad colindante con Lima, seg\u00fan el Centro [&hellip;]<\/p>\n","protected":false},"author":15,"featured_media":40315,"comment_status":"open","ping_status":"open","sticky":false,"template":"","format":"standard","meta":{"footnotes":""},"categories":[1],"tags":[],"class_list":["post-40314","post","type-post","status-publish","format-standard","has-post-thumbnail","category-uncategorized"],"yoast_head":"<!-- This site is optimized with the Yoast SEO plugin v27.6 - https:\/\/yoast.com\/product\/yoast-seo-wordpress\/ -->\n<title>Sismo de 6,1 de magnitud provoca un muerto en Lima. - Conexi\u00f3n 23<\/title>\n<meta name=\"robots\" content=\"index, follow, max-snippet:-1, max-image-preview:large, max-video-preview:-1\" \/>\n<link rel=\"canonical\" href=\"https:\/\/conexion23.com\/?p=40314\" \/>\n<meta property=\"og:locale\" content=\"es_ES\" \/>\n<meta property=\"og:type\" content=\"article\" \/>\n<meta property=\"og:title\" content=\"Sismo de 6,1 de magnitud provoca un muerto en Lima. - Conexi\u00f3n 23\" \/>\n<meta property=\"og:description\" content=\"Un sismo de magnitud 6,1 que sacudi\u00f3 Lima y sus alrededores este domingo provoc\u00f3 una muerte y cinco heridos adem\u00e1s de varios deslizamientos de tierra. El evento empez\u00f3 a las 11H35 locales (16H35 GMT) y su epicentro se situ\u00f3 a una treintena de kil\u00f3metros al suroeste de Callao, ciudad colindante con Lima, seg\u00fan el Centro [&hellip;]\" \/>\n<meta property=\"og:url\" content=\"https:\/\/conexion23.com\/?p=40314\" \/>\n<meta property=\"og:site_name\" content=\"Conexi\u00f3n 23\" \/>\n<meta property=\"article:publisher\" content=\"https:\/\/www.facebook.com\/conexion23com\" \/>\n<meta property=\"article:published_time\" content=\"2025-06-16T11:21:41+00:00\" \/>\n<meta property=\"article:modified_time\" content=\"2025-06-16T11:21:43+00:00\" \/>\n<meta property=\"og:image\" content=\"https:\/\/conexion23.com\/wp-content\/uploads\/2025\/06\/descarga-2-4.jpg\" \/>\n\t<meta property=\"og:image:width\" content=\"275\" \/>\n\t<meta property=\"og:image:height\" content=\"183\" \/>\n\t<meta property=\"og:image:type\" content=\"image\/jpeg\" \/>\n<meta name=\"author\" content=\"Raffy Ben\u00edtez\" \/>\n<meta name=\"twitter:card\" content=\"summary_large_image\" \/>\n<meta name=\"twitter:label1\" content=\"Escrito por\" \/>\n\t<meta name=\"twitter:data1\" content=\"Raffy Ben\u00edtez\" \/>\n\t<meta name=\"twitter:label2\" content=\"Tiempo de lectura\" \/>\n\t<meta name=\"twitter:data2\" content=\"2 minutos\" \/>\n<script type=\"application\/ld+json\" class=\"yoast-schema-graph\">{\"@context\":\"https:\\\/\\\/schema.org\",\"@graph\":[{\"@type\":\"Article\",\"@id\":\"https:\\\/\\\/conexion23.com\\\/?p=40314#article\",\"isPartOf\":{\"@id\":\"https:\\\/\\\/conexion23.com\\\/?p=40314\"},\"author\":{\"name\":\"Raffy Ben\u00edtez\",\"@id\":\"https:\\\/\\\/conexion23.com\\\/#\\\/schema\\\/person\\\/03e36043331117e97a373299bbcd30a6\"},\"headline\":\"Sismo de 6,1 de magnitud provoca un muerto en Lima.\",\"datePublished\":\"2025-06-16T11:21:41+00:00\",\"dateModified\":\"2025-06-16T11:21:43+00:00\",\"mainEntityOfPage\":{\"@id\":\"https:\\\/\\\/conexion23.com\\\/?p=40314\"},\"wordCount\":300,\"commentCount\":0,\"publisher\":{\"@id\":\"https:\\\/\\\/conexion23.com\\\/#organization\"},\"image\":{\"@id\":\"https:\\\/\\\/conexion23.com\\\/?p=40314#primaryimage\"},\"thumbnailUrl\":\"https:\\\/\\\/conexion23.com\\\/wp-content\\\/uploads\\\/2025\\\/06\\\/descarga-2-4.jpg\",\"articleSection\":[\"Uncategorized\"],\"inLanguage\":\"es\",\"potentialAction\":[{\"@type\":\"CommentAction\",\"name\":\"Comment\",\"target\":[\"https:\\\/\\\/conexion23.com\\\/?p=40314#respond\"]}]},{\"@type\":\"WebPage\",\"@id\":\"https:\\\/\\\/conexion23.com\\\/?p=40314\",\"url\":\"https:\\\/\\\/conexion23.com\\\/?p=40314\",\"name\":\"Sismo de 6,1 de magnitud provoca un muerto en Lima. - Conexi\u00f3n 23\",\"isPartOf\":{\"@id\":\"https:\\\/\\\/conexion23.com\\\/#website\"},\"primaryImageOfPage\":{\"@id\":\"https:\\\/\\\/conexion23.com\\\/?p=40314#primaryimage\"},\"image\":{\"@id\":\"https:\\\/\\\/conexion23.com\\\/?p=40314#primaryimage\"},\"thumbnailUrl\":\"https:\\\/\\\/conexion23.com\\\/wp-content\\\/uploads\\\/2025\\\/06\\\/descarga-2-4.jpg\",\"datePublished\":\"2025-06-16T11:21:41+00:00\",\"dateModified\":\"2025-06-16T11:21:43+00:00\",\"breadcrumb\":{\"@id\":\"https:\\\/\\\/conexion23.com\\\/?p=40314#breadcrumb\"},\"inLanguage\":\"es\",\"potentialAction\":[{\"@type\":\"ReadAction\",\"target\":[\"https:\\\/\\\/conexion23.com\\\/?p=40314\"]}]},{\"@type\":\"ImageObject\",\"inLanguage\":\"es\",\"@id\":\"https:\\\/\\\/conexion23.com\\\/?p=40314#primaryimage\",\"url\":\"https:\\\/\\\/conexion23.com\\\/wp-content\\\/uploads\\\/2025\\\/06\\\/descarga-2-4.jpg\",\"contentUrl\":\"https:\\\/\\\/conexion23.com\\\/wp-content\\\/uploads\\\/2025\\\/06\\\/descarga-2-4.jpg\",\"width\":275,\"height\":183},{\"@type\":\"BreadcrumbList\",\"@id\":\"https:\\\/\\\/conexion23.com\\\/?p=40314#breadcrumb\",\"itemListElement\":[{\"@type\":\"ListItem\",\"position\":1,\"name\":\"Portada\",\"item\":\"https:\\\/\\\/conexion23.com\\\/\"},{\"@type\":\"ListItem\",\"position\":2,\"name\":\"Sismo de 6,1 de magnitud provoca un muerto en Lima.\"}]},{\"@type\":\"WebSite\",\"@id\":\"https:\\\/\\\/conexion23.com\\\/#website\",\"url\":\"https:\\\/\\\/conexion23.com\\\/\",\"name\":\"Conexi\u00f3n 23\",\"description\":\"Peri\u00f3dico 100% Petromacorisano\",\"publisher\":{\"@id\":\"https:\\\/\\\/conexion23.com\\\/#organization\"},\"potentialAction\":[{\"@type\":\"SearchAction\",\"target\":{\"@type\":\"EntryPoint\",\"urlTemplate\":\"https:\\\/\\\/conexion23.com\\\/?s={search_term_string}\"},\"query-input\":{\"@type\":\"PropertyValueSpecification\",\"valueRequired\":true,\"valueName\":\"search_term_string\"}}],\"inLanguage\":\"es\"},{\"@type\":\"Organization\",\"@id\":\"https:\\\/\\\/conexion23.com\\\/#organization\",\"name\":\"Conexion 23\",\"url\":\"https:\\\/\\\/conexion23.com\\\/\",\"logo\":{\"@type\":\"ImageObject\",\"inLanguage\":\"es\",\"@id\":\"https:\\\/\\\/conexion23.com\\\/#\\\/schema\\\/logo\\\/image\\\/\",\"url\":\"https:\\\/\\\/conexion23.com\\\/wp-content\\\/uploads\\\/2021\\\/11\\\/Diseno-sin-titulo-2.png\",\"contentUrl\":\"https:\\\/\\\/conexion23.com\\\/wp-content\\\/uploads\\\/2021\\\/11\\\/Diseno-sin-titulo-2.png\",\"width\":541,\"height\":90,\"caption\":\"Conexion 23\"},\"image\":{\"@id\":\"https:\\\/\\\/conexion23.com\\\/#\\\/schema\\\/logo\\\/image\\\/\"},\"sameAs\":[\"https:\\\/\\\/www.facebook.com\\\/conexion23com\",\"https:\\\/\\\/www.instagram.com\\\/conexion23com\\\/\",\"https:\\\/\\\/www.youtube.com\\\/channel\\\/UCYc7vxxFZMYLIHNsHHxPZ3Q\"]},{\"@type\":\"Person\",\"@id\":\"https:\\\/\\\/conexion23.com\\\/#\\\/schema\\\/person\\\/03e36043331117e97a373299bbcd30a6\",\"name\":\"Raffy Ben\u00edtez\",\"image\":{\"@type\":\"ImageObject\",\"inLanguage\":\"es\",\"@id\":\"https:\\\/\\\/secure.gravatar.com\\\/avatar\\\/3190a6a6c5e1b0327500f7d6c56b6242472ee6cb974cf09b401ee6b3b0798f23?s=96&d=mm&r=g\",\"url\":\"https:\\\/\\\/secure.gravatar.com\\\/avatar\\\/3190a6a6c5e1b0327500f7d6c56b6242472ee6cb974cf09b401ee6b3b0798f23?s=96&d=mm&r=g\",\"contentUrl\":\"https:\\\/\\\/secure.gravatar.com\\\/avatar\\\/3190a6a6c5e1b0327500f7d6c56b6242472ee6cb974cf09b401ee6b3b0798f23?s=96&d=mm&r=g\",\"caption\":\"Raffy Ben\u00edtez\"},\"url\":\"https:\\\/\\\/conexion23.com\\\/?author=15\"}]}<\/script>\n<!-- \/ Yoast SEO plugin. -->","yoast_head_json":{"title":"Sismo de 6,1 de magnitud provoca un muerto en Lima. - Conexi\u00f3n 23","robots":{"index":"index","follow":"follow","max-snippet":"max-snippet:-1","max-image-preview":"max-image-preview:large","max-video-preview":"max-video-preview:-1"},"canonical":"https:\/\/conexion23.com\/?p=40314","og_locale":"es_ES","og_type":"article","og_title":"Sismo de 6,1 de magnitud provoca un muerto en Lima. - Conexi\u00f3n 23","og_description":"Un sismo de magnitud 6,1 que sacudi\u00f3 Lima y sus alrededores este domingo provoc\u00f3 una muerte y cinco heridos adem\u00e1s de varios deslizamientos de tierra. El evento empez\u00f3 a las 11H35 locales (16H35 GMT) y su epicentro se situ\u00f3 a una treintena de kil\u00f3metros al suroeste de Callao, ciudad colindante con Lima, seg\u00fan el Centro [&hellip;]","og_url":"https:\/\/conexion23.com\/?p=40314","og_site_name":"Conexi\u00f3n 23","article_publisher":"https:\/\/www.facebook.com\/conexion23com","article_published_time":"2025-06-16T11:21:41+00:00","article_modified_time":"2025-06-16T11:21:43+00:00","og_image":[{"width":275,"height":183,"url":"https:\/\/conexion23.com\/wp-content\/uploads\/2025\/06\/descarga-2-4.jpg","type":"image\/jpeg"}],"author":"Raffy Ben\u00edtez","twitter_card":"summary_large_image","twitter_misc":{"Escrito por":"Raffy Ben\u00edtez","Tiempo de lectura":"2 minutos"},"schema":{"@context":"https:\/\/schema.org","@graph":[{"@type":"Article","@id":"https:\/\/conexion23.com\/?p=40314#article","isPartOf":{"@id":"https:\/\/conexion23.com\/?p=40314"},"author":{"name":"Raffy Ben\u00edtez","@id":"https:\/\/conexion23.com\/#\/schema\/person\/03e36043331117e97a373299bbcd30a6"},"headline":"Sismo de 6,1 de magnitud provoca un muerto en Lima.","datePublished":"2025-06-16T11:21:41+00:00","dateModified":"2025-06-16T11:21:43+00:00","mainEntityOfPage":{"@id":"https:\/\/conexion23.com\/?p=40314"},"wordCount":300,"commentCount":0,"publisher":{"@id":"https:\/\/conexion23.com\/#organization"},"image":{"@id":"https:\/\/conexion23.com\/?p=40314#primaryimage"},"thumbnailUrl":"https:\/\/conexion23.com\/wp-content\/uploads\/2025\/06\/descarga-2-4.jpg","articleSection":["Uncategorized"],"inLanguage":"es","potentialAction":[{"@type":"CommentAction","name":"Comment","target":["https:\/\/conexion23.com\/?p=40314#respond"]}]},{"@type":"WebPage","@id":"https:\/\/conexion23.com\/?p=40314","url":"https:\/\/conexion23.com\/?p=40314","name":"Sismo de 6,1 de magnitud provoca un muerto en Lima. - Conexi\u00f3n 23","isPartOf":{"@id":"https:\/\/conexion23.com\/#website"},"primaryImageOfPage":{"@id":"https:\/\/conexion23.com\/?p=40314#primaryimage"},"image":{"@id":"https:\/\/conexion23.com\/?p=40314#primaryimage"},"thumbnailUrl":"https:\/\/conexion23.com\/wp-content\/uploads\/2025\/06\/descarga-2-4.jpg","datePublished":"2025-06-16T11:21:41+00:00","dateModified":"2025-06-16T11:21:43+00:00","breadcrumb":{"@id":"https:\/\/conexion23.com\/?p=40314#breadcrumb"},"inLanguage":"es","potentialAction":[{"@type":"ReadAction","target":["https:\/\/conexion23.com\/?p=40314"]}]},{"@type":"ImageObject","inLanguage":"es","@id":"https:\/\/conexion23.com\/?p=40314#primaryimage","url":"https:\/\/conexion23.com\/wp-content\/uploads\/2025\/06\/descarga-2-4.jpg","contentUrl":"https:\/\/conexion23.com\/wp-content\/uploads\/2025\/06\/descarga-2-4.jpg","width":275,"height":183},{"@type":"BreadcrumbList","@id":"https:\/\/conexion23.com\/?p=40314#breadcrumb","itemListElement":[{"@type":"ListItem","position":1,"name":"Portada","item":"https:\/\/conexion23.com\/"},{"@type":"ListItem","position":2,"name":"Sismo de 6,1 de magnitud provoca un muerto en Lima."}]},{"@type":"WebSite","@id":"https:\/\/conexion23.com\/#website","url":"https:\/\/conexion23.com\/","name":"Conexi\u00f3n 23","description":"Peri\u00f3dico 100% Petromacorisano","publisher":{"@id":"https:\/\/conexion23.com\/#organization"},"potentialAction":[{"@type":"SearchAction","target":{"@type":"EntryPoint","urlTemplate":"https:\/\/conexion23.com\/?s={search_term_string}"},"query-input":{"@type":"PropertyValueSpecification","valueRequired":true,"valueName":"search_term_string"}}],"inLanguage":"es"},{"@type":"Organization","@id":"https:\/\/conexion23.com\/#organization","name":"Conexion 23","url":"https:\/\/conexion23.com\/","logo":{"@type":"ImageObject","inLanguage":"es","@id":"https:\/\/conexion23.com\/#\/schema\/logo\/image\/","url":"https:\/\/conexion23.com\/wp-content\/uploads\/2021\/11\/Diseno-sin-titulo-2.png","contentUrl":"https:\/\/conexion23.com\/wp-content\/uploads\/2021\/11\/Diseno-sin-titulo-2.png","width":541,"height":90,"caption":"Conexion 23"},"image":{"@id":"https:\/\/conexion23.com\/#\/schema\/logo\/image\/"},"sameAs":["https:\/\/www.facebook.com\/conexion23com","https:\/\/www.instagram.com\/conexion23com\/","https:\/\/www.youtube.com\/channel\/UCYc7vxxFZMYLIHNsHHxPZ3Q"]},{"@type":"Person","@id":"https:\/\/conexion23.com\/#\/schema\/person\/03e36043331117e97a373299bbcd30a6","name":"Raffy Ben\u00edtez","image":{"@type":"ImageObject","inLanguage":"es","@id":"https:\/\/secure.gravatar.com\/avatar\/3190a6a6c5e1b0327500f7d6c56b6242472ee6cb974cf09b401ee6b3b0798f23?s=96&d=mm&r=g","url":"https:\/\/secure.gravatar.com\/avatar\/3190a6a6c5e1b0327500f7d6c56b6242472ee6cb974cf09b401ee6b3b0798f23?s=96&d=mm&r=g","contentUrl":"https:\/\/secure.gravatar.com\/avatar\/3190a6a6c5e1b0327500f7d6c56b6242472ee6cb974cf09b401ee6b3b0798f23?s=96&d=mm&r=g","caption":"Raffy Ben\u00edtez"},"url":"https:\/\/conexion23.com\/?author=15"}]}},"_links":{"self":[{"href":"https:\/\/conexion23.com\/index.php?rest_route=\/wp\/v2\/posts\/40314","targetHints":{"allow":["GET"]}}],"collection":[{"href":"https:\/\/conexion23.com\/index.php?rest_route=\/wp\/v2\/posts"}],"about":[{"href":"https:\/\/conexion23.com\/index.php?rest_route=\/wp\/v2\/types\/post"}],"author":[{"embeddable":true,"href":"https:\/\/conexion23.com\/index.php?rest_route=\/wp\/v2\/users\/15"}],"replies":[{"embeddable":true,"href":"https:\/\/conexion23.com\/index.php?rest_route=%2Fwp%2Fv2%2Fcomments&post=40314"}],"version-history":[{"count":1,"href":"https:\/\/conexion23.com\/index.php?rest_route=\/wp\/v2\/posts\/40314\/revisions"}],"predecessor-version":[{"id":40316,"href":"https:\/\/conexion23.com\/index.php?rest_route=\/wp\/v2\/posts\/40314\/revisions\/40316"}],"wp:featuredmedia":[{"embeddable":true,"href":"https:\/\/conexion23.com\/index.php?rest_route=\/wp\/v2\/media\/40315"}],"wp:attachment":[{"href":"https:\/\/conexion23.com\/index.php?rest_route=%2Fwp%2Fv2%2Fmedia&parent=40314"}],"wp:term":[{"taxonomy":"category","embeddable":true,"href":"https:\/\/conexion23.com\/index.php?rest_route=%2Fwp%2Fv2%2Fcategories&post=40314"},{"taxonomy":"post_tag","embeddable":true,"href":"https:\/\/conexion23.com\/index.php?rest_route=%2Fwp%2Fv2%2Ftags&post=40314"}],"curies":[{"name":"wp","href":"https:\/\/api.w.org\/{rel}","templated":true}]}}