{"id":40320,"date":"2025-06-16T07:32:01","date_gmt":"2025-06-16T11:32:01","guid":{"rendered":"https:\/\/conexion23.com\/?p=40320"},"modified":"2025-06-16T07:32:03","modified_gmt":"2025-06-16T11:32:03","slug":"los-lideres-del-g7-se-reunen-en-canada-para-discutir-el-conflicto-entre-israel-e-iran","status":"publish","type":"post","link":"https:\/\/conexion23.com\/?p=40320","title":{"rendered":"Los l\u00edderes del G7 se re\u00fanen en Canad\u00e1 para discutir el conflicto entre Israel e Ir\u00e1n"},"content":{"rendered":"\n<p class=\"wp-block-paragraph\">&nbsp;Los l\u00edderes del Grupo de los Siete se reunir\u00e1n en las Monta\u00f1as Rocosas canadienses a partir del domingo y se espera que el conflicto entre Israel e Ir\u00e1n sea un tema prioritario en la agenda, mientras que el anfitri\u00f3n Canad\u00e1 se esfuerza por evitar enfrentamientos con el presidente Donald Trump .<\/p>\n\n\n\n<p class=\"wp-block-paragraph\">El primer ministro canadiense, Mark Carney, afirma que sus prioridades son fortalecer la paz y la seguridad, construir cadenas cr\u00edticas de suministro de minerales y crear empleo.<\/p>\n\n\n\n<p class=\"wp-block-paragraph\">Sin embargo, se espera que temas como los aranceles estadounidenses y los conflictos en Oriente Medio y Ucrania ocupen un lugar destacado en la cumbre.<\/p>\n\n\n\n<p class=\"wp-block-paragraph\">Israel e Ir\u00e1n lanzaron nuevos ataques mutuos durante la noche del domingo, matando a decenas de personas horas antes de que se reunieran los l\u00edderes de las democracias industrializadas del mundo.<br>Un funcionario del G7 dijo que los l\u00edderes planean emitir una declaraci\u00f3n conjunta sobre Ir\u00e1n pidiendo una desescalada.<br>El canciller alem\u00e1n, Friedrich Merz, dijo a los periodistas que sus objetivos para la cumbre incluyen que Ir\u00e1n no desarrolle ni posea armas nucleares, garantizar el derecho de Israel a defenderse, evitar la escalada del conflicto y crear espacio para la diplomacia.<br>\u201cEste tema ocupar\u00e1 un lugar destacado en la agenda de la cumbre del G7\u201d, afirm\u00f3 Merz.<\/p>\n\n\n\n<p class=\"wp-block-paragraph\">La cumbre tendr\u00e1 lugar en el complejo de monta\u00f1a de Kananaskis, a unos 90 kil\u00f3metros (56 millas) al oeste de Calgary.<\/p>\n\n\n\n<p class=\"wp-block-paragraph\">La \u00faltima vez que Canad\u00e1 fue anfitri\u00f3n, en 2018, Trump abandon\u00f3 la cumbre antes de denunciar al entonces primer ministro canadiense, Justin Trudeau, como \u201cmuy deshonesto y d\u00e9bil\u201d y ordenar a la delegaci\u00f3n estadounidense que retirara su aprobaci\u00f3n del comunicado final.<\/p>\n\n\n\n<p class=\"wp-block-paragraph\">\u201cEsta reuni\u00f3n ser\u00e1 exitosa si Donald Trump no tiene un ataque de ira que interrumpa todo el encuentro. Cualquier cosa que vaya m\u00e1s all\u00e1 de eso es un beneficio\u201d, dijo Roland Paris, profesor de asuntos internacionales de la Universidad de Ottawa y asesor de pol\u00edtica exterior de Trudeau.<br>Trump, que a menudo ha reflexionado sobre la anexi\u00f3n de Canad\u00e1, llegar\u00e1 a Canad\u00e1 en un momento en que Carney est\u00e1 amenazando con represalias si Washington no levanta sus aranceles a las importaciones de acero y aluminio.<\/p>\n\n\n\n<p class=\"wp-block-paragraph\">\u201cEl mejor escenario posible\u2026 es que no haya verdaderas explosiones en el \u00faltimo momento\u201d, dijo Josh Lipsky, director de econom\u00eda internacional del grupo de expertos Atlantic Council y ex funcionario de la Casa Blanca y del Departamento de Estado.<\/p>\n\n\n\n<p class=\"wp-block-paragraph\">La oficina de Carney se neg\u00f3 a hacer comentarios sobre c\u00f3mo los ataques israel\u00edes contra Ir\u00e1n afectar\u00edan la cumbre.<br>Los diplom\u00e1ticos dijeron que Canad\u00e1 ha abandonado la idea de un comunicado conjunto integral tradicional y que, en su lugar, emitir\u00e1 res\u00famenes de la presidencia, con la esperanza de contener un desastre diplom\u00e1tico y mantener el compromiso con Estados Unidos.<\/p>\n\n\n\n<p class=\"wp-block-paragraph\">Un alto funcionario canadiense dijo a los periodistas que Ottawa quer\u00eda centrarse en las acciones que los siete miembros (Canad\u00e1, Francia, Alemania, Italia, Jap\u00f3n, el Reino Unido y los Estados Unidos) podr\u00edan adoptar juntos.<\/p>\n\n\n\n<p class=\"wp-block-paragraph\">El senador canadiense Peter Boehm, un veterano ex diplom\u00e1tico que actu\u00f3 como representante personal de Trudeau en la cumbre de 2018, dijo que le hab\u00edan dicho que la cumbre durar\u00eda m\u00e1s de lo habitual para dar tiempo para reuniones bilaterales con el presidente de Estados Unidos.<\/p>\n\n\n\n<p class=\"wp-block-paragraph\">Entre los invitados esperados para partes del evento del domingo y martes se incluyen l\u00edderes de Ucrania, M\u00e9xico, India , Australia, Sud\u00e1frica, Corea del Sur y Brasil.<\/p>\n","protected":false},"excerpt":{"rendered":"<p>&nbsp;Los l\u00edderes del Grupo de los Siete se reunir\u00e1n en las Monta\u00f1as Rocosas canadienses a partir del domingo y se espera que el conflicto entre Israel e Ir\u00e1n sea un tema prioritario en la agenda, mientras que el anfitri\u00f3n Canad\u00e1 se esfuerza por evitar enfrentamientos con el presidente Donald Trump . El primer ministro canadiense, [&hellip;]<\/p>\n","protected":false},"author":15,"featured_media":40321,"comment_status":"open","ping_status":"open","sticky":false,"template":"","format":"standard","meta":{"footnotes":""},"categories":[1],"tags":[],"class_list":["post-40320","post","type-post","status-publish","format-standard","has-post-thumbnail","category-uncategorized"],"yoast_head":"<!-- This site is optimized with the Yoast SEO plugin v27.6 - https:\/\/yoast.com\/product\/yoast-seo-wordpress\/ -->\n<title>Los l\u00edderes del G7 se re\u00fanen en Canad\u00e1 para discutir el conflicto entre Israel e Ir\u00e1n - Conexi\u00f3n 23<\/title>\n<meta name=\"robots\" content=\"index, follow, max-snippet:-1, max-image-preview:large, max-video-preview:-1\" \/>\n<link rel=\"canonical\" href=\"https:\/\/conexion23.com\/?p=40320\" \/>\n<meta property=\"og:locale\" content=\"es_ES\" \/>\n<meta property=\"og:type\" content=\"article\" \/>\n<meta property=\"og:title\" content=\"Los l\u00edderes del G7 se re\u00fanen en Canad\u00e1 para discutir el conflicto entre Israel e Ir\u00e1n - Conexi\u00f3n 23\" \/>\n<meta property=\"og:description\" content=\"&nbsp;Los l\u00edderes del Grupo de los Siete se reunir\u00e1n en las Monta\u00f1as Rocosas canadienses a partir del domingo y se espera que el conflicto entre Israel e Ir\u00e1n sea un tema prioritario en la agenda, mientras que el anfitri\u00f3n Canad\u00e1 se esfuerza por evitar enfrentamientos con el presidente Donald Trump . El primer ministro canadiense, [&hellip;]\" \/>\n<meta property=\"og:url\" content=\"https:\/\/conexion23.com\/?p=40320\" \/>\n<meta property=\"og:site_name\" content=\"Conexi\u00f3n 23\" \/>\n<meta property=\"article:publisher\" content=\"https:\/\/www.facebook.com\/conexion23com\" \/>\n<meta property=\"article:published_time\" content=\"2025-06-16T11:32:01+00:00\" \/>\n<meta property=\"article:modified_time\" content=\"2025-06-16T11:32:03+00:00\" \/>\n<meta property=\"og:image\" content=\"https:\/\/conexion23.com\/wp-content\/uploads\/2025\/06\/descarga-32.jpg\" \/>\n\t<meta property=\"og:image:width\" content=\"292\" \/>\n\t<meta property=\"og:image:height\" content=\"173\" \/>\n\t<meta property=\"og:image:type\" content=\"image\/jpeg\" \/>\n<meta name=\"author\" content=\"Raffy Ben\u00edtez\" \/>\n<meta name=\"twitter:card\" content=\"summary_large_image\" \/>\n<meta name=\"twitter:label1\" content=\"Escrito por\" \/>\n\t<meta name=\"twitter:data1\" content=\"Raffy Ben\u00edtez\" \/>\n\t<meta name=\"twitter:label2\" content=\"Tiempo de lectura\" \/>\n\t<meta name=\"twitter:data2\" content=\"3 minutos\" \/>\n<script type=\"application\/ld+json\" class=\"yoast-schema-graph\">{\"@context\":\"https:\\\/\\\/schema.org\",\"@graph\":[{\"@type\":\"Article\",\"@id\":\"https:\\\/\\\/conexion23.com\\\/?p=40320#article\",\"isPartOf\":{\"@id\":\"https:\\\/\\\/conexion23.com\\\/?p=40320\"},\"author\":{\"name\":\"Raffy Ben\u00edtez\",\"@id\":\"https:\\\/\\\/conexion23.com\\\/#\\\/schema\\\/person\\\/03e36043331117e97a373299bbcd30a6\"},\"headline\":\"Los l\u00edderes del G7 se re\u00fanen en Canad\u00e1 para discutir el conflicto entre Israel e Ir\u00e1n\",\"datePublished\":\"2025-06-16T11:32:01+00:00\",\"dateModified\":\"2025-06-16T11:32:03+00:00\",\"mainEntityOfPage\":{\"@id\":\"https:\\\/\\\/conexion23.com\\\/?p=40320\"},\"wordCount\":617,\"commentCount\":0,\"publisher\":{\"@id\":\"https:\\\/\\\/conexion23.com\\\/#organization\"},\"image\":{\"@id\":\"https:\\\/\\\/conexion23.com\\\/?p=40320#primaryimage\"},\"thumbnailUrl\":\"https:\\\/\\\/conexion23.com\\\/wp-content\\\/uploads\\\/2025\\\/06\\\/descarga-32.jpg\",\"articleSection\":[\"Uncategorized\"],\"inLanguage\":\"es\",\"potentialAction\":[{\"@type\":\"CommentAction\",\"name\":\"Comment\",\"target\":[\"https:\\\/\\\/conexion23.com\\\/?p=40320#respond\"]}]},{\"@type\":\"WebPage\",\"@id\":\"https:\\\/\\\/conexion23.com\\\/?p=40320\",\"url\":\"https:\\\/\\\/conexion23.com\\\/?p=40320\",\"name\":\"Los l\u00edderes del G7 se re\u00fanen en Canad\u00e1 para discutir el conflicto entre Israel e Ir\u00e1n - Conexi\u00f3n 23\",\"isPartOf\":{\"@id\":\"https:\\\/\\\/conexion23.com\\\/#website\"},\"primaryImageOfPage\":{\"@id\":\"https:\\\/\\\/conexion23.com\\\/?p=40320#primaryimage\"},\"image\":{\"@id\":\"https:\\\/\\\/conexion23.com\\\/?p=40320#primaryimage\"},\"thumbnailUrl\":\"https:\\\/\\\/conexion23.com\\\/wp-content\\\/uploads\\\/2025\\\/06\\\/descarga-32.jpg\",\"datePublished\":\"2025-06-16T11:32:01+00:00\",\"dateModified\":\"2025-06-16T11:32:03+00:00\",\"breadcrumb\":{\"@id\":\"https:\\\/\\\/conexion23.com\\\/?p=40320#breadcrumb\"},\"inLanguage\":\"es\",\"potentialAction\":[{\"@type\":\"ReadAction\",\"target\":[\"https:\\\/\\\/conexion23.com\\\/?p=40320\"]}]},{\"@type\":\"ImageObject\",\"inLanguage\":\"es\",\"@id\":\"https:\\\/\\\/conexion23.com\\\/?p=40320#primaryimage\",\"url\":\"https:\\\/\\\/conexion23.com\\\/wp-content\\\/uploads\\\/2025\\\/06\\\/descarga-32.jpg\",\"contentUrl\":\"https:\\\/\\\/conexion23.com\\\/wp-content\\\/uploads\\\/2025\\\/06\\\/descarga-32.jpg\",\"width\":292,\"height\":173},{\"@type\":\"BreadcrumbList\",\"@id\":\"https:\\\/\\\/conexion23.com\\\/?p=40320#breadcrumb\",\"itemListElement\":[{\"@type\":\"ListItem\",\"position\":1,\"name\":\"Portada\",\"item\":\"https:\\\/\\\/conexion23.com\\\/\"},{\"@type\":\"ListItem\",\"position\":2,\"name\":\"Los l\u00edderes del G7 se re\u00fanen en Canad\u00e1 para discutir el conflicto entre Israel e Ir\u00e1n\"}]},{\"@type\":\"WebSite\",\"@id\":\"https:\\\/\\\/conexion23.com\\\/#website\",\"url\":\"https:\\\/\\\/conexion23.com\\\/\",\"name\":\"Conexi\u00f3n 23\",\"description\":\"Peri\u00f3dico 100% Petromacorisano\",\"publisher\":{\"@id\":\"https:\\\/\\\/conexion23.com\\\/#organization\"},\"potentialAction\":[{\"@type\":\"SearchAction\",\"target\":{\"@type\":\"EntryPoint\",\"urlTemplate\":\"https:\\\/\\\/conexion23.com\\\/?s={search_term_string}\"},\"query-input\":{\"@type\":\"PropertyValueSpecification\",\"valueRequired\":true,\"valueName\":\"search_term_string\"}}],\"inLanguage\":\"es\"},{\"@type\":\"Organization\",\"@id\":\"https:\\\/\\\/conexion23.com\\\/#organization\",\"name\":\"Conexion 23\",\"url\":\"https:\\\/\\\/conexion23.com\\\/\",\"logo\":{\"@type\":\"ImageObject\",\"inLanguage\":\"es\",\"@id\":\"https:\\\/\\\/conexion23.com\\\/#\\\/schema\\\/logo\\\/image\\\/\",\"url\":\"https:\\\/\\\/conexion23.com\\\/wp-content\\\/uploads\\\/2021\\\/11\\\/Diseno-sin-titulo-2.png\",\"contentUrl\":\"https:\\\/\\\/conexion23.com\\\/wp-content\\\/uploads\\\/2021\\\/11\\\/Diseno-sin-titulo-2.png\",\"width\":541,\"height\":90,\"caption\":\"Conexion 23\"},\"image\":{\"@id\":\"https:\\\/\\\/conexion23.com\\\/#\\\/schema\\\/logo\\\/image\\\/\"},\"sameAs\":[\"https:\\\/\\\/www.facebook.com\\\/conexion23com\",\"https:\\\/\\\/www.instagram.com\\\/conexion23com\\\/\",\"https:\\\/\\\/www.youtube.com\\\/channel\\\/UCYc7vxxFZMYLIHNsHHxPZ3Q\"]},{\"@type\":\"Person\",\"@id\":\"https:\\\/\\\/conexion23.com\\\/#\\\/schema\\\/person\\\/03e36043331117e97a373299bbcd30a6\",\"name\":\"Raffy Ben\u00edtez\",\"image\":{\"@type\":\"ImageObject\",\"inLanguage\":\"es\",\"@id\":\"https:\\\/\\\/secure.gravatar.com\\\/avatar\\\/3190a6a6c5e1b0327500f7d6c56b6242472ee6cb974cf09b401ee6b3b0798f23?s=96&d=mm&r=g\",\"url\":\"https:\\\/\\\/secure.gravatar.com\\\/avatar\\\/3190a6a6c5e1b0327500f7d6c56b6242472ee6cb974cf09b401ee6b3b0798f23?s=96&d=mm&r=g\",\"contentUrl\":\"https:\\\/\\\/secure.gravatar.com\\\/avatar\\\/3190a6a6c5e1b0327500f7d6c56b6242472ee6cb974cf09b401ee6b3b0798f23?s=96&d=mm&r=g\",\"caption\":\"Raffy Ben\u00edtez\"},\"url\":\"https:\\\/\\\/conexion23.com\\\/?author=15\"}]}<\/script>\n<!-- \/ Yoast SEO plugin. -->","yoast_head_json":{"title":"Los l\u00edderes del G7 se re\u00fanen en Canad\u00e1 para discutir el conflicto entre Israel e Ir\u00e1n - Conexi\u00f3n 23","robots":{"index":"index","follow":"follow","max-snippet":"max-snippet:-1","max-image-preview":"max-image-preview:large","max-video-preview":"max-video-preview:-1"},"canonical":"https:\/\/conexion23.com\/?p=40320","og_locale":"es_ES","og_type":"article","og_title":"Los l\u00edderes del G7 se re\u00fanen en Canad\u00e1 para discutir el conflicto entre Israel e Ir\u00e1n - Conexi\u00f3n 23","og_description":"&nbsp;Los l\u00edderes del Grupo de los Siete se reunir\u00e1n en las Monta\u00f1as Rocosas canadienses a partir del domingo y se espera que el conflicto entre Israel e Ir\u00e1n sea un tema prioritario en la agenda, mientras que el anfitri\u00f3n Canad\u00e1 se esfuerza por evitar enfrentamientos con el presidente Donald Trump . El primer ministro canadiense, [&hellip;]","og_url":"https:\/\/conexion23.com\/?p=40320","og_site_name":"Conexi\u00f3n 23","article_publisher":"https:\/\/www.facebook.com\/conexion23com","article_published_time":"2025-06-16T11:32:01+00:00","article_modified_time":"2025-06-16T11:32:03+00:00","og_image":[{"width":292,"height":173,"url":"https:\/\/conexion23.com\/wp-content\/uploads\/2025\/06\/descarga-32.jpg","type":"image\/jpeg"}],"author":"Raffy Ben\u00edtez","twitter_card":"summary_large_image","twitter_misc":{"Escrito por":"Raffy Ben\u00edtez","Tiempo de lectura":"3 minutos"},"schema":{"@context":"https:\/\/schema.org","@graph":[{"@type":"Article","@id":"https:\/\/conexion23.com\/?p=40320#article","isPartOf":{"@id":"https:\/\/conexion23.com\/?p=40320"},"author":{"name":"Raffy Ben\u00edtez","@id":"https:\/\/conexion23.com\/#\/schema\/person\/03e36043331117e97a373299bbcd30a6"},"headline":"Los l\u00edderes del G7 se re\u00fanen en Canad\u00e1 para discutir el conflicto entre Israel e Ir\u00e1n","datePublished":"2025-06-16T11:32:01+00:00","dateModified":"2025-06-16T11:32:03+00:00","mainEntityOfPage":{"@id":"https:\/\/conexion23.com\/?p=40320"},"wordCount":617,"commentCount":0,"publisher":{"@id":"https:\/\/conexion23.com\/#organization"},"image":{"@id":"https:\/\/conexion23.com\/?p=40320#primaryimage"},"thumbnailUrl":"https:\/\/conexion23.com\/wp-content\/uploads\/2025\/06\/descarga-32.jpg","articleSection":["Uncategorized"],"inLanguage":"es","potentialAction":[{"@type":"CommentAction","name":"Comment","target":["https:\/\/conexion23.com\/?p=40320#respond"]}]},{"@type":"WebPage","@id":"https:\/\/conexion23.com\/?p=40320","url":"https:\/\/conexion23.com\/?p=40320","name":"Los l\u00edderes del G7 se re\u00fanen en Canad\u00e1 para discutir el conflicto entre Israel e Ir\u00e1n - Conexi\u00f3n 23","isPartOf":{"@id":"https:\/\/conexion23.com\/#website"},"primaryImageOfPage":{"@id":"https:\/\/conexion23.com\/?p=40320#primaryimage"},"image":{"@id":"https:\/\/conexion23.com\/?p=40320#primaryimage"},"thumbnailUrl":"https:\/\/conexion23.com\/wp-content\/uploads\/2025\/06\/descarga-32.jpg","datePublished":"2025-06-16T11:32:01+00:00","dateModified":"2025-06-16T11:32:03+00:00","breadcrumb":{"@id":"https:\/\/conexion23.com\/?p=40320#breadcrumb"},"inLanguage":"es","potentialAction":[{"@type":"ReadAction","target":["https:\/\/conexion23.com\/?p=40320"]}]},{"@type":"ImageObject","inLanguage":"es","@id":"https:\/\/conexion23.com\/?p=40320#primaryimage","url":"https:\/\/conexion23.com\/wp-content\/uploads\/2025\/06\/descarga-32.jpg","contentUrl":"https:\/\/conexion23.com\/wp-content\/uploads\/2025\/06\/descarga-32.jpg","width":292,"height":173},{"@type":"BreadcrumbList","@id":"https:\/\/conexion23.com\/?p=40320#breadcrumb","itemListElement":[{"@type":"ListItem","position":1,"name":"Portada","item":"https:\/\/conexion23.com\/"},{"@type":"ListItem","position":2,"name":"Los l\u00edderes del G7 se re\u00fanen en Canad\u00e1 para discutir el conflicto entre Israel e Ir\u00e1n"}]},{"@type":"WebSite","@id":"https:\/\/conexion23.com\/#website","url":"https:\/\/conexion23.com\/","name":"Conexi\u00f3n 23","description":"Peri\u00f3dico 100% Petromacorisano","publisher":{"@id":"https:\/\/conexion23.com\/#organization"},"potentialAction":[{"@type":"SearchAction","target":{"@type":"EntryPoint","urlTemplate":"https:\/\/conexion23.com\/?s={search_term_string}"},"query-input":{"@type":"PropertyValueSpecification","valueRequired":true,"valueName":"search_term_string"}}],"inLanguage":"es"},{"@type":"Organization","@id":"https:\/\/conexion23.com\/#organization","name":"Conexion 23","url":"https:\/\/conexion23.com\/","logo":{"@type":"ImageObject","inLanguage":"es","@id":"https:\/\/conexion23.com\/#\/schema\/logo\/image\/","url":"https:\/\/conexion23.com\/wp-content\/uploads\/2021\/11\/Diseno-sin-titulo-2.png","contentUrl":"https:\/\/conexion23.com\/wp-content\/uploads\/2021\/11\/Diseno-sin-titulo-2.png","width":541,"height":90,"caption":"Conexion 23"},"image":{"@id":"https:\/\/conexion23.com\/#\/schema\/logo\/image\/"},"sameAs":["https:\/\/www.facebook.com\/conexion23com","https:\/\/www.instagram.com\/conexion23com\/","https:\/\/www.youtube.com\/channel\/UCYc7vxxFZMYLIHNsHHxPZ3Q"]},{"@type":"Person","@id":"https:\/\/conexion23.com\/#\/schema\/person\/03e36043331117e97a373299bbcd30a6","name":"Raffy Ben\u00edtez","image":{"@type":"ImageObject","inLanguage":"es","@id":"https:\/\/secure.gravatar.com\/avatar\/3190a6a6c5e1b0327500f7d6c56b6242472ee6cb974cf09b401ee6b3b0798f23?s=96&d=mm&r=g","url":"https:\/\/secure.gravatar.com\/avatar\/3190a6a6c5e1b0327500f7d6c56b6242472ee6cb974cf09b401ee6b3b0798f23?s=96&d=mm&r=g","contentUrl":"https:\/\/secure.gravatar.com\/avatar\/3190a6a6c5e1b0327500f7d6c56b6242472ee6cb974cf09b401ee6b3b0798f23?s=96&d=mm&r=g","caption":"Raffy Ben\u00edtez"},"url":"https:\/\/conexion23.com\/?author=15"}]}},"_links":{"self":[{"href":"https:\/\/conexion23.com\/index.php?rest_route=\/wp\/v2\/posts\/40320","targetHints":{"allow":["GET"]}}],"collection":[{"href":"https:\/\/conexion23.com\/index.php?rest_route=\/wp\/v2\/posts"}],"about":[{"href":"https:\/\/conexion23.com\/index.php?rest_route=\/wp\/v2\/types\/post"}],"author":[{"embeddable":true,"href":"https:\/\/conexion23.com\/index.php?rest_route=\/wp\/v2\/users\/15"}],"replies":[{"embeddable":true,"href":"https:\/\/conexion23.com\/index.php?rest_route=%2Fwp%2Fv2%2Fcomments&post=40320"}],"version-history":[{"count":1,"href":"https:\/\/conexion23.com\/index.php?rest_route=\/wp\/v2\/posts\/40320\/revisions"}],"predecessor-version":[{"id":40322,"href":"https:\/\/conexion23.com\/index.php?rest_route=\/wp\/v2\/posts\/40320\/revisions\/40322"}],"wp:featuredmedia":[{"embeddable":true,"href":"https:\/\/conexion23.com\/index.php?rest_route=\/wp\/v2\/media\/40321"}],"wp:attachment":[{"href":"https:\/\/conexion23.com\/index.php?rest_route=%2Fwp%2Fv2%2Fmedia&parent=40320"}],"wp:term":[{"taxonomy":"category","embeddable":true,"href":"https:\/\/conexion23.com\/index.php?rest_route=%2Fwp%2Fv2%2Fcategories&post=40320"},{"taxonomy":"post_tag","embeddable":true,"href":"https:\/\/conexion23.com\/index.php?rest_route=%2Fwp%2Fv2%2Ftags&post=40320"}],"curies":[{"name":"wp","href":"https:\/\/api.w.org\/{rel}","templated":true}]}}