{"id":40350,"date":"2025-06-17T07:00:38","date_gmt":"2025-06-17T11:00:38","guid":{"rendered":"https:\/\/conexion23.com\/?p=40350"},"modified":"2025-06-17T07:00:40","modified_gmt":"2025-06-17T11:00:40","slug":"mecanico-pierde-la-vida-tras-incidente-con-policias-en-san-antonio-de-guerra","status":"publish","type":"post","link":"https:\/\/conexion23.com\/?p=40350","title":{"rendered":"Mec\u00e1nico pierde la vida tras incidente con polic\u00edas en San Antonio de Guerra."},"content":{"rendered":"\n<p class=\"wp-block-paragraph\">Un joven mec\u00e1nico perdi\u00f3 la vida recientemente en el parque principal de San Antonio de Guerra,<\/p>\n\n\n\n<p class=\"wp-block-paragraph\">De acuerdo con versiones preliminares, agentes de la Polic\u00eda Nacional lo detuvieron para solicitarle los documentos de la motocicleta en la que se desplazaba. <\/p>\n\n\n\n<p class=\"wp-block-paragraph\">Al parecer, el joven se habr\u00eda resistido cuando intentaron retener el veh\u00edculo, lo que desencaden\u00f3 un incidente en el que perdi\u00f3 la vida.<\/p>\n\n\n\n<p class=\"wp-block-paragraph\">Hasta el momento, no se han ofrecido detalles oficiales sobre lo sucedido, ni se ha confirmado la identidad del fallecido. La comunidad permanece a la espera de un pronunciamiento por parte de las autoridades que aclare lo ocurrido.<\/p>\n\n\n\n<p class=\"wp-block-paragraph\">El hecho ha generado preocupaci\u00f3n en la zona, aunque no se han reportado manifestaciones p\u00fablicas.<\/p>\n","protected":false},"excerpt":{"rendered":"<p>Un joven mec\u00e1nico perdi\u00f3 la vida recientemente en el parque principal de San Antonio de Guerra, De acuerdo con versiones preliminares, agentes de la Polic\u00eda Nacional lo detuvieron para solicitarle los documentos de la motocicleta en la que se desplazaba. Al parecer, el joven se habr\u00eda resistido cuando intentaron retener el veh\u00edculo, lo que desencaden\u00f3 [&hellip;]<\/p>\n","protected":false},"author":15,"featured_media":40351,"comment_status":"open","ping_status":"open","sticky":false,"template":"","format":"standard","meta":{"footnotes":""},"categories":[1],"tags":[],"class_list":["post-40350","post","type-post","status-publish","format-standard","has-post-thumbnail","category-uncategorized"],"yoast_head":"<!-- This site is optimized with the Yoast SEO plugin v27.6 - https:\/\/yoast.com\/product\/yoast-seo-wordpress\/ -->\n<title>Mec\u00e1nico pierde la vida tras incidente con polic\u00edas en San Antonio de Guerra. - Conexi\u00f3n 23<\/title>\n<meta name=\"robots\" content=\"index, follow, max-snippet:-1, max-image-preview:large, max-video-preview:-1\" \/>\n<link rel=\"canonical\" href=\"https:\/\/conexion23.com\/?p=40350\" \/>\n<meta property=\"og:locale\" content=\"es_ES\" \/>\n<meta property=\"og:type\" content=\"article\" \/>\n<meta property=\"og:title\" content=\"Mec\u00e1nico pierde la vida tras incidente con polic\u00edas en San Antonio de Guerra. - Conexi\u00f3n 23\" \/>\n<meta property=\"og:description\" content=\"Un joven mec\u00e1nico perdi\u00f3 la vida recientemente en el parque principal de San Antonio de Guerra, De acuerdo con versiones preliminares, agentes de la Polic\u00eda Nacional lo detuvieron para solicitarle los documentos de la motocicleta en la que se desplazaba. Al parecer, el joven se habr\u00eda resistido cuando intentaron retener el veh\u00edculo, lo que desencaden\u00f3 [&hellip;]\" \/>\n<meta property=\"og:url\" content=\"https:\/\/conexion23.com\/?p=40350\" \/>\n<meta property=\"og:site_name\" content=\"Conexi\u00f3n 23\" \/>\n<meta property=\"article:publisher\" content=\"https:\/\/www.facebook.com\/conexion23com\" \/>\n<meta property=\"article:published_time\" content=\"2025-06-17T11:00:38+00:00\" \/>\n<meta property=\"article:modified_time\" content=\"2025-06-17T11:00:40+00:00\" \/>\n<meta property=\"og:image\" content=\"https:\/\/conexion23.com\/wp-content\/uploads\/2025\/06\/aa47315d-9859-436b-8677-9cb289bddf86.jpg\" \/>\n\t<meta property=\"og:image:width\" content=\"1080\" \/>\n\t<meta property=\"og:image:height\" content=\"1080\" \/>\n\t<meta property=\"og:image:type\" content=\"image\/jpeg\" \/>\n<meta name=\"author\" content=\"Raffy Ben\u00edtez\" \/>\n<meta name=\"twitter:card\" content=\"summary_large_image\" \/>\n<meta name=\"twitter:label1\" content=\"Escrito por\" \/>\n\t<meta name=\"twitter:data1\" content=\"Raffy Ben\u00edtez\" \/>\n\t<meta name=\"twitter:label2\" content=\"Tiempo de lectura\" \/>\n\t<meta name=\"twitter:data2\" content=\"1 minuto\" \/>\n<script type=\"application\/ld+json\" class=\"yoast-schema-graph\">{\"@context\":\"https:\\\/\\\/schema.org\",\"@graph\":[{\"@type\":\"Article\",\"@id\":\"https:\\\/\\\/conexion23.com\\\/?p=40350#article\",\"isPartOf\":{\"@id\":\"https:\\\/\\\/conexion23.com\\\/?p=40350\"},\"author\":{\"name\":\"Raffy Ben\u00edtez\",\"@id\":\"https:\\\/\\\/conexion23.com\\\/#\\\/schema\\\/person\\\/03e36043331117e97a373299bbcd30a6\"},\"headline\":\"Mec\u00e1nico pierde la vida tras incidente con polic\u00edas en San Antonio de Guerra.\",\"datePublished\":\"2025-06-17T11:00:38+00:00\",\"dateModified\":\"2025-06-17T11:00:40+00:00\",\"mainEntityOfPage\":{\"@id\":\"https:\\\/\\\/conexion23.com\\\/?p=40350\"},\"wordCount\":137,\"commentCount\":0,\"publisher\":{\"@id\":\"https:\\\/\\\/conexion23.com\\\/#organization\"},\"image\":{\"@id\":\"https:\\\/\\\/conexion23.com\\\/?p=40350#primaryimage\"},\"thumbnailUrl\":\"https:\\\/\\\/conexion23.com\\\/wp-content\\\/uploads\\\/2025\\\/06\\\/aa47315d-9859-436b-8677-9cb289bddf86.jpg\",\"articleSection\":[\"Uncategorized\"],\"inLanguage\":\"es\",\"potentialAction\":[{\"@type\":\"CommentAction\",\"name\":\"Comment\",\"target\":[\"https:\\\/\\\/conexion23.com\\\/?p=40350#respond\"]}]},{\"@type\":\"WebPage\",\"@id\":\"https:\\\/\\\/conexion23.com\\\/?p=40350\",\"url\":\"https:\\\/\\\/conexion23.com\\\/?p=40350\",\"name\":\"Mec\u00e1nico pierde la vida tras incidente con polic\u00edas en San Antonio de Guerra. - Conexi\u00f3n 23\",\"isPartOf\":{\"@id\":\"https:\\\/\\\/conexion23.com\\\/#website\"},\"primaryImageOfPage\":{\"@id\":\"https:\\\/\\\/conexion23.com\\\/?p=40350#primaryimage\"},\"image\":{\"@id\":\"https:\\\/\\\/conexion23.com\\\/?p=40350#primaryimage\"},\"thumbnailUrl\":\"https:\\\/\\\/conexion23.com\\\/wp-content\\\/uploads\\\/2025\\\/06\\\/aa47315d-9859-436b-8677-9cb289bddf86.jpg\",\"datePublished\":\"2025-06-17T11:00:38+00:00\",\"dateModified\":\"2025-06-17T11:00:40+00:00\",\"breadcrumb\":{\"@id\":\"https:\\\/\\\/conexion23.com\\\/?p=40350#breadcrumb\"},\"inLanguage\":\"es\",\"potentialAction\":[{\"@type\":\"ReadAction\",\"target\":[\"https:\\\/\\\/conexion23.com\\\/?p=40350\"]}]},{\"@type\":\"ImageObject\",\"inLanguage\":\"es\",\"@id\":\"https:\\\/\\\/conexion23.com\\\/?p=40350#primaryimage\",\"url\":\"https:\\\/\\\/conexion23.com\\\/wp-content\\\/uploads\\\/2025\\\/06\\\/aa47315d-9859-436b-8677-9cb289bddf86.jpg\",\"contentUrl\":\"https:\\\/\\\/conexion23.com\\\/wp-content\\\/uploads\\\/2025\\\/06\\\/aa47315d-9859-436b-8677-9cb289bddf86.jpg\",\"width\":1080,\"height\":1080},{\"@type\":\"BreadcrumbList\",\"@id\":\"https:\\\/\\\/conexion23.com\\\/?p=40350#breadcrumb\",\"itemListElement\":[{\"@type\":\"ListItem\",\"position\":1,\"name\":\"Portada\",\"item\":\"https:\\\/\\\/conexion23.com\\\/\"},{\"@type\":\"ListItem\",\"position\":2,\"name\":\"Mec\u00e1nico pierde la vida tras incidente con polic\u00edas en San Antonio de Guerra.\"}]},{\"@type\":\"WebSite\",\"@id\":\"https:\\\/\\\/conexion23.com\\\/#website\",\"url\":\"https:\\\/\\\/conexion23.com\\\/\",\"name\":\"Conexi\u00f3n 23\",\"description\":\"Peri\u00f3dico 100% Petromacorisano\",\"publisher\":{\"@id\":\"https:\\\/\\\/conexion23.com\\\/#organization\"},\"potentialAction\":[{\"@type\":\"SearchAction\",\"target\":{\"@type\":\"EntryPoint\",\"urlTemplate\":\"https:\\\/\\\/conexion23.com\\\/?s={search_term_string}\"},\"query-input\":{\"@type\":\"PropertyValueSpecification\",\"valueRequired\":true,\"valueName\":\"search_term_string\"}}],\"inLanguage\":\"es\"},{\"@type\":\"Organization\",\"@id\":\"https:\\\/\\\/conexion23.com\\\/#organization\",\"name\":\"Conexion 23\",\"url\":\"https:\\\/\\\/conexion23.com\\\/\",\"logo\":{\"@type\":\"ImageObject\",\"inLanguage\":\"es\",\"@id\":\"https:\\\/\\\/conexion23.com\\\/#\\\/schema\\\/logo\\\/image\\\/\",\"url\":\"https:\\\/\\\/conexion23.com\\\/wp-content\\\/uploads\\\/2021\\\/11\\\/Diseno-sin-titulo-2.png\",\"contentUrl\":\"https:\\\/\\\/conexion23.com\\\/wp-content\\\/uploads\\\/2021\\\/11\\\/Diseno-sin-titulo-2.png\",\"width\":541,\"height\":90,\"caption\":\"Conexion 23\"},\"image\":{\"@id\":\"https:\\\/\\\/conexion23.com\\\/#\\\/schema\\\/logo\\\/image\\\/\"},\"sameAs\":[\"https:\\\/\\\/www.facebook.com\\\/conexion23com\",\"https:\\\/\\\/www.instagram.com\\\/conexion23com\\\/\",\"https:\\\/\\\/www.youtube.com\\\/channel\\\/UCYc7vxxFZMYLIHNsHHxPZ3Q\"]},{\"@type\":\"Person\",\"@id\":\"https:\\\/\\\/conexion23.com\\\/#\\\/schema\\\/person\\\/03e36043331117e97a373299bbcd30a6\",\"name\":\"Raffy Ben\u00edtez\",\"image\":{\"@type\":\"ImageObject\",\"inLanguage\":\"es\",\"@id\":\"https:\\\/\\\/secure.gravatar.com\\\/avatar\\\/3190a6a6c5e1b0327500f7d6c56b6242472ee6cb974cf09b401ee6b3b0798f23?s=96&d=mm&r=g\",\"url\":\"https:\\\/\\\/secure.gravatar.com\\\/avatar\\\/3190a6a6c5e1b0327500f7d6c56b6242472ee6cb974cf09b401ee6b3b0798f23?s=96&d=mm&r=g\",\"contentUrl\":\"https:\\\/\\\/secure.gravatar.com\\\/avatar\\\/3190a6a6c5e1b0327500f7d6c56b6242472ee6cb974cf09b401ee6b3b0798f23?s=96&d=mm&r=g\",\"caption\":\"Raffy Ben\u00edtez\"},\"url\":\"https:\\\/\\\/conexion23.com\\\/?author=15\"}]}<\/script>\n<!-- \/ Yoast SEO plugin. -->","yoast_head_json":{"title":"Mec\u00e1nico pierde la vida tras incidente con polic\u00edas en San Antonio de Guerra. - Conexi\u00f3n 23","robots":{"index":"index","follow":"follow","max-snippet":"max-snippet:-1","max-image-preview":"max-image-preview:large","max-video-preview":"max-video-preview:-1"},"canonical":"https:\/\/conexion23.com\/?p=40350","og_locale":"es_ES","og_type":"article","og_title":"Mec\u00e1nico pierde la vida tras incidente con polic\u00edas en San Antonio de Guerra. - Conexi\u00f3n 23","og_description":"Un joven mec\u00e1nico perdi\u00f3 la vida recientemente en el parque principal de San Antonio de Guerra, De acuerdo con versiones preliminares, agentes de la Polic\u00eda Nacional lo detuvieron para solicitarle los documentos de la motocicleta en la que se desplazaba. Al parecer, el joven se habr\u00eda resistido cuando intentaron retener el veh\u00edculo, lo que desencaden\u00f3 [&hellip;]","og_url":"https:\/\/conexion23.com\/?p=40350","og_site_name":"Conexi\u00f3n 23","article_publisher":"https:\/\/www.facebook.com\/conexion23com","article_published_time":"2025-06-17T11:00:38+00:00","article_modified_time":"2025-06-17T11:00:40+00:00","og_image":[{"width":1080,"height":1080,"url":"https:\/\/conexion23.com\/wp-content\/uploads\/2025\/06\/aa47315d-9859-436b-8677-9cb289bddf86.jpg","type":"image\/jpeg"}],"author":"Raffy Ben\u00edtez","twitter_card":"summary_large_image","twitter_misc":{"Escrito por":"Raffy Ben\u00edtez","Tiempo de lectura":"1 minuto"},"schema":{"@context":"https:\/\/schema.org","@graph":[{"@type":"Article","@id":"https:\/\/conexion23.com\/?p=40350#article","isPartOf":{"@id":"https:\/\/conexion23.com\/?p=40350"},"author":{"name":"Raffy Ben\u00edtez","@id":"https:\/\/conexion23.com\/#\/schema\/person\/03e36043331117e97a373299bbcd30a6"},"headline":"Mec\u00e1nico pierde la vida tras incidente con polic\u00edas en San Antonio de Guerra.","datePublished":"2025-06-17T11:00:38+00:00","dateModified":"2025-06-17T11:00:40+00:00","mainEntityOfPage":{"@id":"https:\/\/conexion23.com\/?p=40350"},"wordCount":137,"commentCount":0,"publisher":{"@id":"https:\/\/conexion23.com\/#organization"},"image":{"@id":"https:\/\/conexion23.com\/?p=40350#primaryimage"},"thumbnailUrl":"https:\/\/conexion23.com\/wp-content\/uploads\/2025\/06\/aa47315d-9859-436b-8677-9cb289bddf86.jpg","articleSection":["Uncategorized"],"inLanguage":"es","potentialAction":[{"@type":"CommentAction","name":"Comment","target":["https:\/\/conexion23.com\/?p=40350#respond"]}]},{"@type":"WebPage","@id":"https:\/\/conexion23.com\/?p=40350","url":"https:\/\/conexion23.com\/?p=40350","name":"Mec\u00e1nico pierde la vida tras incidente con polic\u00edas en San Antonio de Guerra. - Conexi\u00f3n 23","isPartOf":{"@id":"https:\/\/conexion23.com\/#website"},"primaryImageOfPage":{"@id":"https:\/\/conexion23.com\/?p=40350#primaryimage"},"image":{"@id":"https:\/\/conexion23.com\/?p=40350#primaryimage"},"thumbnailUrl":"https:\/\/conexion23.com\/wp-content\/uploads\/2025\/06\/aa47315d-9859-436b-8677-9cb289bddf86.jpg","datePublished":"2025-06-17T11:00:38+00:00","dateModified":"2025-06-17T11:00:40+00:00","breadcrumb":{"@id":"https:\/\/conexion23.com\/?p=40350#breadcrumb"},"inLanguage":"es","potentialAction":[{"@type":"ReadAction","target":["https:\/\/conexion23.com\/?p=40350"]}]},{"@type":"ImageObject","inLanguage":"es","@id":"https:\/\/conexion23.com\/?p=40350#primaryimage","url":"https:\/\/conexion23.com\/wp-content\/uploads\/2025\/06\/aa47315d-9859-436b-8677-9cb289bddf86.jpg","contentUrl":"https:\/\/conexion23.com\/wp-content\/uploads\/2025\/06\/aa47315d-9859-436b-8677-9cb289bddf86.jpg","width":1080,"height":1080},{"@type":"BreadcrumbList","@id":"https:\/\/conexion23.com\/?p=40350#breadcrumb","itemListElement":[{"@type":"ListItem","position":1,"name":"Portada","item":"https:\/\/conexion23.com\/"},{"@type":"ListItem","position":2,"name":"Mec\u00e1nico pierde la vida tras incidente con polic\u00edas en San Antonio de Guerra."}]},{"@type":"WebSite","@id":"https:\/\/conexion23.com\/#website","url":"https:\/\/conexion23.com\/","name":"Conexi\u00f3n 23","description":"Peri\u00f3dico 100% Petromacorisano","publisher":{"@id":"https:\/\/conexion23.com\/#organization"},"potentialAction":[{"@type":"SearchAction","target":{"@type":"EntryPoint","urlTemplate":"https:\/\/conexion23.com\/?s={search_term_string}"},"query-input":{"@type":"PropertyValueSpecification","valueRequired":true,"valueName":"search_term_string"}}],"inLanguage":"es"},{"@type":"Organization","@id":"https:\/\/conexion23.com\/#organization","name":"Conexion 23","url":"https:\/\/conexion23.com\/","logo":{"@type":"ImageObject","inLanguage":"es","@id":"https:\/\/conexion23.com\/#\/schema\/logo\/image\/","url":"https:\/\/conexion23.com\/wp-content\/uploads\/2021\/11\/Diseno-sin-titulo-2.png","contentUrl":"https:\/\/conexion23.com\/wp-content\/uploads\/2021\/11\/Diseno-sin-titulo-2.png","width":541,"height":90,"caption":"Conexion 23"},"image":{"@id":"https:\/\/conexion23.com\/#\/schema\/logo\/image\/"},"sameAs":["https:\/\/www.facebook.com\/conexion23com","https:\/\/www.instagram.com\/conexion23com\/","https:\/\/www.youtube.com\/channel\/UCYc7vxxFZMYLIHNsHHxPZ3Q"]},{"@type":"Person","@id":"https:\/\/conexion23.com\/#\/schema\/person\/03e36043331117e97a373299bbcd30a6","name":"Raffy Ben\u00edtez","image":{"@type":"ImageObject","inLanguage":"es","@id":"https:\/\/secure.gravatar.com\/avatar\/3190a6a6c5e1b0327500f7d6c56b6242472ee6cb974cf09b401ee6b3b0798f23?s=96&d=mm&r=g","url":"https:\/\/secure.gravatar.com\/avatar\/3190a6a6c5e1b0327500f7d6c56b6242472ee6cb974cf09b401ee6b3b0798f23?s=96&d=mm&r=g","contentUrl":"https:\/\/secure.gravatar.com\/avatar\/3190a6a6c5e1b0327500f7d6c56b6242472ee6cb974cf09b401ee6b3b0798f23?s=96&d=mm&r=g","caption":"Raffy Ben\u00edtez"},"url":"https:\/\/conexion23.com\/?author=15"}]}},"_links":{"self":[{"href":"https:\/\/conexion23.com\/index.php?rest_route=\/wp\/v2\/posts\/40350","targetHints":{"allow":["GET"]}}],"collection":[{"href":"https:\/\/conexion23.com\/index.php?rest_route=\/wp\/v2\/posts"}],"about":[{"href":"https:\/\/conexion23.com\/index.php?rest_route=\/wp\/v2\/types\/post"}],"author":[{"embeddable":true,"href":"https:\/\/conexion23.com\/index.php?rest_route=\/wp\/v2\/users\/15"}],"replies":[{"embeddable":true,"href":"https:\/\/conexion23.com\/index.php?rest_route=%2Fwp%2Fv2%2Fcomments&post=40350"}],"version-history":[{"count":1,"href":"https:\/\/conexion23.com\/index.php?rest_route=\/wp\/v2\/posts\/40350\/revisions"}],"predecessor-version":[{"id":40352,"href":"https:\/\/conexion23.com\/index.php?rest_route=\/wp\/v2\/posts\/40350\/revisions\/40352"}],"wp:featuredmedia":[{"embeddable":true,"href":"https:\/\/conexion23.com\/index.php?rest_route=\/wp\/v2\/media\/40351"}],"wp:attachment":[{"href":"https:\/\/conexion23.com\/index.php?rest_route=%2Fwp%2Fv2%2Fmedia&parent=40350"}],"wp:term":[{"taxonomy":"category","embeddable":true,"href":"https:\/\/conexion23.com\/index.php?rest_route=%2Fwp%2Fv2%2Fcategories&post=40350"},{"taxonomy":"post_tag","embeddable":true,"href":"https:\/\/conexion23.com\/index.php?rest_route=%2Fwp%2Fv2%2Ftags&post=40350"}],"curies":[{"name":"wp","href":"https:\/\/api.w.org\/{rel}","templated":true}]}}