{"id":40353,"date":"2025-06-17T07:05:46","date_gmt":"2025-06-17T11:05:46","guid":{"rendered":"https:\/\/conexion23.com\/?p=40353"},"modified":"2025-06-17T07:05:48","modified_gmt":"2025-06-17T11:05:48","slug":"capturan-a-vance-boelter-el-presunto-asesino-de-una-congresista-y-otra-persona-en-minnesota","status":"publish","type":"post","link":"https:\/\/conexion23.com\/?p=40353","title":{"rendered":"Capturan a Vance Boelter, el presunto asesino de una congresista y otra persona en Minnesota"},"content":{"rendered":"\n<p class=\"wp-block-paragraph\">La polic\u00eda de&nbsp;<strong>Minnesota<\/strong>&nbsp;atrap\u00f3 a<strong>&nbsp;Vance Boelter<\/strong>, de 57 a\u00f1os, principal sospechoso del&nbsp;<strong>atentado contra dos parejas de legisladores estatales<\/strong>, que dej\u00f3 un saldo de dos personas muertas y dos m\u00e1s gravemente heridas.<\/p>\n\n\n\n<p class=\"wp-block-paragraph\">El arresto se produjo anoche, tras una operaci\u00f3n de b\u00fasqueda que involucr\u00f3 a m\u00e1s de&nbsp;<strong>100 agentes<\/strong>, incluidas unidades&nbsp;<strong>SWAT<\/strong>, y que se extendi\u00f3 por zonas rurales a las afueras de&nbsp;<strong>Minneapolis<\/strong>, report\u00f3 la agencia The Associated Press (AP).<\/p>\n\n\n\n<p class=\"wp-block-paragraph\"><strong>Boelter<\/strong>\u00a0fue capturado dentro del estado de\u00a0<strong>Minnesota<\/strong>, aunque las autoridades no han precisado el lugar exacto. Desde el s\u00e1bado, cuando ocurrieron los hechos, estaba bajo una\u00a0<strong>orden de captura a nivel nacional<\/strong>, emitida por el Bur\u00f3 de Detenci\u00f3n Criminal de Minnesota.Seg\u00fan las autoridades, Boelter irrumpi\u00f3 disfrazado de oficial de polic\u00eda en la residencia de la expresidenta de la C\u00e1mara de Representantes de Minnesota,\u00a0<strong>Melissa Hortman<\/strong>, y su esposo,\u00a0<strong>Mark Hortman<\/strong>, en\u00a0<strong>Brooklyn Park<\/strong>, al norte de Minneapolis. Ambos fueron asesinados en su hogar.<\/p>\n\n\n\n<p class=\"wp-block-paragraph\">Minutos despu\u00e9s, el mismo individuo se dirigi\u00f3 a&nbsp;<strong>Champlin<\/strong>, a unos 15 kil\u00f3metros, donde dispar\u00f3 contra el senador estatal&nbsp;<strong>John Hoffman<\/strong>&nbsp;y su esposa,&nbsp;<strong>Yvette<\/strong>. Ambos sobrevivieron, aunque permanecen bajo cuidados m\u00e9dicos.<\/p>\n\n\n\n<p class=\"wp-block-paragraph\"><\/p>\n\n\n\n<p class=\"wp-block-paragraph\">En un mensaje difundido el domingo por la senadora federal Amy Klobuchar, Yvette detall\u00f3 que recibi\u00f3&nbsp;<strong>ocho disparos<\/strong>, mientras que su esposo fue alcanzado por&nbsp;<strong>nueve balas<\/strong>. Ambos permanecen hospitalizados, y seg\u00fan el reporte m\u00e1s reciente, se est\u00e1n recuperando tras m\u00faltiples cirug\u00edas.<\/p>\n\n\n\n<p class=\"wp-block-paragraph\">\u201cEstamos destrozados por la p\u00e9rdida de Melissa y Mark. No hay palabras. Nunca debe haber espacio para este tipo de odio pol\u00edtico\u201d, escribi\u00f3 Yvette en un mensaje compartido por Klobuchar en redes sociales.<\/p>\n\n\n\n<h5 class=\"wp-block-heading\">Un auto camuflado, una lista de blancos y armamento militar<\/h5>\n\n\n\n<p class=\"wp-block-paragraph\">El veh\u00edculo que Boelter habr\u00eda usado para cometer los ataques fue localizado el domingo por la ma\u00f1ana, cerca de su casa en&nbsp;<strong>Green Isle<\/strong>, una zona agr\u00edcola a una hora al oeste de Minneapolis.<\/p>\n\n\n\n<p class=\"wp-block-paragraph\">El autom\u00f3vil fue modificado para parecer un patrullero de polic\u00eda y conten\u00eda&nbsp;<strong>armas tipo AK<\/strong>, un&nbsp;<strong>sombrero vaquero<\/strong>, folletos del movimiento&nbsp;<strong>\u201cNo Kings\u201d<\/strong>, y una&nbsp;<strong>libreta<\/strong>&nbsp;con alrededor de&nbsp;<strong>70 nombres<\/strong>, entre ellos legisladores estatales y federales, l\u00edderes comunitarios y activistas por el&nbsp;<strong>derecho al aborto<\/strong>.<\/p>\n","protected":false},"excerpt":{"rendered":"<p>La polic\u00eda de&nbsp;Minnesota&nbsp;atrap\u00f3 a&nbsp;Vance Boelter, de 57 a\u00f1os, principal sospechoso del&nbsp;atentado contra dos parejas de legisladores estatales, que dej\u00f3 un saldo de dos personas muertas y dos m\u00e1s gravemente heridas. El arresto se produjo anoche, tras una operaci\u00f3n de b\u00fasqueda que involucr\u00f3 a m\u00e1s de&nbsp;100 agentes, incluidas unidades&nbsp;SWAT, y que se extendi\u00f3 por zonas rurales [&hellip;]<\/p>\n","protected":false},"author":15,"featured_media":40354,"comment_status":"open","ping_status":"open","sticky":false,"template":"","format":"standard","meta":{"footnotes":""},"categories":[1],"tags":[],"class_list":["post-40353","post","type-post","status-publish","format-standard","has-post-thumbnail","category-uncategorized"],"yoast_head":"<!-- This site is optimized with the Yoast SEO plugin v27.6 - https:\/\/yoast.com\/product\/yoast-seo-wordpress\/ -->\n<title>Capturan a Vance Boelter, el presunto asesino de una congresista y otra persona en Minnesota - Conexi\u00f3n 23<\/title>\n<meta name=\"robots\" content=\"index, follow, max-snippet:-1, max-image-preview:large, max-video-preview:-1\" \/>\n<link rel=\"canonical\" href=\"https:\/\/conexion23.com\/?p=40353\" \/>\n<meta property=\"og:locale\" content=\"es_ES\" \/>\n<meta property=\"og:type\" content=\"article\" \/>\n<meta property=\"og:title\" content=\"Capturan a Vance Boelter, el presunto asesino de una congresista y otra persona en Minnesota - Conexi\u00f3n 23\" \/>\n<meta property=\"og:description\" content=\"La polic\u00eda de&nbsp;Minnesota&nbsp;atrap\u00f3 a&nbsp;Vance Boelter, de 57 a\u00f1os, principal sospechoso del&nbsp;atentado contra dos parejas de legisladores estatales, que dej\u00f3 un saldo de dos personas muertas y dos m\u00e1s gravemente heridas. El arresto se produjo anoche, tras una operaci\u00f3n de b\u00fasqueda que involucr\u00f3 a m\u00e1s de&nbsp;100 agentes, incluidas unidades&nbsp;SWAT, y que se extendi\u00f3 por zonas rurales [&hellip;]\" \/>\n<meta property=\"og:url\" content=\"https:\/\/conexion23.com\/?p=40353\" \/>\n<meta property=\"og:site_name\" content=\"Conexi\u00f3n 23\" \/>\n<meta property=\"article:publisher\" content=\"https:\/\/www.facebook.com\/conexion23com\" \/>\n<meta property=\"article:published_time\" content=\"2025-06-17T11:05:46+00:00\" \/>\n<meta property=\"article:modified_time\" content=\"2025-06-17T11:05:48+00:00\" \/>\n<meta property=\"og:image\" content=\"https:\/\/conexion23.com\/wp-content\/uploads\/2025\/06\/img_9792-1.webp\" \/>\n\t<meta property=\"og:image:width\" content=\"755\" \/>\n\t<meta property=\"og:image:height\" content=\"397\" \/>\n\t<meta property=\"og:image:type\" content=\"image\/webp\" \/>\n<meta name=\"author\" content=\"Raffy Ben\u00edtez\" \/>\n<meta name=\"twitter:card\" content=\"summary_large_image\" \/>\n<meta name=\"twitter:label1\" content=\"Escrito por\" \/>\n\t<meta name=\"twitter:data1\" content=\"Raffy Ben\u00edtez\" \/>\n\t<meta name=\"twitter:label2\" content=\"Tiempo de lectura\" \/>\n\t<meta name=\"twitter:data2\" content=\"2 minutos\" \/>\n<script type=\"application\/ld+json\" class=\"yoast-schema-graph\">{\"@context\":\"https:\\\/\\\/schema.org\",\"@graph\":[{\"@type\":\"Article\",\"@id\":\"https:\\\/\\\/conexion23.com\\\/?p=40353#article\",\"isPartOf\":{\"@id\":\"https:\\\/\\\/conexion23.com\\\/?p=40353\"},\"author\":{\"name\":\"Raffy Ben\u00edtez\",\"@id\":\"https:\\\/\\\/conexion23.com\\\/#\\\/schema\\\/person\\\/03e36043331117e97a373299bbcd30a6\"},\"headline\":\"Capturan a Vance Boelter, el presunto asesino de una congresista y otra persona en Minnesota\",\"datePublished\":\"2025-06-17T11:05:46+00:00\",\"dateModified\":\"2025-06-17T11:05:48+00:00\",\"mainEntityOfPage\":{\"@id\":\"https:\\\/\\\/conexion23.com\\\/?p=40353\"},\"wordCount\":416,\"commentCount\":0,\"publisher\":{\"@id\":\"https:\\\/\\\/conexion23.com\\\/#organization\"},\"image\":{\"@id\":\"https:\\\/\\\/conexion23.com\\\/?p=40353#primaryimage\"},\"thumbnailUrl\":\"https:\\\/\\\/conexion23.com\\\/wp-content\\\/uploads\\\/2025\\\/06\\\/img_9792-1.webp\",\"articleSection\":[\"Uncategorized\"],\"inLanguage\":\"es\",\"potentialAction\":[{\"@type\":\"CommentAction\",\"name\":\"Comment\",\"target\":[\"https:\\\/\\\/conexion23.com\\\/?p=40353#respond\"]}]},{\"@type\":\"WebPage\",\"@id\":\"https:\\\/\\\/conexion23.com\\\/?p=40353\",\"url\":\"https:\\\/\\\/conexion23.com\\\/?p=40353\",\"name\":\"Capturan a Vance Boelter, el presunto asesino de una congresista y otra persona en Minnesota - Conexi\u00f3n 23\",\"isPartOf\":{\"@id\":\"https:\\\/\\\/conexion23.com\\\/#website\"},\"primaryImageOfPage\":{\"@id\":\"https:\\\/\\\/conexion23.com\\\/?p=40353#primaryimage\"},\"image\":{\"@id\":\"https:\\\/\\\/conexion23.com\\\/?p=40353#primaryimage\"},\"thumbnailUrl\":\"https:\\\/\\\/conexion23.com\\\/wp-content\\\/uploads\\\/2025\\\/06\\\/img_9792-1.webp\",\"datePublished\":\"2025-06-17T11:05:46+00:00\",\"dateModified\":\"2025-06-17T11:05:48+00:00\",\"breadcrumb\":{\"@id\":\"https:\\\/\\\/conexion23.com\\\/?p=40353#breadcrumb\"},\"inLanguage\":\"es\",\"potentialAction\":[{\"@type\":\"ReadAction\",\"target\":[\"https:\\\/\\\/conexion23.com\\\/?p=40353\"]}]},{\"@type\":\"ImageObject\",\"inLanguage\":\"es\",\"@id\":\"https:\\\/\\\/conexion23.com\\\/?p=40353#primaryimage\",\"url\":\"https:\\\/\\\/conexion23.com\\\/wp-content\\\/uploads\\\/2025\\\/06\\\/img_9792-1.webp\",\"contentUrl\":\"https:\\\/\\\/conexion23.com\\\/wp-content\\\/uploads\\\/2025\\\/06\\\/img_9792-1.webp\",\"width\":755,\"height\":397},{\"@type\":\"BreadcrumbList\",\"@id\":\"https:\\\/\\\/conexion23.com\\\/?p=40353#breadcrumb\",\"itemListElement\":[{\"@type\":\"ListItem\",\"position\":1,\"name\":\"Portada\",\"item\":\"https:\\\/\\\/conexion23.com\\\/\"},{\"@type\":\"ListItem\",\"position\":2,\"name\":\"Capturan a Vance Boelter, el presunto asesino de una congresista y otra persona en Minnesota\"}]},{\"@type\":\"WebSite\",\"@id\":\"https:\\\/\\\/conexion23.com\\\/#website\",\"url\":\"https:\\\/\\\/conexion23.com\\\/\",\"name\":\"Conexi\u00f3n 23\",\"description\":\"Peri\u00f3dico 100% Petromacorisano\",\"publisher\":{\"@id\":\"https:\\\/\\\/conexion23.com\\\/#organization\"},\"potentialAction\":[{\"@type\":\"SearchAction\",\"target\":{\"@type\":\"EntryPoint\",\"urlTemplate\":\"https:\\\/\\\/conexion23.com\\\/?s={search_term_string}\"},\"query-input\":{\"@type\":\"PropertyValueSpecification\",\"valueRequired\":true,\"valueName\":\"search_term_string\"}}],\"inLanguage\":\"es\"},{\"@type\":\"Organization\",\"@id\":\"https:\\\/\\\/conexion23.com\\\/#organization\",\"name\":\"Conexion 23\",\"url\":\"https:\\\/\\\/conexion23.com\\\/\",\"logo\":{\"@type\":\"ImageObject\",\"inLanguage\":\"es\",\"@id\":\"https:\\\/\\\/conexion23.com\\\/#\\\/schema\\\/logo\\\/image\\\/\",\"url\":\"https:\\\/\\\/conexion23.com\\\/wp-content\\\/uploads\\\/2021\\\/11\\\/Diseno-sin-titulo-2.png\",\"contentUrl\":\"https:\\\/\\\/conexion23.com\\\/wp-content\\\/uploads\\\/2021\\\/11\\\/Diseno-sin-titulo-2.png\",\"width\":541,\"height\":90,\"caption\":\"Conexion 23\"},\"image\":{\"@id\":\"https:\\\/\\\/conexion23.com\\\/#\\\/schema\\\/logo\\\/image\\\/\"},\"sameAs\":[\"https:\\\/\\\/www.facebook.com\\\/conexion23com\",\"https:\\\/\\\/www.instagram.com\\\/conexion23com\\\/\",\"https:\\\/\\\/www.youtube.com\\\/channel\\\/UCYc7vxxFZMYLIHNsHHxPZ3Q\"]},{\"@type\":\"Person\",\"@id\":\"https:\\\/\\\/conexion23.com\\\/#\\\/schema\\\/person\\\/03e36043331117e97a373299bbcd30a6\",\"name\":\"Raffy Ben\u00edtez\",\"image\":{\"@type\":\"ImageObject\",\"inLanguage\":\"es\",\"@id\":\"https:\\\/\\\/secure.gravatar.com\\\/avatar\\\/3190a6a6c5e1b0327500f7d6c56b6242472ee6cb974cf09b401ee6b3b0798f23?s=96&d=mm&r=g\",\"url\":\"https:\\\/\\\/secure.gravatar.com\\\/avatar\\\/3190a6a6c5e1b0327500f7d6c56b6242472ee6cb974cf09b401ee6b3b0798f23?s=96&d=mm&r=g\",\"contentUrl\":\"https:\\\/\\\/secure.gravatar.com\\\/avatar\\\/3190a6a6c5e1b0327500f7d6c56b6242472ee6cb974cf09b401ee6b3b0798f23?s=96&d=mm&r=g\",\"caption\":\"Raffy Ben\u00edtez\"},\"url\":\"https:\\\/\\\/conexion23.com\\\/?author=15\"}]}<\/script>\n<!-- \/ Yoast SEO plugin. -->","yoast_head_json":{"title":"Capturan a Vance Boelter, el presunto asesino de una congresista y otra persona en Minnesota - Conexi\u00f3n 23","robots":{"index":"index","follow":"follow","max-snippet":"max-snippet:-1","max-image-preview":"max-image-preview:large","max-video-preview":"max-video-preview:-1"},"canonical":"https:\/\/conexion23.com\/?p=40353","og_locale":"es_ES","og_type":"article","og_title":"Capturan a Vance Boelter, el presunto asesino de una congresista y otra persona en Minnesota - Conexi\u00f3n 23","og_description":"La polic\u00eda de&nbsp;Minnesota&nbsp;atrap\u00f3 a&nbsp;Vance Boelter, de 57 a\u00f1os, principal sospechoso del&nbsp;atentado contra dos parejas de legisladores estatales, que dej\u00f3 un saldo de dos personas muertas y dos m\u00e1s gravemente heridas. El arresto se produjo anoche, tras una operaci\u00f3n de b\u00fasqueda que involucr\u00f3 a m\u00e1s de&nbsp;100 agentes, incluidas unidades&nbsp;SWAT, y que se extendi\u00f3 por zonas rurales [&hellip;]","og_url":"https:\/\/conexion23.com\/?p=40353","og_site_name":"Conexi\u00f3n 23","article_publisher":"https:\/\/www.facebook.com\/conexion23com","article_published_time":"2025-06-17T11:05:46+00:00","article_modified_time":"2025-06-17T11:05:48+00:00","og_image":[{"width":755,"height":397,"url":"https:\/\/conexion23.com\/wp-content\/uploads\/2025\/06\/img_9792-1.webp","type":"image\/webp"}],"author":"Raffy Ben\u00edtez","twitter_card":"summary_large_image","twitter_misc":{"Escrito por":"Raffy Ben\u00edtez","Tiempo de lectura":"2 minutos"},"schema":{"@context":"https:\/\/schema.org","@graph":[{"@type":"Article","@id":"https:\/\/conexion23.com\/?p=40353#article","isPartOf":{"@id":"https:\/\/conexion23.com\/?p=40353"},"author":{"name":"Raffy Ben\u00edtez","@id":"https:\/\/conexion23.com\/#\/schema\/person\/03e36043331117e97a373299bbcd30a6"},"headline":"Capturan a Vance Boelter, el presunto asesino de una congresista y otra persona en Minnesota","datePublished":"2025-06-17T11:05:46+00:00","dateModified":"2025-06-17T11:05:48+00:00","mainEntityOfPage":{"@id":"https:\/\/conexion23.com\/?p=40353"},"wordCount":416,"commentCount":0,"publisher":{"@id":"https:\/\/conexion23.com\/#organization"},"image":{"@id":"https:\/\/conexion23.com\/?p=40353#primaryimage"},"thumbnailUrl":"https:\/\/conexion23.com\/wp-content\/uploads\/2025\/06\/img_9792-1.webp","articleSection":["Uncategorized"],"inLanguage":"es","potentialAction":[{"@type":"CommentAction","name":"Comment","target":["https:\/\/conexion23.com\/?p=40353#respond"]}]},{"@type":"WebPage","@id":"https:\/\/conexion23.com\/?p=40353","url":"https:\/\/conexion23.com\/?p=40353","name":"Capturan a Vance Boelter, el presunto asesino de una congresista y otra persona en Minnesota - Conexi\u00f3n 23","isPartOf":{"@id":"https:\/\/conexion23.com\/#website"},"primaryImageOfPage":{"@id":"https:\/\/conexion23.com\/?p=40353#primaryimage"},"image":{"@id":"https:\/\/conexion23.com\/?p=40353#primaryimage"},"thumbnailUrl":"https:\/\/conexion23.com\/wp-content\/uploads\/2025\/06\/img_9792-1.webp","datePublished":"2025-06-17T11:05:46+00:00","dateModified":"2025-06-17T11:05:48+00:00","breadcrumb":{"@id":"https:\/\/conexion23.com\/?p=40353#breadcrumb"},"inLanguage":"es","potentialAction":[{"@type":"ReadAction","target":["https:\/\/conexion23.com\/?p=40353"]}]},{"@type":"ImageObject","inLanguage":"es","@id":"https:\/\/conexion23.com\/?p=40353#primaryimage","url":"https:\/\/conexion23.com\/wp-content\/uploads\/2025\/06\/img_9792-1.webp","contentUrl":"https:\/\/conexion23.com\/wp-content\/uploads\/2025\/06\/img_9792-1.webp","width":755,"height":397},{"@type":"BreadcrumbList","@id":"https:\/\/conexion23.com\/?p=40353#breadcrumb","itemListElement":[{"@type":"ListItem","position":1,"name":"Portada","item":"https:\/\/conexion23.com\/"},{"@type":"ListItem","position":2,"name":"Capturan a Vance Boelter, el presunto asesino de una congresista y otra persona en Minnesota"}]},{"@type":"WebSite","@id":"https:\/\/conexion23.com\/#website","url":"https:\/\/conexion23.com\/","name":"Conexi\u00f3n 23","description":"Peri\u00f3dico 100% Petromacorisano","publisher":{"@id":"https:\/\/conexion23.com\/#organization"},"potentialAction":[{"@type":"SearchAction","target":{"@type":"EntryPoint","urlTemplate":"https:\/\/conexion23.com\/?s={search_term_string}"},"query-input":{"@type":"PropertyValueSpecification","valueRequired":true,"valueName":"search_term_string"}}],"inLanguage":"es"},{"@type":"Organization","@id":"https:\/\/conexion23.com\/#organization","name":"Conexion 23","url":"https:\/\/conexion23.com\/","logo":{"@type":"ImageObject","inLanguage":"es","@id":"https:\/\/conexion23.com\/#\/schema\/logo\/image\/","url":"https:\/\/conexion23.com\/wp-content\/uploads\/2021\/11\/Diseno-sin-titulo-2.png","contentUrl":"https:\/\/conexion23.com\/wp-content\/uploads\/2021\/11\/Diseno-sin-titulo-2.png","width":541,"height":90,"caption":"Conexion 23"},"image":{"@id":"https:\/\/conexion23.com\/#\/schema\/logo\/image\/"},"sameAs":["https:\/\/www.facebook.com\/conexion23com","https:\/\/www.instagram.com\/conexion23com\/","https:\/\/www.youtube.com\/channel\/UCYc7vxxFZMYLIHNsHHxPZ3Q"]},{"@type":"Person","@id":"https:\/\/conexion23.com\/#\/schema\/person\/03e36043331117e97a373299bbcd30a6","name":"Raffy Ben\u00edtez","image":{"@type":"ImageObject","inLanguage":"es","@id":"https:\/\/secure.gravatar.com\/avatar\/3190a6a6c5e1b0327500f7d6c56b6242472ee6cb974cf09b401ee6b3b0798f23?s=96&d=mm&r=g","url":"https:\/\/secure.gravatar.com\/avatar\/3190a6a6c5e1b0327500f7d6c56b6242472ee6cb974cf09b401ee6b3b0798f23?s=96&d=mm&r=g","contentUrl":"https:\/\/secure.gravatar.com\/avatar\/3190a6a6c5e1b0327500f7d6c56b6242472ee6cb974cf09b401ee6b3b0798f23?s=96&d=mm&r=g","caption":"Raffy Ben\u00edtez"},"url":"https:\/\/conexion23.com\/?author=15"}]}},"_links":{"self":[{"href":"https:\/\/conexion23.com\/index.php?rest_route=\/wp\/v2\/posts\/40353","targetHints":{"allow":["GET"]}}],"collection":[{"href":"https:\/\/conexion23.com\/index.php?rest_route=\/wp\/v2\/posts"}],"about":[{"href":"https:\/\/conexion23.com\/index.php?rest_route=\/wp\/v2\/types\/post"}],"author":[{"embeddable":true,"href":"https:\/\/conexion23.com\/index.php?rest_route=\/wp\/v2\/users\/15"}],"replies":[{"embeddable":true,"href":"https:\/\/conexion23.com\/index.php?rest_route=%2Fwp%2Fv2%2Fcomments&post=40353"}],"version-history":[{"count":1,"href":"https:\/\/conexion23.com\/index.php?rest_route=\/wp\/v2\/posts\/40353\/revisions"}],"predecessor-version":[{"id":40355,"href":"https:\/\/conexion23.com\/index.php?rest_route=\/wp\/v2\/posts\/40353\/revisions\/40355"}],"wp:featuredmedia":[{"embeddable":true,"href":"https:\/\/conexion23.com\/index.php?rest_route=\/wp\/v2\/media\/40354"}],"wp:attachment":[{"href":"https:\/\/conexion23.com\/index.php?rest_route=%2Fwp%2Fv2%2Fmedia&parent=40353"}],"wp:term":[{"taxonomy":"category","embeddable":true,"href":"https:\/\/conexion23.com\/index.php?rest_route=%2Fwp%2Fv2%2Fcategories&post=40353"},{"taxonomy":"post_tag","embeddable":true,"href":"https:\/\/conexion23.com\/index.php?rest_route=%2Fwp%2Fv2%2Ftags&post=40353"}],"curies":[{"name":"wp","href":"https:\/\/api.w.org\/{rel}","templated":true}]}}