{"id":40368,"date":"2025-06-17T07:53:58","date_gmt":"2025-06-17T11:53:58","guid":{"rendered":"https:\/\/conexion23.com\/?p=40368"},"modified":"2025-06-17T07:54:00","modified_gmt":"2025-06-17T11:54:00","slug":"la-violencia-de-las-bandas-se-cobra-al-menos-2680-vidas-en-haiti-entre-enero-y-mayo","status":"publish","type":"post","link":"https:\/\/conexion23.com\/?p=40368","title":{"rendered":"La violencia de las bandas se cobra al menos 2,680 vidas en Hait\u00ed entre enero y mayo"},"content":{"rendered":"\n<p class=\"wp-block-paragraph\">Al menos 2,680 personas han muerto en los primeros cinco meses del a\u00f1o en Hait\u00ed v\u00edctimas de la violencia desatada por las bandas, que en los \u00faltimos meses han ampliado su radio de acci\u00f3n m\u00e1s all\u00e1 de la capital, Puerto Pr\u00edncipe, lo que ha provocado tambi\u00e9n una cifra&nbsp;<strong>r\u00e9cord de 1,3 millones<\/strong>&nbsp;de desplazados internos.<\/p>\n\n\n\n<p class=\"wp-block-paragraph\">As\u00ed lo refleja la oficina de Derechos Humanos de la ONU en un informe en el que recoge las cifras de v\u00edctimas mortales que ha podido verificar, dentro de las cuales hay al menos 54 ni\u00f1os. Adem\u00e1s, tiene constancia de m\u00e1s de&nbsp;<strong>950 heridos y de 316 casos<\/strong>&nbsp;de secuestro, a lo que habr\u00eda que sumar un repunte de la violencia sexual y del reclutamiento de menores por parte de los grupos armados.<\/p>\n\n\n\n<p class=\"wp-block-paragraph\">El Alto Comisionado de Naciones Unidas para los Derechos Humanos, Volker Turk, ha advertido en un comunicado de que,&nbsp;<strong>\u00abpor muy alarmantes que sean\u00bb, esta bater\u00eda de datos\u00bb&nbsp;<\/strong>no pueden reflejar los horrores que los haitianos se ven obligados a soportar d\u00eda tras d\u00eda\u00bb y que pueden derivar no s\u00f3lo de las propias bandas, sino tambi\u00e9n de turbas o grupos de autodefensa que buscan cubrir el vac\u00edo de las fuerzas de seguridad oficiales.<\/p>\n\n\n\n<p class=\"wp-block-paragraph\">La ONU estima que al menos 25 personas murieron el 20 de mayo en el departamento de Artibonito despu\u00e9s de que individuos armados atacasen a personas acusadas de apoyar a las bandas, asest\u00e1ndoles machetazos en una iglesia o en sus propias casas. Diez d\u00edas despu\u00e9s, seis miembros de una misma familia, cuatro de ellas ni\u00f1as de entre dos y 14 a\u00f1os, murieron asesinadas por tres bandas aliadas en una vivienda de Puerto Pr\u00edncipe.<\/p>\n\n\n\n<p class=\"wp-block-paragraph\"><strong>USO EXCESIVO DE LA FUERZA<\/strong><\/p>\n\n\n\n<p class=\"wp-block-paragraph\">Naciones Unidas tambi\u00e9n pone en cuesti\u00f3n la labor de las fuerzas de seguridad, toda vez que al menos 1,448 personas han muerto en lo que va de a\u00f1o en operaciones policiales y&nbsp;<strong>hay al menos 65 casos de ejecuciones sumarias<\/strong>.<\/p>\n\n\n\n<p class=\"wp-block-paragraph\">Turk ha instado a los agentes locales a respetar en todo momento los principios de \u00ablegalidad, necesidad y proporcionalidad\u00bb a la hora de usar la fuerza, teniendo en cuenta tambi\u00e9n que aquellas personas que hayan podido cometer abusos deben rendir cuentas ante la Justicia.<\/p>\n\n\n\n<p class=\"wp-block-paragraph\">\u00abLa impunidad ante violaciones de los Derechos Humanos y corrupci\u00f3n sirve de catalizador para las&nbsp;<strong>crisis prolongadas y multidimensionales<\/strong>&nbsp;a las que se enfrenta el pa\u00eds\u00bb, ha advertido Turk, que espera la puesta en marcha \u00abcuanto antes\u00bb de las nuevas instituciones judiciales llamadas a depurar responsabilidades.<\/p>\n\n\n\n<p class=\"wp-block-paragraph\">Asimismo, ha llamado a la comunidad internacional a colaboraren unos meses que prev\u00e9 \u00abcruciales\u00bb para el futuro de Hait\u00ed y la estabilidad de toda la regi\u00f3n y ha recordado, sin aludir a ning\u00fan pa\u00eds en concreto, que a d\u00eda de hoy no se dan en el territorio haitiano unas m\u00ednimas condiciones que garanticen que los migrantes deportados no ser\u00e1n v\u00edctimas de \u00abdiscriminaci\u00f3n\u00bb o \u00abestigmatizaci\u00f3n\u00bb.<\/p>\n","protected":false},"excerpt":{"rendered":"<p>Al menos 2,680 personas han muerto en los primeros cinco meses del a\u00f1o en Hait\u00ed v\u00edctimas de la violencia desatada por las bandas, que en los \u00faltimos meses han ampliado su radio de acci\u00f3n m\u00e1s all\u00e1 de la capital, Puerto Pr\u00edncipe, lo que ha provocado tambi\u00e9n una cifra&nbsp;r\u00e9cord de 1,3 millones&nbsp;de desplazados internos. As\u00ed lo [&hellip;]<\/p>\n","protected":false},"author":15,"featured_media":40369,"comment_status":"open","ping_status":"open","sticky":false,"template":"","format":"standard","meta":{"footnotes":""},"categories":[1],"tags":[],"class_list":["post-40368","post","type-post","status-publish","format-standard","has-post-thumbnail","category-uncategorized"],"yoast_head":"<!-- This site is optimized with the Yoast SEO plugin v27.6 - https:\/\/yoast.com\/product\/yoast-seo-wordpress\/ -->\n<title>La violencia de las bandas se cobra al menos 2,680 vidas en Hait\u00ed entre enero y mayo - Conexi\u00f3n 23<\/title>\n<meta name=\"robots\" content=\"index, follow, max-snippet:-1, max-image-preview:large, max-video-preview:-1\" \/>\n<link rel=\"canonical\" href=\"https:\/\/conexion23.com\/?p=40368\" \/>\n<meta property=\"og:locale\" content=\"es_ES\" \/>\n<meta property=\"og:type\" content=\"article\" \/>\n<meta property=\"og:title\" content=\"La violencia de las bandas se cobra al menos 2,680 vidas en Hait\u00ed entre enero y mayo - Conexi\u00f3n 23\" \/>\n<meta property=\"og:description\" content=\"Al menos 2,680 personas han muerto en los primeros cinco meses del a\u00f1o en Hait\u00ed v\u00edctimas de la violencia desatada por las bandas, que en los \u00faltimos meses han ampliado su radio de acci\u00f3n m\u00e1s all\u00e1 de la capital, Puerto Pr\u00edncipe, lo que ha provocado tambi\u00e9n una cifra&nbsp;r\u00e9cord de 1,3 millones&nbsp;de desplazados internos. As\u00ed lo [&hellip;]\" \/>\n<meta property=\"og:url\" content=\"https:\/\/conexion23.com\/?p=40368\" \/>\n<meta property=\"og:site_name\" content=\"Conexi\u00f3n 23\" \/>\n<meta property=\"article:publisher\" content=\"https:\/\/www.facebook.com\/conexion23com\" \/>\n<meta property=\"article:published_time\" content=\"2025-06-17T11:53:58+00:00\" \/>\n<meta property=\"article:modified_time\" content=\"2025-06-17T11:54:00+00:00\" \/>\n<meta property=\"og:image\" content=\"https:\/\/conexion23.com\/wp-content\/uploads\/2025\/06\/661306207a21b.jpeg\" \/>\n\t<meta property=\"og:image:width\" content=\"800\" \/>\n\t<meta property=\"og:image:height\" content=\"533\" \/>\n\t<meta property=\"og:image:type\" content=\"image\/jpeg\" \/>\n<meta name=\"author\" content=\"Raffy Ben\u00edtez\" \/>\n<meta name=\"twitter:card\" content=\"summary_large_image\" \/>\n<meta name=\"twitter:label1\" content=\"Escrito por\" \/>\n\t<meta name=\"twitter:data1\" content=\"Raffy Ben\u00edtez\" \/>\n\t<meta name=\"twitter:label2\" content=\"Tiempo de lectura\" \/>\n\t<meta name=\"twitter:data2\" content=\"3 minutos\" \/>\n<script type=\"application\/ld+json\" class=\"yoast-schema-graph\">{\"@context\":\"https:\\\/\\\/schema.org\",\"@graph\":[{\"@type\":\"Article\",\"@id\":\"https:\\\/\\\/conexion23.com\\\/?p=40368#article\",\"isPartOf\":{\"@id\":\"https:\\\/\\\/conexion23.com\\\/?p=40368\"},\"author\":{\"name\":\"Raffy Ben\u00edtez\",\"@id\":\"https:\\\/\\\/conexion23.com\\\/#\\\/schema\\\/person\\\/03e36043331117e97a373299bbcd30a6\"},\"headline\":\"La violencia de las bandas se cobra al menos 2,680 vidas en Hait\u00ed entre enero y mayo\",\"datePublished\":\"2025-06-17T11:53:58+00:00\",\"dateModified\":\"2025-06-17T11:54:00+00:00\",\"mainEntityOfPage\":{\"@id\":\"https:\\\/\\\/conexion23.com\\\/?p=40368\"},\"wordCount\":528,\"commentCount\":0,\"publisher\":{\"@id\":\"https:\\\/\\\/conexion23.com\\\/#organization\"},\"image\":{\"@id\":\"https:\\\/\\\/conexion23.com\\\/?p=40368#primaryimage\"},\"thumbnailUrl\":\"https:\\\/\\\/conexion23.com\\\/wp-content\\\/uploads\\\/2025\\\/06\\\/661306207a21b.jpeg\",\"articleSection\":[\"Uncategorized\"],\"inLanguage\":\"es\",\"potentialAction\":[{\"@type\":\"CommentAction\",\"name\":\"Comment\",\"target\":[\"https:\\\/\\\/conexion23.com\\\/?p=40368#respond\"]}]},{\"@type\":\"WebPage\",\"@id\":\"https:\\\/\\\/conexion23.com\\\/?p=40368\",\"url\":\"https:\\\/\\\/conexion23.com\\\/?p=40368\",\"name\":\"La violencia de las bandas se cobra al menos 2,680 vidas en Hait\u00ed entre enero y mayo - Conexi\u00f3n 23\",\"isPartOf\":{\"@id\":\"https:\\\/\\\/conexion23.com\\\/#website\"},\"primaryImageOfPage\":{\"@id\":\"https:\\\/\\\/conexion23.com\\\/?p=40368#primaryimage\"},\"image\":{\"@id\":\"https:\\\/\\\/conexion23.com\\\/?p=40368#primaryimage\"},\"thumbnailUrl\":\"https:\\\/\\\/conexion23.com\\\/wp-content\\\/uploads\\\/2025\\\/06\\\/661306207a21b.jpeg\",\"datePublished\":\"2025-06-17T11:53:58+00:00\",\"dateModified\":\"2025-06-17T11:54:00+00:00\",\"breadcrumb\":{\"@id\":\"https:\\\/\\\/conexion23.com\\\/?p=40368#breadcrumb\"},\"inLanguage\":\"es\",\"potentialAction\":[{\"@type\":\"ReadAction\",\"target\":[\"https:\\\/\\\/conexion23.com\\\/?p=40368\"]}]},{\"@type\":\"ImageObject\",\"inLanguage\":\"es\",\"@id\":\"https:\\\/\\\/conexion23.com\\\/?p=40368#primaryimage\",\"url\":\"https:\\\/\\\/conexion23.com\\\/wp-content\\\/uploads\\\/2025\\\/06\\\/661306207a21b.jpeg\",\"contentUrl\":\"https:\\\/\\\/conexion23.com\\\/wp-content\\\/uploads\\\/2025\\\/06\\\/661306207a21b.jpeg\",\"width\":800,\"height\":533},{\"@type\":\"BreadcrumbList\",\"@id\":\"https:\\\/\\\/conexion23.com\\\/?p=40368#breadcrumb\",\"itemListElement\":[{\"@type\":\"ListItem\",\"position\":1,\"name\":\"Portada\",\"item\":\"https:\\\/\\\/conexion23.com\\\/\"},{\"@type\":\"ListItem\",\"position\":2,\"name\":\"La violencia de las bandas se cobra al menos 2,680 vidas en Hait\u00ed entre enero y mayo\"}]},{\"@type\":\"WebSite\",\"@id\":\"https:\\\/\\\/conexion23.com\\\/#website\",\"url\":\"https:\\\/\\\/conexion23.com\\\/\",\"name\":\"Conexi\u00f3n 23\",\"description\":\"Peri\u00f3dico 100% Petromacorisano\",\"publisher\":{\"@id\":\"https:\\\/\\\/conexion23.com\\\/#organization\"},\"potentialAction\":[{\"@type\":\"SearchAction\",\"target\":{\"@type\":\"EntryPoint\",\"urlTemplate\":\"https:\\\/\\\/conexion23.com\\\/?s={search_term_string}\"},\"query-input\":{\"@type\":\"PropertyValueSpecification\",\"valueRequired\":true,\"valueName\":\"search_term_string\"}}],\"inLanguage\":\"es\"},{\"@type\":\"Organization\",\"@id\":\"https:\\\/\\\/conexion23.com\\\/#organization\",\"name\":\"Conexion 23\",\"url\":\"https:\\\/\\\/conexion23.com\\\/\",\"logo\":{\"@type\":\"ImageObject\",\"inLanguage\":\"es\",\"@id\":\"https:\\\/\\\/conexion23.com\\\/#\\\/schema\\\/logo\\\/image\\\/\",\"url\":\"https:\\\/\\\/conexion23.com\\\/wp-content\\\/uploads\\\/2021\\\/11\\\/Diseno-sin-titulo-2.png\",\"contentUrl\":\"https:\\\/\\\/conexion23.com\\\/wp-content\\\/uploads\\\/2021\\\/11\\\/Diseno-sin-titulo-2.png\",\"width\":541,\"height\":90,\"caption\":\"Conexion 23\"},\"image\":{\"@id\":\"https:\\\/\\\/conexion23.com\\\/#\\\/schema\\\/logo\\\/image\\\/\"},\"sameAs\":[\"https:\\\/\\\/www.facebook.com\\\/conexion23com\",\"https:\\\/\\\/www.instagram.com\\\/conexion23com\\\/\",\"https:\\\/\\\/www.youtube.com\\\/channel\\\/UCYc7vxxFZMYLIHNsHHxPZ3Q\"]},{\"@type\":\"Person\",\"@id\":\"https:\\\/\\\/conexion23.com\\\/#\\\/schema\\\/person\\\/03e36043331117e97a373299bbcd30a6\",\"name\":\"Raffy Ben\u00edtez\",\"image\":{\"@type\":\"ImageObject\",\"inLanguage\":\"es\",\"@id\":\"https:\\\/\\\/secure.gravatar.com\\\/avatar\\\/3190a6a6c5e1b0327500f7d6c56b6242472ee6cb974cf09b401ee6b3b0798f23?s=96&d=mm&r=g\",\"url\":\"https:\\\/\\\/secure.gravatar.com\\\/avatar\\\/3190a6a6c5e1b0327500f7d6c56b6242472ee6cb974cf09b401ee6b3b0798f23?s=96&d=mm&r=g\",\"contentUrl\":\"https:\\\/\\\/secure.gravatar.com\\\/avatar\\\/3190a6a6c5e1b0327500f7d6c56b6242472ee6cb974cf09b401ee6b3b0798f23?s=96&d=mm&r=g\",\"caption\":\"Raffy Ben\u00edtez\"},\"url\":\"https:\\\/\\\/conexion23.com\\\/?author=15\"}]}<\/script>\n<!-- \/ Yoast SEO plugin. -->","yoast_head_json":{"title":"La violencia de las bandas se cobra al menos 2,680 vidas en Hait\u00ed entre enero y mayo - Conexi\u00f3n 23","robots":{"index":"index","follow":"follow","max-snippet":"max-snippet:-1","max-image-preview":"max-image-preview:large","max-video-preview":"max-video-preview:-1"},"canonical":"https:\/\/conexion23.com\/?p=40368","og_locale":"es_ES","og_type":"article","og_title":"La violencia de las bandas se cobra al menos 2,680 vidas en Hait\u00ed entre enero y mayo - Conexi\u00f3n 23","og_description":"Al menos 2,680 personas han muerto en los primeros cinco meses del a\u00f1o en Hait\u00ed v\u00edctimas de la violencia desatada por las bandas, que en los \u00faltimos meses han ampliado su radio de acci\u00f3n m\u00e1s all\u00e1 de la capital, Puerto Pr\u00edncipe, lo que ha provocado tambi\u00e9n una cifra&nbsp;r\u00e9cord de 1,3 millones&nbsp;de desplazados internos. As\u00ed lo [&hellip;]","og_url":"https:\/\/conexion23.com\/?p=40368","og_site_name":"Conexi\u00f3n 23","article_publisher":"https:\/\/www.facebook.com\/conexion23com","article_published_time":"2025-06-17T11:53:58+00:00","article_modified_time":"2025-06-17T11:54:00+00:00","og_image":[{"width":800,"height":533,"url":"https:\/\/conexion23.com\/wp-content\/uploads\/2025\/06\/661306207a21b.jpeg","type":"image\/jpeg"}],"author":"Raffy Ben\u00edtez","twitter_card":"summary_large_image","twitter_misc":{"Escrito por":"Raffy Ben\u00edtez","Tiempo de lectura":"3 minutos"},"schema":{"@context":"https:\/\/schema.org","@graph":[{"@type":"Article","@id":"https:\/\/conexion23.com\/?p=40368#article","isPartOf":{"@id":"https:\/\/conexion23.com\/?p=40368"},"author":{"name":"Raffy Ben\u00edtez","@id":"https:\/\/conexion23.com\/#\/schema\/person\/03e36043331117e97a373299bbcd30a6"},"headline":"La violencia de las bandas se cobra al menos 2,680 vidas en Hait\u00ed entre enero y mayo","datePublished":"2025-06-17T11:53:58+00:00","dateModified":"2025-06-17T11:54:00+00:00","mainEntityOfPage":{"@id":"https:\/\/conexion23.com\/?p=40368"},"wordCount":528,"commentCount":0,"publisher":{"@id":"https:\/\/conexion23.com\/#organization"},"image":{"@id":"https:\/\/conexion23.com\/?p=40368#primaryimage"},"thumbnailUrl":"https:\/\/conexion23.com\/wp-content\/uploads\/2025\/06\/661306207a21b.jpeg","articleSection":["Uncategorized"],"inLanguage":"es","potentialAction":[{"@type":"CommentAction","name":"Comment","target":["https:\/\/conexion23.com\/?p=40368#respond"]}]},{"@type":"WebPage","@id":"https:\/\/conexion23.com\/?p=40368","url":"https:\/\/conexion23.com\/?p=40368","name":"La violencia de las bandas se cobra al menos 2,680 vidas en Hait\u00ed entre enero y mayo - Conexi\u00f3n 23","isPartOf":{"@id":"https:\/\/conexion23.com\/#website"},"primaryImageOfPage":{"@id":"https:\/\/conexion23.com\/?p=40368#primaryimage"},"image":{"@id":"https:\/\/conexion23.com\/?p=40368#primaryimage"},"thumbnailUrl":"https:\/\/conexion23.com\/wp-content\/uploads\/2025\/06\/661306207a21b.jpeg","datePublished":"2025-06-17T11:53:58+00:00","dateModified":"2025-06-17T11:54:00+00:00","breadcrumb":{"@id":"https:\/\/conexion23.com\/?p=40368#breadcrumb"},"inLanguage":"es","potentialAction":[{"@type":"ReadAction","target":["https:\/\/conexion23.com\/?p=40368"]}]},{"@type":"ImageObject","inLanguage":"es","@id":"https:\/\/conexion23.com\/?p=40368#primaryimage","url":"https:\/\/conexion23.com\/wp-content\/uploads\/2025\/06\/661306207a21b.jpeg","contentUrl":"https:\/\/conexion23.com\/wp-content\/uploads\/2025\/06\/661306207a21b.jpeg","width":800,"height":533},{"@type":"BreadcrumbList","@id":"https:\/\/conexion23.com\/?p=40368#breadcrumb","itemListElement":[{"@type":"ListItem","position":1,"name":"Portada","item":"https:\/\/conexion23.com\/"},{"@type":"ListItem","position":2,"name":"La violencia de las bandas se cobra al menos 2,680 vidas en Hait\u00ed entre enero y mayo"}]},{"@type":"WebSite","@id":"https:\/\/conexion23.com\/#website","url":"https:\/\/conexion23.com\/","name":"Conexi\u00f3n 23","description":"Peri\u00f3dico 100% Petromacorisano","publisher":{"@id":"https:\/\/conexion23.com\/#organization"},"potentialAction":[{"@type":"SearchAction","target":{"@type":"EntryPoint","urlTemplate":"https:\/\/conexion23.com\/?s={search_term_string}"},"query-input":{"@type":"PropertyValueSpecification","valueRequired":true,"valueName":"search_term_string"}}],"inLanguage":"es"},{"@type":"Organization","@id":"https:\/\/conexion23.com\/#organization","name":"Conexion 23","url":"https:\/\/conexion23.com\/","logo":{"@type":"ImageObject","inLanguage":"es","@id":"https:\/\/conexion23.com\/#\/schema\/logo\/image\/","url":"https:\/\/conexion23.com\/wp-content\/uploads\/2021\/11\/Diseno-sin-titulo-2.png","contentUrl":"https:\/\/conexion23.com\/wp-content\/uploads\/2021\/11\/Diseno-sin-titulo-2.png","width":541,"height":90,"caption":"Conexion 23"},"image":{"@id":"https:\/\/conexion23.com\/#\/schema\/logo\/image\/"},"sameAs":["https:\/\/www.facebook.com\/conexion23com","https:\/\/www.instagram.com\/conexion23com\/","https:\/\/www.youtube.com\/channel\/UCYc7vxxFZMYLIHNsHHxPZ3Q"]},{"@type":"Person","@id":"https:\/\/conexion23.com\/#\/schema\/person\/03e36043331117e97a373299bbcd30a6","name":"Raffy Ben\u00edtez","image":{"@type":"ImageObject","inLanguage":"es","@id":"https:\/\/secure.gravatar.com\/avatar\/3190a6a6c5e1b0327500f7d6c56b6242472ee6cb974cf09b401ee6b3b0798f23?s=96&d=mm&r=g","url":"https:\/\/secure.gravatar.com\/avatar\/3190a6a6c5e1b0327500f7d6c56b6242472ee6cb974cf09b401ee6b3b0798f23?s=96&d=mm&r=g","contentUrl":"https:\/\/secure.gravatar.com\/avatar\/3190a6a6c5e1b0327500f7d6c56b6242472ee6cb974cf09b401ee6b3b0798f23?s=96&d=mm&r=g","caption":"Raffy Ben\u00edtez"},"url":"https:\/\/conexion23.com\/?author=15"}]}},"_links":{"self":[{"href":"https:\/\/conexion23.com\/index.php?rest_route=\/wp\/v2\/posts\/40368","targetHints":{"allow":["GET"]}}],"collection":[{"href":"https:\/\/conexion23.com\/index.php?rest_route=\/wp\/v2\/posts"}],"about":[{"href":"https:\/\/conexion23.com\/index.php?rest_route=\/wp\/v2\/types\/post"}],"author":[{"embeddable":true,"href":"https:\/\/conexion23.com\/index.php?rest_route=\/wp\/v2\/users\/15"}],"replies":[{"embeddable":true,"href":"https:\/\/conexion23.com\/index.php?rest_route=%2Fwp%2Fv2%2Fcomments&post=40368"}],"version-history":[{"count":1,"href":"https:\/\/conexion23.com\/index.php?rest_route=\/wp\/v2\/posts\/40368\/revisions"}],"predecessor-version":[{"id":40370,"href":"https:\/\/conexion23.com\/index.php?rest_route=\/wp\/v2\/posts\/40368\/revisions\/40370"}],"wp:featuredmedia":[{"embeddable":true,"href":"https:\/\/conexion23.com\/index.php?rest_route=\/wp\/v2\/media\/40369"}],"wp:attachment":[{"href":"https:\/\/conexion23.com\/index.php?rest_route=%2Fwp%2Fv2%2Fmedia&parent=40368"}],"wp:term":[{"taxonomy":"category","embeddable":true,"href":"https:\/\/conexion23.com\/index.php?rest_route=%2Fwp%2Fv2%2Fcategories&post=40368"},{"taxonomy":"post_tag","embeddable":true,"href":"https:\/\/conexion23.com\/index.php?rest_route=%2Fwp%2Fv2%2Ftags&post=40368"}],"curies":[{"name":"wp","href":"https:\/\/api.w.org\/{rel}","templated":true}]}}