{"id":40433,"date":"2025-06-19T07:09:03","date_gmt":"2025-06-19T11:09:03","guid":{"rendered":"https:\/\/conexion23.com\/?p=40433"},"modified":"2025-06-19T07:09:05","modified_gmt":"2025-06-19T11:09:05","slug":"capturan-a-hombre-acusado-de-envenenar-perros-y-gatos-en-barrio-blanco-de-la-romana","status":"publish","type":"post","link":"https:\/\/conexion23.com\/?p=40433","title":{"rendered":"Capturan a hombre acusado de envenenar perros y gatos en Barrio Blanco de la Romana."},"content":{"rendered":"\n<p class=\"wp-block-paragraph\">Agentes de la Subdirecci\u00f3n Regional Este de Investigaci\u00f3n (DICRIM), en coordinaci\u00f3n con una representante del Ministerio P\u00fablico y el subdirector de la Unidad de Protecci\u00f3n Animal, arrestaron hoy a Luis Corpor\u00e1n de Aza, alias \u00abEl Gordo\u00bb (34 a\u00f1os), tras admitir su responsabilidad en el envenenamiento de m\u00faltiples perros y gatos en el sector Barrio Blanco de esta ciudad.<\/p>\n\n\n\n<p class=\"wp-block-paragraph\">La intervenci\u00f3n se llev\u00f3 a cabo luego de recibir varias denuncias sobre la intoxicaci\u00f3n de mascotas en la zona, lo que llev\u00f3 al general Wandy Mad\u00e9 Montilla a ordenar una investigaci\u00f3n inmediata.<\/p>\n\n\n\n<p class=\"wp-block-paragraph\">Durante el proceso, las autoridades recopilaron im\u00e1genes de c\u00e1maras de seguridad que muestran a Corpor\u00e1n de Aza arrojando comida contaminada con una sustancia letal. Con estas pruebas, se ejecut\u00f3 un allanamiento en su apartamento, donde se incaut\u00f3 un recipiente con una sustancia t\u00f3xica, presuntamente utilizada en los envenenamientos.<\/p>\n\n\n\n<p class=\"wp-block-paragraph\">Las autoridades confirmaron que el detenido ser\u00e1 procesado conforme a la ley, recordando que el maltrato y envenenamiento de animales es un delito penado en el pa\u00eds.<\/p>\n\n\n\n<p class=\"wp-block-paragraph\">Adem\u00e1s, instaron a la poblaci\u00f3n a reportar cualquier caso de crueldad animal, enfatizando que estas acciones no solo afectan a las mascotas, sino que tambi\u00e9n representan un riesgo para la salud p\u00fablica.<\/p>\n","protected":false},"excerpt":{"rendered":"<p>Agentes de la Subdirecci\u00f3n Regional Este de Investigaci\u00f3n (DICRIM), en coordinaci\u00f3n con una representante del Ministerio P\u00fablico y el subdirector de la Unidad de Protecci\u00f3n Animal, arrestaron hoy a Luis Corpor\u00e1n de Aza, alias \u00abEl Gordo\u00bb (34 a\u00f1os), tras admitir su responsabilidad en el envenenamiento de m\u00faltiples perros y gatos en el sector Barrio Blanco [&hellip;]<\/p>\n","protected":false},"author":15,"featured_media":40434,"comment_status":"open","ping_status":"open","sticky":false,"template":"","format":"standard","meta":{"footnotes":""},"categories":[2473],"tags":[],"class_list":["post-40433","post","type-post","status-publish","format-standard","has-post-thumbnail","category-la-romana"],"yoast_head":"<!-- This site is optimized with the Yoast SEO plugin v27.6 - https:\/\/yoast.com\/product\/yoast-seo-wordpress\/ -->\n<title>Capturan a hombre acusado de envenenar perros y gatos en Barrio Blanco de la Romana. - Conexi\u00f3n 23<\/title>\n<meta name=\"robots\" content=\"index, follow, max-snippet:-1, max-image-preview:large, max-video-preview:-1\" \/>\n<link rel=\"canonical\" href=\"https:\/\/conexion23.com\/?p=40433\" \/>\n<meta property=\"og:locale\" content=\"es_ES\" \/>\n<meta property=\"og:type\" content=\"article\" \/>\n<meta property=\"og:title\" content=\"Capturan a hombre acusado de envenenar perros y gatos en Barrio Blanco de la Romana. - Conexi\u00f3n 23\" \/>\n<meta property=\"og:description\" content=\"Agentes de la Subdirecci\u00f3n Regional Este de Investigaci\u00f3n (DICRIM), en coordinaci\u00f3n con una representante del Ministerio P\u00fablico y el subdirector de la Unidad de Protecci\u00f3n Animal, arrestaron hoy a Luis Corpor\u00e1n de Aza, alias \u00abEl Gordo\u00bb (34 a\u00f1os), tras admitir su responsabilidad en el envenenamiento de m\u00faltiples perros y gatos en el sector Barrio Blanco [&hellip;]\" \/>\n<meta property=\"og:url\" content=\"https:\/\/conexion23.com\/?p=40433\" \/>\n<meta property=\"og:site_name\" content=\"Conexi\u00f3n 23\" \/>\n<meta property=\"article:publisher\" content=\"https:\/\/www.facebook.com\/conexion23com\" \/>\n<meta property=\"article:published_time\" content=\"2025-06-19T11:09:03+00:00\" \/>\n<meta property=\"article:modified_time\" content=\"2025-06-19T11:09:05+00:00\" \/>\n<meta property=\"og:image\" content=\"https:\/\/conexion23.com\/wp-content\/uploads\/2025\/06\/envenenamiento-1b2c99a1-focus-min0.38-0.06-896-504.jpg\" \/>\n\t<meta property=\"og:image:width\" content=\"896\" \/>\n\t<meta property=\"og:image:height\" content=\"504\" \/>\n\t<meta property=\"og:image:type\" content=\"image\/jpeg\" \/>\n<meta name=\"author\" content=\"Raffy Ben\u00edtez\" \/>\n<meta name=\"twitter:card\" content=\"summary_large_image\" \/>\n<meta name=\"twitter:label1\" content=\"Escrito por\" \/>\n\t<meta name=\"twitter:data1\" content=\"Raffy Ben\u00edtez\" \/>\n\t<meta name=\"twitter:label2\" content=\"Tiempo de lectura\" \/>\n\t<meta name=\"twitter:data2\" content=\"2 minutos\" \/>\n<script type=\"application\/ld+json\" class=\"yoast-schema-graph\">{\"@context\":\"https:\\\/\\\/schema.org\",\"@graph\":[{\"@type\":\"Article\",\"@id\":\"https:\\\/\\\/conexion23.com\\\/?p=40433#article\",\"isPartOf\":{\"@id\":\"https:\\\/\\\/conexion23.com\\\/?p=40433\"},\"author\":{\"name\":\"Raffy Ben\u00edtez\",\"@id\":\"https:\\\/\\\/conexion23.com\\\/#\\\/schema\\\/person\\\/03e36043331117e97a373299bbcd30a6\"},\"headline\":\"Capturan a hombre acusado de envenenar perros y gatos en Barrio Blanco de la Romana.\",\"datePublished\":\"2025-06-19T11:09:03+00:00\",\"dateModified\":\"2025-06-19T11:09:05+00:00\",\"mainEntityOfPage\":{\"@id\":\"https:\\\/\\\/conexion23.com\\\/?p=40433\"},\"wordCount\":231,\"commentCount\":0,\"publisher\":{\"@id\":\"https:\\\/\\\/conexion23.com\\\/#organization\"},\"image\":{\"@id\":\"https:\\\/\\\/conexion23.com\\\/?p=40433#primaryimage\"},\"thumbnailUrl\":\"https:\\\/\\\/conexion23.com\\\/wp-content\\\/uploads\\\/2025\\\/06\\\/envenenamiento-1b2c99a1-focus-min0.38-0.06-896-504.jpg\",\"articleSection\":[\"La Romana\"],\"inLanguage\":\"es\",\"potentialAction\":[{\"@type\":\"CommentAction\",\"name\":\"Comment\",\"target\":[\"https:\\\/\\\/conexion23.com\\\/?p=40433#respond\"]}]},{\"@type\":\"WebPage\",\"@id\":\"https:\\\/\\\/conexion23.com\\\/?p=40433\",\"url\":\"https:\\\/\\\/conexion23.com\\\/?p=40433\",\"name\":\"Capturan a hombre acusado de envenenar perros y gatos en Barrio Blanco de la Romana. - Conexi\u00f3n 23\",\"isPartOf\":{\"@id\":\"https:\\\/\\\/conexion23.com\\\/#website\"},\"primaryImageOfPage\":{\"@id\":\"https:\\\/\\\/conexion23.com\\\/?p=40433#primaryimage\"},\"image\":{\"@id\":\"https:\\\/\\\/conexion23.com\\\/?p=40433#primaryimage\"},\"thumbnailUrl\":\"https:\\\/\\\/conexion23.com\\\/wp-content\\\/uploads\\\/2025\\\/06\\\/envenenamiento-1b2c99a1-focus-min0.38-0.06-896-504.jpg\",\"datePublished\":\"2025-06-19T11:09:03+00:00\",\"dateModified\":\"2025-06-19T11:09:05+00:00\",\"breadcrumb\":{\"@id\":\"https:\\\/\\\/conexion23.com\\\/?p=40433#breadcrumb\"},\"inLanguage\":\"es\",\"potentialAction\":[{\"@type\":\"ReadAction\",\"target\":[\"https:\\\/\\\/conexion23.com\\\/?p=40433\"]}]},{\"@type\":\"ImageObject\",\"inLanguage\":\"es\",\"@id\":\"https:\\\/\\\/conexion23.com\\\/?p=40433#primaryimage\",\"url\":\"https:\\\/\\\/conexion23.com\\\/wp-content\\\/uploads\\\/2025\\\/06\\\/envenenamiento-1b2c99a1-focus-min0.38-0.06-896-504.jpg\",\"contentUrl\":\"https:\\\/\\\/conexion23.com\\\/wp-content\\\/uploads\\\/2025\\\/06\\\/envenenamiento-1b2c99a1-focus-min0.38-0.06-896-504.jpg\",\"width\":896,\"height\":504},{\"@type\":\"BreadcrumbList\",\"@id\":\"https:\\\/\\\/conexion23.com\\\/?p=40433#breadcrumb\",\"itemListElement\":[{\"@type\":\"ListItem\",\"position\":1,\"name\":\"Portada\",\"item\":\"https:\\\/\\\/conexion23.com\\\/\"},{\"@type\":\"ListItem\",\"position\":2,\"name\":\"Capturan a hombre acusado de envenenar perros y gatos en Barrio Blanco de la Romana.\"}]},{\"@type\":\"WebSite\",\"@id\":\"https:\\\/\\\/conexion23.com\\\/#website\",\"url\":\"https:\\\/\\\/conexion23.com\\\/\",\"name\":\"Conexi\u00f3n 23\",\"description\":\"Peri\u00f3dico 100% Petromacorisano\",\"publisher\":{\"@id\":\"https:\\\/\\\/conexion23.com\\\/#organization\"},\"potentialAction\":[{\"@type\":\"SearchAction\",\"target\":{\"@type\":\"EntryPoint\",\"urlTemplate\":\"https:\\\/\\\/conexion23.com\\\/?s={search_term_string}\"},\"query-input\":{\"@type\":\"PropertyValueSpecification\",\"valueRequired\":true,\"valueName\":\"search_term_string\"}}],\"inLanguage\":\"es\"},{\"@type\":\"Organization\",\"@id\":\"https:\\\/\\\/conexion23.com\\\/#organization\",\"name\":\"Conexion 23\",\"url\":\"https:\\\/\\\/conexion23.com\\\/\",\"logo\":{\"@type\":\"ImageObject\",\"inLanguage\":\"es\",\"@id\":\"https:\\\/\\\/conexion23.com\\\/#\\\/schema\\\/logo\\\/image\\\/\",\"url\":\"https:\\\/\\\/conexion23.com\\\/wp-content\\\/uploads\\\/2021\\\/11\\\/Diseno-sin-titulo-2.png\",\"contentUrl\":\"https:\\\/\\\/conexion23.com\\\/wp-content\\\/uploads\\\/2021\\\/11\\\/Diseno-sin-titulo-2.png\",\"width\":541,\"height\":90,\"caption\":\"Conexion 23\"},\"image\":{\"@id\":\"https:\\\/\\\/conexion23.com\\\/#\\\/schema\\\/logo\\\/image\\\/\"},\"sameAs\":[\"https:\\\/\\\/www.facebook.com\\\/conexion23com\",\"https:\\\/\\\/www.instagram.com\\\/conexion23com\\\/\",\"https:\\\/\\\/www.youtube.com\\\/channel\\\/UCYc7vxxFZMYLIHNsHHxPZ3Q\"]},{\"@type\":\"Person\",\"@id\":\"https:\\\/\\\/conexion23.com\\\/#\\\/schema\\\/person\\\/03e36043331117e97a373299bbcd30a6\",\"name\":\"Raffy Ben\u00edtez\",\"image\":{\"@type\":\"ImageObject\",\"inLanguage\":\"es\",\"@id\":\"https:\\\/\\\/secure.gravatar.com\\\/avatar\\\/3190a6a6c5e1b0327500f7d6c56b6242472ee6cb974cf09b401ee6b3b0798f23?s=96&d=mm&r=g\",\"url\":\"https:\\\/\\\/secure.gravatar.com\\\/avatar\\\/3190a6a6c5e1b0327500f7d6c56b6242472ee6cb974cf09b401ee6b3b0798f23?s=96&d=mm&r=g\",\"contentUrl\":\"https:\\\/\\\/secure.gravatar.com\\\/avatar\\\/3190a6a6c5e1b0327500f7d6c56b6242472ee6cb974cf09b401ee6b3b0798f23?s=96&d=mm&r=g\",\"caption\":\"Raffy Ben\u00edtez\"},\"url\":\"https:\\\/\\\/conexion23.com\\\/?author=15\"}]}<\/script>\n<!-- \/ Yoast SEO plugin. -->","yoast_head_json":{"title":"Capturan a hombre acusado de envenenar perros y gatos en Barrio Blanco de la Romana. - Conexi\u00f3n 23","robots":{"index":"index","follow":"follow","max-snippet":"max-snippet:-1","max-image-preview":"max-image-preview:large","max-video-preview":"max-video-preview:-1"},"canonical":"https:\/\/conexion23.com\/?p=40433","og_locale":"es_ES","og_type":"article","og_title":"Capturan a hombre acusado de envenenar perros y gatos en Barrio Blanco de la Romana. - Conexi\u00f3n 23","og_description":"Agentes de la Subdirecci\u00f3n Regional Este de Investigaci\u00f3n (DICRIM), en coordinaci\u00f3n con una representante del Ministerio P\u00fablico y el subdirector de la Unidad de Protecci\u00f3n Animal, arrestaron hoy a Luis Corpor\u00e1n de Aza, alias \u00abEl Gordo\u00bb (34 a\u00f1os), tras admitir su responsabilidad en el envenenamiento de m\u00faltiples perros y gatos en el sector Barrio Blanco [&hellip;]","og_url":"https:\/\/conexion23.com\/?p=40433","og_site_name":"Conexi\u00f3n 23","article_publisher":"https:\/\/www.facebook.com\/conexion23com","article_published_time":"2025-06-19T11:09:03+00:00","article_modified_time":"2025-06-19T11:09:05+00:00","og_image":[{"width":896,"height":504,"url":"https:\/\/conexion23.com\/wp-content\/uploads\/2025\/06\/envenenamiento-1b2c99a1-focus-min0.38-0.06-896-504.jpg","type":"image\/jpeg"}],"author":"Raffy Ben\u00edtez","twitter_card":"summary_large_image","twitter_misc":{"Escrito por":"Raffy Ben\u00edtez","Tiempo de lectura":"2 minutos"},"schema":{"@context":"https:\/\/schema.org","@graph":[{"@type":"Article","@id":"https:\/\/conexion23.com\/?p=40433#article","isPartOf":{"@id":"https:\/\/conexion23.com\/?p=40433"},"author":{"name":"Raffy Ben\u00edtez","@id":"https:\/\/conexion23.com\/#\/schema\/person\/03e36043331117e97a373299bbcd30a6"},"headline":"Capturan a hombre acusado de envenenar perros y gatos en Barrio Blanco de la Romana.","datePublished":"2025-06-19T11:09:03+00:00","dateModified":"2025-06-19T11:09:05+00:00","mainEntityOfPage":{"@id":"https:\/\/conexion23.com\/?p=40433"},"wordCount":231,"commentCount":0,"publisher":{"@id":"https:\/\/conexion23.com\/#organization"},"image":{"@id":"https:\/\/conexion23.com\/?p=40433#primaryimage"},"thumbnailUrl":"https:\/\/conexion23.com\/wp-content\/uploads\/2025\/06\/envenenamiento-1b2c99a1-focus-min0.38-0.06-896-504.jpg","articleSection":["La Romana"],"inLanguage":"es","potentialAction":[{"@type":"CommentAction","name":"Comment","target":["https:\/\/conexion23.com\/?p=40433#respond"]}]},{"@type":"WebPage","@id":"https:\/\/conexion23.com\/?p=40433","url":"https:\/\/conexion23.com\/?p=40433","name":"Capturan a hombre acusado de envenenar perros y gatos en Barrio Blanco de la Romana. - Conexi\u00f3n 23","isPartOf":{"@id":"https:\/\/conexion23.com\/#website"},"primaryImageOfPage":{"@id":"https:\/\/conexion23.com\/?p=40433#primaryimage"},"image":{"@id":"https:\/\/conexion23.com\/?p=40433#primaryimage"},"thumbnailUrl":"https:\/\/conexion23.com\/wp-content\/uploads\/2025\/06\/envenenamiento-1b2c99a1-focus-min0.38-0.06-896-504.jpg","datePublished":"2025-06-19T11:09:03+00:00","dateModified":"2025-06-19T11:09:05+00:00","breadcrumb":{"@id":"https:\/\/conexion23.com\/?p=40433#breadcrumb"},"inLanguage":"es","potentialAction":[{"@type":"ReadAction","target":["https:\/\/conexion23.com\/?p=40433"]}]},{"@type":"ImageObject","inLanguage":"es","@id":"https:\/\/conexion23.com\/?p=40433#primaryimage","url":"https:\/\/conexion23.com\/wp-content\/uploads\/2025\/06\/envenenamiento-1b2c99a1-focus-min0.38-0.06-896-504.jpg","contentUrl":"https:\/\/conexion23.com\/wp-content\/uploads\/2025\/06\/envenenamiento-1b2c99a1-focus-min0.38-0.06-896-504.jpg","width":896,"height":504},{"@type":"BreadcrumbList","@id":"https:\/\/conexion23.com\/?p=40433#breadcrumb","itemListElement":[{"@type":"ListItem","position":1,"name":"Portada","item":"https:\/\/conexion23.com\/"},{"@type":"ListItem","position":2,"name":"Capturan a hombre acusado de envenenar perros y gatos en Barrio Blanco de la Romana."}]},{"@type":"WebSite","@id":"https:\/\/conexion23.com\/#website","url":"https:\/\/conexion23.com\/","name":"Conexi\u00f3n 23","description":"Peri\u00f3dico 100% Petromacorisano","publisher":{"@id":"https:\/\/conexion23.com\/#organization"},"potentialAction":[{"@type":"SearchAction","target":{"@type":"EntryPoint","urlTemplate":"https:\/\/conexion23.com\/?s={search_term_string}"},"query-input":{"@type":"PropertyValueSpecification","valueRequired":true,"valueName":"search_term_string"}}],"inLanguage":"es"},{"@type":"Organization","@id":"https:\/\/conexion23.com\/#organization","name":"Conexion 23","url":"https:\/\/conexion23.com\/","logo":{"@type":"ImageObject","inLanguage":"es","@id":"https:\/\/conexion23.com\/#\/schema\/logo\/image\/","url":"https:\/\/conexion23.com\/wp-content\/uploads\/2021\/11\/Diseno-sin-titulo-2.png","contentUrl":"https:\/\/conexion23.com\/wp-content\/uploads\/2021\/11\/Diseno-sin-titulo-2.png","width":541,"height":90,"caption":"Conexion 23"},"image":{"@id":"https:\/\/conexion23.com\/#\/schema\/logo\/image\/"},"sameAs":["https:\/\/www.facebook.com\/conexion23com","https:\/\/www.instagram.com\/conexion23com\/","https:\/\/www.youtube.com\/channel\/UCYc7vxxFZMYLIHNsHHxPZ3Q"]},{"@type":"Person","@id":"https:\/\/conexion23.com\/#\/schema\/person\/03e36043331117e97a373299bbcd30a6","name":"Raffy Ben\u00edtez","image":{"@type":"ImageObject","inLanguage":"es","@id":"https:\/\/secure.gravatar.com\/avatar\/3190a6a6c5e1b0327500f7d6c56b6242472ee6cb974cf09b401ee6b3b0798f23?s=96&d=mm&r=g","url":"https:\/\/secure.gravatar.com\/avatar\/3190a6a6c5e1b0327500f7d6c56b6242472ee6cb974cf09b401ee6b3b0798f23?s=96&d=mm&r=g","contentUrl":"https:\/\/secure.gravatar.com\/avatar\/3190a6a6c5e1b0327500f7d6c56b6242472ee6cb974cf09b401ee6b3b0798f23?s=96&d=mm&r=g","caption":"Raffy Ben\u00edtez"},"url":"https:\/\/conexion23.com\/?author=15"}]}},"_links":{"self":[{"href":"https:\/\/conexion23.com\/index.php?rest_route=\/wp\/v2\/posts\/40433","targetHints":{"allow":["GET"]}}],"collection":[{"href":"https:\/\/conexion23.com\/index.php?rest_route=\/wp\/v2\/posts"}],"about":[{"href":"https:\/\/conexion23.com\/index.php?rest_route=\/wp\/v2\/types\/post"}],"author":[{"embeddable":true,"href":"https:\/\/conexion23.com\/index.php?rest_route=\/wp\/v2\/users\/15"}],"replies":[{"embeddable":true,"href":"https:\/\/conexion23.com\/index.php?rest_route=%2Fwp%2Fv2%2Fcomments&post=40433"}],"version-history":[{"count":1,"href":"https:\/\/conexion23.com\/index.php?rest_route=\/wp\/v2\/posts\/40433\/revisions"}],"predecessor-version":[{"id":40435,"href":"https:\/\/conexion23.com\/index.php?rest_route=\/wp\/v2\/posts\/40433\/revisions\/40435"}],"wp:featuredmedia":[{"embeddable":true,"href":"https:\/\/conexion23.com\/index.php?rest_route=\/wp\/v2\/media\/40434"}],"wp:attachment":[{"href":"https:\/\/conexion23.com\/index.php?rest_route=%2Fwp%2Fv2%2Fmedia&parent=40433"}],"wp:term":[{"taxonomy":"category","embeddable":true,"href":"https:\/\/conexion23.com\/index.php?rest_route=%2Fwp%2Fv2%2Fcategories&post=40433"},{"taxonomy":"post_tag","embeddable":true,"href":"https:\/\/conexion23.com\/index.php?rest_route=%2Fwp%2Fv2%2Ftags&post=40433"}],"curies":[{"name":"wp","href":"https:\/\/api.w.org\/{rel}","templated":true}]}}