{"id":40442,"date":"2025-06-19T07:34:28","date_gmt":"2025-06-19T11:34:28","guid":{"rendered":"https:\/\/conexion23.com\/?p=40442"},"modified":"2025-06-19T07:34:30","modified_gmt":"2025-06-19T11:34:30","slug":"que-celebra-el-corpus-christi-en-nuestro-pais-rep-dominicana-esta-es-una-fiesta-de-la-iglesia-catolica-que-destaca-la-eucaristia","status":"publish","type":"post","link":"https:\/\/conexion23.com\/?p=40442","title":{"rendered":"Que celebra el Corpus Christi en nuestro pais, Rep. Dominicana?, esta\u00a0es una\u00a0fiesta\u00a0de la iglesia cat\u00f3lica que\u00a0destaca la Eucarist\u00eda."},"content":{"rendered":"\n<p class=\"wp-block-paragraph\">Esta creencia religiosa se origin\u00f3 en la Edad Media, cuando en 1208 la monja Juliana de Cornillon promovi\u00f3 la idea de celebrar una festividad en honor al Cuerpo y la Sangre de Cristo.La fiesta fue instituida por el papa IV en 1264.<\/p>\n\n\n\n<p class=\"wp-block-paragraph\"><br>El termino \u201cCorpus Christi\u201d es lat\u00edn y significa \u00abCuerpo de Cristo\u00bb, ant\u00edguamente era denominado como \u201cCorpus Domini\u201d (Cuerpo del Se\u00f1or).<\/p>\n\n\n\n<p class=\"wp-block-paragraph\"><br>Se celebra un jueves durante el mes de Junio cada a\u00f1o, despu\u00e9s del Domingo de la Trinidad, centr\u00e1ndose en la Eucarist\u00eda, el sacramento que conmemora la \u00daltima Cena, cuando Jes\u00fas instituy\u00f3 la pr\u00e1ctica de la Sagrada Comuni\u00f3n.<\/p>\n\n\n\n<p class=\"wp-block-paragraph\"><br>En la Rep\u00fablica Dominicana, Corpus Christi es d\u00eda feriado. En la mayor\u00eda de las iglesias cat\u00f3licas se celebran dos misas, ese d\u00eda las iglesias est\u00e1n decoradas con muchas flores. Despu\u00e9s de la misa,se realizan procesiones en algunos pueblos donde el pan de la comuni\u00f3n desfila por las calles y se proclama que es el cuerpo sagrado de Cristo.<\/p>\n\n\n\n<p class=\"wp-block-paragraph\"><br>La finalidad es para enaltecer la creencia teol\u00f3gica en la transubstanciaci\u00f3n; sostiene que el pan y el vino utilizados en la Eucarist\u00eda se convierten en el cuerpo y la sangre de Cristo durante la Misa.<\/p>\n\n\n\n<p class=\"wp-block-paragraph\"><br>Esta ense\u00f1anza es fundamental para la doctrina cat\u00f3lica,refleja el profundo sentimiento de la fe y el desarrollo espiritual en el cristianismo.<\/p>\n\n\n\n<p class=\"wp-block-paragraph\"><br>Este contexto hist\u00f3rico pone el relieve la intenci\u00f3n de la Iglesia de fomentar una mayor reverencia por la Eucarist\u00eda como fuente y cumbre de la vida cristiana.<\/p>\n","protected":false},"excerpt":{"rendered":"<p>Esta creencia religiosa se origin\u00f3 en la Edad Media, cuando en 1208 la monja Juliana de Cornillon promovi\u00f3 la idea de celebrar una festividad en honor al Cuerpo y la Sangre de Cristo.La fiesta fue instituida por el papa IV en 1264. El termino \u201cCorpus Christi\u201d es lat\u00edn y significa \u00abCuerpo de Cristo\u00bb, ant\u00edguamente era [&hellip;]<\/p>\n","protected":false},"author":15,"featured_media":40443,"comment_status":"open","ping_status":"open","sticky":false,"template":"","format":"standard","meta":{"footnotes":""},"categories":[1],"tags":[],"class_list":["post-40442","post","type-post","status-publish","format-standard","has-post-thumbnail","category-uncategorized"],"yoast_head":"<!-- This site is optimized with the Yoast SEO plugin v27.6 - https:\/\/yoast.com\/product\/yoast-seo-wordpress\/ -->\n<title>Que celebra el Corpus Christi en nuestro pais, Rep. Dominicana?, esta\u00a0es una\u00a0fiesta\u00a0de la iglesia cat\u00f3lica que\u00a0destaca la Eucarist\u00eda. - Conexi\u00f3n 23<\/title>\n<meta name=\"robots\" content=\"index, follow, max-snippet:-1, max-image-preview:large, max-video-preview:-1\" \/>\n<link rel=\"canonical\" href=\"https:\/\/conexion23.com\/?p=40442\" \/>\n<meta property=\"og:locale\" content=\"es_ES\" \/>\n<meta property=\"og:type\" content=\"article\" \/>\n<meta property=\"og:title\" content=\"Que celebra el Corpus Christi en nuestro pais, Rep. Dominicana?, esta\u00a0es una\u00a0fiesta\u00a0de la iglesia cat\u00f3lica que\u00a0destaca la Eucarist\u00eda. - Conexi\u00f3n 23\" \/>\n<meta property=\"og:description\" content=\"Esta creencia religiosa se origin\u00f3 en la Edad Media, cuando en 1208 la monja Juliana de Cornillon promovi\u00f3 la idea de celebrar una festividad en honor al Cuerpo y la Sangre de Cristo.La fiesta fue instituida por el papa IV en 1264. El termino \u201cCorpus Christi\u201d es lat\u00edn y significa \u00abCuerpo de Cristo\u00bb, ant\u00edguamente era [&hellip;]\" \/>\n<meta property=\"og:url\" content=\"https:\/\/conexion23.com\/?p=40442\" \/>\n<meta property=\"og:site_name\" content=\"Conexi\u00f3n 23\" \/>\n<meta property=\"article:publisher\" content=\"https:\/\/www.facebook.com\/conexion23com\" \/>\n<meta property=\"article:published_time\" content=\"2025-06-19T11:34:28+00:00\" \/>\n<meta property=\"article:modified_time\" content=\"2025-06-19T11:34:30+00:00\" \/>\n<meta property=\"og:image\" content=\"https:\/\/conexion23.com\/wp-content\/uploads\/2025\/06\/11506043-a049-4134-8144-351e6181840a.jpg\" \/>\n\t<meta property=\"og:image:width\" content=\"656\" \/>\n\t<meta property=\"og:image:height\" content=\"993\" \/>\n\t<meta property=\"og:image:type\" content=\"image\/jpeg\" \/>\n<meta name=\"author\" content=\"Raffy Ben\u00edtez\" \/>\n<meta name=\"twitter:card\" content=\"summary_large_image\" \/>\n<meta name=\"twitter:label1\" content=\"Escrito por\" \/>\n\t<meta name=\"twitter:data1\" content=\"Raffy Ben\u00edtez\" \/>\n\t<meta name=\"twitter:label2\" content=\"Tiempo de lectura\" \/>\n\t<meta name=\"twitter:data2\" content=\"2 minutos\" \/>\n<script type=\"application\/ld+json\" class=\"yoast-schema-graph\">{\"@context\":\"https:\\\/\\\/schema.org\",\"@graph\":[{\"@type\":\"Article\",\"@id\":\"https:\\\/\\\/conexion23.com\\\/?p=40442#article\",\"isPartOf\":{\"@id\":\"https:\\\/\\\/conexion23.com\\\/?p=40442\"},\"author\":{\"name\":\"Raffy Ben\u00edtez\",\"@id\":\"https:\\\/\\\/conexion23.com\\\/#\\\/schema\\\/person\\\/03e36043331117e97a373299bbcd30a6\"},\"headline\":\"Que celebra el Corpus Christi en nuestro pais, Rep. Dominicana?, esta\u00a0es una\u00a0fiesta\u00a0de la iglesia cat\u00f3lica que\u00a0destaca la Eucarist\u00eda.\",\"datePublished\":\"2025-06-19T11:34:28+00:00\",\"dateModified\":\"2025-06-19T11:34:30+00:00\",\"mainEntityOfPage\":{\"@id\":\"https:\\\/\\\/conexion23.com\\\/?p=40442\"},\"wordCount\":291,\"commentCount\":0,\"publisher\":{\"@id\":\"https:\\\/\\\/conexion23.com\\\/#organization\"},\"image\":{\"@id\":\"https:\\\/\\\/conexion23.com\\\/?p=40442#primaryimage\"},\"thumbnailUrl\":\"https:\\\/\\\/conexion23.com\\\/wp-content\\\/uploads\\\/2025\\\/06\\\/11506043-a049-4134-8144-351e6181840a.jpg\",\"articleSection\":[\"Uncategorized\"],\"inLanguage\":\"es\",\"potentialAction\":[{\"@type\":\"CommentAction\",\"name\":\"Comment\",\"target\":[\"https:\\\/\\\/conexion23.com\\\/?p=40442#respond\"]}]},{\"@type\":\"WebPage\",\"@id\":\"https:\\\/\\\/conexion23.com\\\/?p=40442\",\"url\":\"https:\\\/\\\/conexion23.com\\\/?p=40442\",\"name\":\"Que celebra el Corpus Christi en nuestro pais, Rep. Dominicana?, esta\u00a0es una\u00a0fiesta\u00a0de la iglesia cat\u00f3lica que\u00a0destaca la Eucarist\u00eda. - Conexi\u00f3n 23\",\"isPartOf\":{\"@id\":\"https:\\\/\\\/conexion23.com\\\/#website\"},\"primaryImageOfPage\":{\"@id\":\"https:\\\/\\\/conexion23.com\\\/?p=40442#primaryimage\"},\"image\":{\"@id\":\"https:\\\/\\\/conexion23.com\\\/?p=40442#primaryimage\"},\"thumbnailUrl\":\"https:\\\/\\\/conexion23.com\\\/wp-content\\\/uploads\\\/2025\\\/06\\\/11506043-a049-4134-8144-351e6181840a.jpg\",\"datePublished\":\"2025-06-19T11:34:28+00:00\",\"dateModified\":\"2025-06-19T11:34:30+00:00\",\"breadcrumb\":{\"@id\":\"https:\\\/\\\/conexion23.com\\\/?p=40442#breadcrumb\"},\"inLanguage\":\"es\",\"potentialAction\":[{\"@type\":\"ReadAction\",\"target\":[\"https:\\\/\\\/conexion23.com\\\/?p=40442\"]}]},{\"@type\":\"ImageObject\",\"inLanguage\":\"es\",\"@id\":\"https:\\\/\\\/conexion23.com\\\/?p=40442#primaryimage\",\"url\":\"https:\\\/\\\/conexion23.com\\\/wp-content\\\/uploads\\\/2025\\\/06\\\/11506043-a049-4134-8144-351e6181840a.jpg\",\"contentUrl\":\"https:\\\/\\\/conexion23.com\\\/wp-content\\\/uploads\\\/2025\\\/06\\\/11506043-a049-4134-8144-351e6181840a.jpg\",\"width\":656,\"height\":993},{\"@type\":\"BreadcrumbList\",\"@id\":\"https:\\\/\\\/conexion23.com\\\/?p=40442#breadcrumb\",\"itemListElement\":[{\"@type\":\"ListItem\",\"position\":1,\"name\":\"Portada\",\"item\":\"https:\\\/\\\/conexion23.com\\\/\"},{\"@type\":\"ListItem\",\"position\":2,\"name\":\"Que celebra el Corpus Christi en nuestro pais, Rep. Dominicana?, esta\u00a0es una\u00a0fiesta\u00a0de la iglesia cat\u00f3lica que\u00a0destaca la Eucarist\u00eda.\"}]},{\"@type\":\"WebSite\",\"@id\":\"https:\\\/\\\/conexion23.com\\\/#website\",\"url\":\"https:\\\/\\\/conexion23.com\\\/\",\"name\":\"Conexi\u00f3n 23\",\"description\":\"Peri\u00f3dico 100% Petromacorisano\",\"publisher\":{\"@id\":\"https:\\\/\\\/conexion23.com\\\/#organization\"},\"potentialAction\":[{\"@type\":\"SearchAction\",\"target\":{\"@type\":\"EntryPoint\",\"urlTemplate\":\"https:\\\/\\\/conexion23.com\\\/?s={search_term_string}\"},\"query-input\":{\"@type\":\"PropertyValueSpecification\",\"valueRequired\":true,\"valueName\":\"search_term_string\"}}],\"inLanguage\":\"es\"},{\"@type\":\"Organization\",\"@id\":\"https:\\\/\\\/conexion23.com\\\/#organization\",\"name\":\"Conexion 23\",\"url\":\"https:\\\/\\\/conexion23.com\\\/\",\"logo\":{\"@type\":\"ImageObject\",\"inLanguage\":\"es\",\"@id\":\"https:\\\/\\\/conexion23.com\\\/#\\\/schema\\\/logo\\\/image\\\/\",\"url\":\"https:\\\/\\\/conexion23.com\\\/wp-content\\\/uploads\\\/2021\\\/11\\\/Diseno-sin-titulo-2.png\",\"contentUrl\":\"https:\\\/\\\/conexion23.com\\\/wp-content\\\/uploads\\\/2021\\\/11\\\/Diseno-sin-titulo-2.png\",\"width\":541,\"height\":90,\"caption\":\"Conexion 23\"},\"image\":{\"@id\":\"https:\\\/\\\/conexion23.com\\\/#\\\/schema\\\/logo\\\/image\\\/\"},\"sameAs\":[\"https:\\\/\\\/www.facebook.com\\\/conexion23com\",\"https:\\\/\\\/www.instagram.com\\\/conexion23com\\\/\",\"https:\\\/\\\/www.youtube.com\\\/channel\\\/UCYc7vxxFZMYLIHNsHHxPZ3Q\"]},{\"@type\":\"Person\",\"@id\":\"https:\\\/\\\/conexion23.com\\\/#\\\/schema\\\/person\\\/03e36043331117e97a373299bbcd30a6\",\"name\":\"Raffy Ben\u00edtez\",\"image\":{\"@type\":\"ImageObject\",\"inLanguage\":\"es\",\"@id\":\"https:\\\/\\\/secure.gravatar.com\\\/avatar\\\/3190a6a6c5e1b0327500f7d6c56b6242472ee6cb974cf09b401ee6b3b0798f23?s=96&d=mm&r=g\",\"url\":\"https:\\\/\\\/secure.gravatar.com\\\/avatar\\\/3190a6a6c5e1b0327500f7d6c56b6242472ee6cb974cf09b401ee6b3b0798f23?s=96&d=mm&r=g\",\"contentUrl\":\"https:\\\/\\\/secure.gravatar.com\\\/avatar\\\/3190a6a6c5e1b0327500f7d6c56b6242472ee6cb974cf09b401ee6b3b0798f23?s=96&d=mm&r=g\",\"caption\":\"Raffy Ben\u00edtez\"},\"url\":\"https:\\\/\\\/conexion23.com\\\/?author=15\"}]}<\/script>\n<!-- \/ Yoast SEO plugin. -->","yoast_head_json":{"title":"Que celebra el Corpus Christi en nuestro pais, Rep. Dominicana?, esta\u00a0es una\u00a0fiesta\u00a0de la iglesia cat\u00f3lica que\u00a0destaca la Eucarist\u00eda. - Conexi\u00f3n 23","robots":{"index":"index","follow":"follow","max-snippet":"max-snippet:-1","max-image-preview":"max-image-preview:large","max-video-preview":"max-video-preview:-1"},"canonical":"https:\/\/conexion23.com\/?p=40442","og_locale":"es_ES","og_type":"article","og_title":"Que celebra el Corpus Christi en nuestro pais, Rep. Dominicana?, esta\u00a0es una\u00a0fiesta\u00a0de la iglesia cat\u00f3lica que\u00a0destaca la Eucarist\u00eda. - Conexi\u00f3n 23","og_description":"Esta creencia religiosa se origin\u00f3 en la Edad Media, cuando en 1208 la monja Juliana de Cornillon promovi\u00f3 la idea de celebrar una festividad en honor al Cuerpo y la Sangre de Cristo.La fiesta fue instituida por el papa IV en 1264. El termino \u201cCorpus Christi\u201d es lat\u00edn y significa \u00abCuerpo de Cristo\u00bb, ant\u00edguamente era [&hellip;]","og_url":"https:\/\/conexion23.com\/?p=40442","og_site_name":"Conexi\u00f3n 23","article_publisher":"https:\/\/www.facebook.com\/conexion23com","article_published_time":"2025-06-19T11:34:28+00:00","article_modified_time":"2025-06-19T11:34:30+00:00","og_image":[{"width":656,"height":993,"url":"https:\/\/conexion23.com\/wp-content\/uploads\/2025\/06\/11506043-a049-4134-8144-351e6181840a.jpg","type":"image\/jpeg"}],"author":"Raffy Ben\u00edtez","twitter_card":"summary_large_image","twitter_misc":{"Escrito por":"Raffy Ben\u00edtez","Tiempo de lectura":"2 minutos"},"schema":{"@context":"https:\/\/schema.org","@graph":[{"@type":"Article","@id":"https:\/\/conexion23.com\/?p=40442#article","isPartOf":{"@id":"https:\/\/conexion23.com\/?p=40442"},"author":{"name":"Raffy Ben\u00edtez","@id":"https:\/\/conexion23.com\/#\/schema\/person\/03e36043331117e97a373299bbcd30a6"},"headline":"Que celebra el Corpus Christi en nuestro pais, Rep. Dominicana?, esta\u00a0es una\u00a0fiesta\u00a0de la iglesia cat\u00f3lica que\u00a0destaca la Eucarist\u00eda.","datePublished":"2025-06-19T11:34:28+00:00","dateModified":"2025-06-19T11:34:30+00:00","mainEntityOfPage":{"@id":"https:\/\/conexion23.com\/?p=40442"},"wordCount":291,"commentCount":0,"publisher":{"@id":"https:\/\/conexion23.com\/#organization"},"image":{"@id":"https:\/\/conexion23.com\/?p=40442#primaryimage"},"thumbnailUrl":"https:\/\/conexion23.com\/wp-content\/uploads\/2025\/06\/11506043-a049-4134-8144-351e6181840a.jpg","articleSection":["Uncategorized"],"inLanguage":"es","potentialAction":[{"@type":"CommentAction","name":"Comment","target":["https:\/\/conexion23.com\/?p=40442#respond"]}]},{"@type":"WebPage","@id":"https:\/\/conexion23.com\/?p=40442","url":"https:\/\/conexion23.com\/?p=40442","name":"Que celebra el Corpus Christi en nuestro pais, Rep. Dominicana?, esta\u00a0es una\u00a0fiesta\u00a0de la iglesia cat\u00f3lica que\u00a0destaca la Eucarist\u00eda. - Conexi\u00f3n 23","isPartOf":{"@id":"https:\/\/conexion23.com\/#website"},"primaryImageOfPage":{"@id":"https:\/\/conexion23.com\/?p=40442#primaryimage"},"image":{"@id":"https:\/\/conexion23.com\/?p=40442#primaryimage"},"thumbnailUrl":"https:\/\/conexion23.com\/wp-content\/uploads\/2025\/06\/11506043-a049-4134-8144-351e6181840a.jpg","datePublished":"2025-06-19T11:34:28+00:00","dateModified":"2025-06-19T11:34:30+00:00","breadcrumb":{"@id":"https:\/\/conexion23.com\/?p=40442#breadcrumb"},"inLanguage":"es","potentialAction":[{"@type":"ReadAction","target":["https:\/\/conexion23.com\/?p=40442"]}]},{"@type":"ImageObject","inLanguage":"es","@id":"https:\/\/conexion23.com\/?p=40442#primaryimage","url":"https:\/\/conexion23.com\/wp-content\/uploads\/2025\/06\/11506043-a049-4134-8144-351e6181840a.jpg","contentUrl":"https:\/\/conexion23.com\/wp-content\/uploads\/2025\/06\/11506043-a049-4134-8144-351e6181840a.jpg","width":656,"height":993},{"@type":"BreadcrumbList","@id":"https:\/\/conexion23.com\/?p=40442#breadcrumb","itemListElement":[{"@type":"ListItem","position":1,"name":"Portada","item":"https:\/\/conexion23.com\/"},{"@type":"ListItem","position":2,"name":"Que celebra el Corpus Christi en nuestro pais, Rep. Dominicana?, esta\u00a0es una\u00a0fiesta\u00a0de la iglesia cat\u00f3lica que\u00a0destaca la Eucarist\u00eda."}]},{"@type":"WebSite","@id":"https:\/\/conexion23.com\/#website","url":"https:\/\/conexion23.com\/","name":"Conexi\u00f3n 23","description":"Peri\u00f3dico 100% Petromacorisano","publisher":{"@id":"https:\/\/conexion23.com\/#organization"},"potentialAction":[{"@type":"SearchAction","target":{"@type":"EntryPoint","urlTemplate":"https:\/\/conexion23.com\/?s={search_term_string}"},"query-input":{"@type":"PropertyValueSpecification","valueRequired":true,"valueName":"search_term_string"}}],"inLanguage":"es"},{"@type":"Organization","@id":"https:\/\/conexion23.com\/#organization","name":"Conexion 23","url":"https:\/\/conexion23.com\/","logo":{"@type":"ImageObject","inLanguage":"es","@id":"https:\/\/conexion23.com\/#\/schema\/logo\/image\/","url":"https:\/\/conexion23.com\/wp-content\/uploads\/2021\/11\/Diseno-sin-titulo-2.png","contentUrl":"https:\/\/conexion23.com\/wp-content\/uploads\/2021\/11\/Diseno-sin-titulo-2.png","width":541,"height":90,"caption":"Conexion 23"},"image":{"@id":"https:\/\/conexion23.com\/#\/schema\/logo\/image\/"},"sameAs":["https:\/\/www.facebook.com\/conexion23com","https:\/\/www.instagram.com\/conexion23com\/","https:\/\/www.youtube.com\/channel\/UCYc7vxxFZMYLIHNsHHxPZ3Q"]},{"@type":"Person","@id":"https:\/\/conexion23.com\/#\/schema\/person\/03e36043331117e97a373299bbcd30a6","name":"Raffy Ben\u00edtez","image":{"@type":"ImageObject","inLanguage":"es","@id":"https:\/\/secure.gravatar.com\/avatar\/3190a6a6c5e1b0327500f7d6c56b6242472ee6cb974cf09b401ee6b3b0798f23?s=96&d=mm&r=g","url":"https:\/\/secure.gravatar.com\/avatar\/3190a6a6c5e1b0327500f7d6c56b6242472ee6cb974cf09b401ee6b3b0798f23?s=96&d=mm&r=g","contentUrl":"https:\/\/secure.gravatar.com\/avatar\/3190a6a6c5e1b0327500f7d6c56b6242472ee6cb974cf09b401ee6b3b0798f23?s=96&d=mm&r=g","caption":"Raffy Ben\u00edtez"},"url":"https:\/\/conexion23.com\/?author=15"}]}},"_links":{"self":[{"href":"https:\/\/conexion23.com\/index.php?rest_route=\/wp\/v2\/posts\/40442","targetHints":{"allow":["GET"]}}],"collection":[{"href":"https:\/\/conexion23.com\/index.php?rest_route=\/wp\/v2\/posts"}],"about":[{"href":"https:\/\/conexion23.com\/index.php?rest_route=\/wp\/v2\/types\/post"}],"author":[{"embeddable":true,"href":"https:\/\/conexion23.com\/index.php?rest_route=\/wp\/v2\/users\/15"}],"replies":[{"embeddable":true,"href":"https:\/\/conexion23.com\/index.php?rest_route=%2Fwp%2Fv2%2Fcomments&post=40442"}],"version-history":[{"count":1,"href":"https:\/\/conexion23.com\/index.php?rest_route=\/wp\/v2\/posts\/40442\/revisions"}],"predecessor-version":[{"id":40444,"href":"https:\/\/conexion23.com\/index.php?rest_route=\/wp\/v2\/posts\/40442\/revisions\/40444"}],"wp:featuredmedia":[{"embeddable":true,"href":"https:\/\/conexion23.com\/index.php?rest_route=\/wp\/v2\/media\/40443"}],"wp:attachment":[{"href":"https:\/\/conexion23.com\/index.php?rest_route=%2Fwp%2Fv2%2Fmedia&parent=40442"}],"wp:term":[{"taxonomy":"category","embeddable":true,"href":"https:\/\/conexion23.com\/index.php?rest_route=%2Fwp%2Fv2%2Fcategories&post=40442"},{"taxonomy":"post_tag","embeddable":true,"href":"https:\/\/conexion23.com\/index.php?rest_route=%2Fwp%2Fv2%2Ftags&post=40442"}],"curies":[{"name":"wp","href":"https:\/\/api.w.org\/{rel}","templated":true}]}}