{"id":40463,"date":"2025-06-19T07:58:23","date_gmt":"2025-06-19T11:58:23","guid":{"rendered":"https:\/\/conexion23.com\/?p=40463"},"modified":"2025-06-19T07:58:25","modified_gmt":"2025-06-19T11:58:25","slug":"desde-el-1-de-julio-entran-en-vigencia-nuevos-horarios-escalonados-en-empresas-publicas","status":"publish","type":"post","link":"https:\/\/conexion23.com\/?p=40463","title":{"rendered":"Desde el 1 de julio entran en vigencia nuevos horarios escalonados en empresas p\u00fablicas"},"content":{"rendered":"\n<p class=\"wp-block-paragraph\">A partir del<strong>&nbsp;primero de julio<\/strong>&nbsp;entra en vigencia el&nbsp;<strong>nuevo horario<\/strong>&nbsp;de entrada y salida, escalonado, dispuesto por el Gobierno para mejorar el<strong>&nbsp;<a href=\"https:\/\/listindiario.com\/la-republica\/ciudad\/20250617\/intrant-plan-gestion-trafico-gran-santo-domingo_862295.html\" target=\"_blank\" rel=\"noreferrer noopener\">tr\u00e1nsito en el Gran Santo Domingo<\/a><\/strong><a href=\"https:\/\/listindiario.com\/la-republica\/20250618\/nuevo-horario-sector-publico_862473.html\">.<\/a><\/p>\n\n\n\n<p class=\"wp-block-paragraph\">El<strong>&nbsp;Ministerio de Administraci\u00f3n P\u00fablica<\/strong>&nbsp;(MAP) establece los&nbsp;<strong>nuevos horarios escalonados&nbsp;<\/strong>para las instituciones p\u00fablicas divididos en dos grupos el A y el B, de la siguiente manera:<\/p>\n\n\n\n<p class=\"wp-block-paragraph\"><strong>Grupo A<\/strong>: los empleados entrar\u00e1n a las 7:00 am para salir a las 3:00 de la tarde.<\/p>\n\n\n\n<p class=\"wp-block-paragraph\">Mientras que el&nbsp;<strong>Grupo B<\/strong>&nbsp;tendr\u00e1n un horario 7:30 am &#8211; 3:30 pm.<\/p>\n\n\n\n<p class=\"wp-block-paragraph\">\u201c<strong>Instituciones&nbsp;<\/strong>que reciben m\u00e1s de 2,000 visitas al mes en atenci\u00f3n al ciudadano deber\u00e1n establecer dos turnos, uno de 7:00 AM a 2:00 PM y otro de 2:00 a 9:00 P.M.<\/p>\n\n\n\n<p class=\"wp-block-paragraph\">La disposici\u00f3n est\u00e1 contenida en n\u00famero 008962, que indica que las<strong>&nbsp;instituciones p\u00fablicas<\/strong>, con presencia en el&nbsp;<strong>gran Santo Domingo<\/strong>, deber\u00e1n asignar el 70% de su personal en uno de los dos horarios antes se\u00f1alados.<\/p>\n\n\n\n<p class=\"wp-block-paragraph\">Mientras que \u201cel treinta por ciento (30%) restante podr\u00e1 permanecer en su<strong>&nbsp;horario regular actual<\/strong>&nbsp;o como la instituci\u00f3n correspondiente disponga\u201d.<\/p>\n\n\n\n<p class=\"wp-block-paragraph\">La medida establece que las instituciones que sobrepasen las dos mil visitas al mes, \u201cen atenci\u00f3n al ciudadano deber\u00e1n establecer dos turnos, el primero iniciando a las 7:00 a.m., y finalizando a las 2:00 p.m., y el segundo turno iniciando a las 2:00 p.m., y finalizando a las 9:00 p.m.\u201d<\/p>\n\n\n\n<p class=\"wp-block-paragraph\">La circular establece que cada instituci\u00f3n deber\u00e1 distribuir su&nbsp;<strong>personal<\/strong>&nbsp;en esos&nbsp;<strong>horarios<\/strong>, seg\u00fan sus necesidades operativas, de forma que garantice la operatividad y la calidad en el servicio.<\/p>\n\n\n\n<h3 class=\"wp-block-heading\">Turno rotativo y personal de salud<\/h3>\n\n\n\n<p class=\"wp-block-paragraph\">En el caso de las instituciones que tienen turnos rotativos, o sea que trabajan 24 horas todos los d\u00edas, como son los hospitales y centros de emergencias, deber\u00e1n mantener su esquema habitual, \u201cadaptando sus&nbsp;<strong>\u00e1reas administrativas&nbsp;<\/strong>al escalonamiento donde sea posible\u201d.<\/p>\n\n\n\n<p class=\"wp-block-paragraph\">Las&nbsp;<strong>empresas&nbsp;<\/strong>tienen hasta el 30 de este mes para notificarle al MAP los&nbsp;<strong>ajustes de horarios&nbsp;<\/strong>que hagan en su personal, a trav\u00e9s de las direcciones de recursos humanos de estas.<\/p>\n","protected":false},"excerpt":{"rendered":"<p>A partir del&nbsp;primero de julio&nbsp;entra en vigencia el&nbsp;nuevo horario&nbsp;de entrada y salida, escalonado, dispuesto por el Gobierno para mejorar el&nbsp;tr\u00e1nsito en el Gran Santo Domingo. El&nbsp;Ministerio de Administraci\u00f3n P\u00fablica&nbsp;(MAP) establece los&nbsp;nuevos horarios escalonados&nbsp;para las instituciones p\u00fablicas divididos en dos grupos el A y el B, de la siguiente manera: Grupo A: los empleados entrar\u00e1n a [&hellip;]<\/p>\n","protected":false},"author":15,"featured_media":40464,"comment_status":"open","ping_status":"open","sticky":false,"template":"","format":"standard","meta":{"footnotes":""},"categories":[1],"tags":[],"class_list":["post-40463","post","type-post","status-publish","format-standard","has-post-thumbnail","category-uncategorized"],"yoast_head":"<!-- This site is optimized with the Yoast SEO plugin v27.6 - https:\/\/yoast.com\/product\/yoast-seo-wordpress\/ -->\n<title>Desde el 1 de julio entran en vigencia nuevos horarios escalonados en empresas p\u00fablicas - Conexi\u00f3n 23<\/title>\n<meta name=\"robots\" content=\"index, follow, max-snippet:-1, max-image-preview:large, max-video-preview:-1\" \/>\n<link rel=\"canonical\" href=\"https:\/\/conexion23.com\/?p=40463\" \/>\n<meta property=\"og:locale\" content=\"es_ES\" \/>\n<meta property=\"og:type\" content=\"article\" \/>\n<meta property=\"og:title\" content=\"Desde el 1 de julio entran en vigencia nuevos horarios escalonados en empresas p\u00fablicas - Conexi\u00f3n 23\" \/>\n<meta property=\"og:description\" content=\"A partir del&nbsp;primero de julio&nbsp;entra en vigencia el&nbsp;nuevo horario&nbsp;de entrada y salida, escalonado, dispuesto por el Gobierno para mejorar el&nbsp;tr\u00e1nsito en el Gran Santo Domingo. El&nbsp;Ministerio de Administraci\u00f3n P\u00fablica&nbsp;(MAP) establece los&nbsp;nuevos horarios escalonados&nbsp;para las instituciones p\u00fablicas divididos en dos grupos el A y el B, de la siguiente manera: Grupo A: los empleados entrar\u00e1n a [&hellip;]\" \/>\n<meta property=\"og:url\" content=\"https:\/\/conexion23.com\/?p=40463\" \/>\n<meta property=\"og:site_name\" content=\"Conexi\u00f3n 23\" \/>\n<meta property=\"article:publisher\" content=\"https:\/\/www.facebook.com\/conexion23com\" \/>\n<meta property=\"article:published_time\" content=\"2025-06-19T11:58:23+00:00\" \/>\n<meta property=\"article:modified_time\" content=\"2025-06-19T11:58:25+00:00\" \/>\n<meta property=\"og:image\" content=\"https:\/\/conexion23.com\/wp-content\/uploads\/2025\/06\/image-1-1.jpg\" \/>\n\t<meta property=\"og:image:width\" content=\"800\" \/>\n\t<meta property=\"og:image:height\" content=\"450\" \/>\n\t<meta property=\"og:image:type\" content=\"image\/jpeg\" \/>\n<meta name=\"author\" content=\"Raffy Ben\u00edtez\" \/>\n<meta name=\"twitter:card\" content=\"summary_large_image\" \/>\n<meta name=\"twitter:label1\" content=\"Escrito por\" \/>\n\t<meta name=\"twitter:data1\" content=\"Raffy Ben\u00edtez\" \/>\n\t<meta name=\"twitter:label2\" content=\"Tiempo de lectura\" \/>\n\t<meta name=\"twitter:data2\" content=\"2 minutos\" \/>\n<script type=\"application\/ld+json\" class=\"yoast-schema-graph\">{\"@context\":\"https:\\\/\\\/schema.org\",\"@graph\":[{\"@type\":\"Article\",\"@id\":\"https:\\\/\\\/conexion23.com\\\/?p=40463#article\",\"isPartOf\":{\"@id\":\"https:\\\/\\\/conexion23.com\\\/?p=40463\"},\"author\":{\"name\":\"Raffy Ben\u00edtez\",\"@id\":\"https:\\\/\\\/conexion23.com\\\/#\\\/schema\\\/person\\\/03e36043331117e97a373299bbcd30a6\"},\"headline\":\"Desde el 1 de julio entran en vigencia nuevos horarios escalonados en empresas p\u00fablicas\",\"datePublished\":\"2025-06-19T11:58:23+00:00\",\"dateModified\":\"2025-06-19T11:58:25+00:00\",\"mainEntityOfPage\":{\"@id\":\"https:\\\/\\\/conexion23.com\\\/?p=40463\"},\"wordCount\":381,\"commentCount\":0,\"publisher\":{\"@id\":\"https:\\\/\\\/conexion23.com\\\/#organization\"},\"image\":{\"@id\":\"https:\\\/\\\/conexion23.com\\\/?p=40463#primaryimage\"},\"thumbnailUrl\":\"https:\\\/\\\/conexion23.com\\\/wp-content\\\/uploads\\\/2025\\\/06\\\/image-1-1.jpg\",\"articleSection\":[\"Uncategorized\"],\"inLanguage\":\"es\",\"potentialAction\":[{\"@type\":\"CommentAction\",\"name\":\"Comment\",\"target\":[\"https:\\\/\\\/conexion23.com\\\/?p=40463#respond\"]}]},{\"@type\":\"WebPage\",\"@id\":\"https:\\\/\\\/conexion23.com\\\/?p=40463\",\"url\":\"https:\\\/\\\/conexion23.com\\\/?p=40463\",\"name\":\"Desde el 1 de julio entran en vigencia nuevos horarios escalonados en empresas p\u00fablicas - Conexi\u00f3n 23\",\"isPartOf\":{\"@id\":\"https:\\\/\\\/conexion23.com\\\/#website\"},\"primaryImageOfPage\":{\"@id\":\"https:\\\/\\\/conexion23.com\\\/?p=40463#primaryimage\"},\"image\":{\"@id\":\"https:\\\/\\\/conexion23.com\\\/?p=40463#primaryimage\"},\"thumbnailUrl\":\"https:\\\/\\\/conexion23.com\\\/wp-content\\\/uploads\\\/2025\\\/06\\\/image-1-1.jpg\",\"datePublished\":\"2025-06-19T11:58:23+00:00\",\"dateModified\":\"2025-06-19T11:58:25+00:00\",\"breadcrumb\":{\"@id\":\"https:\\\/\\\/conexion23.com\\\/?p=40463#breadcrumb\"},\"inLanguage\":\"es\",\"potentialAction\":[{\"@type\":\"ReadAction\",\"target\":[\"https:\\\/\\\/conexion23.com\\\/?p=40463\"]}]},{\"@type\":\"ImageObject\",\"inLanguage\":\"es\",\"@id\":\"https:\\\/\\\/conexion23.com\\\/?p=40463#primaryimage\",\"url\":\"https:\\\/\\\/conexion23.com\\\/wp-content\\\/uploads\\\/2025\\\/06\\\/image-1-1.jpg\",\"contentUrl\":\"https:\\\/\\\/conexion23.com\\\/wp-content\\\/uploads\\\/2025\\\/06\\\/image-1-1.jpg\",\"width\":800,\"height\":450},{\"@type\":\"BreadcrumbList\",\"@id\":\"https:\\\/\\\/conexion23.com\\\/?p=40463#breadcrumb\",\"itemListElement\":[{\"@type\":\"ListItem\",\"position\":1,\"name\":\"Portada\",\"item\":\"https:\\\/\\\/conexion23.com\\\/\"},{\"@type\":\"ListItem\",\"position\":2,\"name\":\"Desde el 1 de julio entran en vigencia nuevos horarios escalonados en empresas p\u00fablicas\"}]},{\"@type\":\"WebSite\",\"@id\":\"https:\\\/\\\/conexion23.com\\\/#website\",\"url\":\"https:\\\/\\\/conexion23.com\\\/\",\"name\":\"Conexi\u00f3n 23\",\"description\":\"Peri\u00f3dico 100% Petromacorisano\",\"publisher\":{\"@id\":\"https:\\\/\\\/conexion23.com\\\/#organization\"},\"potentialAction\":[{\"@type\":\"SearchAction\",\"target\":{\"@type\":\"EntryPoint\",\"urlTemplate\":\"https:\\\/\\\/conexion23.com\\\/?s={search_term_string}\"},\"query-input\":{\"@type\":\"PropertyValueSpecification\",\"valueRequired\":true,\"valueName\":\"search_term_string\"}}],\"inLanguage\":\"es\"},{\"@type\":\"Organization\",\"@id\":\"https:\\\/\\\/conexion23.com\\\/#organization\",\"name\":\"Conexion 23\",\"url\":\"https:\\\/\\\/conexion23.com\\\/\",\"logo\":{\"@type\":\"ImageObject\",\"inLanguage\":\"es\",\"@id\":\"https:\\\/\\\/conexion23.com\\\/#\\\/schema\\\/logo\\\/image\\\/\",\"url\":\"https:\\\/\\\/conexion23.com\\\/wp-content\\\/uploads\\\/2021\\\/11\\\/Diseno-sin-titulo-2.png\",\"contentUrl\":\"https:\\\/\\\/conexion23.com\\\/wp-content\\\/uploads\\\/2021\\\/11\\\/Diseno-sin-titulo-2.png\",\"width\":541,\"height\":90,\"caption\":\"Conexion 23\"},\"image\":{\"@id\":\"https:\\\/\\\/conexion23.com\\\/#\\\/schema\\\/logo\\\/image\\\/\"},\"sameAs\":[\"https:\\\/\\\/www.facebook.com\\\/conexion23com\",\"https:\\\/\\\/www.instagram.com\\\/conexion23com\\\/\",\"https:\\\/\\\/www.youtube.com\\\/channel\\\/UCYc7vxxFZMYLIHNsHHxPZ3Q\"]},{\"@type\":\"Person\",\"@id\":\"https:\\\/\\\/conexion23.com\\\/#\\\/schema\\\/person\\\/03e36043331117e97a373299bbcd30a6\",\"name\":\"Raffy Ben\u00edtez\",\"image\":{\"@type\":\"ImageObject\",\"inLanguage\":\"es\",\"@id\":\"https:\\\/\\\/secure.gravatar.com\\\/avatar\\\/3190a6a6c5e1b0327500f7d6c56b6242472ee6cb974cf09b401ee6b3b0798f23?s=96&d=mm&r=g\",\"url\":\"https:\\\/\\\/secure.gravatar.com\\\/avatar\\\/3190a6a6c5e1b0327500f7d6c56b6242472ee6cb974cf09b401ee6b3b0798f23?s=96&d=mm&r=g\",\"contentUrl\":\"https:\\\/\\\/secure.gravatar.com\\\/avatar\\\/3190a6a6c5e1b0327500f7d6c56b6242472ee6cb974cf09b401ee6b3b0798f23?s=96&d=mm&r=g\",\"caption\":\"Raffy Ben\u00edtez\"},\"url\":\"https:\\\/\\\/conexion23.com\\\/?author=15\"}]}<\/script>\n<!-- \/ Yoast SEO plugin. -->","yoast_head_json":{"title":"Desde el 1 de julio entran en vigencia nuevos horarios escalonados en empresas p\u00fablicas - Conexi\u00f3n 23","robots":{"index":"index","follow":"follow","max-snippet":"max-snippet:-1","max-image-preview":"max-image-preview:large","max-video-preview":"max-video-preview:-1"},"canonical":"https:\/\/conexion23.com\/?p=40463","og_locale":"es_ES","og_type":"article","og_title":"Desde el 1 de julio entran en vigencia nuevos horarios escalonados en empresas p\u00fablicas - Conexi\u00f3n 23","og_description":"A partir del&nbsp;primero de julio&nbsp;entra en vigencia el&nbsp;nuevo horario&nbsp;de entrada y salida, escalonado, dispuesto por el Gobierno para mejorar el&nbsp;tr\u00e1nsito en el Gran Santo Domingo. El&nbsp;Ministerio de Administraci\u00f3n P\u00fablica&nbsp;(MAP) establece los&nbsp;nuevos horarios escalonados&nbsp;para las instituciones p\u00fablicas divididos en dos grupos el A y el B, de la siguiente manera: Grupo A: los empleados entrar\u00e1n a [&hellip;]","og_url":"https:\/\/conexion23.com\/?p=40463","og_site_name":"Conexi\u00f3n 23","article_publisher":"https:\/\/www.facebook.com\/conexion23com","article_published_time":"2025-06-19T11:58:23+00:00","article_modified_time":"2025-06-19T11:58:25+00:00","og_image":[{"width":800,"height":450,"url":"https:\/\/conexion23.com\/wp-content\/uploads\/2025\/06\/image-1-1.jpg","type":"image\/jpeg"}],"author":"Raffy Ben\u00edtez","twitter_card":"summary_large_image","twitter_misc":{"Escrito por":"Raffy Ben\u00edtez","Tiempo de lectura":"2 minutos"},"schema":{"@context":"https:\/\/schema.org","@graph":[{"@type":"Article","@id":"https:\/\/conexion23.com\/?p=40463#article","isPartOf":{"@id":"https:\/\/conexion23.com\/?p=40463"},"author":{"name":"Raffy Ben\u00edtez","@id":"https:\/\/conexion23.com\/#\/schema\/person\/03e36043331117e97a373299bbcd30a6"},"headline":"Desde el 1 de julio entran en vigencia nuevos horarios escalonados en empresas p\u00fablicas","datePublished":"2025-06-19T11:58:23+00:00","dateModified":"2025-06-19T11:58:25+00:00","mainEntityOfPage":{"@id":"https:\/\/conexion23.com\/?p=40463"},"wordCount":381,"commentCount":0,"publisher":{"@id":"https:\/\/conexion23.com\/#organization"},"image":{"@id":"https:\/\/conexion23.com\/?p=40463#primaryimage"},"thumbnailUrl":"https:\/\/conexion23.com\/wp-content\/uploads\/2025\/06\/image-1-1.jpg","articleSection":["Uncategorized"],"inLanguage":"es","potentialAction":[{"@type":"CommentAction","name":"Comment","target":["https:\/\/conexion23.com\/?p=40463#respond"]}]},{"@type":"WebPage","@id":"https:\/\/conexion23.com\/?p=40463","url":"https:\/\/conexion23.com\/?p=40463","name":"Desde el 1 de julio entran en vigencia nuevos horarios escalonados en empresas p\u00fablicas - Conexi\u00f3n 23","isPartOf":{"@id":"https:\/\/conexion23.com\/#website"},"primaryImageOfPage":{"@id":"https:\/\/conexion23.com\/?p=40463#primaryimage"},"image":{"@id":"https:\/\/conexion23.com\/?p=40463#primaryimage"},"thumbnailUrl":"https:\/\/conexion23.com\/wp-content\/uploads\/2025\/06\/image-1-1.jpg","datePublished":"2025-06-19T11:58:23+00:00","dateModified":"2025-06-19T11:58:25+00:00","breadcrumb":{"@id":"https:\/\/conexion23.com\/?p=40463#breadcrumb"},"inLanguage":"es","potentialAction":[{"@type":"ReadAction","target":["https:\/\/conexion23.com\/?p=40463"]}]},{"@type":"ImageObject","inLanguage":"es","@id":"https:\/\/conexion23.com\/?p=40463#primaryimage","url":"https:\/\/conexion23.com\/wp-content\/uploads\/2025\/06\/image-1-1.jpg","contentUrl":"https:\/\/conexion23.com\/wp-content\/uploads\/2025\/06\/image-1-1.jpg","width":800,"height":450},{"@type":"BreadcrumbList","@id":"https:\/\/conexion23.com\/?p=40463#breadcrumb","itemListElement":[{"@type":"ListItem","position":1,"name":"Portada","item":"https:\/\/conexion23.com\/"},{"@type":"ListItem","position":2,"name":"Desde el 1 de julio entran en vigencia nuevos horarios escalonados en empresas p\u00fablicas"}]},{"@type":"WebSite","@id":"https:\/\/conexion23.com\/#website","url":"https:\/\/conexion23.com\/","name":"Conexi\u00f3n 23","description":"Peri\u00f3dico 100% Petromacorisano","publisher":{"@id":"https:\/\/conexion23.com\/#organization"},"potentialAction":[{"@type":"SearchAction","target":{"@type":"EntryPoint","urlTemplate":"https:\/\/conexion23.com\/?s={search_term_string}"},"query-input":{"@type":"PropertyValueSpecification","valueRequired":true,"valueName":"search_term_string"}}],"inLanguage":"es"},{"@type":"Organization","@id":"https:\/\/conexion23.com\/#organization","name":"Conexion 23","url":"https:\/\/conexion23.com\/","logo":{"@type":"ImageObject","inLanguage":"es","@id":"https:\/\/conexion23.com\/#\/schema\/logo\/image\/","url":"https:\/\/conexion23.com\/wp-content\/uploads\/2021\/11\/Diseno-sin-titulo-2.png","contentUrl":"https:\/\/conexion23.com\/wp-content\/uploads\/2021\/11\/Diseno-sin-titulo-2.png","width":541,"height":90,"caption":"Conexion 23"},"image":{"@id":"https:\/\/conexion23.com\/#\/schema\/logo\/image\/"},"sameAs":["https:\/\/www.facebook.com\/conexion23com","https:\/\/www.instagram.com\/conexion23com\/","https:\/\/www.youtube.com\/channel\/UCYc7vxxFZMYLIHNsHHxPZ3Q"]},{"@type":"Person","@id":"https:\/\/conexion23.com\/#\/schema\/person\/03e36043331117e97a373299bbcd30a6","name":"Raffy Ben\u00edtez","image":{"@type":"ImageObject","inLanguage":"es","@id":"https:\/\/secure.gravatar.com\/avatar\/3190a6a6c5e1b0327500f7d6c56b6242472ee6cb974cf09b401ee6b3b0798f23?s=96&d=mm&r=g","url":"https:\/\/secure.gravatar.com\/avatar\/3190a6a6c5e1b0327500f7d6c56b6242472ee6cb974cf09b401ee6b3b0798f23?s=96&d=mm&r=g","contentUrl":"https:\/\/secure.gravatar.com\/avatar\/3190a6a6c5e1b0327500f7d6c56b6242472ee6cb974cf09b401ee6b3b0798f23?s=96&d=mm&r=g","caption":"Raffy Ben\u00edtez"},"url":"https:\/\/conexion23.com\/?author=15"}]}},"_links":{"self":[{"href":"https:\/\/conexion23.com\/index.php?rest_route=\/wp\/v2\/posts\/40463","targetHints":{"allow":["GET"]}}],"collection":[{"href":"https:\/\/conexion23.com\/index.php?rest_route=\/wp\/v2\/posts"}],"about":[{"href":"https:\/\/conexion23.com\/index.php?rest_route=\/wp\/v2\/types\/post"}],"author":[{"embeddable":true,"href":"https:\/\/conexion23.com\/index.php?rest_route=\/wp\/v2\/users\/15"}],"replies":[{"embeddable":true,"href":"https:\/\/conexion23.com\/index.php?rest_route=%2Fwp%2Fv2%2Fcomments&post=40463"}],"version-history":[{"count":1,"href":"https:\/\/conexion23.com\/index.php?rest_route=\/wp\/v2\/posts\/40463\/revisions"}],"predecessor-version":[{"id":40465,"href":"https:\/\/conexion23.com\/index.php?rest_route=\/wp\/v2\/posts\/40463\/revisions\/40465"}],"wp:featuredmedia":[{"embeddable":true,"href":"https:\/\/conexion23.com\/index.php?rest_route=\/wp\/v2\/media\/40464"}],"wp:attachment":[{"href":"https:\/\/conexion23.com\/index.php?rest_route=%2Fwp%2Fv2%2Fmedia&parent=40463"}],"wp:term":[{"taxonomy":"category","embeddable":true,"href":"https:\/\/conexion23.com\/index.php?rest_route=%2Fwp%2Fv2%2Fcategories&post=40463"},{"taxonomy":"post_tag","embeddable":true,"href":"https:\/\/conexion23.com\/index.php?rest_route=%2Fwp%2Fv2%2Ftags&post=40463"}],"curies":[{"name":"wp","href":"https:\/\/api.w.org\/{rel}","templated":true}]}}