{"id":40469,"date":"2025-06-19T08:11:36","date_gmt":"2025-06-19T12:11:36","guid":{"rendered":"https:\/\/conexion23.com\/?p=40469"},"modified":"2025-06-19T08:11:38","modified_gmt":"2025-06-19T12:11:38","slug":"haiti-vuelve-a-padecer-un-apagon-general-tras-un-sabotaje-a-su-principal-hidroelectrica","status":"publish","type":"post","link":"https:\/\/conexion23.com\/?p=40469","title":{"rendered":"Hait\u00ed vuelve a padecer un apag\u00f3n general tras un sabotaje a su principal hidroel\u00e9ctrica"},"content":{"rendered":"\n<p class=\"wp-block-paragraph\">En Hait\u00ed se registra un apag\u00f3n general luego de un nuevo sabotaje de miembros de la poblaci\u00f3n contra las instalaciones de la principal hidroel\u00e9ctrica del pa\u00eds, ubicada en la zona de Peligre, en Plateau Central (centro).<\/p>\n\n\n\n<p class=\"wp-block-paragraph\">El corte energ\u00e9tico se mantiene desde ayer cuando ciudadanos que residen cerca de la hidroel\u00e9ctrica ocuparon la sede para&nbsp;<strong>exigir el restablecimiento de la seguridad<\/strong>&nbsp;en el centro del pa\u00eds y denunciar la inacci\u00f3n del Estado ante la ola de violencia.<\/p>\n\n\n\n<p class=\"wp-block-paragraph\">La medida de los ciudadanos se produjo luego de que bandas armadas que controlan la zona incendiaran un enclave blindado perteneciente a la Polic\u00eda Nacional de Hait\u00ed (PNH) en Mirebalais (centro).<\/p>\n\n\n\n<p class=\"wp-block-paragraph\">Durante la protesta,<strong>&nbsp;los habitantes derribaron una torre el\u00e9ctrica de la compa\u00f1\u00eda<\/strong>.<\/p>\n\n\n\n<p class=\"wp-block-paragraph\">Si bien, tras el m\u00e1s reciente sabotaje, la compa\u00f1\u00eda public\u00f3 una nota para informar a la poblaci\u00f3n de lo sucedido, esta vez a\u00fan no lo ha hecho. Tampoco se han pronunciado el Consejo Presidencial de Transici\u00f3n (CPT) y la Oficina del Primer Ministro.<\/p>\n\n\n\n<p class=\"wp-block-paragraph\">El departamento del Centro, zona en la que se encuentra Peligre, lleva varios meses acosado por bandas armadas que forman parte de la coalici\u00f3n terrorista<strong>&nbsp;Vivre Ensemble, siembran el terror d\u00eda y noche<\/strong>&nbsp;y han obligado a miles de personas a huir de sus hogares.<\/p>\n\n\n\n<p class=\"wp-block-paragraph\">En mayo pasado se registr\u00f3 un hecho similar y con los mismos m\u00f3viles que se resolvi\u00f3 luego de la negociaci\u00f3n entre los manifestantes y el Gobierno.<\/p>\n","protected":false},"excerpt":{"rendered":"<p>En Hait\u00ed se registra un apag\u00f3n general luego de un nuevo sabotaje de miembros de la poblaci\u00f3n contra las instalaciones de la principal hidroel\u00e9ctrica del pa\u00eds, ubicada en la zona de Peligre, en Plateau Central (centro). El corte energ\u00e9tico se mantiene desde ayer cuando ciudadanos que residen cerca de la hidroel\u00e9ctrica ocuparon la sede para&nbsp;exigir [&hellip;]<\/p>\n","protected":false},"author":15,"featured_media":40470,"comment_status":"open","ping_status":"open","sticky":false,"template":"","format":"standard","meta":{"footnotes":""},"categories":[1],"tags":[],"class_list":["post-40469","post","type-post","status-publish","format-standard","has-post-thumbnail","category-uncategorized"],"yoast_head":"<!-- This site is optimized with the Yoast SEO plugin v27.6 - https:\/\/yoast.com\/product\/yoast-seo-wordpress\/ -->\n<title>Hait\u00ed vuelve a padecer un apag\u00f3n general tras un sabotaje a su principal hidroel\u00e9ctrica - Conexi\u00f3n 23<\/title>\n<meta name=\"robots\" content=\"index, follow, max-snippet:-1, max-image-preview:large, max-video-preview:-1\" \/>\n<link rel=\"canonical\" href=\"https:\/\/conexion23.com\/?p=40469\" \/>\n<meta property=\"og:locale\" content=\"es_ES\" \/>\n<meta property=\"og:type\" content=\"article\" \/>\n<meta property=\"og:title\" content=\"Hait\u00ed vuelve a padecer un apag\u00f3n general tras un sabotaje a su principal hidroel\u00e9ctrica - Conexi\u00f3n 23\" \/>\n<meta property=\"og:description\" content=\"En Hait\u00ed se registra un apag\u00f3n general luego de un nuevo sabotaje de miembros de la poblaci\u00f3n contra las instalaciones de la principal hidroel\u00e9ctrica del pa\u00eds, ubicada en la zona de Peligre, en Plateau Central (centro). El corte energ\u00e9tico se mantiene desde ayer cuando ciudadanos que residen cerca de la hidroel\u00e9ctrica ocuparon la sede para&nbsp;exigir [&hellip;]\" \/>\n<meta property=\"og:url\" content=\"https:\/\/conexion23.com\/?p=40469\" \/>\n<meta property=\"og:site_name\" content=\"Conexi\u00f3n 23\" \/>\n<meta property=\"article:publisher\" content=\"https:\/\/www.facebook.com\/conexion23com\" \/>\n<meta property=\"article:published_time\" content=\"2025-06-19T12:11:36+00:00\" \/>\n<meta property=\"article:modified_time\" content=\"2025-06-19T12:11:38+00:00\" \/>\n<meta property=\"og:image\" content=\"https:\/\/conexion23.com\/wp-content\/uploads\/2025\/06\/6846084bef58e.jpeg\" \/>\n\t<meta property=\"og:image:width\" content=\"950\" \/>\n\t<meta property=\"og:image:height\" content=\"465\" \/>\n\t<meta property=\"og:image:type\" content=\"image\/jpeg\" \/>\n<meta name=\"author\" content=\"Raffy Ben\u00edtez\" \/>\n<meta name=\"twitter:card\" content=\"summary_large_image\" \/>\n<meta name=\"twitter:label1\" content=\"Escrito por\" \/>\n\t<meta name=\"twitter:data1\" content=\"Raffy Ben\u00edtez\" \/>\n\t<meta name=\"twitter:label2\" content=\"Tiempo de lectura\" \/>\n\t<meta name=\"twitter:data2\" content=\"2 minutos\" \/>\n<script type=\"application\/ld+json\" class=\"yoast-schema-graph\">{\"@context\":\"https:\\\/\\\/schema.org\",\"@graph\":[{\"@type\":\"Article\",\"@id\":\"https:\\\/\\\/conexion23.com\\\/?p=40469#article\",\"isPartOf\":{\"@id\":\"https:\\\/\\\/conexion23.com\\\/?p=40469\"},\"author\":{\"name\":\"Raffy Ben\u00edtez\",\"@id\":\"https:\\\/\\\/conexion23.com\\\/#\\\/schema\\\/person\\\/03e36043331117e97a373299bbcd30a6\"},\"headline\":\"Hait\u00ed vuelve a padecer un apag\u00f3n general tras un sabotaje a su principal hidroel\u00e9ctrica\",\"datePublished\":\"2025-06-19T12:11:36+00:00\",\"dateModified\":\"2025-06-19T12:11:38+00:00\",\"mainEntityOfPage\":{\"@id\":\"https:\\\/\\\/conexion23.com\\\/?p=40469\"},\"wordCount\":275,\"commentCount\":0,\"publisher\":{\"@id\":\"https:\\\/\\\/conexion23.com\\\/#organization\"},\"image\":{\"@id\":\"https:\\\/\\\/conexion23.com\\\/?p=40469#primaryimage\"},\"thumbnailUrl\":\"https:\\\/\\\/conexion23.com\\\/wp-content\\\/uploads\\\/2025\\\/06\\\/6846084bef58e.jpeg\",\"articleSection\":[\"Uncategorized\"],\"inLanguage\":\"es\",\"potentialAction\":[{\"@type\":\"CommentAction\",\"name\":\"Comment\",\"target\":[\"https:\\\/\\\/conexion23.com\\\/?p=40469#respond\"]}]},{\"@type\":\"WebPage\",\"@id\":\"https:\\\/\\\/conexion23.com\\\/?p=40469\",\"url\":\"https:\\\/\\\/conexion23.com\\\/?p=40469\",\"name\":\"Hait\u00ed vuelve a padecer un apag\u00f3n general tras un sabotaje a su principal hidroel\u00e9ctrica - Conexi\u00f3n 23\",\"isPartOf\":{\"@id\":\"https:\\\/\\\/conexion23.com\\\/#website\"},\"primaryImageOfPage\":{\"@id\":\"https:\\\/\\\/conexion23.com\\\/?p=40469#primaryimage\"},\"image\":{\"@id\":\"https:\\\/\\\/conexion23.com\\\/?p=40469#primaryimage\"},\"thumbnailUrl\":\"https:\\\/\\\/conexion23.com\\\/wp-content\\\/uploads\\\/2025\\\/06\\\/6846084bef58e.jpeg\",\"datePublished\":\"2025-06-19T12:11:36+00:00\",\"dateModified\":\"2025-06-19T12:11:38+00:00\",\"breadcrumb\":{\"@id\":\"https:\\\/\\\/conexion23.com\\\/?p=40469#breadcrumb\"},\"inLanguage\":\"es\",\"potentialAction\":[{\"@type\":\"ReadAction\",\"target\":[\"https:\\\/\\\/conexion23.com\\\/?p=40469\"]}]},{\"@type\":\"ImageObject\",\"inLanguage\":\"es\",\"@id\":\"https:\\\/\\\/conexion23.com\\\/?p=40469#primaryimage\",\"url\":\"https:\\\/\\\/conexion23.com\\\/wp-content\\\/uploads\\\/2025\\\/06\\\/6846084bef58e.jpeg\",\"contentUrl\":\"https:\\\/\\\/conexion23.com\\\/wp-content\\\/uploads\\\/2025\\\/06\\\/6846084bef58e.jpeg\",\"width\":950,\"height\":465},{\"@type\":\"BreadcrumbList\",\"@id\":\"https:\\\/\\\/conexion23.com\\\/?p=40469#breadcrumb\",\"itemListElement\":[{\"@type\":\"ListItem\",\"position\":1,\"name\":\"Portada\",\"item\":\"https:\\\/\\\/conexion23.com\\\/\"},{\"@type\":\"ListItem\",\"position\":2,\"name\":\"Hait\u00ed vuelve a padecer un apag\u00f3n general tras un sabotaje a su principal hidroel\u00e9ctrica\"}]},{\"@type\":\"WebSite\",\"@id\":\"https:\\\/\\\/conexion23.com\\\/#website\",\"url\":\"https:\\\/\\\/conexion23.com\\\/\",\"name\":\"Conexi\u00f3n 23\",\"description\":\"Peri\u00f3dico 100% Petromacorisano\",\"publisher\":{\"@id\":\"https:\\\/\\\/conexion23.com\\\/#organization\"},\"potentialAction\":[{\"@type\":\"SearchAction\",\"target\":{\"@type\":\"EntryPoint\",\"urlTemplate\":\"https:\\\/\\\/conexion23.com\\\/?s={search_term_string}\"},\"query-input\":{\"@type\":\"PropertyValueSpecification\",\"valueRequired\":true,\"valueName\":\"search_term_string\"}}],\"inLanguage\":\"es\"},{\"@type\":\"Organization\",\"@id\":\"https:\\\/\\\/conexion23.com\\\/#organization\",\"name\":\"Conexion 23\",\"url\":\"https:\\\/\\\/conexion23.com\\\/\",\"logo\":{\"@type\":\"ImageObject\",\"inLanguage\":\"es\",\"@id\":\"https:\\\/\\\/conexion23.com\\\/#\\\/schema\\\/logo\\\/image\\\/\",\"url\":\"https:\\\/\\\/conexion23.com\\\/wp-content\\\/uploads\\\/2021\\\/11\\\/Diseno-sin-titulo-2.png\",\"contentUrl\":\"https:\\\/\\\/conexion23.com\\\/wp-content\\\/uploads\\\/2021\\\/11\\\/Diseno-sin-titulo-2.png\",\"width\":541,\"height\":90,\"caption\":\"Conexion 23\"},\"image\":{\"@id\":\"https:\\\/\\\/conexion23.com\\\/#\\\/schema\\\/logo\\\/image\\\/\"},\"sameAs\":[\"https:\\\/\\\/www.facebook.com\\\/conexion23com\",\"https:\\\/\\\/www.instagram.com\\\/conexion23com\\\/\",\"https:\\\/\\\/www.youtube.com\\\/channel\\\/UCYc7vxxFZMYLIHNsHHxPZ3Q\"]},{\"@type\":\"Person\",\"@id\":\"https:\\\/\\\/conexion23.com\\\/#\\\/schema\\\/person\\\/03e36043331117e97a373299bbcd30a6\",\"name\":\"Raffy Ben\u00edtez\",\"image\":{\"@type\":\"ImageObject\",\"inLanguage\":\"es\",\"@id\":\"https:\\\/\\\/secure.gravatar.com\\\/avatar\\\/3190a6a6c5e1b0327500f7d6c56b6242472ee6cb974cf09b401ee6b3b0798f23?s=96&d=mm&r=g\",\"url\":\"https:\\\/\\\/secure.gravatar.com\\\/avatar\\\/3190a6a6c5e1b0327500f7d6c56b6242472ee6cb974cf09b401ee6b3b0798f23?s=96&d=mm&r=g\",\"contentUrl\":\"https:\\\/\\\/secure.gravatar.com\\\/avatar\\\/3190a6a6c5e1b0327500f7d6c56b6242472ee6cb974cf09b401ee6b3b0798f23?s=96&d=mm&r=g\",\"caption\":\"Raffy Ben\u00edtez\"},\"url\":\"https:\\\/\\\/conexion23.com\\\/?author=15\"}]}<\/script>\n<!-- \/ Yoast SEO plugin. -->","yoast_head_json":{"title":"Hait\u00ed vuelve a padecer un apag\u00f3n general tras un sabotaje a su principal hidroel\u00e9ctrica - Conexi\u00f3n 23","robots":{"index":"index","follow":"follow","max-snippet":"max-snippet:-1","max-image-preview":"max-image-preview:large","max-video-preview":"max-video-preview:-1"},"canonical":"https:\/\/conexion23.com\/?p=40469","og_locale":"es_ES","og_type":"article","og_title":"Hait\u00ed vuelve a padecer un apag\u00f3n general tras un sabotaje a su principal hidroel\u00e9ctrica - Conexi\u00f3n 23","og_description":"En Hait\u00ed se registra un apag\u00f3n general luego de un nuevo sabotaje de miembros de la poblaci\u00f3n contra las instalaciones de la principal hidroel\u00e9ctrica del pa\u00eds, ubicada en la zona de Peligre, en Plateau Central (centro). El corte energ\u00e9tico se mantiene desde ayer cuando ciudadanos que residen cerca de la hidroel\u00e9ctrica ocuparon la sede para&nbsp;exigir [&hellip;]","og_url":"https:\/\/conexion23.com\/?p=40469","og_site_name":"Conexi\u00f3n 23","article_publisher":"https:\/\/www.facebook.com\/conexion23com","article_published_time":"2025-06-19T12:11:36+00:00","article_modified_time":"2025-06-19T12:11:38+00:00","og_image":[{"width":950,"height":465,"url":"https:\/\/conexion23.com\/wp-content\/uploads\/2025\/06\/6846084bef58e.jpeg","type":"image\/jpeg"}],"author":"Raffy Ben\u00edtez","twitter_card":"summary_large_image","twitter_misc":{"Escrito por":"Raffy Ben\u00edtez","Tiempo de lectura":"2 minutos"},"schema":{"@context":"https:\/\/schema.org","@graph":[{"@type":"Article","@id":"https:\/\/conexion23.com\/?p=40469#article","isPartOf":{"@id":"https:\/\/conexion23.com\/?p=40469"},"author":{"name":"Raffy Ben\u00edtez","@id":"https:\/\/conexion23.com\/#\/schema\/person\/03e36043331117e97a373299bbcd30a6"},"headline":"Hait\u00ed vuelve a padecer un apag\u00f3n general tras un sabotaje a su principal hidroel\u00e9ctrica","datePublished":"2025-06-19T12:11:36+00:00","dateModified":"2025-06-19T12:11:38+00:00","mainEntityOfPage":{"@id":"https:\/\/conexion23.com\/?p=40469"},"wordCount":275,"commentCount":0,"publisher":{"@id":"https:\/\/conexion23.com\/#organization"},"image":{"@id":"https:\/\/conexion23.com\/?p=40469#primaryimage"},"thumbnailUrl":"https:\/\/conexion23.com\/wp-content\/uploads\/2025\/06\/6846084bef58e.jpeg","articleSection":["Uncategorized"],"inLanguage":"es","potentialAction":[{"@type":"CommentAction","name":"Comment","target":["https:\/\/conexion23.com\/?p=40469#respond"]}]},{"@type":"WebPage","@id":"https:\/\/conexion23.com\/?p=40469","url":"https:\/\/conexion23.com\/?p=40469","name":"Hait\u00ed vuelve a padecer un apag\u00f3n general tras un sabotaje a su principal hidroel\u00e9ctrica - Conexi\u00f3n 23","isPartOf":{"@id":"https:\/\/conexion23.com\/#website"},"primaryImageOfPage":{"@id":"https:\/\/conexion23.com\/?p=40469#primaryimage"},"image":{"@id":"https:\/\/conexion23.com\/?p=40469#primaryimage"},"thumbnailUrl":"https:\/\/conexion23.com\/wp-content\/uploads\/2025\/06\/6846084bef58e.jpeg","datePublished":"2025-06-19T12:11:36+00:00","dateModified":"2025-06-19T12:11:38+00:00","breadcrumb":{"@id":"https:\/\/conexion23.com\/?p=40469#breadcrumb"},"inLanguage":"es","potentialAction":[{"@type":"ReadAction","target":["https:\/\/conexion23.com\/?p=40469"]}]},{"@type":"ImageObject","inLanguage":"es","@id":"https:\/\/conexion23.com\/?p=40469#primaryimage","url":"https:\/\/conexion23.com\/wp-content\/uploads\/2025\/06\/6846084bef58e.jpeg","contentUrl":"https:\/\/conexion23.com\/wp-content\/uploads\/2025\/06\/6846084bef58e.jpeg","width":950,"height":465},{"@type":"BreadcrumbList","@id":"https:\/\/conexion23.com\/?p=40469#breadcrumb","itemListElement":[{"@type":"ListItem","position":1,"name":"Portada","item":"https:\/\/conexion23.com\/"},{"@type":"ListItem","position":2,"name":"Hait\u00ed vuelve a padecer un apag\u00f3n general tras un sabotaje a su principal hidroel\u00e9ctrica"}]},{"@type":"WebSite","@id":"https:\/\/conexion23.com\/#website","url":"https:\/\/conexion23.com\/","name":"Conexi\u00f3n 23","description":"Peri\u00f3dico 100% Petromacorisano","publisher":{"@id":"https:\/\/conexion23.com\/#organization"},"potentialAction":[{"@type":"SearchAction","target":{"@type":"EntryPoint","urlTemplate":"https:\/\/conexion23.com\/?s={search_term_string}"},"query-input":{"@type":"PropertyValueSpecification","valueRequired":true,"valueName":"search_term_string"}}],"inLanguage":"es"},{"@type":"Organization","@id":"https:\/\/conexion23.com\/#organization","name":"Conexion 23","url":"https:\/\/conexion23.com\/","logo":{"@type":"ImageObject","inLanguage":"es","@id":"https:\/\/conexion23.com\/#\/schema\/logo\/image\/","url":"https:\/\/conexion23.com\/wp-content\/uploads\/2021\/11\/Diseno-sin-titulo-2.png","contentUrl":"https:\/\/conexion23.com\/wp-content\/uploads\/2021\/11\/Diseno-sin-titulo-2.png","width":541,"height":90,"caption":"Conexion 23"},"image":{"@id":"https:\/\/conexion23.com\/#\/schema\/logo\/image\/"},"sameAs":["https:\/\/www.facebook.com\/conexion23com","https:\/\/www.instagram.com\/conexion23com\/","https:\/\/www.youtube.com\/channel\/UCYc7vxxFZMYLIHNsHHxPZ3Q"]},{"@type":"Person","@id":"https:\/\/conexion23.com\/#\/schema\/person\/03e36043331117e97a373299bbcd30a6","name":"Raffy Ben\u00edtez","image":{"@type":"ImageObject","inLanguage":"es","@id":"https:\/\/secure.gravatar.com\/avatar\/3190a6a6c5e1b0327500f7d6c56b6242472ee6cb974cf09b401ee6b3b0798f23?s=96&d=mm&r=g","url":"https:\/\/secure.gravatar.com\/avatar\/3190a6a6c5e1b0327500f7d6c56b6242472ee6cb974cf09b401ee6b3b0798f23?s=96&d=mm&r=g","contentUrl":"https:\/\/secure.gravatar.com\/avatar\/3190a6a6c5e1b0327500f7d6c56b6242472ee6cb974cf09b401ee6b3b0798f23?s=96&d=mm&r=g","caption":"Raffy Ben\u00edtez"},"url":"https:\/\/conexion23.com\/?author=15"}]}},"_links":{"self":[{"href":"https:\/\/conexion23.com\/index.php?rest_route=\/wp\/v2\/posts\/40469","targetHints":{"allow":["GET"]}}],"collection":[{"href":"https:\/\/conexion23.com\/index.php?rest_route=\/wp\/v2\/posts"}],"about":[{"href":"https:\/\/conexion23.com\/index.php?rest_route=\/wp\/v2\/types\/post"}],"author":[{"embeddable":true,"href":"https:\/\/conexion23.com\/index.php?rest_route=\/wp\/v2\/users\/15"}],"replies":[{"embeddable":true,"href":"https:\/\/conexion23.com\/index.php?rest_route=%2Fwp%2Fv2%2Fcomments&post=40469"}],"version-history":[{"count":1,"href":"https:\/\/conexion23.com\/index.php?rest_route=\/wp\/v2\/posts\/40469\/revisions"}],"predecessor-version":[{"id":40471,"href":"https:\/\/conexion23.com\/index.php?rest_route=\/wp\/v2\/posts\/40469\/revisions\/40471"}],"wp:featuredmedia":[{"embeddable":true,"href":"https:\/\/conexion23.com\/index.php?rest_route=\/wp\/v2\/media\/40470"}],"wp:attachment":[{"href":"https:\/\/conexion23.com\/index.php?rest_route=%2Fwp%2Fv2%2Fmedia&parent=40469"}],"wp:term":[{"taxonomy":"category","embeddable":true,"href":"https:\/\/conexion23.com\/index.php?rest_route=%2Fwp%2Fv2%2Fcategories&post=40469"},{"taxonomy":"post_tag","embeddable":true,"href":"https:\/\/conexion23.com\/index.php?rest_route=%2Fwp%2Fv2%2Ftags&post=40469"}],"curies":[{"name":"wp","href":"https:\/\/api.w.org\/{rel}","templated":true}]}}