{"id":40480,"date":"2025-06-20T07:15:16","date_gmt":"2025-06-20T11:15:16","guid":{"rendered":"https:\/\/conexion23.com\/?p=40480"},"modified":"2025-06-20T07:15:18","modified_gmt":"2025-06-20T11:15:18","slug":"muere-periodista-era-oriundo-de-consuelo-en-spm","status":"publish","type":"post","link":"https:\/\/conexion23.com\/?p=40480","title":{"rendered":"Muere periodista era oriundo de Consuelo en SPM"},"content":{"rendered":"\n<p>Falleci\u00f3 en Santo Domingo el veterano periodista Manuel Guett Polanco, oriundo del municipio Consuelo, y con una destacada trayectoria de m\u00e1s de cinco d\u00e9cadas en el ejercicio del periodismo nacional.<\/p>\n\n\n\n<p>Guett Polanco inici\u00f3 su carrera en febrero de 1971, desempe\u00f1\u00e1ndose como encargado de las corresponsal\u00edas de Noti Tiempo de Radio Comercial, Noticias Hoy de HIJB y el vespertino \u00daltima Hora.<\/p>\n\n\n\n<p>Su labor period\u00edstica lo llev\u00f3 a formar parte de emblem\u00e1ticos espacios informativos como Noticiario Cristal, Informativo Nacional, El Sol, La Noticia, adem\u00e1s de fundar los medios El Provincial y La Voz del Interior.<\/p>\n\n\n\n<p>Graduado en la Universidad Central del Este (UCE), fue miembro fundador del Colegio Dominicano de Periodistas (CDP), entidad que junto al Senado de la Rep\u00fablica le otorg\u00f3 m\u00faltiples reconocimientos por su entrega y aporte al periodismo.<\/p>\n\n\n\n<p>Sus restos fueron velados este jueves 19 de junio en la funeraria de la Fuerza A\u00e9rea, en San Isidro, desde las 8:00 de la ma\u00f1ana hasta las 4:00 de la tarde.<\/p>\n","protected":false},"excerpt":{"rendered":"<p>Falleci\u00f3 en Santo Domingo el veterano periodista Manuel Guett Polanco, oriundo del municipio Consuelo, y con una destacada trayectoria de m\u00e1s de cinco d\u00e9cadas en el ejercicio del periodismo nacional. Guett Polanco inici\u00f3 su carrera en febrero de 1971, desempe\u00f1\u00e1ndose como encargado de las corresponsal\u00edas de Noti Tiempo de Radio Comercial, Noticias Hoy de HIJB [&hellip;]<\/p>\n","protected":false},"author":15,"featured_media":40481,"comment_status":"open","ping_status":"open","sticky":false,"template":"","format":"standard","meta":{"footnotes":""},"categories":[13],"tags":[],"class_list":{"0":"post-40480","1":"post","2":"type-post","3":"status-publish","4":"format-standard","5":"has-post-thumbnail","7":"category-consuelo"},"yoast_head":"<!-- This site is optimized with the Yoast SEO plugin v27.1.1 - https:\/\/yoast.com\/product\/yoast-seo-wordpress\/ -->\n<title>Muere periodista era oriundo de Consuelo en SPM - Conexi\u00f3n 23<\/title>\n<meta name=\"robots\" content=\"index, follow, max-snippet:-1, max-image-preview:large, max-video-preview:-1\" \/>\n<link rel=\"canonical\" href=\"https:\/\/conexion23.com\/?p=40480\" \/>\n<meta property=\"og:locale\" content=\"es_ES\" \/>\n<meta property=\"og:type\" content=\"article\" \/>\n<meta property=\"og:title\" content=\"Muere periodista era oriundo de Consuelo en SPM - Conexi\u00f3n 23\" \/>\n<meta property=\"og:description\" content=\"Falleci\u00f3 en Santo Domingo el veterano periodista Manuel Guett Polanco, oriundo del municipio Consuelo, y con una destacada trayectoria de m\u00e1s de cinco d\u00e9cadas en el ejercicio del periodismo nacional. Guett Polanco inici\u00f3 su carrera en febrero de 1971, desempe\u00f1\u00e1ndose como encargado de las corresponsal\u00edas de Noti Tiempo de Radio Comercial, Noticias Hoy de HIJB [&hellip;]\" \/>\n<meta property=\"og:url\" content=\"https:\/\/conexion23.com\/?p=40480\" \/>\n<meta property=\"og:site_name\" content=\"Conexi\u00f3n 23\" \/>\n<meta property=\"article:publisher\" content=\"https:\/\/www.facebook.com\/conexion23com\" \/>\n<meta property=\"article:published_time\" content=\"2025-06-20T11:15:16+00:00\" \/>\n<meta property=\"article:modified_time\" content=\"2025-06-20T11:15:18+00:00\" \/>\n<meta property=\"og:image\" content=\"https:\/\/conexion23.com\/wp-content\/uploads\/2025\/06\/eddb58ee-a9b8-47c8-946a-81d86413e581.jpg\" \/>\n\t<meta property=\"og:image:width\" content=\"740\" \/>\n\t<meta property=\"og:image:height\" content=\"635\" \/>\n\t<meta property=\"og:image:type\" content=\"image\/jpeg\" \/>\n<meta name=\"author\" content=\"Raffy Ben\u00edtez\" \/>\n<meta name=\"twitter:card\" content=\"summary_large_image\" \/>\n<meta name=\"twitter:label1\" content=\"Escrito por\" \/>\n\t<meta name=\"twitter:data1\" content=\"Raffy Ben\u00edtez\" \/>\n\t<meta name=\"twitter:label2\" content=\"Tiempo de lectura\" \/>\n\t<meta name=\"twitter:data2\" content=\"1 minuto\" \/>\n<script type=\"application\/ld+json\" class=\"yoast-schema-graph\">{\"@context\":\"https:\/\/schema.org\",\"@graph\":[{\"@type\":\"Article\",\"@id\":\"https:\/\/conexion23.com\/?p=40480#article\",\"isPartOf\":{\"@id\":\"https:\/\/conexion23.com\/?p=40480\"},\"author\":{\"name\":\"Raffy Ben\u00edtez\",\"@id\":\"https:\/\/conexion23.com\/#\/schema\/person\/03e36043331117e97a373299bbcd30a6\"},\"headline\":\"Muere periodista era oriundo de Consuelo en SPM\",\"datePublished\":\"2025-06-20T11:15:16+00:00\",\"dateModified\":\"2025-06-20T11:15:18+00:00\",\"mainEntityOfPage\":{\"@id\":\"https:\/\/conexion23.com\/?p=40480\"},\"wordCount\":175,\"commentCount\":0,\"publisher\":{\"@id\":\"https:\/\/conexion23.com\/#organization\"},\"image\":{\"@id\":\"https:\/\/conexion23.com\/?p=40480#primaryimage\"},\"thumbnailUrl\":\"https:\/\/conexion23.com\/wp-content\/uploads\/2025\/06\/eddb58ee-a9b8-47c8-946a-81d86413e581.jpg\",\"articleSection\":[\"Consuelo\"],\"inLanguage\":\"es\",\"potentialAction\":[{\"@type\":\"CommentAction\",\"name\":\"Comment\",\"target\":[\"https:\/\/conexion23.com\/?p=40480#respond\"]}]},{\"@type\":\"WebPage\",\"@id\":\"https:\/\/conexion23.com\/?p=40480\",\"url\":\"https:\/\/conexion23.com\/?p=40480\",\"name\":\"Muere periodista era oriundo de Consuelo en SPM - Conexi\u00f3n 23\",\"isPartOf\":{\"@id\":\"https:\/\/conexion23.com\/#website\"},\"primaryImageOfPage\":{\"@id\":\"https:\/\/conexion23.com\/?p=40480#primaryimage\"},\"image\":{\"@id\":\"https:\/\/conexion23.com\/?p=40480#primaryimage\"},\"thumbnailUrl\":\"https:\/\/conexion23.com\/wp-content\/uploads\/2025\/06\/eddb58ee-a9b8-47c8-946a-81d86413e581.jpg\",\"datePublished\":\"2025-06-20T11:15:16+00:00\",\"dateModified\":\"2025-06-20T11:15:18+00:00\",\"breadcrumb\":{\"@id\":\"https:\/\/conexion23.com\/?p=40480#breadcrumb\"},\"inLanguage\":\"es\",\"potentialAction\":[{\"@type\":\"ReadAction\",\"target\":[\"https:\/\/conexion23.com\/?p=40480\"]}]},{\"@type\":\"ImageObject\",\"inLanguage\":\"es\",\"@id\":\"https:\/\/conexion23.com\/?p=40480#primaryimage\",\"url\":\"https:\/\/conexion23.com\/wp-content\/uploads\/2025\/06\/eddb58ee-a9b8-47c8-946a-81d86413e581.jpg\",\"contentUrl\":\"https:\/\/conexion23.com\/wp-content\/uploads\/2025\/06\/eddb58ee-a9b8-47c8-946a-81d86413e581.jpg\",\"width\":740,\"height\":635},{\"@type\":\"BreadcrumbList\",\"@id\":\"https:\/\/conexion23.com\/?p=40480#breadcrumb\",\"itemListElement\":[{\"@type\":\"ListItem\",\"position\":1,\"name\":\"Portada\",\"item\":\"https:\/\/conexion23.com\/\"},{\"@type\":\"ListItem\",\"position\":2,\"name\":\"Muere periodista era oriundo de Consuelo en SPM\"}]},{\"@type\":\"WebSite\",\"@id\":\"https:\/\/conexion23.com\/#website\",\"url\":\"https:\/\/conexion23.com\/\",\"name\":\"Conexi\u00f3n 23\",\"description\":\"Peri\u00f3dico 100% Petromacorisano\",\"publisher\":{\"@id\":\"https:\/\/conexion23.com\/#organization\"},\"potentialAction\":[{\"@type\":\"SearchAction\",\"target\":{\"@type\":\"EntryPoint\",\"urlTemplate\":\"https:\/\/conexion23.com\/?s={search_term_string}\"},\"query-input\":{\"@type\":\"PropertyValueSpecification\",\"valueRequired\":true,\"valueName\":\"search_term_string\"}}],\"inLanguage\":\"es\"},{\"@type\":\"Organization\",\"@id\":\"https:\/\/conexion23.com\/#organization\",\"name\":\"Conexion 23\",\"url\":\"https:\/\/conexion23.com\/\",\"logo\":{\"@type\":\"ImageObject\",\"inLanguage\":\"es\",\"@id\":\"https:\/\/conexion23.com\/#\/schema\/logo\/image\/\",\"url\":\"https:\/\/conexion23.com\/wp-content\/uploads\/2021\/11\/Diseno-sin-titulo-2.png\",\"contentUrl\":\"https:\/\/conexion23.com\/wp-content\/uploads\/2021\/11\/Diseno-sin-titulo-2.png\",\"width\":541,\"height\":90,\"caption\":\"Conexion 23\"},\"image\":{\"@id\":\"https:\/\/conexion23.com\/#\/schema\/logo\/image\/\"},\"sameAs\":[\"https:\/\/www.facebook.com\/conexion23com\",\"https:\/\/www.instagram.com\/conexion23com\/\",\"https:\/\/www.youtube.com\/channel\/UCYc7vxxFZMYLIHNsHHxPZ3Q\"]},{\"@type\":\"Person\",\"@id\":\"https:\/\/conexion23.com\/#\/schema\/person\/03e36043331117e97a373299bbcd30a6\",\"name\":\"Raffy Ben\u00edtez\",\"image\":{\"@type\":\"ImageObject\",\"inLanguage\":\"es\",\"@id\":\"https:\/\/conexion23.com\/#\/schema\/person\/image\/\",\"url\":\"https:\/\/secure.gravatar.com\/avatar\/3190a6a6c5e1b0327500f7d6c56b6242472ee6cb974cf09b401ee6b3b0798f23?s=96&d=mm&r=g\",\"contentUrl\":\"https:\/\/secure.gravatar.com\/avatar\/3190a6a6c5e1b0327500f7d6c56b6242472ee6cb974cf09b401ee6b3b0798f23?s=96&d=mm&r=g\",\"caption\":\"Raffy Ben\u00edtez\"},\"url\":\"https:\/\/conexion23.com\/?author=15\"}]}<\/script>\n<!-- \/ Yoast SEO plugin. -->","yoast_head_json":{"title":"Muere periodista era oriundo de Consuelo en SPM - Conexi\u00f3n 23","robots":{"index":"index","follow":"follow","max-snippet":"max-snippet:-1","max-image-preview":"max-image-preview:large","max-video-preview":"max-video-preview:-1"},"canonical":"https:\/\/conexion23.com\/?p=40480","og_locale":"es_ES","og_type":"article","og_title":"Muere periodista era oriundo de Consuelo en SPM - Conexi\u00f3n 23","og_description":"Falleci\u00f3 en Santo Domingo el veterano periodista Manuel Guett Polanco, oriundo del municipio Consuelo, y con una destacada trayectoria de m\u00e1s de cinco d\u00e9cadas en el ejercicio del periodismo nacional. Guett Polanco inici\u00f3 su carrera en febrero de 1971, desempe\u00f1\u00e1ndose como encargado de las corresponsal\u00edas de Noti Tiempo de Radio Comercial, Noticias Hoy de HIJB [&hellip;]","og_url":"https:\/\/conexion23.com\/?p=40480","og_site_name":"Conexi\u00f3n 23","article_publisher":"https:\/\/www.facebook.com\/conexion23com","article_published_time":"2025-06-20T11:15:16+00:00","article_modified_time":"2025-06-20T11:15:18+00:00","og_image":[{"width":740,"height":635,"url":"https:\/\/conexion23.com\/wp-content\/uploads\/2025\/06\/eddb58ee-a9b8-47c8-946a-81d86413e581.jpg","type":"image\/jpeg"}],"author":"Raffy Ben\u00edtez","twitter_card":"summary_large_image","twitter_misc":{"Escrito por":"Raffy Ben\u00edtez","Tiempo de lectura":"1 minuto"},"schema":{"@context":"https:\/\/schema.org","@graph":[{"@type":"Article","@id":"https:\/\/conexion23.com\/?p=40480#article","isPartOf":{"@id":"https:\/\/conexion23.com\/?p=40480"},"author":{"name":"Raffy Ben\u00edtez","@id":"https:\/\/conexion23.com\/#\/schema\/person\/03e36043331117e97a373299bbcd30a6"},"headline":"Muere periodista era oriundo de Consuelo en SPM","datePublished":"2025-06-20T11:15:16+00:00","dateModified":"2025-06-20T11:15:18+00:00","mainEntityOfPage":{"@id":"https:\/\/conexion23.com\/?p=40480"},"wordCount":175,"commentCount":0,"publisher":{"@id":"https:\/\/conexion23.com\/#organization"},"image":{"@id":"https:\/\/conexion23.com\/?p=40480#primaryimage"},"thumbnailUrl":"https:\/\/conexion23.com\/wp-content\/uploads\/2025\/06\/eddb58ee-a9b8-47c8-946a-81d86413e581.jpg","articleSection":["Consuelo"],"inLanguage":"es","potentialAction":[{"@type":"CommentAction","name":"Comment","target":["https:\/\/conexion23.com\/?p=40480#respond"]}]},{"@type":"WebPage","@id":"https:\/\/conexion23.com\/?p=40480","url":"https:\/\/conexion23.com\/?p=40480","name":"Muere periodista era oriundo de Consuelo en SPM - Conexi\u00f3n 23","isPartOf":{"@id":"https:\/\/conexion23.com\/#website"},"primaryImageOfPage":{"@id":"https:\/\/conexion23.com\/?p=40480#primaryimage"},"image":{"@id":"https:\/\/conexion23.com\/?p=40480#primaryimage"},"thumbnailUrl":"https:\/\/conexion23.com\/wp-content\/uploads\/2025\/06\/eddb58ee-a9b8-47c8-946a-81d86413e581.jpg","datePublished":"2025-06-20T11:15:16+00:00","dateModified":"2025-06-20T11:15:18+00:00","breadcrumb":{"@id":"https:\/\/conexion23.com\/?p=40480#breadcrumb"},"inLanguage":"es","potentialAction":[{"@type":"ReadAction","target":["https:\/\/conexion23.com\/?p=40480"]}]},{"@type":"ImageObject","inLanguage":"es","@id":"https:\/\/conexion23.com\/?p=40480#primaryimage","url":"https:\/\/conexion23.com\/wp-content\/uploads\/2025\/06\/eddb58ee-a9b8-47c8-946a-81d86413e581.jpg","contentUrl":"https:\/\/conexion23.com\/wp-content\/uploads\/2025\/06\/eddb58ee-a9b8-47c8-946a-81d86413e581.jpg","width":740,"height":635},{"@type":"BreadcrumbList","@id":"https:\/\/conexion23.com\/?p=40480#breadcrumb","itemListElement":[{"@type":"ListItem","position":1,"name":"Portada","item":"https:\/\/conexion23.com\/"},{"@type":"ListItem","position":2,"name":"Muere periodista era oriundo de Consuelo en SPM"}]},{"@type":"WebSite","@id":"https:\/\/conexion23.com\/#website","url":"https:\/\/conexion23.com\/","name":"Conexi\u00f3n 23","description":"Peri\u00f3dico 100% Petromacorisano","publisher":{"@id":"https:\/\/conexion23.com\/#organization"},"potentialAction":[{"@type":"SearchAction","target":{"@type":"EntryPoint","urlTemplate":"https:\/\/conexion23.com\/?s={search_term_string}"},"query-input":{"@type":"PropertyValueSpecification","valueRequired":true,"valueName":"search_term_string"}}],"inLanguage":"es"},{"@type":"Organization","@id":"https:\/\/conexion23.com\/#organization","name":"Conexion 23","url":"https:\/\/conexion23.com\/","logo":{"@type":"ImageObject","inLanguage":"es","@id":"https:\/\/conexion23.com\/#\/schema\/logo\/image\/","url":"https:\/\/conexion23.com\/wp-content\/uploads\/2021\/11\/Diseno-sin-titulo-2.png","contentUrl":"https:\/\/conexion23.com\/wp-content\/uploads\/2021\/11\/Diseno-sin-titulo-2.png","width":541,"height":90,"caption":"Conexion 23"},"image":{"@id":"https:\/\/conexion23.com\/#\/schema\/logo\/image\/"},"sameAs":["https:\/\/www.facebook.com\/conexion23com","https:\/\/www.instagram.com\/conexion23com\/","https:\/\/www.youtube.com\/channel\/UCYc7vxxFZMYLIHNsHHxPZ3Q"]},{"@type":"Person","@id":"https:\/\/conexion23.com\/#\/schema\/person\/03e36043331117e97a373299bbcd30a6","name":"Raffy Ben\u00edtez","image":{"@type":"ImageObject","inLanguage":"es","@id":"https:\/\/conexion23.com\/#\/schema\/person\/image\/","url":"https:\/\/secure.gravatar.com\/avatar\/3190a6a6c5e1b0327500f7d6c56b6242472ee6cb974cf09b401ee6b3b0798f23?s=96&d=mm&r=g","contentUrl":"https:\/\/secure.gravatar.com\/avatar\/3190a6a6c5e1b0327500f7d6c56b6242472ee6cb974cf09b401ee6b3b0798f23?s=96&d=mm&r=g","caption":"Raffy Ben\u00edtez"},"url":"https:\/\/conexion23.com\/?author=15"}]}},"_links":{"self":[{"href":"https:\/\/conexion23.com\/index.php?rest_route=\/wp\/v2\/posts\/40480","targetHints":{"allow":["GET"]}}],"collection":[{"href":"https:\/\/conexion23.com\/index.php?rest_route=\/wp\/v2\/posts"}],"about":[{"href":"https:\/\/conexion23.com\/index.php?rest_route=\/wp\/v2\/types\/post"}],"author":[{"embeddable":true,"href":"https:\/\/conexion23.com\/index.php?rest_route=\/wp\/v2\/users\/15"}],"replies":[{"embeddable":true,"href":"https:\/\/conexion23.com\/index.php?rest_route=%2Fwp%2Fv2%2Fcomments&post=40480"}],"version-history":[{"count":1,"href":"https:\/\/conexion23.com\/index.php?rest_route=\/wp\/v2\/posts\/40480\/revisions"}],"predecessor-version":[{"id":40482,"href":"https:\/\/conexion23.com\/index.php?rest_route=\/wp\/v2\/posts\/40480\/revisions\/40482"}],"wp:featuredmedia":[{"embeddable":true,"href":"https:\/\/conexion23.com\/index.php?rest_route=\/wp\/v2\/media\/40481"}],"wp:attachment":[{"href":"https:\/\/conexion23.com\/index.php?rest_route=%2Fwp%2Fv2%2Fmedia&parent=40480"}],"wp:term":[{"taxonomy":"category","embeddable":true,"href":"https:\/\/conexion23.com\/index.php?rest_route=%2Fwp%2Fv2%2Fcategories&post=40480"},{"taxonomy":"post_tag","embeddable":true,"href":"https:\/\/conexion23.com\/index.php?rest_route=%2Fwp%2Fv2%2Ftags&post=40480"}],"curies":[{"name":"wp","href":"https:\/\/api.w.org\/{rel}","templated":true}]}}