{"id":40483,"date":"2025-06-20T07:21:58","date_gmt":"2025-06-20T11:21:58","guid":{"rendered":"https:\/\/conexion23.com\/?p=40483"},"modified":"2025-06-20T07:22:00","modified_gmt":"2025-06-20T11:22:00","slug":"asesinan-a-nelio-el-brujo-en-san-antonio-de-guerra-nina-resulta-herida-de-bala","status":"publish","type":"post","link":"https:\/\/conexion23.com\/?p=40483","title":{"rendered":"Asesinan a \u00abNelio el Brujo\u00bb en San Antonio de Guerra, Ni\u00f1a Resulta Herida de Bala."},"content":{"rendered":"\n<p>Un hombre conocido popularmente como \u00abNelio el Brujo\u00bb fue asesinado de un disparo en la cabeza por dos individuos desconocidos que se desplazaban en un veh\u00edculo. El lamentable hecho ocurri\u00f3 mientras la v\u00edctima supervisaba una construcci\u00f3n.<\/p>\n\n\n\n<p>Seg\u00fan los informes preliminares, los agresores llegaron al lugar y, tras dispararle a Nelio, le sustrajeron un arma de fuego y otras pertenencias. Se especula que \u00abNelio el Brujo\u00bb pudo haber herido a uno de sus atacantes antes de perder la vida.<\/p>\n\n\n\n<p>En el mismo incidente, una ni\u00f1a result\u00f3 herida de bala en un brazo y fue trasladada de inmediato al hospital municipal de Guerra, donde recibe atenci\u00f3n m\u00e9dica.<\/p>\n\n\n\n<p>Hasta el momento, no se han ofrecido detalles sobre las circunstancias en las que la menor result\u00f3 lesionada ni su relaci\u00f3n con el suceso.<\/p>\n\n\n\n<p>Las autoridades han iniciado una investigaci\u00f3n para esclarecer los hechos y dar con el paradero de los responsables de este crimen.<\/p>\n","protected":false},"excerpt":{"rendered":"<p>Un hombre conocido popularmente como \u00abNelio el Brujo\u00bb fue asesinado de un disparo en la cabeza por dos individuos desconocidos que se desplazaban en un veh\u00edculo. El lamentable hecho ocurri\u00f3 mientras la v\u00edctima supervisaba una construcci\u00f3n. Seg\u00fan los informes preliminares, los agresores llegaron al lugar y, tras dispararle a Nelio, le sustrajeron un arma de [&hellip;]<\/p>\n","protected":false},"author":15,"featured_media":40484,"comment_status":"open","ping_status":"open","sticky":false,"template":"","format":"standard","meta":{"footnotes":""},"categories":[1],"tags":[],"class_list":{"0":"post-40483","1":"post","2":"type-post","3":"status-publish","4":"format-standard","5":"has-post-thumbnail","7":"category-uncategorized"},"yoast_head":"<!-- This site is optimized with the Yoast SEO plugin v27.1.1 - https:\/\/yoast.com\/product\/yoast-seo-wordpress\/ -->\n<title>Asesinan a &quot;Nelio el Brujo&quot; en San Antonio de Guerra, Ni\u00f1a Resulta Herida de Bala. - Conexi\u00f3n 23<\/title>\n<meta name=\"robots\" content=\"index, follow, max-snippet:-1, max-image-preview:large, max-video-preview:-1\" \/>\n<link rel=\"canonical\" href=\"https:\/\/conexion23.com\/?p=40483\" \/>\n<meta property=\"og:locale\" content=\"es_ES\" \/>\n<meta property=\"og:type\" content=\"article\" \/>\n<meta property=\"og:title\" content=\"Asesinan a &quot;Nelio el Brujo&quot; en San Antonio de Guerra, Ni\u00f1a Resulta Herida de Bala. - Conexi\u00f3n 23\" \/>\n<meta property=\"og:description\" content=\"Un hombre conocido popularmente como \u00abNelio el Brujo\u00bb fue asesinado de un disparo en la cabeza por dos individuos desconocidos que se desplazaban en un veh\u00edculo. El lamentable hecho ocurri\u00f3 mientras la v\u00edctima supervisaba una construcci\u00f3n. Seg\u00fan los informes preliminares, los agresores llegaron al lugar y, tras dispararle a Nelio, le sustrajeron un arma de [&hellip;]\" \/>\n<meta property=\"og:url\" content=\"https:\/\/conexion23.com\/?p=40483\" \/>\n<meta property=\"og:site_name\" content=\"Conexi\u00f3n 23\" \/>\n<meta property=\"article:publisher\" content=\"https:\/\/www.facebook.com\/conexion23com\" \/>\n<meta property=\"article:published_time\" content=\"2025-06-20T11:21:58+00:00\" \/>\n<meta property=\"article:modified_time\" content=\"2025-06-20T11:22:00+00:00\" \/>\n<meta property=\"og:image\" content=\"https:\/\/conexion23.com\/wp-content\/uploads\/2025\/06\/descarga-1-20.jpg\" \/>\n\t<meta property=\"og:image:width\" content=\"225\" \/>\n\t<meta property=\"og:image:height\" content=\"225\" \/>\n\t<meta property=\"og:image:type\" content=\"image\/jpeg\" \/>\n<meta name=\"author\" content=\"Raffy Ben\u00edtez\" \/>\n<meta name=\"twitter:card\" content=\"summary_large_image\" \/>\n<meta name=\"twitter:label1\" content=\"Escrito por\" \/>\n\t<meta name=\"twitter:data1\" content=\"Raffy Ben\u00edtez\" \/>\n\t<meta name=\"twitter:label2\" content=\"Tiempo de lectura\" \/>\n\t<meta name=\"twitter:data2\" content=\"1 minuto\" \/>\n<script type=\"application\/ld+json\" class=\"yoast-schema-graph\">{\"@context\":\"https:\/\/schema.org\",\"@graph\":[{\"@type\":\"Article\",\"@id\":\"https:\/\/conexion23.com\/?p=40483#article\",\"isPartOf\":{\"@id\":\"https:\/\/conexion23.com\/?p=40483\"},\"author\":{\"name\":\"Raffy Ben\u00edtez\",\"@id\":\"https:\/\/conexion23.com\/#\/schema\/person\/03e36043331117e97a373299bbcd30a6\"},\"headline\":\"Asesinan a \u00abNelio el Brujo\u00bb en San Antonio de Guerra, Ni\u00f1a Resulta Herida de Bala.\",\"datePublished\":\"2025-06-20T11:21:58+00:00\",\"dateModified\":\"2025-06-20T11:22:00+00:00\",\"mainEntityOfPage\":{\"@id\":\"https:\/\/conexion23.com\/?p=40483\"},\"wordCount\":175,\"commentCount\":0,\"publisher\":{\"@id\":\"https:\/\/conexion23.com\/#organization\"},\"image\":{\"@id\":\"https:\/\/conexion23.com\/?p=40483#primaryimage\"},\"thumbnailUrl\":\"https:\/\/conexion23.com\/wp-content\/uploads\/2025\/06\/descarga-1-20.jpg\",\"articleSection\":[\"Uncategorized\"],\"inLanguage\":\"es\",\"potentialAction\":[{\"@type\":\"CommentAction\",\"name\":\"Comment\",\"target\":[\"https:\/\/conexion23.com\/?p=40483#respond\"]}]},{\"@type\":\"WebPage\",\"@id\":\"https:\/\/conexion23.com\/?p=40483\",\"url\":\"https:\/\/conexion23.com\/?p=40483\",\"name\":\"Asesinan a \\\"Nelio el Brujo\\\" en San Antonio de Guerra, Ni\u00f1a Resulta Herida de Bala. - Conexi\u00f3n 23\",\"isPartOf\":{\"@id\":\"https:\/\/conexion23.com\/#website\"},\"primaryImageOfPage\":{\"@id\":\"https:\/\/conexion23.com\/?p=40483#primaryimage\"},\"image\":{\"@id\":\"https:\/\/conexion23.com\/?p=40483#primaryimage\"},\"thumbnailUrl\":\"https:\/\/conexion23.com\/wp-content\/uploads\/2025\/06\/descarga-1-20.jpg\",\"datePublished\":\"2025-06-20T11:21:58+00:00\",\"dateModified\":\"2025-06-20T11:22:00+00:00\",\"breadcrumb\":{\"@id\":\"https:\/\/conexion23.com\/?p=40483#breadcrumb\"},\"inLanguage\":\"es\",\"potentialAction\":[{\"@type\":\"ReadAction\",\"target\":[\"https:\/\/conexion23.com\/?p=40483\"]}]},{\"@type\":\"ImageObject\",\"inLanguage\":\"es\",\"@id\":\"https:\/\/conexion23.com\/?p=40483#primaryimage\",\"url\":\"https:\/\/conexion23.com\/wp-content\/uploads\/2025\/06\/descarga-1-20.jpg\",\"contentUrl\":\"https:\/\/conexion23.com\/wp-content\/uploads\/2025\/06\/descarga-1-20.jpg\",\"width\":225,\"height\":225},{\"@type\":\"BreadcrumbList\",\"@id\":\"https:\/\/conexion23.com\/?p=40483#breadcrumb\",\"itemListElement\":[{\"@type\":\"ListItem\",\"position\":1,\"name\":\"Portada\",\"item\":\"https:\/\/conexion23.com\/\"},{\"@type\":\"ListItem\",\"position\":2,\"name\":\"Asesinan a \u00abNelio el Brujo\u00bb en San Antonio de Guerra, Ni\u00f1a Resulta Herida de Bala.\"}]},{\"@type\":\"WebSite\",\"@id\":\"https:\/\/conexion23.com\/#website\",\"url\":\"https:\/\/conexion23.com\/\",\"name\":\"Conexi\u00f3n 23\",\"description\":\"Peri\u00f3dico 100% Petromacorisano\",\"publisher\":{\"@id\":\"https:\/\/conexion23.com\/#organization\"},\"potentialAction\":[{\"@type\":\"SearchAction\",\"target\":{\"@type\":\"EntryPoint\",\"urlTemplate\":\"https:\/\/conexion23.com\/?s={search_term_string}\"},\"query-input\":{\"@type\":\"PropertyValueSpecification\",\"valueRequired\":true,\"valueName\":\"search_term_string\"}}],\"inLanguage\":\"es\"},{\"@type\":\"Organization\",\"@id\":\"https:\/\/conexion23.com\/#organization\",\"name\":\"Conexion 23\",\"url\":\"https:\/\/conexion23.com\/\",\"logo\":{\"@type\":\"ImageObject\",\"inLanguage\":\"es\",\"@id\":\"https:\/\/conexion23.com\/#\/schema\/logo\/image\/\",\"url\":\"https:\/\/conexion23.com\/wp-content\/uploads\/2021\/11\/Diseno-sin-titulo-2.png\",\"contentUrl\":\"https:\/\/conexion23.com\/wp-content\/uploads\/2021\/11\/Diseno-sin-titulo-2.png\",\"width\":541,\"height\":90,\"caption\":\"Conexion 23\"},\"image\":{\"@id\":\"https:\/\/conexion23.com\/#\/schema\/logo\/image\/\"},\"sameAs\":[\"https:\/\/www.facebook.com\/conexion23com\",\"https:\/\/www.instagram.com\/conexion23com\/\",\"https:\/\/www.youtube.com\/channel\/UCYc7vxxFZMYLIHNsHHxPZ3Q\"]},{\"@type\":\"Person\",\"@id\":\"https:\/\/conexion23.com\/#\/schema\/person\/03e36043331117e97a373299bbcd30a6\",\"name\":\"Raffy Ben\u00edtez\",\"image\":{\"@type\":\"ImageObject\",\"inLanguage\":\"es\",\"@id\":\"https:\/\/conexion23.com\/#\/schema\/person\/image\/\",\"url\":\"https:\/\/secure.gravatar.com\/avatar\/3190a6a6c5e1b0327500f7d6c56b6242472ee6cb974cf09b401ee6b3b0798f23?s=96&d=mm&r=g\",\"contentUrl\":\"https:\/\/secure.gravatar.com\/avatar\/3190a6a6c5e1b0327500f7d6c56b6242472ee6cb974cf09b401ee6b3b0798f23?s=96&d=mm&r=g\",\"caption\":\"Raffy Ben\u00edtez\"},\"url\":\"https:\/\/conexion23.com\/?author=15\"}]}<\/script>\n<!-- \/ Yoast SEO plugin. -->","yoast_head_json":{"title":"Asesinan a \"Nelio el Brujo\" en San Antonio de Guerra, Ni\u00f1a Resulta Herida de Bala. - Conexi\u00f3n 23","robots":{"index":"index","follow":"follow","max-snippet":"max-snippet:-1","max-image-preview":"max-image-preview:large","max-video-preview":"max-video-preview:-1"},"canonical":"https:\/\/conexion23.com\/?p=40483","og_locale":"es_ES","og_type":"article","og_title":"Asesinan a \"Nelio el Brujo\" en San Antonio de Guerra, Ni\u00f1a Resulta Herida de Bala. - Conexi\u00f3n 23","og_description":"Un hombre conocido popularmente como \u00abNelio el Brujo\u00bb fue asesinado de un disparo en la cabeza por dos individuos desconocidos que se desplazaban en un veh\u00edculo. El lamentable hecho ocurri\u00f3 mientras la v\u00edctima supervisaba una construcci\u00f3n. Seg\u00fan los informes preliminares, los agresores llegaron al lugar y, tras dispararle a Nelio, le sustrajeron un arma de [&hellip;]","og_url":"https:\/\/conexion23.com\/?p=40483","og_site_name":"Conexi\u00f3n 23","article_publisher":"https:\/\/www.facebook.com\/conexion23com","article_published_time":"2025-06-20T11:21:58+00:00","article_modified_time":"2025-06-20T11:22:00+00:00","og_image":[{"width":225,"height":225,"url":"https:\/\/conexion23.com\/wp-content\/uploads\/2025\/06\/descarga-1-20.jpg","type":"image\/jpeg"}],"author":"Raffy Ben\u00edtez","twitter_card":"summary_large_image","twitter_misc":{"Escrito por":"Raffy Ben\u00edtez","Tiempo de lectura":"1 minuto"},"schema":{"@context":"https:\/\/schema.org","@graph":[{"@type":"Article","@id":"https:\/\/conexion23.com\/?p=40483#article","isPartOf":{"@id":"https:\/\/conexion23.com\/?p=40483"},"author":{"name":"Raffy Ben\u00edtez","@id":"https:\/\/conexion23.com\/#\/schema\/person\/03e36043331117e97a373299bbcd30a6"},"headline":"Asesinan a \u00abNelio el Brujo\u00bb en San Antonio de Guerra, Ni\u00f1a Resulta Herida de Bala.","datePublished":"2025-06-20T11:21:58+00:00","dateModified":"2025-06-20T11:22:00+00:00","mainEntityOfPage":{"@id":"https:\/\/conexion23.com\/?p=40483"},"wordCount":175,"commentCount":0,"publisher":{"@id":"https:\/\/conexion23.com\/#organization"},"image":{"@id":"https:\/\/conexion23.com\/?p=40483#primaryimage"},"thumbnailUrl":"https:\/\/conexion23.com\/wp-content\/uploads\/2025\/06\/descarga-1-20.jpg","articleSection":["Uncategorized"],"inLanguage":"es","potentialAction":[{"@type":"CommentAction","name":"Comment","target":["https:\/\/conexion23.com\/?p=40483#respond"]}]},{"@type":"WebPage","@id":"https:\/\/conexion23.com\/?p=40483","url":"https:\/\/conexion23.com\/?p=40483","name":"Asesinan a \"Nelio el Brujo\" en San Antonio de Guerra, Ni\u00f1a Resulta Herida de Bala. - Conexi\u00f3n 23","isPartOf":{"@id":"https:\/\/conexion23.com\/#website"},"primaryImageOfPage":{"@id":"https:\/\/conexion23.com\/?p=40483#primaryimage"},"image":{"@id":"https:\/\/conexion23.com\/?p=40483#primaryimage"},"thumbnailUrl":"https:\/\/conexion23.com\/wp-content\/uploads\/2025\/06\/descarga-1-20.jpg","datePublished":"2025-06-20T11:21:58+00:00","dateModified":"2025-06-20T11:22:00+00:00","breadcrumb":{"@id":"https:\/\/conexion23.com\/?p=40483#breadcrumb"},"inLanguage":"es","potentialAction":[{"@type":"ReadAction","target":["https:\/\/conexion23.com\/?p=40483"]}]},{"@type":"ImageObject","inLanguage":"es","@id":"https:\/\/conexion23.com\/?p=40483#primaryimage","url":"https:\/\/conexion23.com\/wp-content\/uploads\/2025\/06\/descarga-1-20.jpg","contentUrl":"https:\/\/conexion23.com\/wp-content\/uploads\/2025\/06\/descarga-1-20.jpg","width":225,"height":225},{"@type":"BreadcrumbList","@id":"https:\/\/conexion23.com\/?p=40483#breadcrumb","itemListElement":[{"@type":"ListItem","position":1,"name":"Portada","item":"https:\/\/conexion23.com\/"},{"@type":"ListItem","position":2,"name":"Asesinan a \u00abNelio el Brujo\u00bb en San Antonio de Guerra, Ni\u00f1a Resulta Herida de Bala."}]},{"@type":"WebSite","@id":"https:\/\/conexion23.com\/#website","url":"https:\/\/conexion23.com\/","name":"Conexi\u00f3n 23","description":"Peri\u00f3dico 100% Petromacorisano","publisher":{"@id":"https:\/\/conexion23.com\/#organization"},"potentialAction":[{"@type":"SearchAction","target":{"@type":"EntryPoint","urlTemplate":"https:\/\/conexion23.com\/?s={search_term_string}"},"query-input":{"@type":"PropertyValueSpecification","valueRequired":true,"valueName":"search_term_string"}}],"inLanguage":"es"},{"@type":"Organization","@id":"https:\/\/conexion23.com\/#organization","name":"Conexion 23","url":"https:\/\/conexion23.com\/","logo":{"@type":"ImageObject","inLanguage":"es","@id":"https:\/\/conexion23.com\/#\/schema\/logo\/image\/","url":"https:\/\/conexion23.com\/wp-content\/uploads\/2021\/11\/Diseno-sin-titulo-2.png","contentUrl":"https:\/\/conexion23.com\/wp-content\/uploads\/2021\/11\/Diseno-sin-titulo-2.png","width":541,"height":90,"caption":"Conexion 23"},"image":{"@id":"https:\/\/conexion23.com\/#\/schema\/logo\/image\/"},"sameAs":["https:\/\/www.facebook.com\/conexion23com","https:\/\/www.instagram.com\/conexion23com\/","https:\/\/www.youtube.com\/channel\/UCYc7vxxFZMYLIHNsHHxPZ3Q"]},{"@type":"Person","@id":"https:\/\/conexion23.com\/#\/schema\/person\/03e36043331117e97a373299bbcd30a6","name":"Raffy Ben\u00edtez","image":{"@type":"ImageObject","inLanguage":"es","@id":"https:\/\/conexion23.com\/#\/schema\/person\/image\/","url":"https:\/\/secure.gravatar.com\/avatar\/3190a6a6c5e1b0327500f7d6c56b6242472ee6cb974cf09b401ee6b3b0798f23?s=96&d=mm&r=g","contentUrl":"https:\/\/secure.gravatar.com\/avatar\/3190a6a6c5e1b0327500f7d6c56b6242472ee6cb974cf09b401ee6b3b0798f23?s=96&d=mm&r=g","caption":"Raffy Ben\u00edtez"},"url":"https:\/\/conexion23.com\/?author=15"}]}},"_links":{"self":[{"href":"https:\/\/conexion23.com\/index.php?rest_route=\/wp\/v2\/posts\/40483","targetHints":{"allow":["GET"]}}],"collection":[{"href":"https:\/\/conexion23.com\/index.php?rest_route=\/wp\/v2\/posts"}],"about":[{"href":"https:\/\/conexion23.com\/index.php?rest_route=\/wp\/v2\/types\/post"}],"author":[{"embeddable":true,"href":"https:\/\/conexion23.com\/index.php?rest_route=\/wp\/v2\/users\/15"}],"replies":[{"embeddable":true,"href":"https:\/\/conexion23.com\/index.php?rest_route=%2Fwp%2Fv2%2Fcomments&post=40483"}],"version-history":[{"count":1,"href":"https:\/\/conexion23.com\/index.php?rest_route=\/wp\/v2\/posts\/40483\/revisions"}],"predecessor-version":[{"id":40485,"href":"https:\/\/conexion23.com\/index.php?rest_route=\/wp\/v2\/posts\/40483\/revisions\/40485"}],"wp:featuredmedia":[{"embeddable":true,"href":"https:\/\/conexion23.com\/index.php?rest_route=\/wp\/v2\/media\/40484"}],"wp:attachment":[{"href":"https:\/\/conexion23.com\/index.php?rest_route=%2Fwp%2Fv2%2Fmedia&parent=40483"}],"wp:term":[{"taxonomy":"category","embeddable":true,"href":"https:\/\/conexion23.com\/index.php?rest_route=%2Fwp%2Fv2%2Fcategories&post=40483"},{"taxonomy":"post_tag","embeddable":true,"href":"https:\/\/conexion23.com\/index.php?rest_route=%2Fwp%2Fv2%2Ftags&post=40483"}],"curies":[{"name":"wp","href":"https:\/\/api.w.org\/{rel}","templated":true}]}}