{"id":4050,"date":"2022-03-06T15:24:15","date_gmt":"2022-03-06T19:24:15","guid":{"rendered":"https:\/\/conexion23.com\/?p=4050"},"modified":"2022-03-06T15:24:24","modified_gmt":"2022-03-06T19:24:24","slug":"26-heridos-3-de-gravedad-y-ningun-detenido-horas-despues-de-la-batalla-campal-de-queretaro","status":"publish","type":"post","link":"https:\/\/conexion23.com\/?p=4050","title":{"rendered":"26 heridos, 3 de gravedad y ning\u00fan detenido horas despu\u00e9s de la batalla campal de Quer\u00e9taro"},"content":{"rendered":"\n<p class=\"wp-block-paragraph\">El mundo del f\u00fatbol, y no solo, despert\u00f3 este domingo conmocionado por las im\u00e1genes que segu\u00edan llegando de M\u00e9xico. Horas despu\u00e9s de&nbsp;<a href=\"https:\/\/elpais.com\/mexico\/2022-03-06\/la-violencia-desborda-al-futbol-mexicano-y-obliga-a-suspender-el-partido-entre-queretaro-y-atlas.html\">la batalla campal entre los hinchas de los Gallos de Quer\u00e9taro y del Atlas<\/a>, en torno a las 11 de la ma\u00f1ana, el saldo oficial era de 26 personas heridas trasladadas al hospital, 3 de ellas de gravedad y ning\u00fan detenido. Pese a ello, la Fiscal\u00eda de Quer\u00e9taro ha abierto carpetas de investigaci\u00f3n por delito de homicidio en grado de tentativa.<\/p>\n\n\n\n<p class=\"wp-block-paragraph\">Las preguntas se acumulan con el paso de las horas sin que las autoridades tengan respuestas claras sobre lo que ocurri\u00f3 y por qu\u00e9 no pudo evitarse la tragedia. Lo primero que las autoridades del Estado de Quer\u00e9taro informaron es que la empresa de seguridad no despleg\u00f3 a todos los elementos a los que se hab\u00eda comprometido en las reuniones previas sobre el operativo a desplegar en el estadio.<\/p>\n\n\n\n<figure class=\"wp-block-image size-full is-style-default\"><img decoding=\"async\" src=\"https:\/\/conexion23.com\/wp-content\/uploads\/2022\/03\/1646538771_057938_1646539013_album_normal.jpg\" alt=\"\" class=\"wp-image-4052\"\/><\/figure>\n\n\n\n<p class=\"wp-block-paragraph\">Solo la tragedia de Puerto Said, en Egipto, hace ahora 10 a\u00f1os, en la que murieron m\u00e1s de 70 personas y mil resultaron heridas, se puede considerar de una magnitud mayor a la del enfrentamiento entre las hinchadas de los Gallos de Quer\u00e9taro y Atlas. Con una diferencia muy clara, entonces apenas hubo registro gr\u00e1fico de los incidentes en s\u00ed, mientras que este s\u00e1bado los v\u00eddeos sobre la brutalidad de los supuestos aficionados circulaban en tiempo real y hac\u00edan cuestionarse, m\u00e1s que nunca, la versi\u00f3n de las autoridades mexicanas.<\/p>\n\n\n\n<p class=\"wp-block-paragraph\">Las im\u00e1genes que circularon han puesto en entredicho la versi\u00f3n oficial de que no haya fallecidos tras la reyerta, cuando se ha visto cuerpos tirados en el suelo inm\u00f3viles despu\u00e9s de ser golpeados hasta la extenuaci\u00f3n. Las autoridades, no obstante, aseguran que algunas de esas personas fueron identificadas posteriormente en el hospital. \u201cUsaremos toda la tecnolog\u00eda para dar con cada uno de los responsables y que no vuelvan a poner un pie en el estadio\u201d, asegur\u00f3 el gobernador Mauricio Kuri.<\/p>\n\n\n\n<p class=\"wp-block-paragraph\">La reacci\u00f3n de la Liga MX fue tambi\u00e9n muy criticada. Los partidos del s\u00e1bado se siguieron jugando pese a las im\u00e1genes que llegaban de Quer\u00e9taro, y no fue hasta que la presi\u00f3n social, sobre todo a trav\u00e9s de las redes, fue en aumento que el presidente de la Liga, Mikel Arriola, un antiguo pol\u00edtico del PRI, decidi\u00f3 suspender la jornada de este domingo. No obstante, son muchas las voces en M\u00e9xico que piden que, como escarmiento y a modo de reflexi\u00f3n, se suspenda toda lo que queda de Liga. Algo que, por otra parte, se antoja quim\u00e9rico y que da\u00f1ar\u00eda a\u00fan m\u00e1s la imagen de un pa\u00eds que ser\u00e1 sede, junto a Estados Unidos y Canad\u00e1, del Mundial posterior al de este a\u00f1o en Qatar.<\/p>\n\n\n\n<figure class=\"wp-block-image size-full is-style-default\"><img decoding=\"async\" src=\"https:\/\/conexion23.com\/wp-content\/uploads\/2022\/03\/1646538771_057938_1646539102_album_normal.jpg\" alt=\"\" class=\"wp-image-4053\"\/><\/figure>\n\n\n\n<p class=\"wp-block-paragraph\">La rivalidad entre las aficiones de Quer\u00e9taro y Atlas se remonta a 2007, cuando el cuadro rojinegro, sin nada en juego, logr\u00f3 una victoria que hundi\u00f3 a los Gallos a la extinta Primera A, una suerte de segunda categor\u00eda. Despu\u00e9s de aquel partido se registraron algunos incidentes, que dejaron heridos y detenidos. Tres a\u00f1os despu\u00e9s, se volvieron a encontrar en Quer\u00e9taro y Corregidora volvi\u00f3 a ser escenario de incidentes. Ambos clubes decidieron prohibir el acceso a la hinchada visitante en los sucesivos a\u00f1os, pero la medida se suprimi\u00f3 con el tiempo.<\/p>\n\n\n\n<p class=\"wp-block-paragraph\">No obstante, ambas hinchadas han protagonizado espect\u00e1culos infames a lo largo de los \u00faltimos a\u00f1os. Los aficionados m\u00e1s sanguinarios de los Gallos, en octubre de 2019, comenzaron una batalla en las gradas contra los hinchas del Atl\u00e9tico de San Luis, la franquicia del Atl\u00e9tico de Madrid en M\u00e9xico. Esa vez solo hubo una amenaza de veto del campo por parte de los altos mandos del f\u00fatbol mexicano y volvieron a la normalidad. En 2015, los radicales del Atlas invadieron el campo en un partido contra las Chivas, su m\u00e1ximo rival, con apenas 54 minutos de juego. La barra del conjunto rojinegro baj\u00f3 al campo a increpar&nbsp;<a href=\"https:\/\/elpais.com\/deportes\/2017\/02\/10\/actualidad\/1486755173_965117.html\">a sus futbolistas<\/a>&nbsp;que perd\u00edan 4-1, los polic\u00edas tambi\u00e9n perdieron el control los primeros minutos, pero lograron proteger a los futbolistas y cerrar las entradas a la cancha. Esa vez solo se contabiliz\u00f3 a una decena de heridos y ning\u00fan muerto. La Federaci\u00f3n Mexicana de F\u00fatbol mult\u00f3 al club con dos partidos sin seguidores en sus tribunas.<\/p>\n\n\n\n<figure class=\"wp-block-image size-full is-style-default\"><img decoding=\"async\" src=\"https:\/\/conexion23.com\/wp-content\/uploads\/2022\/03\/1646538771_057938_1646539195_album_normal.jpg\" alt=\"\" class=\"wp-image-4054\"\/><\/figure>\n\n\n\n<figure class=\"wp-block-image size-full is-style-default\"><img decoding=\"async\" src=\"https:\/\/conexion23.com\/wp-content\/uploads\/2022\/03\/1646538771_057938_1646539269_album_normal.jpg\" alt=\"\" class=\"wp-image-4055\"\/><\/figure>\n\n\n\n<figure class=\"wp-block-image size-full is-style-default\"><img decoding=\"async\" src=\"https:\/\/conexion23.com\/wp-content\/uploads\/2022\/03\/1646538771_057938_1646539602_album_normal.jpg\" alt=\"\" class=\"wp-image-4056\"\/><\/figure>\n\n\n\n<figure class=\"wp-block-image size-full is-style-default\"><img decoding=\"async\" src=\"https:\/\/conexion23.com\/wp-content\/uploads\/2022\/03\/1646538771_057938_1646539687_album_normal.jpg\" alt=\"\" class=\"wp-image-4057\"\/><\/figure>\n\n\n\n<figure class=\"wp-block-image size-full is-style-default\"><img decoding=\"async\" src=\"https:\/\/conexion23.com\/wp-content\/uploads\/2022\/03\/1646538771_057938_1646539754_album_normal.jpg\" alt=\"\" class=\"wp-image-4058\"\/><\/figure>\n\n\n\n<p class=\"wp-block-paragraph\"><a href=\"https:\/\/www.youtube.com\/channel\/UCYc7vxxFZMYLIHNsHHxPZ3Q\"><strong>Suscr\u00edbase aqu\u00ed<\/strong><\/a>a <em>al canal de You Tube  de Conexi\u00f3n 23, \u00a1El peri\u00f3dico del este! <\/em><\/p>\n","protected":false},"excerpt":{"rendered":"<p>El mundo del f\u00fatbol, y no solo, despert\u00f3 este domingo conmocionado por las im\u00e1genes que segu\u00edan llegando de M\u00e9xico. Horas despu\u00e9s de&nbsp;la batalla campal entre los hinchas de los Gallos de Quer\u00e9taro y del Atlas, en torno a las 11 de la ma\u00f1ana, el saldo oficial era de 26 personas heridas trasladadas al hospital, 3 [&hellip;]<\/p>\n","protected":false},"author":7,"featured_media":0,"comment_status":"open","ping_status":"open","sticky":false,"template":"","format":"standard","meta":{"footnotes":""},"categories":[1],"tags":[],"class_list":["post-4050","post","type-post","status-publish","format-standard","category-uncategorized"],"yoast_head":"<!-- This site is optimized with the Yoast SEO plugin v27.6 - https:\/\/yoast.com\/product\/yoast-seo-wordpress\/ -->\n<title>26 heridos, 3 de gravedad y ning\u00fan detenido horas despu\u00e9s de la batalla campal de Quer\u00e9taro - Conexi\u00f3n 23<\/title>\n<meta name=\"description\" content=\"Lo primero que las autoridades del Estado de Quer\u00e9taro informaron es que la empresa de seguridad no despleg\u00f3 a todos los elementos a los que se hab\u00eda comprometido en las reuniones previas sobre el operativo a desplegar en el estadio.\" \/>\n<meta name=\"robots\" content=\"index, follow, max-snippet:-1, max-image-preview:large, max-video-preview:-1\" \/>\n<link rel=\"canonical\" href=\"https:\/\/conexion23.com\/?p=4050\" \/>\n<meta property=\"og:locale\" content=\"es_ES\" \/>\n<meta property=\"og:type\" content=\"article\" \/>\n<meta property=\"og:title\" content=\"26 heridos, 3 de gravedad y ning\u00fan detenido horas despu\u00e9s de la batalla campal de Quer\u00e9taro - Conexi\u00f3n 23\" \/>\n<meta property=\"og:description\" content=\"Lo primero que las autoridades del Estado de Quer\u00e9taro informaron es que la empresa de seguridad no despleg\u00f3 a todos los elementos a los que se hab\u00eda comprometido en las reuniones previas sobre el operativo a desplegar en el estadio.\" \/>\n<meta property=\"og:url\" content=\"https:\/\/conexion23.com\/?p=4050\" \/>\n<meta property=\"og:site_name\" content=\"Conexi\u00f3n 23\" \/>\n<meta property=\"article:publisher\" content=\"https:\/\/www.facebook.com\/conexion23com\" \/>\n<meta property=\"article:published_time\" content=\"2022-03-06T19:24:15+00:00\" \/>\n<meta property=\"article:modified_time\" content=\"2022-03-06T19:24:24+00:00\" \/>\n<meta property=\"og:image\" content=\"https:\/\/conexion23.com\/wp-content\/uploads\/2022\/03\/1646538771_057938_1646539013_album_normal.jpg\" \/>\n<meta name=\"author\" content=\"Benjam\u00edn Rosario\" \/>\n<meta name=\"twitter:card\" content=\"summary_large_image\" \/>\n<meta name=\"twitter:label1\" content=\"Escrito por\" \/>\n\t<meta name=\"twitter:data1\" content=\"Benjam\u00edn Rosario\" \/>\n\t<meta name=\"twitter:label2\" content=\"Tiempo de lectura\" \/>\n\t<meta name=\"twitter:data2\" content=\"5 minutos\" \/>\n<script type=\"application\/ld+json\" class=\"yoast-schema-graph\">{\"@context\":\"https:\\\/\\\/schema.org\",\"@graph\":[{\"@type\":\"Article\",\"@id\":\"https:\\\/\\\/conexion23.com\\\/?p=4050#article\",\"isPartOf\":{\"@id\":\"https:\\\/\\\/conexion23.com\\\/?p=4050\"},\"author\":{\"name\":\"Benjam\u00edn Rosario\",\"@id\":\"http:\\\/\\\/conexion23.com\\\/#\\\/schema\\\/person\\\/c0b7ce1f0e7a915d08fa289072b8353a\"},\"headline\":\"26 heridos, 3 de gravedad y ning\u00fan detenido horas despu\u00e9s de la batalla campal de Quer\u00e9taro\",\"datePublished\":\"2022-03-06T19:24:15+00:00\",\"dateModified\":\"2022-03-06T19:24:24+00:00\",\"mainEntityOfPage\":{\"@id\":\"https:\\\/\\\/conexion23.com\\\/?p=4050\"},\"wordCount\":794,\"commentCount\":0,\"publisher\":{\"@id\":\"http:\\\/\\\/conexion23.com\\\/#organization\"},\"image\":{\"@id\":\"https:\\\/\\\/conexion23.com\\\/?p=4050#primaryimage\"},\"thumbnailUrl\":\"https:\\\/\\\/conexion23.com\\\/wp-content\\\/uploads\\\/2022\\\/03\\\/1646538771_057938_1646539013_album_normal.jpg\",\"articleSection\":[\"Uncategorized\"],\"inLanguage\":\"es\",\"potentialAction\":[{\"@type\":\"CommentAction\",\"name\":\"Comment\",\"target\":[\"https:\\\/\\\/conexion23.com\\\/?p=4050#respond\"]}]},{\"@type\":\"WebPage\",\"@id\":\"https:\\\/\\\/conexion23.com\\\/?p=4050\",\"url\":\"https:\\\/\\\/conexion23.com\\\/?p=4050\",\"name\":\"26 heridos, 3 de gravedad y ning\u00fan detenido horas despu\u00e9s de la batalla campal de Quer\u00e9taro - Conexi\u00f3n 23\",\"isPartOf\":{\"@id\":\"http:\\\/\\\/conexion23.com\\\/#website\"},\"primaryImageOfPage\":{\"@id\":\"https:\\\/\\\/conexion23.com\\\/?p=4050#primaryimage\"},\"image\":{\"@id\":\"https:\\\/\\\/conexion23.com\\\/?p=4050#primaryimage\"},\"thumbnailUrl\":\"https:\\\/\\\/conexion23.com\\\/wp-content\\\/uploads\\\/2022\\\/03\\\/1646538771_057938_1646539013_album_normal.jpg\",\"datePublished\":\"2022-03-06T19:24:15+00:00\",\"dateModified\":\"2022-03-06T19:24:24+00:00\",\"description\":\"Lo primero que las autoridades del Estado de Quer\u00e9taro informaron es que la empresa de seguridad no despleg\u00f3 a todos los elementos a los que se hab\u00eda comprometido en las reuniones previas sobre el operativo a desplegar en el estadio.\",\"breadcrumb\":{\"@id\":\"https:\\\/\\\/conexion23.com\\\/?p=4050#breadcrumb\"},\"inLanguage\":\"es\",\"potentialAction\":[{\"@type\":\"ReadAction\",\"target\":[\"https:\\\/\\\/conexion23.com\\\/?p=4050\"]}]},{\"@type\":\"ImageObject\",\"inLanguage\":\"es\",\"@id\":\"https:\\\/\\\/conexion23.com\\\/?p=4050#primaryimage\",\"url\":\"https:\\\/\\\/conexion23.com\\\/wp-content\\\/uploads\\\/2022\\\/03\\\/1646538771_057938_1646539013_album_normal.jpg\",\"contentUrl\":\"https:\\\/\\\/conexion23.com\\\/wp-content\\\/uploads\\\/2022\\\/03\\\/1646538771_057938_1646539013_album_normal.jpg\"},{\"@type\":\"BreadcrumbList\",\"@id\":\"https:\\\/\\\/conexion23.com\\\/?p=4050#breadcrumb\",\"itemListElement\":[{\"@type\":\"ListItem\",\"position\":1,\"name\":\"Portada\",\"item\":\"http:\\\/\\\/conexion23.com\\\/\"},{\"@type\":\"ListItem\",\"position\":2,\"name\":\"26 heridos, 3 de gravedad y ning\u00fan detenido horas despu\u00e9s de la batalla campal de Quer\u00e9taro\"}]},{\"@type\":\"WebSite\",\"@id\":\"http:\\\/\\\/conexion23.com\\\/#website\",\"url\":\"http:\\\/\\\/conexion23.com\\\/\",\"name\":\"Conexi\u00f3n 23\",\"description\":\"Peri\u00f3dico 100% Petromacorisano\",\"publisher\":{\"@id\":\"http:\\\/\\\/conexion23.com\\\/#organization\"},\"potentialAction\":[{\"@type\":\"SearchAction\",\"target\":{\"@type\":\"EntryPoint\",\"urlTemplate\":\"http:\\\/\\\/conexion23.com\\\/?s={search_term_string}\"},\"query-input\":{\"@type\":\"PropertyValueSpecification\",\"valueRequired\":true,\"valueName\":\"search_term_string\"}}],\"inLanguage\":\"es\"},{\"@type\":\"Organization\",\"@id\":\"http:\\\/\\\/conexion23.com\\\/#organization\",\"name\":\"Conexion 23\",\"url\":\"http:\\\/\\\/conexion23.com\\\/\",\"logo\":{\"@type\":\"ImageObject\",\"inLanguage\":\"es\",\"@id\":\"http:\\\/\\\/conexion23.com\\\/#\\\/schema\\\/logo\\\/image\\\/\",\"url\":\"https:\\\/\\\/conexion23.com\\\/wp-content\\\/uploads\\\/2021\\\/11\\\/Diseno-sin-titulo-2.png\",\"contentUrl\":\"https:\\\/\\\/conexion23.com\\\/wp-content\\\/uploads\\\/2021\\\/11\\\/Diseno-sin-titulo-2.png\",\"width\":541,\"height\":90,\"caption\":\"Conexion 23\"},\"image\":{\"@id\":\"http:\\\/\\\/conexion23.com\\\/#\\\/schema\\\/logo\\\/image\\\/\"},\"sameAs\":[\"https:\\\/\\\/www.facebook.com\\\/conexion23com\",\"https:\\\/\\\/www.instagram.com\\\/conexion23com\\\/\",\"https:\\\/\\\/www.youtube.com\\\/channel\\\/UCYc7vxxFZMYLIHNsHHxPZ3Q\"]},{\"@type\":\"Person\",\"@id\":\"http:\\\/\\\/conexion23.com\\\/#\\\/schema\\\/person\\\/c0b7ce1f0e7a915d08fa289072b8353a\",\"name\":\"Benjam\u00edn Rosario\",\"image\":{\"@type\":\"ImageObject\",\"inLanguage\":\"es\",\"@id\":\"https:\\\/\\\/secure.gravatar.com\\\/avatar\\\/62e1b2539b49cdeb50ee302e2a5f2bd31dc7fdba412bbac67e2a2a6e0c89bb2a?s=96&d=mm&r=g\",\"url\":\"https:\\\/\\\/secure.gravatar.com\\\/avatar\\\/62e1b2539b49cdeb50ee302e2a5f2bd31dc7fdba412bbac67e2a2a6e0c89bb2a?s=96&d=mm&r=g\",\"contentUrl\":\"https:\\\/\\\/secure.gravatar.com\\\/avatar\\\/62e1b2539b49cdeb50ee302e2a5f2bd31dc7fdba412bbac67e2a2a6e0c89bb2a?s=96&d=mm&r=g\",\"caption\":\"Benjam\u00edn Rosario\"},\"url\":\"https:\\\/\\\/conexion23.com\\\/?author=7\"}]}<\/script>\n<!-- \/ Yoast SEO plugin. -->","yoast_head_json":{"title":"26 heridos, 3 de gravedad y ning\u00fan detenido horas despu\u00e9s de la batalla campal de Quer\u00e9taro - Conexi\u00f3n 23","description":"Lo primero que las autoridades del Estado de Quer\u00e9taro informaron es que la empresa de seguridad no despleg\u00f3 a todos los elementos a los que se hab\u00eda comprometido en las reuniones previas sobre el operativo a desplegar en el estadio.","robots":{"index":"index","follow":"follow","max-snippet":"max-snippet:-1","max-image-preview":"max-image-preview:large","max-video-preview":"max-video-preview:-1"},"canonical":"https:\/\/conexion23.com\/?p=4050","og_locale":"es_ES","og_type":"article","og_title":"26 heridos, 3 de gravedad y ning\u00fan detenido horas despu\u00e9s de la batalla campal de Quer\u00e9taro - Conexi\u00f3n 23","og_description":"Lo primero que las autoridades del Estado de Quer\u00e9taro informaron es que la empresa de seguridad no despleg\u00f3 a todos los elementos a los que se hab\u00eda comprometido en las reuniones previas sobre el operativo a desplegar en el estadio.","og_url":"https:\/\/conexion23.com\/?p=4050","og_site_name":"Conexi\u00f3n 23","article_publisher":"https:\/\/www.facebook.com\/conexion23com","article_published_time":"2022-03-06T19:24:15+00:00","article_modified_time":"2022-03-06T19:24:24+00:00","og_image":[{"url":"https:\/\/conexion23.com\/wp-content\/uploads\/2022\/03\/1646538771_057938_1646539013_album_normal.jpg","type":"","width":"","height":""}],"author":"Benjam\u00edn Rosario","twitter_card":"summary_large_image","twitter_misc":{"Escrito por":"Benjam\u00edn Rosario","Tiempo de lectura":"5 minutos"},"schema":{"@context":"https:\/\/schema.org","@graph":[{"@type":"Article","@id":"https:\/\/conexion23.com\/?p=4050#article","isPartOf":{"@id":"https:\/\/conexion23.com\/?p=4050"},"author":{"name":"Benjam\u00edn Rosario","@id":"http:\/\/conexion23.com\/#\/schema\/person\/c0b7ce1f0e7a915d08fa289072b8353a"},"headline":"26 heridos, 3 de gravedad y ning\u00fan detenido horas despu\u00e9s de la batalla campal de Quer\u00e9taro","datePublished":"2022-03-06T19:24:15+00:00","dateModified":"2022-03-06T19:24:24+00:00","mainEntityOfPage":{"@id":"https:\/\/conexion23.com\/?p=4050"},"wordCount":794,"commentCount":0,"publisher":{"@id":"http:\/\/conexion23.com\/#organization"},"image":{"@id":"https:\/\/conexion23.com\/?p=4050#primaryimage"},"thumbnailUrl":"https:\/\/conexion23.com\/wp-content\/uploads\/2022\/03\/1646538771_057938_1646539013_album_normal.jpg","articleSection":["Uncategorized"],"inLanguage":"es","potentialAction":[{"@type":"CommentAction","name":"Comment","target":["https:\/\/conexion23.com\/?p=4050#respond"]}]},{"@type":"WebPage","@id":"https:\/\/conexion23.com\/?p=4050","url":"https:\/\/conexion23.com\/?p=4050","name":"26 heridos, 3 de gravedad y ning\u00fan detenido horas despu\u00e9s de la batalla campal de Quer\u00e9taro - Conexi\u00f3n 23","isPartOf":{"@id":"http:\/\/conexion23.com\/#website"},"primaryImageOfPage":{"@id":"https:\/\/conexion23.com\/?p=4050#primaryimage"},"image":{"@id":"https:\/\/conexion23.com\/?p=4050#primaryimage"},"thumbnailUrl":"https:\/\/conexion23.com\/wp-content\/uploads\/2022\/03\/1646538771_057938_1646539013_album_normal.jpg","datePublished":"2022-03-06T19:24:15+00:00","dateModified":"2022-03-06T19:24:24+00:00","description":"Lo primero que las autoridades del Estado de Quer\u00e9taro informaron es que la empresa de seguridad no despleg\u00f3 a todos los elementos a los que se hab\u00eda comprometido en las reuniones previas sobre el operativo a desplegar en el estadio.","breadcrumb":{"@id":"https:\/\/conexion23.com\/?p=4050#breadcrumb"},"inLanguage":"es","potentialAction":[{"@type":"ReadAction","target":["https:\/\/conexion23.com\/?p=4050"]}]},{"@type":"ImageObject","inLanguage":"es","@id":"https:\/\/conexion23.com\/?p=4050#primaryimage","url":"https:\/\/conexion23.com\/wp-content\/uploads\/2022\/03\/1646538771_057938_1646539013_album_normal.jpg","contentUrl":"https:\/\/conexion23.com\/wp-content\/uploads\/2022\/03\/1646538771_057938_1646539013_album_normal.jpg"},{"@type":"BreadcrumbList","@id":"https:\/\/conexion23.com\/?p=4050#breadcrumb","itemListElement":[{"@type":"ListItem","position":1,"name":"Portada","item":"http:\/\/conexion23.com\/"},{"@type":"ListItem","position":2,"name":"26 heridos, 3 de gravedad y ning\u00fan detenido horas despu\u00e9s de la batalla campal de Quer\u00e9taro"}]},{"@type":"WebSite","@id":"http:\/\/conexion23.com\/#website","url":"http:\/\/conexion23.com\/","name":"Conexi\u00f3n 23","description":"Peri\u00f3dico 100% Petromacorisano","publisher":{"@id":"http:\/\/conexion23.com\/#organization"},"potentialAction":[{"@type":"SearchAction","target":{"@type":"EntryPoint","urlTemplate":"http:\/\/conexion23.com\/?s={search_term_string}"},"query-input":{"@type":"PropertyValueSpecification","valueRequired":true,"valueName":"search_term_string"}}],"inLanguage":"es"},{"@type":"Organization","@id":"http:\/\/conexion23.com\/#organization","name":"Conexion 23","url":"http:\/\/conexion23.com\/","logo":{"@type":"ImageObject","inLanguage":"es","@id":"http:\/\/conexion23.com\/#\/schema\/logo\/image\/","url":"https:\/\/conexion23.com\/wp-content\/uploads\/2021\/11\/Diseno-sin-titulo-2.png","contentUrl":"https:\/\/conexion23.com\/wp-content\/uploads\/2021\/11\/Diseno-sin-titulo-2.png","width":541,"height":90,"caption":"Conexion 23"},"image":{"@id":"http:\/\/conexion23.com\/#\/schema\/logo\/image\/"},"sameAs":["https:\/\/www.facebook.com\/conexion23com","https:\/\/www.instagram.com\/conexion23com\/","https:\/\/www.youtube.com\/channel\/UCYc7vxxFZMYLIHNsHHxPZ3Q"]},{"@type":"Person","@id":"http:\/\/conexion23.com\/#\/schema\/person\/c0b7ce1f0e7a915d08fa289072b8353a","name":"Benjam\u00edn Rosario","image":{"@type":"ImageObject","inLanguage":"es","@id":"https:\/\/secure.gravatar.com\/avatar\/62e1b2539b49cdeb50ee302e2a5f2bd31dc7fdba412bbac67e2a2a6e0c89bb2a?s=96&d=mm&r=g","url":"https:\/\/secure.gravatar.com\/avatar\/62e1b2539b49cdeb50ee302e2a5f2bd31dc7fdba412bbac67e2a2a6e0c89bb2a?s=96&d=mm&r=g","contentUrl":"https:\/\/secure.gravatar.com\/avatar\/62e1b2539b49cdeb50ee302e2a5f2bd31dc7fdba412bbac67e2a2a6e0c89bb2a?s=96&d=mm&r=g","caption":"Benjam\u00edn Rosario"},"url":"https:\/\/conexion23.com\/?author=7"}]}},"_links":{"self":[{"href":"https:\/\/conexion23.com\/index.php?rest_route=\/wp\/v2\/posts\/4050","targetHints":{"allow":["GET"]}}],"collection":[{"href":"https:\/\/conexion23.com\/index.php?rest_route=\/wp\/v2\/posts"}],"about":[{"href":"https:\/\/conexion23.com\/index.php?rest_route=\/wp\/v2\/types\/post"}],"author":[{"embeddable":true,"href":"https:\/\/conexion23.com\/index.php?rest_route=\/wp\/v2\/users\/7"}],"replies":[{"embeddable":true,"href":"https:\/\/conexion23.com\/index.php?rest_route=%2Fwp%2Fv2%2Fcomments&post=4050"}],"version-history":[{"count":1,"href":"https:\/\/conexion23.com\/index.php?rest_route=\/wp\/v2\/posts\/4050\/revisions"}],"predecessor-version":[{"id":4059,"href":"https:\/\/conexion23.com\/index.php?rest_route=\/wp\/v2\/posts\/4050\/revisions\/4059"}],"wp:attachment":[{"href":"https:\/\/conexion23.com\/index.php?rest_route=%2Fwp%2Fv2%2Fmedia&parent=4050"}],"wp:term":[{"taxonomy":"category","embeddable":true,"href":"https:\/\/conexion23.com\/index.php?rest_route=%2Fwp%2Fv2%2Fcategories&post=4050"},{"taxonomy":"post_tag","embeddable":true,"href":"https:\/\/conexion23.com\/index.php?rest_route=%2Fwp%2Fv2%2Ftags&post=4050"}],"curies":[{"name":"wp","href":"https:\/\/api.w.org\/{rel}","templated":true}]}}