{"id":40510,"date":"2025-06-20T08:17:32","date_gmt":"2025-06-20T12:17:32","guid":{"rendered":"https:\/\/conexion23.com\/?p=40510"},"modified":"2025-06-20T08:17:35","modified_gmt":"2025-06-20T12:17:35","slug":"los-propietarios-irian-presos-si-desalojan-sin-orden-judicial","status":"publish","type":"post","link":"https:\/\/conexion23.com\/?p=40510","title":{"rendered":"Los propietarios ir\u00edan presos si desalojan sin orden judicial."},"content":{"rendered":"\n<p class=\"wp-block-paragraph\">En caso de que el propietario de una casa o inmueble comercial&nbsp;<strong>desaloje a un inquilino<\/strong>&nbsp;por cualquier raz\u00f3n sin agotar el&nbsp;<strong>tr\u00e1mite judicial correspondiente<\/strong>, estar\u00eda enfrentando&nbsp;<strong>penas carcelarias<\/strong>&nbsp;que ir\u00edan desde tres hasta los cinco a\u00f1os de prisi\u00f3n.<\/p>\n\n\n\n<p class=\"wp-block-paragraph\">As\u00ed lo establece el&nbsp;<strong>informe de una comisi\u00f3n especial<\/strong>&nbsp;que dirigi\u00f3 el&nbsp;<strong>diputado perreme\u00edsta Amado D\u00edaz<\/strong>. El informe se emiti\u00f3 tras el estudio, a cargo de una comisi\u00f3n,&nbsp; del&nbsp;<strong>proyecto de ley de alquileres<\/strong>&nbsp;de bienes inmuebles y desahucios, propuesto por el presidente de la C\u00e1mara Baja, Alfredo Pacheco.&nbsp;<\/p>\n\n\n\n<p class=\"wp-block-paragraph\">El documento ahora debe debatirse en alguna sesi\u00f3n de&nbsp;<strong>los diputados<\/strong>, que decidir\u00e1n con sus votos si aprueban o rechazan la pieza de ley.<\/p>\n\n\n\n<p class=\"wp-block-paragraph\">Seg\u00fan el art\u00edculo 51 del\u00a0<strong>informe<\/strong>\u00a0al\u00a0<strong>proyecto de ley<\/strong>, los\u00a0<strong>propietarios<\/strong>,\u00a0<strong>arrendadores<\/strong>\u00a0o abogados que ejecuten un\u00a0<strong>desalojo<\/strong>\u00a0sin las formalidades judiciales ser\u00edan sancionados con penas de tres a cinco a\u00f1os de prisi\u00f3n, adem\u00e1s de la imposici\u00f3n de una multa que ir\u00eda desde los 10 hasta los 20 salarios m\u00ednimos del sector p\u00fablico.<\/p>\n\n\n\n<p class=\"wp-block-paragraph\">M\u00e1s abajo, en el art\u00edculo 52, la propuesta establece que cualquier&nbsp;<strong>ejercicio temerario<\/strong>&nbsp;contra los inquilinos se debatir\u00e1 en un&nbsp;<strong>juzgado<\/strong>&nbsp;y all\u00ed se impondr\u00e1n las&nbsp;<strong>sanciones<\/strong>&nbsp;contra los&nbsp;<strong>propietarios<\/strong>. Si el supuesto abuso es cometido por un&nbsp;<strong>alguacil<\/strong>&nbsp;o un abogado, la Suprema Corte de Justicia y la Procuradur\u00eda deber\u00e1n debatir otras medidas disciplinarias.<\/p>\n","protected":false},"excerpt":{"rendered":"<p>En caso de que el propietario de una casa o inmueble comercial&nbsp;desaloje a un inquilino&nbsp;por cualquier raz\u00f3n sin agotar el&nbsp;tr\u00e1mite judicial correspondiente, estar\u00eda enfrentando&nbsp;penas carcelarias&nbsp;que ir\u00edan desde tres hasta los cinco a\u00f1os de prisi\u00f3n. As\u00ed lo establece el&nbsp;informe de una comisi\u00f3n especial&nbsp;que dirigi\u00f3 el&nbsp;diputado perreme\u00edsta Amado D\u00edaz. El informe se emiti\u00f3 tras el estudio, a [&hellip;]<\/p>\n","protected":false},"author":15,"featured_media":40511,"comment_status":"open","ping_status":"open","sticky":false,"template":"","format":"standard","meta":{"footnotes":""},"categories":[1],"tags":[],"class_list":["post-40510","post","type-post","status-publish","format-standard","has-post-thumbnail","category-uncategorized"],"yoast_head":"<!-- This site is optimized with the Yoast SEO plugin v27.6 - https:\/\/yoast.com\/product\/yoast-seo-wordpress\/ -->\n<title>Los propietarios ir\u00edan presos si desalojan sin orden judicial. - Conexi\u00f3n 23<\/title>\n<meta name=\"robots\" content=\"index, follow, max-snippet:-1, max-image-preview:large, max-video-preview:-1\" \/>\n<link rel=\"canonical\" href=\"https:\/\/conexion23.com\/?p=40510\" \/>\n<meta property=\"og:locale\" content=\"es_ES\" \/>\n<meta property=\"og:type\" content=\"article\" \/>\n<meta property=\"og:title\" content=\"Los propietarios ir\u00edan presos si desalojan sin orden judicial. - Conexi\u00f3n 23\" \/>\n<meta property=\"og:description\" content=\"En caso de que el propietario de una casa o inmueble comercial&nbsp;desaloje a un inquilino&nbsp;por cualquier raz\u00f3n sin agotar el&nbsp;tr\u00e1mite judicial correspondiente, estar\u00eda enfrentando&nbsp;penas carcelarias&nbsp;que ir\u00edan desde tres hasta los cinco a\u00f1os de prisi\u00f3n. As\u00ed lo establece el&nbsp;informe de una comisi\u00f3n especial&nbsp;que dirigi\u00f3 el&nbsp;diputado perreme\u00edsta Amado D\u00edaz. El informe se emiti\u00f3 tras el estudio, a [&hellip;]\" \/>\n<meta property=\"og:url\" content=\"https:\/\/conexion23.com\/?p=40510\" \/>\n<meta property=\"og:site_name\" content=\"Conexi\u00f3n 23\" \/>\n<meta property=\"article:publisher\" content=\"https:\/\/www.facebook.com\/conexion23com\" \/>\n<meta property=\"article:published_time\" content=\"2025-06-20T12:17:32+00:00\" \/>\n<meta property=\"article:modified_time\" content=\"2025-06-20T12:17:35+00:00\" \/>\n<meta property=\"og:image\" content=\"https:\/\/conexion23.com\/wp-content\/uploads\/2025\/06\/gpt-c236f475-focus-0-0-896-504.jpg\" \/>\n\t<meta property=\"og:image:width\" content=\"896\" \/>\n\t<meta property=\"og:image:height\" content=\"504\" \/>\n\t<meta property=\"og:image:type\" content=\"image\/jpeg\" \/>\n<meta name=\"author\" content=\"Raffy Ben\u00edtez\" \/>\n<meta name=\"twitter:card\" content=\"summary_large_image\" \/>\n<meta name=\"twitter:label1\" content=\"Escrito por\" \/>\n\t<meta name=\"twitter:data1\" content=\"Raffy Ben\u00edtez\" \/>\n\t<meta name=\"twitter:label2\" content=\"Tiempo de lectura\" \/>\n\t<meta name=\"twitter:data2\" content=\"2 minutos\" \/>\n<script type=\"application\/ld+json\" class=\"yoast-schema-graph\">{\"@context\":\"https:\\\/\\\/schema.org\",\"@graph\":[{\"@type\":\"Article\",\"@id\":\"https:\\\/\\\/conexion23.com\\\/?p=40510#article\",\"isPartOf\":{\"@id\":\"https:\\\/\\\/conexion23.com\\\/?p=40510\"},\"author\":{\"name\":\"Raffy Ben\u00edtez\",\"@id\":\"https:\\\/\\\/conexion23.com\\\/#\\\/schema\\\/person\\\/03e36043331117e97a373299bbcd30a6\"},\"headline\":\"Los propietarios ir\u00edan presos si desalojan sin orden judicial.\",\"datePublished\":\"2025-06-20T12:17:32+00:00\",\"dateModified\":\"2025-06-20T12:17:35+00:00\",\"mainEntityOfPage\":{\"@id\":\"https:\\\/\\\/conexion23.com\\\/?p=40510\"},\"wordCount\":277,\"commentCount\":0,\"publisher\":{\"@id\":\"https:\\\/\\\/conexion23.com\\\/#organization\"},\"image\":{\"@id\":\"https:\\\/\\\/conexion23.com\\\/?p=40510#primaryimage\"},\"thumbnailUrl\":\"https:\\\/\\\/conexion23.com\\\/wp-content\\\/uploads\\\/2025\\\/06\\\/gpt-c236f475-focus-0-0-896-504.jpg\",\"articleSection\":[\"Uncategorized\"],\"inLanguage\":\"es\",\"potentialAction\":[{\"@type\":\"CommentAction\",\"name\":\"Comment\",\"target\":[\"https:\\\/\\\/conexion23.com\\\/?p=40510#respond\"]}]},{\"@type\":\"WebPage\",\"@id\":\"https:\\\/\\\/conexion23.com\\\/?p=40510\",\"url\":\"https:\\\/\\\/conexion23.com\\\/?p=40510\",\"name\":\"Los propietarios ir\u00edan presos si desalojan sin orden judicial. - Conexi\u00f3n 23\",\"isPartOf\":{\"@id\":\"https:\\\/\\\/conexion23.com\\\/#website\"},\"primaryImageOfPage\":{\"@id\":\"https:\\\/\\\/conexion23.com\\\/?p=40510#primaryimage\"},\"image\":{\"@id\":\"https:\\\/\\\/conexion23.com\\\/?p=40510#primaryimage\"},\"thumbnailUrl\":\"https:\\\/\\\/conexion23.com\\\/wp-content\\\/uploads\\\/2025\\\/06\\\/gpt-c236f475-focus-0-0-896-504.jpg\",\"datePublished\":\"2025-06-20T12:17:32+00:00\",\"dateModified\":\"2025-06-20T12:17:35+00:00\",\"breadcrumb\":{\"@id\":\"https:\\\/\\\/conexion23.com\\\/?p=40510#breadcrumb\"},\"inLanguage\":\"es\",\"potentialAction\":[{\"@type\":\"ReadAction\",\"target\":[\"https:\\\/\\\/conexion23.com\\\/?p=40510\"]}]},{\"@type\":\"ImageObject\",\"inLanguage\":\"es\",\"@id\":\"https:\\\/\\\/conexion23.com\\\/?p=40510#primaryimage\",\"url\":\"https:\\\/\\\/conexion23.com\\\/wp-content\\\/uploads\\\/2025\\\/06\\\/gpt-c236f475-focus-0-0-896-504.jpg\",\"contentUrl\":\"https:\\\/\\\/conexion23.com\\\/wp-content\\\/uploads\\\/2025\\\/06\\\/gpt-c236f475-focus-0-0-896-504.jpg\",\"width\":896,\"height\":504},{\"@type\":\"BreadcrumbList\",\"@id\":\"https:\\\/\\\/conexion23.com\\\/?p=40510#breadcrumb\",\"itemListElement\":[{\"@type\":\"ListItem\",\"position\":1,\"name\":\"Portada\",\"item\":\"https:\\\/\\\/conexion23.com\\\/\"},{\"@type\":\"ListItem\",\"position\":2,\"name\":\"Los propietarios ir\u00edan presos si desalojan sin orden judicial.\"}]},{\"@type\":\"WebSite\",\"@id\":\"https:\\\/\\\/conexion23.com\\\/#website\",\"url\":\"https:\\\/\\\/conexion23.com\\\/\",\"name\":\"Conexi\u00f3n 23\",\"description\":\"Peri\u00f3dico 100% Petromacorisano\",\"publisher\":{\"@id\":\"https:\\\/\\\/conexion23.com\\\/#organization\"},\"potentialAction\":[{\"@type\":\"SearchAction\",\"target\":{\"@type\":\"EntryPoint\",\"urlTemplate\":\"https:\\\/\\\/conexion23.com\\\/?s={search_term_string}\"},\"query-input\":{\"@type\":\"PropertyValueSpecification\",\"valueRequired\":true,\"valueName\":\"search_term_string\"}}],\"inLanguage\":\"es\"},{\"@type\":\"Organization\",\"@id\":\"https:\\\/\\\/conexion23.com\\\/#organization\",\"name\":\"Conexion 23\",\"url\":\"https:\\\/\\\/conexion23.com\\\/\",\"logo\":{\"@type\":\"ImageObject\",\"inLanguage\":\"es\",\"@id\":\"https:\\\/\\\/conexion23.com\\\/#\\\/schema\\\/logo\\\/image\\\/\",\"url\":\"https:\\\/\\\/conexion23.com\\\/wp-content\\\/uploads\\\/2021\\\/11\\\/Diseno-sin-titulo-2.png\",\"contentUrl\":\"https:\\\/\\\/conexion23.com\\\/wp-content\\\/uploads\\\/2021\\\/11\\\/Diseno-sin-titulo-2.png\",\"width\":541,\"height\":90,\"caption\":\"Conexion 23\"},\"image\":{\"@id\":\"https:\\\/\\\/conexion23.com\\\/#\\\/schema\\\/logo\\\/image\\\/\"},\"sameAs\":[\"https:\\\/\\\/www.facebook.com\\\/conexion23com\",\"https:\\\/\\\/www.instagram.com\\\/conexion23com\\\/\",\"https:\\\/\\\/www.youtube.com\\\/channel\\\/UCYc7vxxFZMYLIHNsHHxPZ3Q\"]},{\"@type\":\"Person\",\"@id\":\"https:\\\/\\\/conexion23.com\\\/#\\\/schema\\\/person\\\/03e36043331117e97a373299bbcd30a6\",\"name\":\"Raffy Ben\u00edtez\",\"image\":{\"@type\":\"ImageObject\",\"inLanguage\":\"es\",\"@id\":\"https:\\\/\\\/secure.gravatar.com\\\/avatar\\\/3190a6a6c5e1b0327500f7d6c56b6242472ee6cb974cf09b401ee6b3b0798f23?s=96&d=mm&r=g\",\"url\":\"https:\\\/\\\/secure.gravatar.com\\\/avatar\\\/3190a6a6c5e1b0327500f7d6c56b6242472ee6cb974cf09b401ee6b3b0798f23?s=96&d=mm&r=g\",\"contentUrl\":\"https:\\\/\\\/secure.gravatar.com\\\/avatar\\\/3190a6a6c5e1b0327500f7d6c56b6242472ee6cb974cf09b401ee6b3b0798f23?s=96&d=mm&r=g\",\"caption\":\"Raffy Ben\u00edtez\"},\"url\":\"https:\\\/\\\/conexion23.com\\\/?author=15\"}]}<\/script>\n<!-- \/ Yoast SEO plugin. -->","yoast_head_json":{"title":"Los propietarios ir\u00edan presos si desalojan sin orden judicial. - Conexi\u00f3n 23","robots":{"index":"index","follow":"follow","max-snippet":"max-snippet:-1","max-image-preview":"max-image-preview:large","max-video-preview":"max-video-preview:-1"},"canonical":"https:\/\/conexion23.com\/?p=40510","og_locale":"es_ES","og_type":"article","og_title":"Los propietarios ir\u00edan presos si desalojan sin orden judicial. - Conexi\u00f3n 23","og_description":"En caso de que el propietario de una casa o inmueble comercial&nbsp;desaloje a un inquilino&nbsp;por cualquier raz\u00f3n sin agotar el&nbsp;tr\u00e1mite judicial correspondiente, estar\u00eda enfrentando&nbsp;penas carcelarias&nbsp;que ir\u00edan desde tres hasta los cinco a\u00f1os de prisi\u00f3n. As\u00ed lo establece el&nbsp;informe de una comisi\u00f3n especial&nbsp;que dirigi\u00f3 el&nbsp;diputado perreme\u00edsta Amado D\u00edaz. El informe se emiti\u00f3 tras el estudio, a [&hellip;]","og_url":"https:\/\/conexion23.com\/?p=40510","og_site_name":"Conexi\u00f3n 23","article_publisher":"https:\/\/www.facebook.com\/conexion23com","article_published_time":"2025-06-20T12:17:32+00:00","article_modified_time":"2025-06-20T12:17:35+00:00","og_image":[{"width":896,"height":504,"url":"https:\/\/conexion23.com\/wp-content\/uploads\/2025\/06\/gpt-c236f475-focus-0-0-896-504.jpg","type":"image\/jpeg"}],"author":"Raffy Ben\u00edtez","twitter_card":"summary_large_image","twitter_misc":{"Escrito por":"Raffy Ben\u00edtez","Tiempo de lectura":"2 minutos"},"schema":{"@context":"https:\/\/schema.org","@graph":[{"@type":"Article","@id":"https:\/\/conexion23.com\/?p=40510#article","isPartOf":{"@id":"https:\/\/conexion23.com\/?p=40510"},"author":{"name":"Raffy Ben\u00edtez","@id":"https:\/\/conexion23.com\/#\/schema\/person\/03e36043331117e97a373299bbcd30a6"},"headline":"Los propietarios ir\u00edan presos si desalojan sin orden judicial.","datePublished":"2025-06-20T12:17:32+00:00","dateModified":"2025-06-20T12:17:35+00:00","mainEntityOfPage":{"@id":"https:\/\/conexion23.com\/?p=40510"},"wordCount":277,"commentCount":0,"publisher":{"@id":"https:\/\/conexion23.com\/#organization"},"image":{"@id":"https:\/\/conexion23.com\/?p=40510#primaryimage"},"thumbnailUrl":"https:\/\/conexion23.com\/wp-content\/uploads\/2025\/06\/gpt-c236f475-focus-0-0-896-504.jpg","articleSection":["Uncategorized"],"inLanguage":"es","potentialAction":[{"@type":"CommentAction","name":"Comment","target":["https:\/\/conexion23.com\/?p=40510#respond"]}]},{"@type":"WebPage","@id":"https:\/\/conexion23.com\/?p=40510","url":"https:\/\/conexion23.com\/?p=40510","name":"Los propietarios ir\u00edan presos si desalojan sin orden judicial. - Conexi\u00f3n 23","isPartOf":{"@id":"https:\/\/conexion23.com\/#website"},"primaryImageOfPage":{"@id":"https:\/\/conexion23.com\/?p=40510#primaryimage"},"image":{"@id":"https:\/\/conexion23.com\/?p=40510#primaryimage"},"thumbnailUrl":"https:\/\/conexion23.com\/wp-content\/uploads\/2025\/06\/gpt-c236f475-focus-0-0-896-504.jpg","datePublished":"2025-06-20T12:17:32+00:00","dateModified":"2025-06-20T12:17:35+00:00","breadcrumb":{"@id":"https:\/\/conexion23.com\/?p=40510#breadcrumb"},"inLanguage":"es","potentialAction":[{"@type":"ReadAction","target":["https:\/\/conexion23.com\/?p=40510"]}]},{"@type":"ImageObject","inLanguage":"es","@id":"https:\/\/conexion23.com\/?p=40510#primaryimage","url":"https:\/\/conexion23.com\/wp-content\/uploads\/2025\/06\/gpt-c236f475-focus-0-0-896-504.jpg","contentUrl":"https:\/\/conexion23.com\/wp-content\/uploads\/2025\/06\/gpt-c236f475-focus-0-0-896-504.jpg","width":896,"height":504},{"@type":"BreadcrumbList","@id":"https:\/\/conexion23.com\/?p=40510#breadcrumb","itemListElement":[{"@type":"ListItem","position":1,"name":"Portada","item":"https:\/\/conexion23.com\/"},{"@type":"ListItem","position":2,"name":"Los propietarios ir\u00edan presos si desalojan sin orden judicial."}]},{"@type":"WebSite","@id":"https:\/\/conexion23.com\/#website","url":"https:\/\/conexion23.com\/","name":"Conexi\u00f3n 23","description":"Peri\u00f3dico 100% Petromacorisano","publisher":{"@id":"https:\/\/conexion23.com\/#organization"},"potentialAction":[{"@type":"SearchAction","target":{"@type":"EntryPoint","urlTemplate":"https:\/\/conexion23.com\/?s={search_term_string}"},"query-input":{"@type":"PropertyValueSpecification","valueRequired":true,"valueName":"search_term_string"}}],"inLanguage":"es"},{"@type":"Organization","@id":"https:\/\/conexion23.com\/#organization","name":"Conexion 23","url":"https:\/\/conexion23.com\/","logo":{"@type":"ImageObject","inLanguage":"es","@id":"https:\/\/conexion23.com\/#\/schema\/logo\/image\/","url":"https:\/\/conexion23.com\/wp-content\/uploads\/2021\/11\/Diseno-sin-titulo-2.png","contentUrl":"https:\/\/conexion23.com\/wp-content\/uploads\/2021\/11\/Diseno-sin-titulo-2.png","width":541,"height":90,"caption":"Conexion 23"},"image":{"@id":"https:\/\/conexion23.com\/#\/schema\/logo\/image\/"},"sameAs":["https:\/\/www.facebook.com\/conexion23com","https:\/\/www.instagram.com\/conexion23com\/","https:\/\/www.youtube.com\/channel\/UCYc7vxxFZMYLIHNsHHxPZ3Q"]},{"@type":"Person","@id":"https:\/\/conexion23.com\/#\/schema\/person\/03e36043331117e97a373299bbcd30a6","name":"Raffy Ben\u00edtez","image":{"@type":"ImageObject","inLanguage":"es","@id":"https:\/\/secure.gravatar.com\/avatar\/3190a6a6c5e1b0327500f7d6c56b6242472ee6cb974cf09b401ee6b3b0798f23?s=96&d=mm&r=g","url":"https:\/\/secure.gravatar.com\/avatar\/3190a6a6c5e1b0327500f7d6c56b6242472ee6cb974cf09b401ee6b3b0798f23?s=96&d=mm&r=g","contentUrl":"https:\/\/secure.gravatar.com\/avatar\/3190a6a6c5e1b0327500f7d6c56b6242472ee6cb974cf09b401ee6b3b0798f23?s=96&d=mm&r=g","caption":"Raffy Ben\u00edtez"},"url":"https:\/\/conexion23.com\/?author=15"}]}},"_links":{"self":[{"href":"https:\/\/conexion23.com\/index.php?rest_route=\/wp\/v2\/posts\/40510","targetHints":{"allow":["GET"]}}],"collection":[{"href":"https:\/\/conexion23.com\/index.php?rest_route=\/wp\/v2\/posts"}],"about":[{"href":"https:\/\/conexion23.com\/index.php?rest_route=\/wp\/v2\/types\/post"}],"author":[{"embeddable":true,"href":"https:\/\/conexion23.com\/index.php?rest_route=\/wp\/v2\/users\/15"}],"replies":[{"embeddable":true,"href":"https:\/\/conexion23.com\/index.php?rest_route=%2Fwp%2Fv2%2Fcomments&post=40510"}],"version-history":[{"count":1,"href":"https:\/\/conexion23.com\/index.php?rest_route=\/wp\/v2\/posts\/40510\/revisions"}],"predecessor-version":[{"id":40512,"href":"https:\/\/conexion23.com\/index.php?rest_route=\/wp\/v2\/posts\/40510\/revisions\/40512"}],"wp:featuredmedia":[{"embeddable":true,"href":"https:\/\/conexion23.com\/index.php?rest_route=\/wp\/v2\/media\/40511"}],"wp:attachment":[{"href":"https:\/\/conexion23.com\/index.php?rest_route=%2Fwp%2Fv2%2Fmedia&parent=40510"}],"wp:term":[{"taxonomy":"category","embeddable":true,"href":"https:\/\/conexion23.com\/index.php?rest_route=%2Fwp%2Fv2%2Fcategories&post=40510"},{"taxonomy":"post_tag","embeddable":true,"href":"https:\/\/conexion23.com\/index.php?rest_route=%2Fwp%2Fv2%2Ftags&post=40510"}],"curies":[{"name":"wp","href":"https:\/\/api.w.org\/{rel}","templated":true}]}}