{"id":40609,"date":"2025-06-24T07:52:02","date_gmt":"2025-06-24T11:52:02","guid":{"rendered":"https:\/\/conexion23.com\/?p=40609"},"modified":"2025-06-24T07:52:04","modified_gmt":"2025-06-24T11:52:04","slug":"una-mujer-fallecida-y-otra-herida-en-accidente-de-transito-en-la-romana","status":"publish","type":"post","link":"https:\/\/conexion23.com\/?p=40609","title":{"rendered":"Una mujer fallecida y otra herida en accidente de tr\u00e1nsito en La Romana."},"content":{"rendered":"\n<p class=\"wp-block-paragraph\">Una persona perdi\u00f3 la vida este domingo en un accidente de tr\u00e1nsito ocurrido en las inmediaciones del complejo tur\u00edstico Casa de Campo, en La Romana.<\/p>\n\n\n\n<p class=\"wp-block-paragraph\">De acuerdo con las informaciones preliminares, el hecho involucr\u00f3 a dos veh\u00edculos que colisionaron por causas a\u00fan bajo investigaci\u00f3n.<\/p>\n\n\n\n<p class=\"wp-block-paragraph\">Al lugar se presentaron unidades de emergencia del 9-1-1, agentes de la Direcci\u00f3n General de Tr\u00e1nsito Terrestre, (Digesett) y miembros de la Polic\u00eda Nacional, quienes trabajan en el levantamiento del cuerpo y en las indagatorias correspondientes.<\/p>\n\n\n\n<p class=\"wp-block-paragraph\">La persona que result\u00f3 herida es Jennipher manzueta Gonz\u00e1lez.<\/p>\n\n\n\n<p class=\"wp-block-paragraph\">Hasta el momento, no se ha revelado la identidad de la v\u00edctima mortal, en espera de que se notifique a sus familiares.<\/p>\n\n\n\n<p class=\"wp-block-paragraph\">Las autoridades contin\u00faan en el lugar del hecho y se esperan m\u00e1s detalles en las pr\u00f3ximas horas.<\/p>\n","protected":false},"excerpt":{"rendered":"<p>Una persona perdi\u00f3 la vida este domingo en un accidente de tr\u00e1nsito ocurrido en las inmediaciones del complejo tur\u00edstico Casa de Campo, en La Romana. De acuerdo con las informaciones preliminares, el hecho involucr\u00f3 a dos veh\u00edculos que colisionaron por causas a\u00fan bajo investigaci\u00f3n. Al lugar se presentaron unidades de emergencia del 9-1-1, agentes de [&hellip;]<\/p>\n","protected":false},"author":15,"featured_media":40610,"comment_status":"open","ping_status":"open","sticky":false,"template":"","format":"standard","meta":{"footnotes":""},"categories":[2473],"tags":[],"class_list":["post-40609","post","type-post","status-publish","format-standard","has-post-thumbnail","category-la-romana"],"yoast_head":"<!-- This site is optimized with the Yoast SEO plugin v27.6 - https:\/\/yoast.com\/product\/yoast-seo-wordpress\/ -->\n<title>Una mujer fallecida y otra herida en accidente de tr\u00e1nsito en La Romana. - Conexi\u00f3n 23<\/title>\n<meta name=\"robots\" content=\"index, follow, max-snippet:-1, max-image-preview:large, max-video-preview:-1\" \/>\n<link rel=\"canonical\" href=\"https:\/\/conexion23.com\/?p=40609\" \/>\n<meta property=\"og:locale\" content=\"es_ES\" \/>\n<meta property=\"og:type\" content=\"article\" \/>\n<meta property=\"og:title\" content=\"Una mujer fallecida y otra herida en accidente de tr\u00e1nsito en La Romana. - Conexi\u00f3n 23\" \/>\n<meta property=\"og:description\" content=\"Una persona perdi\u00f3 la vida este domingo en un accidente de tr\u00e1nsito ocurrido en las inmediaciones del complejo tur\u00edstico Casa de Campo, en La Romana. De acuerdo con las informaciones preliminares, el hecho involucr\u00f3 a dos veh\u00edculos que colisionaron por causas a\u00fan bajo investigaci\u00f3n. Al lugar se presentaron unidades de emergencia del 9-1-1, agentes de [&hellip;]\" \/>\n<meta property=\"og:url\" content=\"https:\/\/conexion23.com\/?p=40609\" \/>\n<meta property=\"og:site_name\" content=\"Conexi\u00f3n 23\" \/>\n<meta property=\"article:publisher\" content=\"https:\/\/www.facebook.com\/conexion23com\" \/>\n<meta property=\"article:published_time\" content=\"2025-06-24T11:52:02+00:00\" \/>\n<meta property=\"article:modified_time\" content=\"2025-06-24T11:52:04+00:00\" \/>\n<meta property=\"og:image\" content=\"https:\/\/conexion23.com\/wp-content\/uploads\/2025\/06\/WhatsApp-Image-2025-06-23-at-8.58.33-AM-1.jpeg\" \/>\n\t<meta property=\"og:image:width\" content=\"720\" \/>\n\t<meta property=\"og:image:height\" content=\"747\" \/>\n\t<meta property=\"og:image:type\" content=\"image\/jpeg\" \/>\n<meta name=\"author\" content=\"Raffy Ben\u00edtez\" \/>\n<meta name=\"twitter:card\" content=\"summary_large_image\" \/>\n<meta name=\"twitter:label1\" content=\"Escrito por\" \/>\n\t<meta name=\"twitter:data1\" content=\"Raffy Ben\u00edtez\" \/>\n\t<meta name=\"twitter:label2\" content=\"Tiempo de lectura\" \/>\n\t<meta name=\"twitter:data2\" content=\"1 minuto\" \/>\n<script type=\"application\/ld+json\" class=\"yoast-schema-graph\">{\"@context\":\"https:\\\/\\\/schema.org\",\"@graph\":[{\"@type\":\"Article\",\"@id\":\"https:\\\/\\\/conexion23.com\\\/?p=40609#article\",\"isPartOf\":{\"@id\":\"https:\\\/\\\/conexion23.com\\\/?p=40609\"},\"author\":{\"name\":\"Raffy Ben\u00edtez\",\"@id\":\"https:\\\/\\\/conexion23.com\\\/#\\\/schema\\\/person\\\/03e36043331117e97a373299bbcd30a6\"},\"headline\":\"Una mujer fallecida y otra herida en accidente de tr\u00e1nsito en La Romana.\",\"datePublished\":\"2025-06-24T11:52:02+00:00\",\"dateModified\":\"2025-06-24T11:52:04+00:00\",\"mainEntityOfPage\":{\"@id\":\"https:\\\/\\\/conexion23.com\\\/?p=40609\"},\"wordCount\":156,\"commentCount\":0,\"publisher\":{\"@id\":\"https:\\\/\\\/conexion23.com\\\/#organization\"},\"image\":{\"@id\":\"https:\\\/\\\/conexion23.com\\\/?p=40609#primaryimage\"},\"thumbnailUrl\":\"https:\\\/\\\/conexion23.com\\\/wp-content\\\/uploads\\\/2025\\\/06\\\/WhatsApp-Image-2025-06-23-at-8.58.33-AM-1.jpeg\",\"articleSection\":[\"La Romana\"],\"inLanguage\":\"es\",\"potentialAction\":[{\"@type\":\"CommentAction\",\"name\":\"Comment\",\"target\":[\"https:\\\/\\\/conexion23.com\\\/?p=40609#respond\"]}]},{\"@type\":\"WebPage\",\"@id\":\"https:\\\/\\\/conexion23.com\\\/?p=40609\",\"url\":\"https:\\\/\\\/conexion23.com\\\/?p=40609\",\"name\":\"Una mujer fallecida y otra herida en accidente de tr\u00e1nsito en La Romana. - Conexi\u00f3n 23\",\"isPartOf\":{\"@id\":\"https:\\\/\\\/conexion23.com\\\/#website\"},\"primaryImageOfPage\":{\"@id\":\"https:\\\/\\\/conexion23.com\\\/?p=40609#primaryimage\"},\"image\":{\"@id\":\"https:\\\/\\\/conexion23.com\\\/?p=40609#primaryimage\"},\"thumbnailUrl\":\"https:\\\/\\\/conexion23.com\\\/wp-content\\\/uploads\\\/2025\\\/06\\\/WhatsApp-Image-2025-06-23-at-8.58.33-AM-1.jpeg\",\"datePublished\":\"2025-06-24T11:52:02+00:00\",\"dateModified\":\"2025-06-24T11:52:04+00:00\",\"breadcrumb\":{\"@id\":\"https:\\\/\\\/conexion23.com\\\/?p=40609#breadcrumb\"},\"inLanguage\":\"es\",\"potentialAction\":[{\"@type\":\"ReadAction\",\"target\":[\"https:\\\/\\\/conexion23.com\\\/?p=40609\"]}]},{\"@type\":\"ImageObject\",\"inLanguage\":\"es\",\"@id\":\"https:\\\/\\\/conexion23.com\\\/?p=40609#primaryimage\",\"url\":\"https:\\\/\\\/conexion23.com\\\/wp-content\\\/uploads\\\/2025\\\/06\\\/WhatsApp-Image-2025-06-23-at-8.58.33-AM-1.jpeg\",\"contentUrl\":\"https:\\\/\\\/conexion23.com\\\/wp-content\\\/uploads\\\/2025\\\/06\\\/WhatsApp-Image-2025-06-23-at-8.58.33-AM-1.jpeg\",\"width\":720,\"height\":747},{\"@type\":\"BreadcrumbList\",\"@id\":\"https:\\\/\\\/conexion23.com\\\/?p=40609#breadcrumb\",\"itemListElement\":[{\"@type\":\"ListItem\",\"position\":1,\"name\":\"Portada\",\"item\":\"https:\\\/\\\/conexion23.com\\\/\"},{\"@type\":\"ListItem\",\"position\":2,\"name\":\"Una mujer fallecida y otra herida en accidente de tr\u00e1nsito en La Romana.\"}]},{\"@type\":\"WebSite\",\"@id\":\"https:\\\/\\\/conexion23.com\\\/#website\",\"url\":\"https:\\\/\\\/conexion23.com\\\/\",\"name\":\"Conexi\u00f3n 23\",\"description\":\"Peri\u00f3dico 100% Petromacorisano\",\"publisher\":{\"@id\":\"https:\\\/\\\/conexion23.com\\\/#organization\"},\"potentialAction\":[{\"@type\":\"SearchAction\",\"target\":{\"@type\":\"EntryPoint\",\"urlTemplate\":\"https:\\\/\\\/conexion23.com\\\/?s={search_term_string}\"},\"query-input\":{\"@type\":\"PropertyValueSpecification\",\"valueRequired\":true,\"valueName\":\"search_term_string\"}}],\"inLanguage\":\"es\"},{\"@type\":\"Organization\",\"@id\":\"https:\\\/\\\/conexion23.com\\\/#organization\",\"name\":\"Conexion 23\",\"url\":\"https:\\\/\\\/conexion23.com\\\/\",\"logo\":{\"@type\":\"ImageObject\",\"inLanguage\":\"es\",\"@id\":\"https:\\\/\\\/conexion23.com\\\/#\\\/schema\\\/logo\\\/image\\\/\",\"url\":\"https:\\\/\\\/conexion23.com\\\/wp-content\\\/uploads\\\/2021\\\/11\\\/Diseno-sin-titulo-2.png\",\"contentUrl\":\"https:\\\/\\\/conexion23.com\\\/wp-content\\\/uploads\\\/2021\\\/11\\\/Diseno-sin-titulo-2.png\",\"width\":541,\"height\":90,\"caption\":\"Conexion 23\"},\"image\":{\"@id\":\"https:\\\/\\\/conexion23.com\\\/#\\\/schema\\\/logo\\\/image\\\/\"},\"sameAs\":[\"https:\\\/\\\/www.facebook.com\\\/conexion23com\",\"https:\\\/\\\/www.instagram.com\\\/conexion23com\\\/\",\"https:\\\/\\\/www.youtube.com\\\/channel\\\/UCYc7vxxFZMYLIHNsHHxPZ3Q\"]},{\"@type\":\"Person\",\"@id\":\"https:\\\/\\\/conexion23.com\\\/#\\\/schema\\\/person\\\/03e36043331117e97a373299bbcd30a6\",\"name\":\"Raffy Ben\u00edtez\",\"image\":{\"@type\":\"ImageObject\",\"inLanguage\":\"es\",\"@id\":\"https:\\\/\\\/secure.gravatar.com\\\/avatar\\\/3190a6a6c5e1b0327500f7d6c56b6242472ee6cb974cf09b401ee6b3b0798f23?s=96&d=mm&r=g\",\"url\":\"https:\\\/\\\/secure.gravatar.com\\\/avatar\\\/3190a6a6c5e1b0327500f7d6c56b6242472ee6cb974cf09b401ee6b3b0798f23?s=96&d=mm&r=g\",\"contentUrl\":\"https:\\\/\\\/secure.gravatar.com\\\/avatar\\\/3190a6a6c5e1b0327500f7d6c56b6242472ee6cb974cf09b401ee6b3b0798f23?s=96&d=mm&r=g\",\"caption\":\"Raffy Ben\u00edtez\"},\"url\":\"https:\\\/\\\/conexion23.com\\\/?author=15\"}]}<\/script>\n<!-- \/ Yoast SEO plugin. -->","yoast_head_json":{"title":"Una mujer fallecida y otra herida en accidente de tr\u00e1nsito en La Romana. - Conexi\u00f3n 23","robots":{"index":"index","follow":"follow","max-snippet":"max-snippet:-1","max-image-preview":"max-image-preview:large","max-video-preview":"max-video-preview:-1"},"canonical":"https:\/\/conexion23.com\/?p=40609","og_locale":"es_ES","og_type":"article","og_title":"Una mujer fallecida y otra herida en accidente de tr\u00e1nsito en La Romana. - Conexi\u00f3n 23","og_description":"Una persona perdi\u00f3 la vida este domingo en un accidente de tr\u00e1nsito ocurrido en las inmediaciones del complejo tur\u00edstico Casa de Campo, en La Romana. De acuerdo con las informaciones preliminares, el hecho involucr\u00f3 a dos veh\u00edculos que colisionaron por causas a\u00fan bajo investigaci\u00f3n. Al lugar se presentaron unidades de emergencia del 9-1-1, agentes de [&hellip;]","og_url":"https:\/\/conexion23.com\/?p=40609","og_site_name":"Conexi\u00f3n 23","article_publisher":"https:\/\/www.facebook.com\/conexion23com","article_published_time":"2025-06-24T11:52:02+00:00","article_modified_time":"2025-06-24T11:52:04+00:00","og_image":[{"width":720,"height":747,"url":"https:\/\/conexion23.com\/wp-content\/uploads\/2025\/06\/WhatsApp-Image-2025-06-23-at-8.58.33-AM-1.jpeg","type":"image\/jpeg"}],"author":"Raffy Ben\u00edtez","twitter_card":"summary_large_image","twitter_misc":{"Escrito por":"Raffy Ben\u00edtez","Tiempo de lectura":"1 minuto"},"schema":{"@context":"https:\/\/schema.org","@graph":[{"@type":"Article","@id":"https:\/\/conexion23.com\/?p=40609#article","isPartOf":{"@id":"https:\/\/conexion23.com\/?p=40609"},"author":{"name":"Raffy Ben\u00edtez","@id":"https:\/\/conexion23.com\/#\/schema\/person\/03e36043331117e97a373299bbcd30a6"},"headline":"Una mujer fallecida y otra herida en accidente de tr\u00e1nsito en La Romana.","datePublished":"2025-06-24T11:52:02+00:00","dateModified":"2025-06-24T11:52:04+00:00","mainEntityOfPage":{"@id":"https:\/\/conexion23.com\/?p=40609"},"wordCount":156,"commentCount":0,"publisher":{"@id":"https:\/\/conexion23.com\/#organization"},"image":{"@id":"https:\/\/conexion23.com\/?p=40609#primaryimage"},"thumbnailUrl":"https:\/\/conexion23.com\/wp-content\/uploads\/2025\/06\/WhatsApp-Image-2025-06-23-at-8.58.33-AM-1.jpeg","articleSection":["La Romana"],"inLanguage":"es","potentialAction":[{"@type":"CommentAction","name":"Comment","target":["https:\/\/conexion23.com\/?p=40609#respond"]}]},{"@type":"WebPage","@id":"https:\/\/conexion23.com\/?p=40609","url":"https:\/\/conexion23.com\/?p=40609","name":"Una mujer fallecida y otra herida en accidente de tr\u00e1nsito en La Romana. - Conexi\u00f3n 23","isPartOf":{"@id":"https:\/\/conexion23.com\/#website"},"primaryImageOfPage":{"@id":"https:\/\/conexion23.com\/?p=40609#primaryimage"},"image":{"@id":"https:\/\/conexion23.com\/?p=40609#primaryimage"},"thumbnailUrl":"https:\/\/conexion23.com\/wp-content\/uploads\/2025\/06\/WhatsApp-Image-2025-06-23-at-8.58.33-AM-1.jpeg","datePublished":"2025-06-24T11:52:02+00:00","dateModified":"2025-06-24T11:52:04+00:00","breadcrumb":{"@id":"https:\/\/conexion23.com\/?p=40609#breadcrumb"},"inLanguage":"es","potentialAction":[{"@type":"ReadAction","target":["https:\/\/conexion23.com\/?p=40609"]}]},{"@type":"ImageObject","inLanguage":"es","@id":"https:\/\/conexion23.com\/?p=40609#primaryimage","url":"https:\/\/conexion23.com\/wp-content\/uploads\/2025\/06\/WhatsApp-Image-2025-06-23-at-8.58.33-AM-1.jpeg","contentUrl":"https:\/\/conexion23.com\/wp-content\/uploads\/2025\/06\/WhatsApp-Image-2025-06-23-at-8.58.33-AM-1.jpeg","width":720,"height":747},{"@type":"BreadcrumbList","@id":"https:\/\/conexion23.com\/?p=40609#breadcrumb","itemListElement":[{"@type":"ListItem","position":1,"name":"Portada","item":"https:\/\/conexion23.com\/"},{"@type":"ListItem","position":2,"name":"Una mujer fallecida y otra herida en accidente de tr\u00e1nsito en La Romana."}]},{"@type":"WebSite","@id":"https:\/\/conexion23.com\/#website","url":"https:\/\/conexion23.com\/","name":"Conexi\u00f3n 23","description":"Peri\u00f3dico 100% Petromacorisano","publisher":{"@id":"https:\/\/conexion23.com\/#organization"},"potentialAction":[{"@type":"SearchAction","target":{"@type":"EntryPoint","urlTemplate":"https:\/\/conexion23.com\/?s={search_term_string}"},"query-input":{"@type":"PropertyValueSpecification","valueRequired":true,"valueName":"search_term_string"}}],"inLanguage":"es"},{"@type":"Organization","@id":"https:\/\/conexion23.com\/#organization","name":"Conexion 23","url":"https:\/\/conexion23.com\/","logo":{"@type":"ImageObject","inLanguage":"es","@id":"https:\/\/conexion23.com\/#\/schema\/logo\/image\/","url":"https:\/\/conexion23.com\/wp-content\/uploads\/2021\/11\/Diseno-sin-titulo-2.png","contentUrl":"https:\/\/conexion23.com\/wp-content\/uploads\/2021\/11\/Diseno-sin-titulo-2.png","width":541,"height":90,"caption":"Conexion 23"},"image":{"@id":"https:\/\/conexion23.com\/#\/schema\/logo\/image\/"},"sameAs":["https:\/\/www.facebook.com\/conexion23com","https:\/\/www.instagram.com\/conexion23com\/","https:\/\/www.youtube.com\/channel\/UCYc7vxxFZMYLIHNsHHxPZ3Q"]},{"@type":"Person","@id":"https:\/\/conexion23.com\/#\/schema\/person\/03e36043331117e97a373299bbcd30a6","name":"Raffy Ben\u00edtez","image":{"@type":"ImageObject","inLanguage":"es","@id":"https:\/\/secure.gravatar.com\/avatar\/3190a6a6c5e1b0327500f7d6c56b6242472ee6cb974cf09b401ee6b3b0798f23?s=96&d=mm&r=g","url":"https:\/\/secure.gravatar.com\/avatar\/3190a6a6c5e1b0327500f7d6c56b6242472ee6cb974cf09b401ee6b3b0798f23?s=96&d=mm&r=g","contentUrl":"https:\/\/secure.gravatar.com\/avatar\/3190a6a6c5e1b0327500f7d6c56b6242472ee6cb974cf09b401ee6b3b0798f23?s=96&d=mm&r=g","caption":"Raffy Ben\u00edtez"},"url":"https:\/\/conexion23.com\/?author=15"}]}},"_links":{"self":[{"href":"https:\/\/conexion23.com\/index.php?rest_route=\/wp\/v2\/posts\/40609","targetHints":{"allow":["GET"]}}],"collection":[{"href":"https:\/\/conexion23.com\/index.php?rest_route=\/wp\/v2\/posts"}],"about":[{"href":"https:\/\/conexion23.com\/index.php?rest_route=\/wp\/v2\/types\/post"}],"author":[{"embeddable":true,"href":"https:\/\/conexion23.com\/index.php?rest_route=\/wp\/v2\/users\/15"}],"replies":[{"embeddable":true,"href":"https:\/\/conexion23.com\/index.php?rest_route=%2Fwp%2Fv2%2Fcomments&post=40609"}],"version-history":[{"count":1,"href":"https:\/\/conexion23.com\/index.php?rest_route=\/wp\/v2\/posts\/40609\/revisions"}],"predecessor-version":[{"id":40611,"href":"https:\/\/conexion23.com\/index.php?rest_route=\/wp\/v2\/posts\/40609\/revisions\/40611"}],"wp:featuredmedia":[{"embeddable":true,"href":"https:\/\/conexion23.com\/index.php?rest_route=\/wp\/v2\/media\/40610"}],"wp:attachment":[{"href":"https:\/\/conexion23.com\/index.php?rest_route=%2Fwp%2Fv2%2Fmedia&parent=40609"}],"wp:term":[{"taxonomy":"category","embeddable":true,"href":"https:\/\/conexion23.com\/index.php?rest_route=%2Fwp%2Fv2%2Fcategories&post=40609"},{"taxonomy":"post_tag","embeddable":true,"href":"https:\/\/conexion23.com\/index.php?rest_route=%2Fwp%2Fv2%2Ftags&post=40609"}],"curies":[{"name":"wp","href":"https:\/\/api.w.org\/{rel}","templated":true}]}}