{"id":40627,"date":"2025-06-24T08:19:40","date_gmt":"2025-06-24T12:19:40","guid":{"rendered":"https:\/\/conexion23.com\/?p=40627"},"modified":"2025-06-24T08:19:42","modified_gmt":"2025-06-24T12:19:42","slug":"iran-e-israel-se-acusan-mutuamente-de-vulnerar-la-tregua-anunciada-por-trump","status":"publish","type":"post","link":"https:\/\/conexion23.com\/?p=40627","title":{"rendered":"Ir\u00e1n e Israel se acusan mutuamente de vulnerar la tregua anunciada por Trump."},"content":{"rendered":"\n<p><strong>Israel<\/strong>&nbsp;afirm\u00f3 que aceptaba la&nbsp;<strong>tregua<\/strong>&nbsp;y asegur\u00f3 que su ej\u00e9rcito hab\u00eda logrado todos los&nbsp;<strong>objetivos<\/strong>&nbsp;de la ofensiva lanzada el 13 de junio con&nbsp;<strong>Ir\u00e1n<\/strong>&nbsp;para impedir que se hiciera con el arma nuclear, una ambici\u00f3n negada por&nbsp;<strong>Ir\u00e1n<\/strong>.<\/p>\n\n\n\n<p>Pero poco despu\u00e9s de que&nbsp;<strong>Trump<\/strong>&nbsp;dijera que el&nbsp;<strong>alto al fuego<\/strong>&nbsp;entraba en vigor, el ministro israel\u00ed de Defensa,&nbsp;<strong>Israel<\/strong>&nbsp;Katz, denunci\u00f3 la detecci\u00f3n de dos&nbsp;<strong>misiles<\/strong>&nbsp;iran\u00edes y prometi\u00f3 que su pa\u00eds iba a \u00ab<strong>responder<\/strong>&nbsp;con fuerza\u00bb.<\/p>\n\n\n\n<p>El ej\u00e9rcito iran\u00ed desminti\u00f3 el lanzamiento de&nbsp;<strong>misiles<\/strong>&nbsp;en \u00ablas \u00faltimas horas\u00bb y, seguidamente, acus\u00f3 de su parte a&nbsp;<strong>Israel<\/strong>&nbsp;de haber&nbsp;<strong>atacado<\/strong>&nbsp;su territorio despu\u00e9s del anuncio de la&nbsp;<strong>tregua<\/strong>.<\/p>\n\n\n\n<p><strong>Trump<\/strong>, que el domingo implic\u00f3 a&nbsp;<strong>Estados Unidos<\/strong>&nbsp;en el conflicto al bombardear tres&nbsp;<strong>instalaciones nucleares<\/strong>&nbsp;iran\u00edes, anunci\u00f3 en la noche del lunes que&nbsp;<strong>Ir\u00e1n<\/strong>&nbsp;e&nbsp;<strong>Israel<\/strong>&nbsp;hab\u00edan alcanzado \u00abun ALTO EL FUEGO TOTAL y COMPLETO\u00bb.<\/p>\n\n\n\n<p>Seg\u00fan&nbsp;<strong>Trump<\/strong>, el&nbsp;<strong>pacto<\/strong>&nbsp;deb\u00eda entrar en vigor a las 04H00 GMT.<\/p>\n\n\n\n<p>En las horas previas a ese plazo, ambos pa\u00edses&nbsp;<strong>intercambiaron<\/strong>&nbsp;<strong>ataques a\u00e9reos<\/strong>&nbsp;que causaron cuatro&nbsp;<strong>muertos<\/strong>&nbsp;en el sur de&nbsp;<strong>Israel<\/strong>&nbsp;y nueve en el norte de&nbsp;<strong>Ir\u00e1n<\/strong>.<\/p>\n","protected":false},"excerpt":{"rendered":"<p>Israel&nbsp;afirm\u00f3 que aceptaba la&nbsp;tregua&nbsp;y asegur\u00f3 que su ej\u00e9rcito hab\u00eda logrado todos los&nbsp;objetivos&nbsp;de la ofensiva lanzada el 13 de junio con&nbsp;Ir\u00e1n&nbsp;para impedir que se hiciera con el arma nuclear, una ambici\u00f3n negada por&nbsp;Ir\u00e1n. Pero poco despu\u00e9s de que&nbsp;Trump&nbsp;dijera que el&nbsp;alto al fuego&nbsp;entraba en vigor, el ministro israel\u00ed de Defensa,&nbsp;Israel&nbsp;Katz, denunci\u00f3 la detecci\u00f3n de dos&nbsp;misiles&nbsp;iran\u00edes y prometi\u00f3 [&hellip;]<\/p>\n","protected":false},"author":15,"featured_media":40628,"comment_status":"open","ping_status":"open","sticky":false,"template":"","format":"standard","meta":{"footnotes":""},"categories":[1],"tags":[],"class_list":{"0":"post-40627","1":"post","2":"type-post","3":"status-publish","4":"format-standard","5":"has-post-thumbnail","7":"category-uncategorized"},"yoast_head":"<!-- This site is optimized with the Yoast SEO plugin v27.1.1 - https:\/\/yoast.com\/product\/yoast-seo-wordpress\/ -->\n<title>Ir\u00e1n e Israel se acusan mutuamente de vulnerar la tregua anunciada por Trump. - Conexi\u00f3n 23<\/title>\n<meta name=\"robots\" content=\"index, follow, max-snippet:-1, max-image-preview:large, max-video-preview:-1\" \/>\n<link rel=\"canonical\" href=\"https:\/\/conexion23.com\/?p=40627\" \/>\n<meta property=\"og:locale\" content=\"es_ES\" \/>\n<meta property=\"og:type\" content=\"article\" \/>\n<meta property=\"og:title\" content=\"Ir\u00e1n e Israel se acusan mutuamente de vulnerar la tregua anunciada por Trump. - Conexi\u00f3n 23\" \/>\n<meta property=\"og:description\" content=\"Israel&nbsp;afirm\u00f3 que aceptaba la&nbsp;tregua&nbsp;y asegur\u00f3 que su ej\u00e9rcito hab\u00eda logrado todos los&nbsp;objetivos&nbsp;de la ofensiva lanzada el 13 de junio con&nbsp;Ir\u00e1n&nbsp;para impedir que se hiciera con el arma nuclear, una ambici\u00f3n negada por&nbsp;Ir\u00e1n. Pero poco despu\u00e9s de que&nbsp;Trump&nbsp;dijera que el&nbsp;alto al fuego&nbsp;entraba en vigor, el ministro israel\u00ed de Defensa,&nbsp;Israel&nbsp;Katz, denunci\u00f3 la detecci\u00f3n de dos&nbsp;misiles&nbsp;iran\u00edes y prometi\u00f3 [&hellip;]\" \/>\n<meta property=\"og:url\" content=\"https:\/\/conexion23.com\/?p=40627\" \/>\n<meta property=\"og:site_name\" content=\"Conexi\u00f3n 23\" \/>\n<meta property=\"article:publisher\" content=\"https:\/\/www.facebook.com\/conexion23com\" \/>\n<meta property=\"article:published_time\" content=\"2025-06-24T12:19:40+00:00\" \/>\n<meta property=\"article:modified_time\" content=\"2025-06-24T12:19:42+00:00\" \/>\n<meta property=\"og:image\" content=\"https:\/\/conexion23.com\/wp-content\/uploads\/2025\/06\/c76627c733ba625e158b09ddb5552c8bfc27c47bw-2f32c9fa-focus-0-0-896-504.jpg\" \/>\n\t<meta property=\"og:image:width\" content=\"896\" \/>\n\t<meta property=\"og:image:height\" content=\"504\" \/>\n\t<meta property=\"og:image:type\" content=\"image\/jpeg\" \/>\n<meta name=\"author\" content=\"Raffy Ben\u00edtez\" \/>\n<meta name=\"twitter:card\" content=\"summary_large_image\" \/>\n<meta name=\"twitter:label1\" content=\"Escrito por\" \/>\n\t<meta name=\"twitter:data1\" content=\"Raffy Ben\u00edtez\" \/>\n\t<meta name=\"twitter:label2\" content=\"Tiempo de lectura\" \/>\n\t<meta name=\"twitter:data2\" content=\"2 minutos\" \/>\n<script type=\"application\/ld+json\" class=\"yoast-schema-graph\">{\"@context\":\"https:\/\/schema.org\",\"@graph\":[{\"@type\":\"Article\",\"@id\":\"https:\/\/conexion23.com\/?p=40627#article\",\"isPartOf\":{\"@id\":\"https:\/\/conexion23.com\/?p=40627\"},\"author\":{\"name\":\"Raffy Ben\u00edtez\",\"@id\":\"https:\/\/conexion23.com\/#\/schema\/person\/03e36043331117e97a373299bbcd30a6\"},\"headline\":\"Ir\u00e1n e Israel se acusan mutuamente de vulnerar la tregua anunciada por Trump.\",\"datePublished\":\"2025-06-24T12:19:40+00:00\",\"dateModified\":\"2025-06-24T12:19:42+00:00\",\"mainEntityOfPage\":{\"@id\":\"https:\/\/conexion23.com\/?p=40627\"},\"wordCount\":261,\"commentCount\":0,\"publisher\":{\"@id\":\"https:\/\/conexion23.com\/#organization\"},\"image\":{\"@id\":\"https:\/\/conexion23.com\/?p=40627#primaryimage\"},\"thumbnailUrl\":\"https:\/\/conexion23.com\/wp-content\/uploads\/2025\/06\/c76627c733ba625e158b09ddb5552c8bfc27c47bw-2f32c9fa-focus-0-0-896-504.jpg\",\"articleSection\":[\"Uncategorized\"],\"inLanguage\":\"es\",\"potentialAction\":[{\"@type\":\"CommentAction\",\"name\":\"Comment\",\"target\":[\"https:\/\/conexion23.com\/?p=40627#respond\"]}]},{\"@type\":\"WebPage\",\"@id\":\"https:\/\/conexion23.com\/?p=40627\",\"url\":\"https:\/\/conexion23.com\/?p=40627\",\"name\":\"Ir\u00e1n e Israel se acusan mutuamente de vulnerar la tregua anunciada por Trump. - Conexi\u00f3n 23\",\"isPartOf\":{\"@id\":\"https:\/\/conexion23.com\/#website\"},\"primaryImageOfPage\":{\"@id\":\"https:\/\/conexion23.com\/?p=40627#primaryimage\"},\"image\":{\"@id\":\"https:\/\/conexion23.com\/?p=40627#primaryimage\"},\"thumbnailUrl\":\"https:\/\/conexion23.com\/wp-content\/uploads\/2025\/06\/c76627c733ba625e158b09ddb5552c8bfc27c47bw-2f32c9fa-focus-0-0-896-504.jpg\",\"datePublished\":\"2025-06-24T12:19:40+00:00\",\"dateModified\":\"2025-06-24T12:19:42+00:00\",\"breadcrumb\":{\"@id\":\"https:\/\/conexion23.com\/?p=40627#breadcrumb\"},\"inLanguage\":\"es\",\"potentialAction\":[{\"@type\":\"ReadAction\",\"target\":[\"https:\/\/conexion23.com\/?p=40627\"]}]},{\"@type\":\"ImageObject\",\"inLanguage\":\"es\",\"@id\":\"https:\/\/conexion23.com\/?p=40627#primaryimage\",\"url\":\"https:\/\/conexion23.com\/wp-content\/uploads\/2025\/06\/c76627c733ba625e158b09ddb5552c8bfc27c47bw-2f32c9fa-focus-0-0-896-504.jpg\",\"contentUrl\":\"https:\/\/conexion23.com\/wp-content\/uploads\/2025\/06\/c76627c733ba625e158b09ddb5552c8bfc27c47bw-2f32c9fa-focus-0-0-896-504.jpg\",\"width\":896,\"height\":504},{\"@type\":\"BreadcrumbList\",\"@id\":\"https:\/\/conexion23.com\/?p=40627#breadcrumb\",\"itemListElement\":[{\"@type\":\"ListItem\",\"position\":1,\"name\":\"Portada\",\"item\":\"https:\/\/conexion23.com\/\"},{\"@type\":\"ListItem\",\"position\":2,\"name\":\"Ir\u00e1n e Israel se acusan mutuamente de vulnerar la tregua anunciada por Trump.\"}]},{\"@type\":\"WebSite\",\"@id\":\"https:\/\/conexion23.com\/#website\",\"url\":\"https:\/\/conexion23.com\/\",\"name\":\"Conexi\u00f3n 23\",\"description\":\"Peri\u00f3dico 100% Petromacorisano\",\"publisher\":{\"@id\":\"https:\/\/conexion23.com\/#organization\"},\"potentialAction\":[{\"@type\":\"SearchAction\",\"target\":{\"@type\":\"EntryPoint\",\"urlTemplate\":\"https:\/\/conexion23.com\/?s={search_term_string}\"},\"query-input\":{\"@type\":\"PropertyValueSpecification\",\"valueRequired\":true,\"valueName\":\"search_term_string\"}}],\"inLanguage\":\"es\"},{\"@type\":\"Organization\",\"@id\":\"https:\/\/conexion23.com\/#organization\",\"name\":\"Conexion 23\",\"url\":\"https:\/\/conexion23.com\/\",\"logo\":{\"@type\":\"ImageObject\",\"inLanguage\":\"es\",\"@id\":\"https:\/\/conexion23.com\/#\/schema\/logo\/image\/\",\"url\":\"https:\/\/conexion23.com\/wp-content\/uploads\/2021\/11\/Diseno-sin-titulo-2.png\",\"contentUrl\":\"https:\/\/conexion23.com\/wp-content\/uploads\/2021\/11\/Diseno-sin-titulo-2.png\",\"width\":541,\"height\":90,\"caption\":\"Conexion 23\"},\"image\":{\"@id\":\"https:\/\/conexion23.com\/#\/schema\/logo\/image\/\"},\"sameAs\":[\"https:\/\/www.facebook.com\/conexion23com\",\"https:\/\/www.instagram.com\/conexion23com\/\",\"https:\/\/www.youtube.com\/channel\/UCYc7vxxFZMYLIHNsHHxPZ3Q\"]},{\"@type\":\"Person\",\"@id\":\"https:\/\/conexion23.com\/#\/schema\/person\/03e36043331117e97a373299bbcd30a6\",\"name\":\"Raffy Ben\u00edtez\",\"image\":{\"@type\":\"ImageObject\",\"inLanguage\":\"es\",\"@id\":\"https:\/\/conexion23.com\/#\/schema\/person\/image\/\",\"url\":\"https:\/\/secure.gravatar.com\/avatar\/3190a6a6c5e1b0327500f7d6c56b6242472ee6cb974cf09b401ee6b3b0798f23?s=96&d=mm&r=g\",\"contentUrl\":\"https:\/\/secure.gravatar.com\/avatar\/3190a6a6c5e1b0327500f7d6c56b6242472ee6cb974cf09b401ee6b3b0798f23?s=96&d=mm&r=g\",\"caption\":\"Raffy Ben\u00edtez\"},\"url\":\"https:\/\/conexion23.com\/?author=15\"}]}<\/script>\n<!-- \/ Yoast SEO plugin. -->","yoast_head_json":{"title":"Ir\u00e1n e Israel se acusan mutuamente de vulnerar la tregua anunciada por Trump. - Conexi\u00f3n 23","robots":{"index":"index","follow":"follow","max-snippet":"max-snippet:-1","max-image-preview":"max-image-preview:large","max-video-preview":"max-video-preview:-1"},"canonical":"https:\/\/conexion23.com\/?p=40627","og_locale":"es_ES","og_type":"article","og_title":"Ir\u00e1n e Israel se acusan mutuamente de vulnerar la tregua anunciada por Trump. - Conexi\u00f3n 23","og_description":"Israel&nbsp;afirm\u00f3 que aceptaba la&nbsp;tregua&nbsp;y asegur\u00f3 que su ej\u00e9rcito hab\u00eda logrado todos los&nbsp;objetivos&nbsp;de la ofensiva lanzada el 13 de junio con&nbsp;Ir\u00e1n&nbsp;para impedir que se hiciera con el arma nuclear, una ambici\u00f3n negada por&nbsp;Ir\u00e1n. Pero poco despu\u00e9s de que&nbsp;Trump&nbsp;dijera que el&nbsp;alto al fuego&nbsp;entraba en vigor, el ministro israel\u00ed de Defensa,&nbsp;Israel&nbsp;Katz, denunci\u00f3 la detecci\u00f3n de dos&nbsp;misiles&nbsp;iran\u00edes y prometi\u00f3 [&hellip;]","og_url":"https:\/\/conexion23.com\/?p=40627","og_site_name":"Conexi\u00f3n 23","article_publisher":"https:\/\/www.facebook.com\/conexion23com","article_published_time":"2025-06-24T12:19:40+00:00","article_modified_time":"2025-06-24T12:19:42+00:00","og_image":[{"width":896,"height":504,"url":"https:\/\/conexion23.com\/wp-content\/uploads\/2025\/06\/c76627c733ba625e158b09ddb5552c8bfc27c47bw-2f32c9fa-focus-0-0-896-504.jpg","type":"image\/jpeg"}],"author":"Raffy Ben\u00edtez","twitter_card":"summary_large_image","twitter_misc":{"Escrito por":"Raffy Ben\u00edtez","Tiempo de lectura":"2 minutos"},"schema":{"@context":"https:\/\/schema.org","@graph":[{"@type":"Article","@id":"https:\/\/conexion23.com\/?p=40627#article","isPartOf":{"@id":"https:\/\/conexion23.com\/?p=40627"},"author":{"name":"Raffy Ben\u00edtez","@id":"https:\/\/conexion23.com\/#\/schema\/person\/03e36043331117e97a373299bbcd30a6"},"headline":"Ir\u00e1n e Israel se acusan mutuamente de vulnerar la tregua anunciada por Trump.","datePublished":"2025-06-24T12:19:40+00:00","dateModified":"2025-06-24T12:19:42+00:00","mainEntityOfPage":{"@id":"https:\/\/conexion23.com\/?p=40627"},"wordCount":261,"commentCount":0,"publisher":{"@id":"https:\/\/conexion23.com\/#organization"},"image":{"@id":"https:\/\/conexion23.com\/?p=40627#primaryimage"},"thumbnailUrl":"https:\/\/conexion23.com\/wp-content\/uploads\/2025\/06\/c76627c733ba625e158b09ddb5552c8bfc27c47bw-2f32c9fa-focus-0-0-896-504.jpg","articleSection":["Uncategorized"],"inLanguage":"es","potentialAction":[{"@type":"CommentAction","name":"Comment","target":["https:\/\/conexion23.com\/?p=40627#respond"]}]},{"@type":"WebPage","@id":"https:\/\/conexion23.com\/?p=40627","url":"https:\/\/conexion23.com\/?p=40627","name":"Ir\u00e1n e Israel se acusan mutuamente de vulnerar la tregua anunciada por Trump. - Conexi\u00f3n 23","isPartOf":{"@id":"https:\/\/conexion23.com\/#website"},"primaryImageOfPage":{"@id":"https:\/\/conexion23.com\/?p=40627#primaryimage"},"image":{"@id":"https:\/\/conexion23.com\/?p=40627#primaryimage"},"thumbnailUrl":"https:\/\/conexion23.com\/wp-content\/uploads\/2025\/06\/c76627c733ba625e158b09ddb5552c8bfc27c47bw-2f32c9fa-focus-0-0-896-504.jpg","datePublished":"2025-06-24T12:19:40+00:00","dateModified":"2025-06-24T12:19:42+00:00","breadcrumb":{"@id":"https:\/\/conexion23.com\/?p=40627#breadcrumb"},"inLanguage":"es","potentialAction":[{"@type":"ReadAction","target":["https:\/\/conexion23.com\/?p=40627"]}]},{"@type":"ImageObject","inLanguage":"es","@id":"https:\/\/conexion23.com\/?p=40627#primaryimage","url":"https:\/\/conexion23.com\/wp-content\/uploads\/2025\/06\/c76627c733ba625e158b09ddb5552c8bfc27c47bw-2f32c9fa-focus-0-0-896-504.jpg","contentUrl":"https:\/\/conexion23.com\/wp-content\/uploads\/2025\/06\/c76627c733ba625e158b09ddb5552c8bfc27c47bw-2f32c9fa-focus-0-0-896-504.jpg","width":896,"height":504},{"@type":"BreadcrumbList","@id":"https:\/\/conexion23.com\/?p=40627#breadcrumb","itemListElement":[{"@type":"ListItem","position":1,"name":"Portada","item":"https:\/\/conexion23.com\/"},{"@type":"ListItem","position":2,"name":"Ir\u00e1n e Israel se acusan mutuamente de vulnerar la tregua anunciada por Trump."}]},{"@type":"WebSite","@id":"https:\/\/conexion23.com\/#website","url":"https:\/\/conexion23.com\/","name":"Conexi\u00f3n 23","description":"Peri\u00f3dico 100% Petromacorisano","publisher":{"@id":"https:\/\/conexion23.com\/#organization"},"potentialAction":[{"@type":"SearchAction","target":{"@type":"EntryPoint","urlTemplate":"https:\/\/conexion23.com\/?s={search_term_string}"},"query-input":{"@type":"PropertyValueSpecification","valueRequired":true,"valueName":"search_term_string"}}],"inLanguage":"es"},{"@type":"Organization","@id":"https:\/\/conexion23.com\/#organization","name":"Conexion 23","url":"https:\/\/conexion23.com\/","logo":{"@type":"ImageObject","inLanguage":"es","@id":"https:\/\/conexion23.com\/#\/schema\/logo\/image\/","url":"https:\/\/conexion23.com\/wp-content\/uploads\/2021\/11\/Diseno-sin-titulo-2.png","contentUrl":"https:\/\/conexion23.com\/wp-content\/uploads\/2021\/11\/Diseno-sin-titulo-2.png","width":541,"height":90,"caption":"Conexion 23"},"image":{"@id":"https:\/\/conexion23.com\/#\/schema\/logo\/image\/"},"sameAs":["https:\/\/www.facebook.com\/conexion23com","https:\/\/www.instagram.com\/conexion23com\/","https:\/\/www.youtube.com\/channel\/UCYc7vxxFZMYLIHNsHHxPZ3Q"]},{"@type":"Person","@id":"https:\/\/conexion23.com\/#\/schema\/person\/03e36043331117e97a373299bbcd30a6","name":"Raffy Ben\u00edtez","image":{"@type":"ImageObject","inLanguage":"es","@id":"https:\/\/conexion23.com\/#\/schema\/person\/image\/","url":"https:\/\/secure.gravatar.com\/avatar\/3190a6a6c5e1b0327500f7d6c56b6242472ee6cb974cf09b401ee6b3b0798f23?s=96&d=mm&r=g","contentUrl":"https:\/\/secure.gravatar.com\/avatar\/3190a6a6c5e1b0327500f7d6c56b6242472ee6cb974cf09b401ee6b3b0798f23?s=96&d=mm&r=g","caption":"Raffy Ben\u00edtez"},"url":"https:\/\/conexion23.com\/?author=15"}]}},"_links":{"self":[{"href":"https:\/\/conexion23.com\/index.php?rest_route=\/wp\/v2\/posts\/40627","targetHints":{"allow":["GET"]}}],"collection":[{"href":"https:\/\/conexion23.com\/index.php?rest_route=\/wp\/v2\/posts"}],"about":[{"href":"https:\/\/conexion23.com\/index.php?rest_route=\/wp\/v2\/types\/post"}],"author":[{"embeddable":true,"href":"https:\/\/conexion23.com\/index.php?rest_route=\/wp\/v2\/users\/15"}],"replies":[{"embeddable":true,"href":"https:\/\/conexion23.com\/index.php?rest_route=%2Fwp%2Fv2%2Fcomments&post=40627"}],"version-history":[{"count":1,"href":"https:\/\/conexion23.com\/index.php?rest_route=\/wp\/v2\/posts\/40627\/revisions"}],"predecessor-version":[{"id":40629,"href":"https:\/\/conexion23.com\/index.php?rest_route=\/wp\/v2\/posts\/40627\/revisions\/40629"}],"wp:featuredmedia":[{"embeddable":true,"href":"https:\/\/conexion23.com\/index.php?rest_route=\/wp\/v2\/media\/40628"}],"wp:attachment":[{"href":"https:\/\/conexion23.com\/index.php?rest_route=%2Fwp%2Fv2%2Fmedia&parent=40627"}],"wp:term":[{"taxonomy":"category","embeddable":true,"href":"https:\/\/conexion23.com\/index.php?rest_route=%2Fwp%2Fv2%2Fcategories&post=40627"},{"taxonomy":"post_tag","embeddable":true,"href":"https:\/\/conexion23.com\/index.php?rest_route=%2Fwp%2Fv2%2Ftags&post=40627"}],"curies":[{"name":"wp","href":"https:\/\/api.w.org\/{rel}","templated":true}]}}