{"id":40733,"date":"2025-06-27T07:21:57","date_gmt":"2025-06-27T11:21:57","guid":{"rendered":"https:\/\/conexion23.com\/?p=40733"},"modified":"2025-06-27T07:21:59","modified_gmt":"2025-06-27T11:21:59","slug":"aplazada-para-el-lunes-medida-de-coercion-contra-angel-martinez-por-querella-de-milagros-de-camps","status":"publish","type":"post","link":"https:\/\/conexion23.com\/?p=40733","title":{"rendered":"Aplazada para el lunes medida de coerci\u00f3n contra \u00c1ngel Mart\u00ednez por querella de Milagros De Camps"},"content":{"rendered":"\n<p class=\"wp-block-paragraph\">El juez del S\u00e9ptimo Juzgado de la Instrucci\u00f3n del Distrito Nacional aplaz\u00f3 para el pr\u00f3ximo lunes el conocimiento de la medida de coerci\u00f3n contra&nbsp;<strong>\u00c1ngel Ram\u00f3n Mart\u00ednez,<\/strong>&nbsp;quien est\u00e1 acusado de delitos cibern\u00e9ticos en perjuicio de&nbsp;<strong>Milagros De Camps Germ\u00e1n<\/strong>, exviceministra de Cambio Clim\u00e1tico del Ministerio de Medio Ambiente.<\/p>\n\n\n\n<p class=\"wp-block-paragraph\">El magistrado Deybi Timoteo Peguero tom\u00f3 esta decisi\u00f3n para darle oportunidad al abogado de Mart\u00ednez, Carlos Mesa, de preparar su defensa y gestionar el presupuesto necesario.&nbsp;<\/p>\n\n\n\n<p class=\"wp-block-paragraph\">Adem\u00e1s, el juez acogi\u00f3 una solicitud de la defensa para el aplazamiento, ya que el abogado necesitaba asistir a la graduaci\u00f3n de su hijo.<\/p>\n\n\n\n<h3 class=\"wp-block-heading\">Defensa cuestiona cuantiosa garant\u00eda Econ\u00f3mica<\/h3>\n\n\n\n<p class=\"wp-block-paragraph\">Aunque el abogado salud\u00f3 la decisi\u00f3n del&nbsp;<strong>Ministerio P\u00fablico<\/strong>&nbsp;de no solicitar prisi\u00f3n preventiva, cuestion\u00f3 que se est\u00e9 pidiendo una&nbsp;<strong>garant\u00eda econ\u00f3mica<\/strong>&nbsp;muy voluminosa: la suma de diez millones de pesos en efectivo.<\/p>\n\n\n\n<p class=\"wp-block-paragraph\">Los fiscales del&nbsp;<strong>Departamento de Investigaciones de Propiedad Intelectual y de Cr\u00edmenes y Delitos de Alta Tecnolog\u00eda<\/strong>&nbsp;de la Fiscal\u00eda del Distrito Nacional tambi\u00e9n solicitaron la imposici\u00f3n de impedimento de salida del pa\u00eds y presentaci\u00f3n peri\u00f3dica.&nbsp;<\/p>\n\n\n\n<p class=\"wp-block-paragraph\">Estas medidas se basan en la violaci\u00f3n de los art\u00edculos 21 y 22 de la Ley No. 53-07 sobre Cr\u00edmenes y Delitos de Alta Tecnolog\u00eda.<\/p>\n\n\n\n<p class=\"wp-block-paragraph\">La solicitud fue presentada por Kelvyn Col\u00f3n, director t\u00e9cnico de la Fiscal\u00eda del Distrito Nacional; Marineldy Pe\u00f1a, procuradora fiscal y coordinadora del Departamento de Investigaciones de Propiedad Intelectual y de Cr\u00edmenes y Delitos de Alta Tecnolog\u00eda; y el fiscalizador Rafael Reyes.<\/p>\n\n\n\n<h3 class=\"wp-block-heading\">Acusaci\u00f3n por difamaci\u00f3n e injuria en Redes Sociales<\/h3>\n\n\n\n<p class=\"wp-block-paragraph\">De acuerdo con la instancia, en diversas fechas, el imputado incurri\u00f3 en difamaci\u00f3n e injuria contra la v\u00edctima mediante publicaciones realizadas a trav\u00e9s de sus redes sociales.&nbsp;<\/p>\n\n\n\n<p class=\"wp-block-paragraph\">La abogada de profesi\u00f3n alega que dichas publicaciones, sin ning\u00fan tipo de fundamento ni pruebas, afectaron directamente su vida laboral, personal y profesional.<\/p>\n","protected":false},"excerpt":{"rendered":"<p>El juez del S\u00e9ptimo Juzgado de la Instrucci\u00f3n del Distrito Nacional aplaz\u00f3 para el pr\u00f3ximo lunes el conocimiento de la medida de coerci\u00f3n contra&nbsp;\u00c1ngel Ram\u00f3n Mart\u00ednez,&nbsp;quien est\u00e1 acusado de delitos cibern\u00e9ticos en perjuicio de&nbsp;Milagros De Camps Germ\u00e1n, exviceministra de Cambio Clim\u00e1tico del Ministerio de Medio Ambiente. El magistrado Deybi Timoteo Peguero tom\u00f3 esta decisi\u00f3n para [&hellip;]<\/p>\n","protected":false},"author":15,"featured_media":40734,"comment_status":"open","ping_status":"open","sticky":false,"template":"","format":"standard","meta":{"footnotes":""},"categories":[1],"tags":[],"class_list":["post-40733","post","type-post","status-publish","format-standard","has-post-thumbnail","category-uncategorized"],"yoast_head":"<!-- This site is optimized with the Yoast SEO plugin v27.6 - https:\/\/yoast.com\/product\/yoast-seo-wordpress\/ -->\n<title>Aplazada para el lunes medida de coerci\u00f3n contra \u00c1ngel Mart\u00ednez por querella de Milagros De Camps - Conexi\u00f3n 23<\/title>\n<meta name=\"robots\" content=\"index, follow, max-snippet:-1, max-image-preview:large, max-video-preview:-1\" \/>\n<link rel=\"canonical\" href=\"https:\/\/conexion23.com\/?p=40733\" \/>\n<meta property=\"og:locale\" content=\"es_ES\" \/>\n<meta property=\"og:type\" content=\"article\" \/>\n<meta property=\"og:title\" content=\"Aplazada para el lunes medida de coerci\u00f3n contra \u00c1ngel Mart\u00ednez por querella de Milagros De Camps - Conexi\u00f3n 23\" \/>\n<meta property=\"og:description\" content=\"El juez del S\u00e9ptimo Juzgado de la Instrucci\u00f3n del Distrito Nacional aplaz\u00f3 para el pr\u00f3ximo lunes el conocimiento de la medida de coerci\u00f3n contra&nbsp;\u00c1ngel Ram\u00f3n Mart\u00ednez,&nbsp;quien est\u00e1 acusado de delitos cibern\u00e9ticos en perjuicio de&nbsp;Milagros De Camps Germ\u00e1n, exviceministra de Cambio Clim\u00e1tico del Ministerio de Medio Ambiente. El magistrado Deybi Timoteo Peguero tom\u00f3 esta decisi\u00f3n para [&hellip;]\" \/>\n<meta property=\"og:url\" content=\"https:\/\/conexion23.com\/?p=40733\" \/>\n<meta property=\"og:site_name\" content=\"Conexi\u00f3n 23\" \/>\n<meta property=\"article:publisher\" content=\"https:\/\/www.facebook.com\/conexion23com\" \/>\n<meta property=\"article:published_time\" content=\"2025-06-27T11:21:57+00:00\" \/>\n<meta property=\"article:modified_time\" content=\"2025-06-27T11:21:59+00:00\" \/>\n<meta property=\"og:image\" content=\"https:\/\/conexion23.com\/wp-content\/uploads\/2025\/06\/descarga-1-30.jpg\" \/>\n\t<meta property=\"og:image:width\" content=\"268\" \/>\n\t<meta property=\"og:image:height\" content=\"188\" \/>\n\t<meta property=\"og:image:type\" content=\"image\/jpeg\" \/>\n<meta name=\"author\" content=\"Raffy Ben\u00edtez\" \/>\n<meta name=\"twitter:card\" content=\"summary_large_image\" \/>\n<meta name=\"twitter:label1\" content=\"Escrito por\" \/>\n\t<meta name=\"twitter:data1\" content=\"Raffy Ben\u00edtez\" \/>\n\t<meta name=\"twitter:label2\" content=\"Tiempo de lectura\" \/>\n\t<meta name=\"twitter:data2\" content=\"2 minutos\" \/>\n<script type=\"application\/ld+json\" class=\"yoast-schema-graph\">{\"@context\":\"https:\\\/\\\/schema.org\",\"@graph\":[{\"@type\":\"Article\",\"@id\":\"https:\\\/\\\/conexion23.com\\\/?p=40733#article\",\"isPartOf\":{\"@id\":\"https:\\\/\\\/conexion23.com\\\/?p=40733\"},\"author\":{\"name\":\"Raffy Ben\u00edtez\",\"@id\":\"http:\\\/\\\/conexion23.com\\\/#\\\/schema\\\/person\\\/03e36043331117e97a373299bbcd30a6\"},\"headline\":\"Aplazada para el lunes medida de coerci\u00f3n contra \u00c1ngel Mart\u00ednez por querella de Milagros De Camps\",\"datePublished\":\"2025-06-27T11:21:57+00:00\",\"dateModified\":\"2025-06-27T11:21:59+00:00\",\"mainEntityOfPage\":{\"@id\":\"https:\\\/\\\/conexion23.com\\\/?p=40733\"},\"wordCount\":370,\"commentCount\":0,\"publisher\":{\"@id\":\"http:\\\/\\\/conexion23.com\\\/#organization\"},\"image\":{\"@id\":\"https:\\\/\\\/conexion23.com\\\/?p=40733#primaryimage\"},\"thumbnailUrl\":\"https:\\\/\\\/conexion23.com\\\/wp-content\\\/uploads\\\/2025\\\/06\\\/descarga-1-30.jpg\",\"articleSection\":[\"Uncategorized\"],\"inLanguage\":\"es\",\"potentialAction\":[{\"@type\":\"CommentAction\",\"name\":\"Comment\",\"target\":[\"https:\\\/\\\/conexion23.com\\\/?p=40733#respond\"]}]},{\"@type\":\"WebPage\",\"@id\":\"https:\\\/\\\/conexion23.com\\\/?p=40733\",\"url\":\"https:\\\/\\\/conexion23.com\\\/?p=40733\",\"name\":\"Aplazada para el lunes medida de coerci\u00f3n contra \u00c1ngel Mart\u00ednez por querella de Milagros De Camps - Conexi\u00f3n 23\",\"isPartOf\":{\"@id\":\"http:\\\/\\\/conexion23.com\\\/#website\"},\"primaryImageOfPage\":{\"@id\":\"https:\\\/\\\/conexion23.com\\\/?p=40733#primaryimage\"},\"image\":{\"@id\":\"https:\\\/\\\/conexion23.com\\\/?p=40733#primaryimage\"},\"thumbnailUrl\":\"https:\\\/\\\/conexion23.com\\\/wp-content\\\/uploads\\\/2025\\\/06\\\/descarga-1-30.jpg\",\"datePublished\":\"2025-06-27T11:21:57+00:00\",\"dateModified\":\"2025-06-27T11:21:59+00:00\",\"breadcrumb\":{\"@id\":\"https:\\\/\\\/conexion23.com\\\/?p=40733#breadcrumb\"},\"inLanguage\":\"es\",\"potentialAction\":[{\"@type\":\"ReadAction\",\"target\":[\"https:\\\/\\\/conexion23.com\\\/?p=40733\"]}]},{\"@type\":\"ImageObject\",\"inLanguage\":\"es\",\"@id\":\"https:\\\/\\\/conexion23.com\\\/?p=40733#primaryimage\",\"url\":\"https:\\\/\\\/conexion23.com\\\/wp-content\\\/uploads\\\/2025\\\/06\\\/descarga-1-30.jpg\",\"contentUrl\":\"https:\\\/\\\/conexion23.com\\\/wp-content\\\/uploads\\\/2025\\\/06\\\/descarga-1-30.jpg\",\"width\":268,\"height\":188},{\"@type\":\"BreadcrumbList\",\"@id\":\"https:\\\/\\\/conexion23.com\\\/?p=40733#breadcrumb\",\"itemListElement\":[{\"@type\":\"ListItem\",\"position\":1,\"name\":\"Portada\",\"item\":\"http:\\\/\\\/conexion23.com\\\/\"},{\"@type\":\"ListItem\",\"position\":2,\"name\":\"Aplazada para el lunes medida de coerci\u00f3n contra \u00c1ngel Mart\u00ednez por querella de Milagros De Camps\"}]},{\"@type\":\"WebSite\",\"@id\":\"http:\\\/\\\/conexion23.com\\\/#website\",\"url\":\"http:\\\/\\\/conexion23.com\\\/\",\"name\":\"Conexi\u00f3n 23\",\"description\":\"Peri\u00f3dico 100% Petromacorisano\",\"publisher\":{\"@id\":\"http:\\\/\\\/conexion23.com\\\/#organization\"},\"potentialAction\":[{\"@type\":\"SearchAction\",\"target\":{\"@type\":\"EntryPoint\",\"urlTemplate\":\"http:\\\/\\\/conexion23.com\\\/?s={search_term_string}\"},\"query-input\":{\"@type\":\"PropertyValueSpecification\",\"valueRequired\":true,\"valueName\":\"search_term_string\"}}],\"inLanguage\":\"es\"},{\"@type\":\"Organization\",\"@id\":\"http:\\\/\\\/conexion23.com\\\/#organization\",\"name\":\"Conexion 23\",\"url\":\"http:\\\/\\\/conexion23.com\\\/\",\"logo\":{\"@type\":\"ImageObject\",\"inLanguage\":\"es\",\"@id\":\"http:\\\/\\\/conexion23.com\\\/#\\\/schema\\\/logo\\\/image\\\/\",\"url\":\"https:\\\/\\\/conexion23.com\\\/wp-content\\\/uploads\\\/2021\\\/11\\\/Diseno-sin-titulo-2.png\",\"contentUrl\":\"https:\\\/\\\/conexion23.com\\\/wp-content\\\/uploads\\\/2021\\\/11\\\/Diseno-sin-titulo-2.png\",\"width\":541,\"height\":90,\"caption\":\"Conexion 23\"},\"image\":{\"@id\":\"http:\\\/\\\/conexion23.com\\\/#\\\/schema\\\/logo\\\/image\\\/\"},\"sameAs\":[\"https:\\\/\\\/www.facebook.com\\\/conexion23com\",\"https:\\\/\\\/www.instagram.com\\\/conexion23com\\\/\",\"https:\\\/\\\/www.youtube.com\\\/channel\\\/UCYc7vxxFZMYLIHNsHHxPZ3Q\"]},{\"@type\":\"Person\",\"@id\":\"http:\\\/\\\/conexion23.com\\\/#\\\/schema\\\/person\\\/03e36043331117e97a373299bbcd30a6\",\"name\":\"Raffy Ben\u00edtez\",\"image\":{\"@type\":\"ImageObject\",\"inLanguage\":\"es\",\"@id\":\"https:\\\/\\\/secure.gravatar.com\\\/avatar\\\/3190a6a6c5e1b0327500f7d6c56b6242472ee6cb974cf09b401ee6b3b0798f23?s=96&d=mm&r=g\",\"url\":\"https:\\\/\\\/secure.gravatar.com\\\/avatar\\\/3190a6a6c5e1b0327500f7d6c56b6242472ee6cb974cf09b401ee6b3b0798f23?s=96&d=mm&r=g\",\"contentUrl\":\"https:\\\/\\\/secure.gravatar.com\\\/avatar\\\/3190a6a6c5e1b0327500f7d6c56b6242472ee6cb974cf09b401ee6b3b0798f23?s=96&d=mm&r=g\",\"caption\":\"Raffy Ben\u00edtez\"},\"url\":\"https:\\\/\\\/conexion23.com\\\/?author=15\"}]}<\/script>\n<!-- \/ Yoast SEO plugin. -->","yoast_head_json":{"title":"Aplazada para el lunes medida de coerci\u00f3n contra \u00c1ngel Mart\u00ednez por querella de Milagros De Camps - Conexi\u00f3n 23","robots":{"index":"index","follow":"follow","max-snippet":"max-snippet:-1","max-image-preview":"max-image-preview:large","max-video-preview":"max-video-preview:-1"},"canonical":"https:\/\/conexion23.com\/?p=40733","og_locale":"es_ES","og_type":"article","og_title":"Aplazada para el lunes medida de coerci\u00f3n contra \u00c1ngel Mart\u00ednez por querella de Milagros De Camps - Conexi\u00f3n 23","og_description":"El juez del S\u00e9ptimo Juzgado de la Instrucci\u00f3n del Distrito Nacional aplaz\u00f3 para el pr\u00f3ximo lunes el conocimiento de la medida de coerci\u00f3n contra&nbsp;\u00c1ngel Ram\u00f3n Mart\u00ednez,&nbsp;quien est\u00e1 acusado de delitos cibern\u00e9ticos en perjuicio de&nbsp;Milagros De Camps Germ\u00e1n, exviceministra de Cambio Clim\u00e1tico del Ministerio de Medio Ambiente. El magistrado Deybi Timoteo Peguero tom\u00f3 esta decisi\u00f3n para [&hellip;]","og_url":"https:\/\/conexion23.com\/?p=40733","og_site_name":"Conexi\u00f3n 23","article_publisher":"https:\/\/www.facebook.com\/conexion23com","article_published_time":"2025-06-27T11:21:57+00:00","article_modified_time":"2025-06-27T11:21:59+00:00","og_image":[{"width":268,"height":188,"url":"https:\/\/conexion23.com\/wp-content\/uploads\/2025\/06\/descarga-1-30.jpg","type":"image\/jpeg"}],"author":"Raffy Ben\u00edtez","twitter_card":"summary_large_image","twitter_misc":{"Escrito por":"Raffy Ben\u00edtez","Tiempo de lectura":"2 minutos"},"schema":{"@context":"https:\/\/schema.org","@graph":[{"@type":"Article","@id":"https:\/\/conexion23.com\/?p=40733#article","isPartOf":{"@id":"https:\/\/conexion23.com\/?p=40733"},"author":{"name":"Raffy Ben\u00edtez","@id":"http:\/\/conexion23.com\/#\/schema\/person\/03e36043331117e97a373299bbcd30a6"},"headline":"Aplazada para el lunes medida de coerci\u00f3n contra \u00c1ngel Mart\u00ednez por querella de Milagros De Camps","datePublished":"2025-06-27T11:21:57+00:00","dateModified":"2025-06-27T11:21:59+00:00","mainEntityOfPage":{"@id":"https:\/\/conexion23.com\/?p=40733"},"wordCount":370,"commentCount":0,"publisher":{"@id":"http:\/\/conexion23.com\/#organization"},"image":{"@id":"https:\/\/conexion23.com\/?p=40733#primaryimage"},"thumbnailUrl":"https:\/\/conexion23.com\/wp-content\/uploads\/2025\/06\/descarga-1-30.jpg","articleSection":["Uncategorized"],"inLanguage":"es","potentialAction":[{"@type":"CommentAction","name":"Comment","target":["https:\/\/conexion23.com\/?p=40733#respond"]}]},{"@type":"WebPage","@id":"https:\/\/conexion23.com\/?p=40733","url":"https:\/\/conexion23.com\/?p=40733","name":"Aplazada para el lunes medida de coerci\u00f3n contra \u00c1ngel Mart\u00ednez por querella de Milagros De Camps - Conexi\u00f3n 23","isPartOf":{"@id":"http:\/\/conexion23.com\/#website"},"primaryImageOfPage":{"@id":"https:\/\/conexion23.com\/?p=40733#primaryimage"},"image":{"@id":"https:\/\/conexion23.com\/?p=40733#primaryimage"},"thumbnailUrl":"https:\/\/conexion23.com\/wp-content\/uploads\/2025\/06\/descarga-1-30.jpg","datePublished":"2025-06-27T11:21:57+00:00","dateModified":"2025-06-27T11:21:59+00:00","breadcrumb":{"@id":"https:\/\/conexion23.com\/?p=40733#breadcrumb"},"inLanguage":"es","potentialAction":[{"@type":"ReadAction","target":["https:\/\/conexion23.com\/?p=40733"]}]},{"@type":"ImageObject","inLanguage":"es","@id":"https:\/\/conexion23.com\/?p=40733#primaryimage","url":"https:\/\/conexion23.com\/wp-content\/uploads\/2025\/06\/descarga-1-30.jpg","contentUrl":"https:\/\/conexion23.com\/wp-content\/uploads\/2025\/06\/descarga-1-30.jpg","width":268,"height":188},{"@type":"BreadcrumbList","@id":"https:\/\/conexion23.com\/?p=40733#breadcrumb","itemListElement":[{"@type":"ListItem","position":1,"name":"Portada","item":"http:\/\/conexion23.com\/"},{"@type":"ListItem","position":2,"name":"Aplazada para el lunes medida de coerci\u00f3n contra \u00c1ngel Mart\u00ednez por querella de Milagros De Camps"}]},{"@type":"WebSite","@id":"http:\/\/conexion23.com\/#website","url":"http:\/\/conexion23.com\/","name":"Conexi\u00f3n 23","description":"Peri\u00f3dico 100% Petromacorisano","publisher":{"@id":"http:\/\/conexion23.com\/#organization"},"potentialAction":[{"@type":"SearchAction","target":{"@type":"EntryPoint","urlTemplate":"http:\/\/conexion23.com\/?s={search_term_string}"},"query-input":{"@type":"PropertyValueSpecification","valueRequired":true,"valueName":"search_term_string"}}],"inLanguage":"es"},{"@type":"Organization","@id":"http:\/\/conexion23.com\/#organization","name":"Conexion 23","url":"http:\/\/conexion23.com\/","logo":{"@type":"ImageObject","inLanguage":"es","@id":"http:\/\/conexion23.com\/#\/schema\/logo\/image\/","url":"https:\/\/conexion23.com\/wp-content\/uploads\/2021\/11\/Diseno-sin-titulo-2.png","contentUrl":"https:\/\/conexion23.com\/wp-content\/uploads\/2021\/11\/Diseno-sin-titulo-2.png","width":541,"height":90,"caption":"Conexion 23"},"image":{"@id":"http:\/\/conexion23.com\/#\/schema\/logo\/image\/"},"sameAs":["https:\/\/www.facebook.com\/conexion23com","https:\/\/www.instagram.com\/conexion23com\/","https:\/\/www.youtube.com\/channel\/UCYc7vxxFZMYLIHNsHHxPZ3Q"]},{"@type":"Person","@id":"http:\/\/conexion23.com\/#\/schema\/person\/03e36043331117e97a373299bbcd30a6","name":"Raffy Ben\u00edtez","image":{"@type":"ImageObject","inLanguage":"es","@id":"https:\/\/secure.gravatar.com\/avatar\/3190a6a6c5e1b0327500f7d6c56b6242472ee6cb974cf09b401ee6b3b0798f23?s=96&d=mm&r=g","url":"https:\/\/secure.gravatar.com\/avatar\/3190a6a6c5e1b0327500f7d6c56b6242472ee6cb974cf09b401ee6b3b0798f23?s=96&d=mm&r=g","contentUrl":"https:\/\/secure.gravatar.com\/avatar\/3190a6a6c5e1b0327500f7d6c56b6242472ee6cb974cf09b401ee6b3b0798f23?s=96&d=mm&r=g","caption":"Raffy Ben\u00edtez"},"url":"https:\/\/conexion23.com\/?author=15"}]}},"_links":{"self":[{"href":"https:\/\/conexion23.com\/index.php?rest_route=\/wp\/v2\/posts\/40733","targetHints":{"allow":["GET"]}}],"collection":[{"href":"https:\/\/conexion23.com\/index.php?rest_route=\/wp\/v2\/posts"}],"about":[{"href":"https:\/\/conexion23.com\/index.php?rest_route=\/wp\/v2\/types\/post"}],"author":[{"embeddable":true,"href":"https:\/\/conexion23.com\/index.php?rest_route=\/wp\/v2\/users\/15"}],"replies":[{"embeddable":true,"href":"https:\/\/conexion23.com\/index.php?rest_route=%2Fwp%2Fv2%2Fcomments&post=40733"}],"version-history":[{"count":1,"href":"https:\/\/conexion23.com\/index.php?rest_route=\/wp\/v2\/posts\/40733\/revisions"}],"predecessor-version":[{"id":40735,"href":"https:\/\/conexion23.com\/index.php?rest_route=\/wp\/v2\/posts\/40733\/revisions\/40735"}],"wp:featuredmedia":[{"embeddable":true,"href":"https:\/\/conexion23.com\/index.php?rest_route=\/wp\/v2\/media\/40734"}],"wp:attachment":[{"href":"https:\/\/conexion23.com\/index.php?rest_route=%2Fwp%2Fv2%2Fmedia&parent=40733"}],"wp:term":[{"taxonomy":"category","embeddable":true,"href":"https:\/\/conexion23.com\/index.php?rest_route=%2Fwp%2Fv2%2Fcategories&post=40733"},{"taxonomy":"post_tag","embeddable":true,"href":"https:\/\/conexion23.com\/index.php?rest_route=%2Fwp%2Fv2%2Ftags&post=40733"}],"curies":[{"name":"wp","href":"https:\/\/api.w.org\/{rel}","templated":true}]}}