{"id":40818,"date":"2025-06-30T07:17:03","date_gmt":"2025-06-30T11:17:03","guid":{"rendered":"https:\/\/conexion23.com\/?p=40818"},"modified":"2025-06-30T07:17:06","modified_gmt":"2025-06-30T11:17:06","slug":"inician-el-proceso-para-el-cierre-definitivo-de-la-carcel-de-la-victoria","status":"publish","type":"post","link":"https:\/\/conexion23.com\/?p=40818","title":{"rendered":"Inician el Proceso para el Cierre Definitivo de la C\u00e1rcel de La Victoria"},"content":{"rendered":"\n<p class=\"wp-block-paragraph\">El Gobierno de la Rep\u00fablica Dominicana ha dado inicio al proceso de levantamiento t\u00e9cnico con miras al cierre definitivo del Centro Penitenciario de La Victoria, como parte de una estrategia integral destinada a la transformaci\u00f3n profunda del sistema carcelario nacional.<\/p>\n\n\n\n<p class=\"wp-block-paragraph\">Un equipo multidisciplinario compuesto por ingenieros, arquitectos, agrimensores, especialistas en infraestructura y personal electromec\u00e1nico, pertenecientes a la Oficina Presidencial de Apoyo a la Reforma Penitenciaria (ONAPREP), al Ministerio de Vivienda y Edificaciones (MIVED), y a la Oficina Nacional de Evaluaci\u00f3n S\u00edsmica y Vulnerabilidad de Infraestructuras y Edificaciones (ONESVIE), est\u00e1 llevando a cabo una exhaustiva evaluaci\u00f3n de las estructuras existentes para determinar cu\u00e1les pueden ser rescatadas y cu\u00e1les deben ser demolidas.<\/p>\n\n\n\n<p class=\"wp-block-paragraph\">El objetivo de este levantamiento es dise\u00f1ar un nuevo centro penitenciario de menor escala, destinado exclusivamente a internos preventivos. Este nuevo centro operar\u00e1 bajo los est\u00e1ndares de un modelo reformado y ser\u00e1 gestionado por personal civil capacitado en el Instituto Superior Especializado de Estudios Penitenciarios y Correccionales (INSEEPENC), anteriormente conocida como la Escuela Penitenciaria.<\/p>\n\n\n\n<p class=\"wp-block-paragraph\">El proceso coincide con la evaluaci\u00f3n y futura reubicaci\u00f3n de un segmento de la poblaci\u00f3n interna de La Victoria hacia el Centro Penitenciario Las Parras, que tiene capacidad para albergar a 2,400 internos. Con este traslado, el Gobierno espera reducir el hacinamiento y mejorar las condiciones que hist\u00f3ricamente han caracterizado a La Victoria como inhumanas.<\/p>\n","protected":false},"excerpt":{"rendered":"<p>El Gobierno de la Rep\u00fablica Dominicana ha dado inicio al proceso de levantamiento t\u00e9cnico con miras al cierre definitivo del Centro Penitenciario de La Victoria, como parte de una estrategia integral destinada a la transformaci\u00f3n profunda del sistema carcelario nacional. Un equipo multidisciplinario compuesto por ingenieros, arquitectos, agrimensores, especialistas en infraestructura y personal electromec\u00e1nico, pertenecientes [&hellip;]<\/p>\n","protected":false},"author":15,"featured_media":40819,"comment_status":"open","ping_status":"open","sticky":false,"template":"","format":"standard","meta":{"footnotes":""},"categories":[1],"tags":[],"class_list":["post-40818","post","type-post","status-publish","format-standard","has-post-thumbnail","category-uncategorized"],"yoast_head":"<!-- This site is optimized with the Yoast SEO plugin v27.6 - https:\/\/yoast.com\/product\/yoast-seo-wordpress\/ -->\n<title>Inician el Proceso para el Cierre Definitivo de la C\u00e1rcel de La Victoria - Conexi\u00f3n 23<\/title>\n<meta name=\"robots\" content=\"index, follow, max-snippet:-1, max-image-preview:large, max-video-preview:-1\" \/>\n<link rel=\"canonical\" href=\"https:\/\/conexion23.com\/?p=40818\" \/>\n<meta property=\"og:locale\" content=\"es_ES\" \/>\n<meta property=\"og:type\" content=\"article\" \/>\n<meta property=\"og:title\" content=\"Inician el Proceso para el Cierre Definitivo de la C\u00e1rcel de La Victoria - Conexi\u00f3n 23\" \/>\n<meta property=\"og:description\" content=\"El Gobierno de la Rep\u00fablica Dominicana ha dado inicio al proceso de levantamiento t\u00e9cnico con miras al cierre definitivo del Centro Penitenciario de La Victoria, como parte de una estrategia integral destinada a la transformaci\u00f3n profunda del sistema carcelario nacional. Un equipo multidisciplinario compuesto por ingenieros, arquitectos, agrimensores, especialistas en infraestructura y personal electromec\u00e1nico, pertenecientes [&hellip;]\" \/>\n<meta property=\"og:url\" content=\"https:\/\/conexion23.com\/?p=40818\" \/>\n<meta property=\"og:site_name\" content=\"Conexi\u00f3n 23\" \/>\n<meta property=\"article:publisher\" content=\"https:\/\/www.facebook.com\/conexion23com\" \/>\n<meta property=\"article:published_time\" content=\"2025-06-30T11:17:03+00:00\" \/>\n<meta property=\"article:modified_time\" content=\"2025-06-30T11:17:06+00:00\" \/>\n<meta property=\"og:image\" content=\"https:\/\/conexion23.com\/wp-content\/uploads\/2025\/06\/descarga-68.jpg\" \/>\n\t<meta property=\"og:image:width\" content=\"285\" \/>\n\t<meta property=\"og:image:height\" content=\"177\" \/>\n\t<meta property=\"og:image:type\" content=\"image\/jpeg\" \/>\n<meta name=\"author\" content=\"Raffy Ben\u00edtez\" \/>\n<meta name=\"twitter:card\" content=\"summary_large_image\" \/>\n<meta name=\"twitter:label1\" content=\"Escrito por\" \/>\n\t<meta name=\"twitter:data1\" content=\"Raffy Ben\u00edtez\" \/>\n\t<meta name=\"twitter:label2\" content=\"Tiempo de lectura\" \/>\n\t<meta name=\"twitter:data2\" content=\"2 minutos\" \/>\n<script type=\"application\/ld+json\" class=\"yoast-schema-graph\">{\"@context\":\"https:\\\/\\\/schema.org\",\"@graph\":[{\"@type\":\"Article\",\"@id\":\"https:\\\/\\\/conexion23.com\\\/?p=40818#article\",\"isPartOf\":{\"@id\":\"https:\\\/\\\/conexion23.com\\\/?p=40818\"},\"author\":{\"name\":\"Raffy Ben\u00edtez\",\"@id\":\"http:\\\/\\\/conexion23.com\\\/#\\\/schema\\\/person\\\/03e36043331117e97a373299bbcd30a6\"},\"headline\":\"Inician el Proceso para el Cierre Definitivo de la C\u00e1rcel de La Victoria\",\"datePublished\":\"2025-06-30T11:17:03+00:00\",\"dateModified\":\"2025-06-30T11:17:06+00:00\",\"mainEntityOfPage\":{\"@id\":\"https:\\\/\\\/conexion23.com\\\/?p=40818\"},\"wordCount\":247,\"commentCount\":0,\"publisher\":{\"@id\":\"http:\\\/\\\/conexion23.com\\\/#organization\"},\"image\":{\"@id\":\"https:\\\/\\\/conexion23.com\\\/?p=40818#primaryimage\"},\"thumbnailUrl\":\"https:\\\/\\\/conexion23.com\\\/wp-content\\\/uploads\\\/2025\\\/06\\\/descarga-68.jpg\",\"articleSection\":[\"Uncategorized\"],\"inLanguage\":\"es\",\"potentialAction\":[{\"@type\":\"CommentAction\",\"name\":\"Comment\",\"target\":[\"https:\\\/\\\/conexion23.com\\\/?p=40818#respond\"]}]},{\"@type\":\"WebPage\",\"@id\":\"https:\\\/\\\/conexion23.com\\\/?p=40818\",\"url\":\"https:\\\/\\\/conexion23.com\\\/?p=40818\",\"name\":\"Inician el Proceso para el Cierre Definitivo de la C\u00e1rcel de La Victoria - Conexi\u00f3n 23\",\"isPartOf\":{\"@id\":\"http:\\\/\\\/conexion23.com\\\/#website\"},\"primaryImageOfPage\":{\"@id\":\"https:\\\/\\\/conexion23.com\\\/?p=40818#primaryimage\"},\"image\":{\"@id\":\"https:\\\/\\\/conexion23.com\\\/?p=40818#primaryimage\"},\"thumbnailUrl\":\"https:\\\/\\\/conexion23.com\\\/wp-content\\\/uploads\\\/2025\\\/06\\\/descarga-68.jpg\",\"datePublished\":\"2025-06-30T11:17:03+00:00\",\"dateModified\":\"2025-06-30T11:17:06+00:00\",\"breadcrumb\":{\"@id\":\"https:\\\/\\\/conexion23.com\\\/?p=40818#breadcrumb\"},\"inLanguage\":\"es\",\"potentialAction\":[{\"@type\":\"ReadAction\",\"target\":[\"https:\\\/\\\/conexion23.com\\\/?p=40818\"]}]},{\"@type\":\"ImageObject\",\"inLanguage\":\"es\",\"@id\":\"https:\\\/\\\/conexion23.com\\\/?p=40818#primaryimage\",\"url\":\"https:\\\/\\\/conexion23.com\\\/wp-content\\\/uploads\\\/2025\\\/06\\\/descarga-68.jpg\",\"contentUrl\":\"https:\\\/\\\/conexion23.com\\\/wp-content\\\/uploads\\\/2025\\\/06\\\/descarga-68.jpg\",\"width\":285,\"height\":177},{\"@type\":\"BreadcrumbList\",\"@id\":\"https:\\\/\\\/conexion23.com\\\/?p=40818#breadcrumb\",\"itemListElement\":[{\"@type\":\"ListItem\",\"position\":1,\"name\":\"Portada\",\"item\":\"http:\\\/\\\/conexion23.com\\\/\"},{\"@type\":\"ListItem\",\"position\":2,\"name\":\"Inician el Proceso para el Cierre Definitivo de la C\u00e1rcel de La Victoria\"}]},{\"@type\":\"WebSite\",\"@id\":\"http:\\\/\\\/conexion23.com\\\/#website\",\"url\":\"http:\\\/\\\/conexion23.com\\\/\",\"name\":\"Conexi\u00f3n 23\",\"description\":\"Peri\u00f3dico 100% Petromacorisano\",\"publisher\":{\"@id\":\"http:\\\/\\\/conexion23.com\\\/#organization\"},\"potentialAction\":[{\"@type\":\"SearchAction\",\"target\":{\"@type\":\"EntryPoint\",\"urlTemplate\":\"http:\\\/\\\/conexion23.com\\\/?s={search_term_string}\"},\"query-input\":{\"@type\":\"PropertyValueSpecification\",\"valueRequired\":true,\"valueName\":\"search_term_string\"}}],\"inLanguage\":\"es\"},{\"@type\":\"Organization\",\"@id\":\"http:\\\/\\\/conexion23.com\\\/#organization\",\"name\":\"Conexion 23\",\"url\":\"http:\\\/\\\/conexion23.com\\\/\",\"logo\":{\"@type\":\"ImageObject\",\"inLanguage\":\"es\",\"@id\":\"http:\\\/\\\/conexion23.com\\\/#\\\/schema\\\/logo\\\/image\\\/\",\"url\":\"https:\\\/\\\/conexion23.com\\\/wp-content\\\/uploads\\\/2021\\\/11\\\/Diseno-sin-titulo-2.png\",\"contentUrl\":\"https:\\\/\\\/conexion23.com\\\/wp-content\\\/uploads\\\/2021\\\/11\\\/Diseno-sin-titulo-2.png\",\"width\":541,\"height\":90,\"caption\":\"Conexion 23\"},\"image\":{\"@id\":\"http:\\\/\\\/conexion23.com\\\/#\\\/schema\\\/logo\\\/image\\\/\"},\"sameAs\":[\"https:\\\/\\\/www.facebook.com\\\/conexion23com\",\"https:\\\/\\\/www.instagram.com\\\/conexion23com\\\/\",\"https:\\\/\\\/www.youtube.com\\\/channel\\\/UCYc7vxxFZMYLIHNsHHxPZ3Q\"]},{\"@type\":\"Person\",\"@id\":\"http:\\\/\\\/conexion23.com\\\/#\\\/schema\\\/person\\\/03e36043331117e97a373299bbcd30a6\",\"name\":\"Raffy Ben\u00edtez\",\"image\":{\"@type\":\"ImageObject\",\"inLanguage\":\"es\",\"@id\":\"https:\\\/\\\/secure.gravatar.com\\\/avatar\\\/3190a6a6c5e1b0327500f7d6c56b6242472ee6cb974cf09b401ee6b3b0798f23?s=96&d=mm&r=g\",\"url\":\"https:\\\/\\\/secure.gravatar.com\\\/avatar\\\/3190a6a6c5e1b0327500f7d6c56b6242472ee6cb974cf09b401ee6b3b0798f23?s=96&d=mm&r=g\",\"contentUrl\":\"https:\\\/\\\/secure.gravatar.com\\\/avatar\\\/3190a6a6c5e1b0327500f7d6c56b6242472ee6cb974cf09b401ee6b3b0798f23?s=96&d=mm&r=g\",\"caption\":\"Raffy Ben\u00edtez\"},\"url\":\"https:\\\/\\\/conexion23.com\\\/?author=15\"}]}<\/script>\n<!-- \/ Yoast SEO plugin. -->","yoast_head_json":{"title":"Inician el Proceso para el Cierre Definitivo de la C\u00e1rcel de La Victoria - Conexi\u00f3n 23","robots":{"index":"index","follow":"follow","max-snippet":"max-snippet:-1","max-image-preview":"max-image-preview:large","max-video-preview":"max-video-preview:-1"},"canonical":"https:\/\/conexion23.com\/?p=40818","og_locale":"es_ES","og_type":"article","og_title":"Inician el Proceso para el Cierre Definitivo de la C\u00e1rcel de La Victoria - Conexi\u00f3n 23","og_description":"El Gobierno de la Rep\u00fablica Dominicana ha dado inicio al proceso de levantamiento t\u00e9cnico con miras al cierre definitivo del Centro Penitenciario de La Victoria, como parte de una estrategia integral destinada a la transformaci\u00f3n profunda del sistema carcelario nacional. Un equipo multidisciplinario compuesto por ingenieros, arquitectos, agrimensores, especialistas en infraestructura y personal electromec\u00e1nico, pertenecientes [&hellip;]","og_url":"https:\/\/conexion23.com\/?p=40818","og_site_name":"Conexi\u00f3n 23","article_publisher":"https:\/\/www.facebook.com\/conexion23com","article_published_time":"2025-06-30T11:17:03+00:00","article_modified_time":"2025-06-30T11:17:06+00:00","og_image":[{"width":285,"height":177,"url":"https:\/\/conexion23.com\/wp-content\/uploads\/2025\/06\/descarga-68.jpg","type":"image\/jpeg"}],"author":"Raffy Ben\u00edtez","twitter_card":"summary_large_image","twitter_misc":{"Escrito por":"Raffy Ben\u00edtez","Tiempo de lectura":"2 minutos"},"schema":{"@context":"https:\/\/schema.org","@graph":[{"@type":"Article","@id":"https:\/\/conexion23.com\/?p=40818#article","isPartOf":{"@id":"https:\/\/conexion23.com\/?p=40818"},"author":{"name":"Raffy Ben\u00edtez","@id":"http:\/\/conexion23.com\/#\/schema\/person\/03e36043331117e97a373299bbcd30a6"},"headline":"Inician el Proceso para el Cierre Definitivo de la C\u00e1rcel de La Victoria","datePublished":"2025-06-30T11:17:03+00:00","dateModified":"2025-06-30T11:17:06+00:00","mainEntityOfPage":{"@id":"https:\/\/conexion23.com\/?p=40818"},"wordCount":247,"commentCount":0,"publisher":{"@id":"http:\/\/conexion23.com\/#organization"},"image":{"@id":"https:\/\/conexion23.com\/?p=40818#primaryimage"},"thumbnailUrl":"https:\/\/conexion23.com\/wp-content\/uploads\/2025\/06\/descarga-68.jpg","articleSection":["Uncategorized"],"inLanguage":"es","potentialAction":[{"@type":"CommentAction","name":"Comment","target":["https:\/\/conexion23.com\/?p=40818#respond"]}]},{"@type":"WebPage","@id":"https:\/\/conexion23.com\/?p=40818","url":"https:\/\/conexion23.com\/?p=40818","name":"Inician el Proceso para el Cierre Definitivo de la C\u00e1rcel de La Victoria - Conexi\u00f3n 23","isPartOf":{"@id":"http:\/\/conexion23.com\/#website"},"primaryImageOfPage":{"@id":"https:\/\/conexion23.com\/?p=40818#primaryimage"},"image":{"@id":"https:\/\/conexion23.com\/?p=40818#primaryimage"},"thumbnailUrl":"https:\/\/conexion23.com\/wp-content\/uploads\/2025\/06\/descarga-68.jpg","datePublished":"2025-06-30T11:17:03+00:00","dateModified":"2025-06-30T11:17:06+00:00","breadcrumb":{"@id":"https:\/\/conexion23.com\/?p=40818#breadcrumb"},"inLanguage":"es","potentialAction":[{"@type":"ReadAction","target":["https:\/\/conexion23.com\/?p=40818"]}]},{"@type":"ImageObject","inLanguage":"es","@id":"https:\/\/conexion23.com\/?p=40818#primaryimage","url":"https:\/\/conexion23.com\/wp-content\/uploads\/2025\/06\/descarga-68.jpg","contentUrl":"https:\/\/conexion23.com\/wp-content\/uploads\/2025\/06\/descarga-68.jpg","width":285,"height":177},{"@type":"BreadcrumbList","@id":"https:\/\/conexion23.com\/?p=40818#breadcrumb","itemListElement":[{"@type":"ListItem","position":1,"name":"Portada","item":"http:\/\/conexion23.com\/"},{"@type":"ListItem","position":2,"name":"Inician el Proceso para el Cierre Definitivo de la C\u00e1rcel de La Victoria"}]},{"@type":"WebSite","@id":"http:\/\/conexion23.com\/#website","url":"http:\/\/conexion23.com\/","name":"Conexi\u00f3n 23","description":"Peri\u00f3dico 100% Petromacorisano","publisher":{"@id":"http:\/\/conexion23.com\/#organization"},"potentialAction":[{"@type":"SearchAction","target":{"@type":"EntryPoint","urlTemplate":"http:\/\/conexion23.com\/?s={search_term_string}"},"query-input":{"@type":"PropertyValueSpecification","valueRequired":true,"valueName":"search_term_string"}}],"inLanguage":"es"},{"@type":"Organization","@id":"http:\/\/conexion23.com\/#organization","name":"Conexion 23","url":"http:\/\/conexion23.com\/","logo":{"@type":"ImageObject","inLanguage":"es","@id":"http:\/\/conexion23.com\/#\/schema\/logo\/image\/","url":"https:\/\/conexion23.com\/wp-content\/uploads\/2021\/11\/Diseno-sin-titulo-2.png","contentUrl":"https:\/\/conexion23.com\/wp-content\/uploads\/2021\/11\/Diseno-sin-titulo-2.png","width":541,"height":90,"caption":"Conexion 23"},"image":{"@id":"http:\/\/conexion23.com\/#\/schema\/logo\/image\/"},"sameAs":["https:\/\/www.facebook.com\/conexion23com","https:\/\/www.instagram.com\/conexion23com\/","https:\/\/www.youtube.com\/channel\/UCYc7vxxFZMYLIHNsHHxPZ3Q"]},{"@type":"Person","@id":"http:\/\/conexion23.com\/#\/schema\/person\/03e36043331117e97a373299bbcd30a6","name":"Raffy Ben\u00edtez","image":{"@type":"ImageObject","inLanguage":"es","@id":"https:\/\/secure.gravatar.com\/avatar\/3190a6a6c5e1b0327500f7d6c56b6242472ee6cb974cf09b401ee6b3b0798f23?s=96&d=mm&r=g","url":"https:\/\/secure.gravatar.com\/avatar\/3190a6a6c5e1b0327500f7d6c56b6242472ee6cb974cf09b401ee6b3b0798f23?s=96&d=mm&r=g","contentUrl":"https:\/\/secure.gravatar.com\/avatar\/3190a6a6c5e1b0327500f7d6c56b6242472ee6cb974cf09b401ee6b3b0798f23?s=96&d=mm&r=g","caption":"Raffy Ben\u00edtez"},"url":"https:\/\/conexion23.com\/?author=15"}]}},"_links":{"self":[{"href":"https:\/\/conexion23.com\/index.php?rest_route=\/wp\/v2\/posts\/40818","targetHints":{"allow":["GET"]}}],"collection":[{"href":"https:\/\/conexion23.com\/index.php?rest_route=\/wp\/v2\/posts"}],"about":[{"href":"https:\/\/conexion23.com\/index.php?rest_route=\/wp\/v2\/types\/post"}],"author":[{"embeddable":true,"href":"https:\/\/conexion23.com\/index.php?rest_route=\/wp\/v2\/users\/15"}],"replies":[{"embeddable":true,"href":"https:\/\/conexion23.com\/index.php?rest_route=%2Fwp%2Fv2%2Fcomments&post=40818"}],"version-history":[{"count":1,"href":"https:\/\/conexion23.com\/index.php?rest_route=\/wp\/v2\/posts\/40818\/revisions"}],"predecessor-version":[{"id":40820,"href":"https:\/\/conexion23.com\/index.php?rest_route=\/wp\/v2\/posts\/40818\/revisions\/40820"}],"wp:featuredmedia":[{"embeddable":true,"href":"https:\/\/conexion23.com\/index.php?rest_route=\/wp\/v2\/media\/40819"}],"wp:attachment":[{"href":"https:\/\/conexion23.com\/index.php?rest_route=%2Fwp%2Fv2%2Fmedia&parent=40818"}],"wp:term":[{"taxonomy":"category","embeddable":true,"href":"https:\/\/conexion23.com\/index.php?rest_route=%2Fwp%2Fv2%2Fcategories&post=40818"},{"taxonomy":"post_tag","embeddable":true,"href":"https:\/\/conexion23.com\/index.php?rest_route=%2Fwp%2Fv2%2Ftags&post=40818"}],"curies":[{"name":"wp","href":"https:\/\/api.w.org\/{rel}","templated":true}]}}