{"id":40830,"date":"2025-06-30T07:33:07","date_gmt":"2025-06-30T11:33:07","guid":{"rendered":"https:\/\/conexion23.com\/?p=40830"},"modified":"2025-06-30T07:33:09","modified_gmt":"2025-06-30T11:33:09","slug":"hallan-muerto-en-prision-jonaiki-martinez-condenado-por-asesinato-de-lesandro-junior-guzman","status":"publish","type":"post","link":"https:\/\/conexion23.com\/?p=40830","title":{"rendered":"Hallan muerto en prisi\u00f3n Jonaiki Mart\u00ednez, condenado por asesinato de Lesandro \u201cJunior\u201d Guzm\u00e1n"},"content":{"rendered":"\n<p class=\"wp-block-paragraph\">Jonaiki Mart\u00ednez Estrella, uno de los pandilleros condenados por el asesinato del adolescente Lesandro \u201cJunior\u201d Guzm\u00e1n Feliz en 2018, fue hallado muerto en el Centro Correccional Coxsackie, en Nueva York.<\/p>\n\n\n\n<p class=\"wp-block-paragraph\">La informaci\u00f3n fue confirmada por el Departamento de Correcciones y Supervisi\u00f3n Comunitaria del estado, que no ha precisado hasta el momento la causa del fallecimiento.<\/p>\n\n\n\n<p class=\"wp-block-paragraph\">El dominicano, de 31 a\u00f1os, cumpl\u00eda una condena de 25 a\u00f1os a cadena perpetua con posibilidad de libertad condicional por asesinato en segundo grado. Esta pena fue impuesta luego de que en mayo de 2025 la Divisi\u00f3n de Apelaciones del estado redujera la condena original de cadena perpetua sin derecho a libertad, tras desestimar el cargo de homicidio en primer grado.<\/p>\n\n\n\n<p class=\"wp-block-paragraph\">Mart\u00ednez Estrella fue hallado culpable de haber propinado la herida mortal en el cuello del joven Guzm\u00e1n Feliz durante un ataque perpetrado por miembros de la pandilla \u201cLos Trinitarios\u201d, registrado el 20 de junio de 2018 en el Bronx. El hecho, captado por c\u00e1maras de seguridad, gener\u00f3 indignaci\u00f3n a nivel nacional y puso en evidencia la violencia de las pandillas en comunidades latinas.<\/p>\n\n\n\n<p class=\"wp-block-paragraph\">El crimen fue atribuido a un caso de identidad equivocada. Seg\u00fan las investigaciones, \u201cLos Trinitarios\u201d buscaban a un supuesto miembro de la pandilla rival \u201cSunsets\u201d, y al confundir a Junior lo persiguieron hasta una bodega, donde fue atacado a pu\u00f1aladas frente a testigos y sin que nadie pudiera intervenir a tiempo.<\/p>\n\n\n\n<p class=\"wp-block-paragraph\">Mart\u00ednez Estrella fue uno de los 24 miembros de la organizaci\u00f3n criminal arrestados por el asesinato. En octubre de 2019 fue inicialmente condenado a cadena perpetua sin posibilidad de libertad condicional bajo el agravante de tortura, pero su condena fue modificada a\u00f1os despu\u00e9s.<\/p>\n","protected":false},"excerpt":{"rendered":"<p>Jonaiki Mart\u00ednez Estrella, uno de los pandilleros condenados por el asesinato del adolescente Lesandro \u201cJunior\u201d Guzm\u00e1n Feliz en 2018, fue hallado muerto en el Centro Correccional Coxsackie, en Nueva York. La informaci\u00f3n fue confirmada por el Departamento de Correcciones y Supervisi\u00f3n Comunitaria del estado, que no ha precisado hasta el momento la causa del fallecimiento. [&hellip;]<\/p>\n","protected":false},"author":15,"featured_media":40831,"comment_status":"open","ping_status":"open","sticky":false,"template":"","format":"standard","meta":{"footnotes":""},"categories":[1],"tags":[],"class_list":["post-40830","post","type-post","status-publish","format-standard","has-post-thumbnail","category-uncategorized"],"yoast_head":"<!-- This site is optimized with the Yoast SEO plugin v27.6 - https:\/\/yoast.com\/product\/yoast-seo-wordpress\/ -->\n<title>Hallan muerto en prisi\u00f3n Jonaiki Mart\u00ednez, condenado por asesinato de Lesandro \u201cJunior\u201d Guzm\u00e1n - Conexi\u00f3n 23<\/title>\n<meta name=\"robots\" content=\"index, follow, max-snippet:-1, max-image-preview:large, max-video-preview:-1\" \/>\n<link rel=\"canonical\" href=\"https:\/\/conexion23.com\/?p=40830\" \/>\n<meta property=\"og:locale\" content=\"es_ES\" \/>\n<meta property=\"og:type\" content=\"article\" \/>\n<meta property=\"og:title\" content=\"Hallan muerto en prisi\u00f3n Jonaiki Mart\u00ednez, condenado por asesinato de Lesandro \u201cJunior\u201d Guzm\u00e1n - Conexi\u00f3n 23\" \/>\n<meta property=\"og:description\" content=\"Jonaiki Mart\u00ednez Estrella, uno de los pandilleros condenados por el asesinato del adolescente Lesandro \u201cJunior\u201d Guzm\u00e1n Feliz en 2018, fue hallado muerto en el Centro Correccional Coxsackie, en Nueva York. La informaci\u00f3n fue confirmada por el Departamento de Correcciones y Supervisi\u00f3n Comunitaria del estado, que no ha precisado hasta el momento la causa del fallecimiento. [&hellip;]\" \/>\n<meta property=\"og:url\" content=\"https:\/\/conexion23.com\/?p=40830\" \/>\n<meta property=\"og:site_name\" content=\"Conexi\u00f3n 23\" \/>\n<meta property=\"article:publisher\" content=\"https:\/\/www.facebook.com\/conexion23com\" \/>\n<meta property=\"article:published_time\" content=\"2025-06-30T11:33:07+00:00\" \/>\n<meta property=\"article:modified_time\" content=\"2025-06-30T11:33:09+00:00\" \/>\n<meta property=\"og:image\" content=\"https:\/\/conexion23.com\/wp-content\/uploads\/2025\/06\/Hallan-muerto-en-prision-Jonaiki-Martinez-condenado-por-asesinato-de-Lesandro-Junior-Guzman-768x653-1.jpg\" \/>\n\t<meta property=\"og:image:width\" content=\"768\" \/>\n\t<meta property=\"og:image:height\" content=\"653\" \/>\n\t<meta property=\"og:image:type\" content=\"image\/jpeg\" \/>\n<meta name=\"author\" content=\"Raffy Ben\u00edtez\" \/>\n<meta name=\"twitter:card\" content=\"summary_large_image\" \/>\n<meta name=\"twitter:label1\" content=\"Escrito por\" \/>\n\t<meta name=\"twitter:data1\" content=\"Raffy Ben\u00edtez\" \/>\n\t<meta name=\"twitter:label2\" content=\"Tiempo de lectura\" \/>\n\t<meta name=\"twitter:data2\" content=\"2 minutos\" \/>\n<script type=\"application\/ld+json\" class=\"yoast-schema-graph\">{\"@context\":\"https:\\\/\\\/schema.org\",\"@graph\":[{\"@type\":\"Article\",\"@id\":\"https:\\\/\\\/conexion23.com\\\/?p=40830#article\",\"isPartOf\":{\"@id\":\"https:\\\/\\\/conexion23.com\\\/?p=40830\"},\"author\":{\"name\":\"Raffy Ben\u00edtez\",\"@id\":\"http:\\\/\\\/conexion23.com\\\/#\\\/schema\\\/person\\\/03e36043331117e97a373299bbcd30a6\"},\"headline\":\"Hallan muerto en prisi\u00f3n Jonaiki Mart\u00ednez, condenado por asesinato de Lesandro \u201cJunior\u201d Guzm\u00e1n\",\"datePublished\":\"2025-06-30T11:33:07+00:00\",\"dateModified\":\"2025-06-30T11:33:09+00:00\",\"mainEntityOfPage\":{\"@id\":\"https:\\\/\\\/conexion23.com\\\/?p=40830\"},\"wordCount\":299,\"commentCount\":0,\"publisher\":{\"@id\":\"http:\\\/\\\/conexion23.com\\\/#organization\"},\"image\":{\"@id\":\"https:\\\/\\\/conexion23.com\\\/?p=40830#primaryimage\"},\"thumbnailUrl\":\"https:\\\/\\\/conexion23.com\\\/wp-content\\\/uploads\\\/2025\\\/06\\\/Hallan-muerto-en-prision-Jonaiki-Martinez-condenado-por-asesinato-de-Lesandro-Junior-Guzman-768x653-1.jpg\",\"articleSection\":[\"Uncategorized\"],\"inLanguage\":\"es\",\"potentialAction\":[{\"@type\":\"CommentAction\",\"name\":\"Comment\",\"target\":[\"https:\\\/\\\/conexion23.com\\\/?p=40830#respond\"]}]},{\"@type\":\"WebPage\",\"@id\":\"https:\\\/\\\/conexion23.com\\\/?p=40830\",\"url\":\"https:\\\/\\\/conexion23.com\\\/?p=40830\",\"name\":\"Hallan muerto en prisi\u00f3n Jonaiki Mart\u00ednez, condenado por asesinato de Lesandro \u201cJunior\u201d Guzm\u00e1n - Conexi\u00f3n 23\",\"isPartOf\":{\"@id\":\"http:\\\/\\\/conexion23.com\\\/#website\"},\"primaryImageOfPage\":{\"@id\":\"https:\\\/\\\/conexion23.com\\\/?p=40830#primaryimage\"},\"image\":{\"@id\":\"https:\\\/\\\/conexion23.com\\\/?p=40830#primaryimage\"},\"thumbnailUrl\":\"https:\\\/\\\/conexion23.com\\\/wp-content\\\/uploads\\\/2025\\\/06\\\/Hallan-muerto-en-prision-Jonaiki-Martinez-condenado-por-asesinato-de-Lesandro-Junior-Guzman-768x653-1.jpg\",\"datePublished\":\"2025-06-30T11:33:07+00:00\",\"dateModified\":\"2025-06-30T11:33:09+00:00\",\"breadcrumb\":{\"@id\":\"https:\\\/\\\/conexion23.com\\\/?p=40830#breadcrumb\"},\"inLanguage\":\"es\",\"potentialAction\":[{\"@type\":\"ReadAction\",\"target\":[\"https:\\\/\\\/conexion23.com\\\/?p=40830\"]}]},{\"@type\":\"ImageObject\",\"inLanguage\":\"es\",\"@id\":\"https:\\\/\\\/conexion23.com\\\/?p=40830#primaryimage\",\"url\":\"https:\\\/\\\/conexion23.com\\\/wp-content\\\/uploads\\\/2025\\\/06\\\/Hallan-muerto-en-prision-Jonaiki-Martinez-condenado-por-asesinato-de-Lesandro-Junior-Guzman-768x653-1.jpg\",\"contentUrl\":\"https:\\\/\\\/conexion23.com\\\/wp-content\\\/uploads\\\/2025\\\/06\\\/Hallan-muerto-en-prision-Jonaiki-Martinez-condenado-por-asesinato-de-Lesandro-Junior-Guzman-768x653-1.jpg\",\"width\":768,\"height\":653},{\"@type\":\"BreadcrumbList\",\"@id\":\"https:\\\/\\\/conexion23.com\\\/?p=40830#breadcrumb\",\"itemListElement\":[{\"@type\":\"ListItem\",\"position\":1,\"name\":\"Portada\",\"item\":\"http:\\\/\\\/conexion23.com\\\/\"},{\"@type\":\"ListItem\",\"position\":2,\"name\":\"Hallan muerto en prisi\u00f3n Jonaiki Mart\u00ednez, condenado por asesinato de Lesandro \u201cJunior\u201d Guzm\u00e1n\"}]},{\"@type\":\"WebSite\",\"@id\":\"http:\\\/\\\/conexion23.com\\\/#website\",\"url\":\"http:\\\/\\\/conexion23.com\\\/\",\"name\":\"Conexi\u00f3n 23\",\"description\":\"Peri\u00f3dico 100% Petromacorisano\",\"publisher\":{\"@id\":\"http:\\\/\\\/conexion23.com\\\/#organization\"},\"potentialAction\":[{\"@type\":\"SearchAction\",\"target\":{\"@type\":\"EntryPoint\",\"urlTemplate\":\"http:\\\/\\\/conexion23.com\\\/?s={search_term_string}\"},\"query-input\":{\"@type\":\"PropertyValueSpecification\",\"valueRequired\":true,\"valueName\":\"search_term_string\"}}],\"inLanguage\":\"es\"},{\"@type\":\"Organization\",\"@id\":\"http:\\\/\\\/conexion23.com\\\/#organization\",\"name\":\"Conexion 23\",\"url\":\"http:\\\/\\\/conexion23.com\\\/\",\"logo\":{\"@type\":\"ImageObject\",\"inLanguage\":\"es\",\"@id\":\"http:\\\/\\\/conexion23.com\\\/#\\\/schema\\\/logo\\\/image\\\/\",\"url\":\"https:\\\/\\\/conexion23.com\\\/wp-content\\\/uploads\\\/2021\\\/11\\\/Diseno-sin-titulo-2.png\",\"contentUrl\":\"https:\\\/\\\/conexion23.com\\\/wp-content\\\/uploads\\\/2021\\\/11\\\/Diseno-sin-titulo-2.png\",\"width\":541,\"height\":90,\"caption\":\"Conexion 23\"},\"image\":{\"@id\":\"http:\\\/\\\/conexion23.com\\\/#\\\/schema\\\/logo\\\/image\\\/\"},\"sameAs\":[\"https:\\\/\\\/www.facebook.com\\\/conexion23com\",\"https:\\\/\\\/www.instagram.com\\\/conexion23com\\\/\",\"https:\\\/\\\/www.youtube.com\\\/channel\\\/UCYc7vxxFZMYLIHNsHHxPZ3Q\"]},{\"@type\":\"Person\",\"@id\":\"http:\\\/\\\/conexion23.com\\\/#\\\/schema\\\/person\\\/03e36043331117e97a373299bbcd30a6\",\"name\":\"Raffy Ben\u00edtez\",\"image\":{\"@type\":\"ImageObject\",\"inLanguage\":\"es\",\"@id\":\"https:\\\/\\\/secure.gravatar.com\\\/avatar\\\/3190a6a6c5e1b0327500f7d6c56b6242472ee6cb974cf09b401ee6b3b0798f23?s=96&d=mm&r=g\",\"url\":\"https:\\\/\\\/secure.gravatar.com\\\/avatar\\\/3190a6a6c5e1b0327500f7d6c56b6242472ee6cb974cf09b401ee6b3b0798f23?s=96&d=mm&r=g\",\"contentUrl\":\"https:\\\/\\\/secure.gravatar.com\\\/avatar\\\/3190a6a6c5e1b0327500f7d6c56b6242472ee6cb974cf09b401ee6b3b0798f23?s=96&d=mm&r=g\",\"caption\":\"Raffy Ben\u00edtez\"},\"url\":\"https:\\\/\\\/conexion23.com\\\/?author=15\"}]}<\/script>\n<!-- \/ Yoast SEO plugin. -->","yoast_head_json":{"title":"Hallan muerto en prisi\u00f3n Jonaiki Mart\u00ednez, condenado por asesinato de Lesandro \u201cJunior\u201d Guzm\u00e1n - Conexi\u00f3n 23","robots":{"index":"index","follow":"follow","max-snippet":"max-snippet:-1","max-image-preview":"max-image-preview:large","max-video-preview":"max-video-preview:-1"},"canonical":"https:\/\/conexion23.com\/?p=40830","og_locale":"es_ES","og_type":"article","og_title":"Hallan muerto en prisi\u00f3n Jonaiki Mart\u00ednez, condenado por asesinato de Lesandro \u201cJunior\u201d Guzm\u00e1n - Conexi\u00f3n 23","og_description":"Jonaiki Mart\u00ednez Estrella, uno de los pandilleros condenados por el asesinato del adolescente Lesandro \u201cJunior\u201d Guzm\u00e1n Feliz en 2018, fue hallado muerto en el Centro Correccional Coxsackie, en Nueva York. La informaci\u00f3n fue confirmada por el Departamento de Correcciones y Supervisi\u00f3n Comunitaria del estado, que no ha precisado hasta el momento la causa del fallecimiento. [&hellip;]","og_url":"https:\/\/conexion23.com\/?p=40830","og_site_name":"Conexi\u00f3n 23","article_publisher":"https:\/\/www.facebook.com\/conexion23com","article_published_time":"2025-06-30T11:33:07+00:00","article_modified_time":"2025-06-30T11:33:09+00:00","og_image":[{"width":768,"height":653,"url":"https:\/\/conexion23.com\/wp-content\/uploads\/2025\/06\/Hallan-muerto-en-prision-Jonaiki-Martinez-condenado-por-asesinato-de-Lesandro-Junior-Guzman-768x653-1.jpg","type":"image\/jpeg"}],"author":"Raffy Ben\u00edtez","twitter_card":"summary_large_image","twitter_misc":{"Escrito por":"Raffy Ben\u00edtez","Tiempo de lectura":"2 minutos"},"schema":{"@context":"https:\/\/schema.org","@graph":[{"@type":"Article","@id":"https:\/\/conexion23.com\/?p=40830#article","isPartOf":{"@id":"https:\/\/conexion23.com\/?p=40830"},"author":{"name":"Raffy Ben\u00edtez","@id":"http:\/\/conexion23.com\/#\/schema\/person\/03e36043331117e97a373299bbcd30a6"},"headline":"Hallan muerto en prisi\u00f3n Jonaiki Mart\u00ednez, condenado por asesinato de Lesandro \u201cJunior\u201d Guzm\u00e1n","datePublished":"2025-06-30T11:33:07+00:00","dateModified":"2025-06-30T11:33:09+00:00","mainEntityOfPage":{"@id":"https:\/\/conexion23.com\/?p=40830"},"wordCount":299,"commentCount":0,"publisher":{"@id":"http:\/\/conexion23.com\/#organization"},"image":{"@id":"https:\/\/conexion23.com\/?p=40830#primaryimage"},"thumbnailUrl":"https:\/\/conexion23.com\/wp-content\/uploads\/2025\/06\/Hallan-muerto-en-prision-Jonaiki-Martinez-condenado-por-asesinato-de-Lesandro-Junior-Guzman-768x653-1.jpg","articleSection":["Uncategorized"],"inLanguage":"es","potentialAction":[{"@type":"CommentAction","name":"Comment","target":["https:\/\/conexion23.com\/?p=40830#respond"]}]},{"@type":"WebPage","@id":"https:\/\/conexion23.com\/?p=40830","url":"https:\/\/conexion23.com\/?p=40830","name":"Hallan muerto en prisi\u00f3n Jonaiki Mart\u00ednez, condenado por asesinato de Lesandro \u201cJunior\u201d Guzm\u00e1n - Conexi\u00f3n 23","isPartOf":{"@id":"http:\/\/conexion23.com\/#website"},"primaryImageOfPage":{"@id":"https:\/\/conexion23.com\/?p=40830#primaryimage"},"image":{"@id":"https:\/\/conexion23.com\/?p=40830#primaryimage"},"thumbnailUrl":"https:\/\/conexion23.com\/wp-content\/uploads\/2025\/06\/Hallan-muerto-en-prision-Jonaiki-Martinez-condenado-por-asesinato-de-Lesandro-Junior-Guzman-768x653-1.jpg","datePublished":"2025-06-30T11:33:07+00:00","dateModified":"2025-06-30T11:33:09+00:00","breadcrumb":{"@id":"https:\/\/conexion23.com\/?p=40830#breadcrumb"},"inLanguage":"es","potentialAction":[{"@type":"ReadAction","target":["https:\/\/conexion23.com\/?p=40830"]}]},{"@type":"ImageObject","inLanguage":"es","@id":"https:\/\/conexion23.com\/?p=40830#primaryimage","url":"https:\/\/conexion23.com\/wp-content\/uploads\/2025\/06\/Hallan-muerto-en-prision-Jonaiki-Martinez-condenado-por-asesinato-de-Lesandro-Junior-Guzman-768x653-1.jpg","contentUrl":"https:\/\/conexion23.com\/wp-content\/uploads\/2025\/06\/Hallan-muerto-en-prision-Jonaiki-Martinez-condenado-por-asesinato-de-Lesandro-Junior-Guzman-768x653-1.jpg","width":768,"height":653},{"@type":"BreadcrumbList","@id":"https:\/\/conexion23.com\/?p=40830#breadcrumb","itemListElement":[{"@type":"ListItem","position":1,"name":"Portada","item":"http:\/\/conexion23.com\/"},{"@type":"ListItem","position":2,"name":"Hallan muerto en prisi\u00f3n Jonaiki Mart\u00ednez, condenado por asesinato de Lesandro \u201cJunior\u201d Guzm\u00e1n"}]},{"@type":"WebSite","@id":"http:\/\/conexion23.com\/#website","url":"http:\/\/conexion23.com\/","name":"Conexi\u00f3n 23","description":"Peri\u00f3dico 100% Petromacorisano","publisher":{"@id":"http:\/\/conexion23.com\/#organization"},"potentialAction":[{"@type":"SearchAction","target":{"@type":"EntryPoint","urlTemplate":"http:\/\/conexion23.com\/?s={search_term_string}"},"query-input":{"@type":"PropertyValueSpecification","valueRequired":true,"valueName":"search_term_string"}}],"inLanguage":"es"},{"@type":"Organization","@id":"http:\/\/conexion23.com\/#organization","name":"Conexion 23","url":"http:\/\/conexion23.com\/","logo":{"@type":"ImageObject","inLanguage":"es","@id":"http:\/\/conexion23.com\/#\/schema\/logo\/image\/","url":"https:\/\/conexion23.com\/wp-content\/uploads\/2021\/11\/Diseno-sin-titulo-2.png","contentUrl":"https:\/\/conexion23.com\/wp-content\/uploads\/2021\/11\/Diseno-sin-titulo-2.png","width":541,"height":90,"caption":"Conexion 23"},"image":{"@id":"http:\/\/conexion23.com\/#\/schema\/logo\/image\/"},"sameAs":["https:\/\/www.facebook.com\/conexion23com","https:\/\/www.instagram.com\/conexion23com\/","https:\/\/www.youtube.com\/channel\/UCYc7vxxFZMYLIHNsHHxPZ3Q"]},{"@type":"Person","@id":"http:\/\/conexion23.com\/#\/schema\/person\/03e36043331117e97a373299bbcd30a6","name":"Raffy Ben\u00edtez","image":{"@type":"ImageObject","inLanguage":"es","@id":"https:\/\/secure.gravatar.com\/avatar\/3190a6a6c5e1b0327500f7d6c56b6242472ee6cb974cf09b401ee6b3b0798f23?s=96&d=mm&r=g","url":"https:\/\/secure.gravatar.com\/avatar\/3190a6a6c5e1b0327500f7d6c56b6242472ee6cb974cf09b401ee6b3b0798f23?s=96&d=mm&r=g","contentUrl":"https:\/\/secure.gravatar.com\/avatar\/3190a6a6c5e1b0327500f7d6c56b6242472ee6cb974cf09b401ee6b3b0798f23?s=96&d=mm&r=g","caption":"Raffy Ben\u00edtez"},"url":"https:\/\/conexion23.com\/?author=15"}]}},"_links":{"self":[{"href":"https:\/\/conexion23.com\/index.php?rest_route=\/wp\/v2\/posts\/40830","targetHints":{"allow":["GET"]}}],"collection":[{"href":"https:\/\/conexion23.com\/index.php?rest_route=\/wp\/v2\/posts"}],"about":[{"href":"https:\/\/conexion23.com\/index.php?rest_route=\/wp\/v2\/types\/post"}],"author":[{"embeddable":true,"href":"https:\/\/conexion23.com\/index.php?rest_route=\/wp\/v2\/users\/15"}],"replies":[{"embeddable":true,"href":"https:\/\/conexion23.com\/index.php?rest_route=%2Fwp%2Fv2%2Fcomments&post=40830"}],"version-history":[{"count":1,"href":"https:\/\/conexion23.com\/index.php?rest_route=\/wp\/v2\/posts\/40830\/revisions"}],"predecessor-version":[{"id":40832,"href":"https:\/\/conexion23.com\/index.php?rest_route=\/wp\/v2\/posts\/40830\/revisions\/40832"}],"wp:featuredmedia":[{"embeddable":true,"href":"https:\/\/conexion23.com\/index.php?rest_route=\/wp\/v2\/media\/40831"}],"wp:attachment":[{"href":"https:\/\/conexion23.com\/index.php?rest_route=%2Fwp%2Fv2%2Fmedia&parent=40830"}],"wp:term":[{"taxonomy":"category","embeddable":true,"href":"https:\/\/conexion23.com\/index.php?rest_route=%2Fwp%2Fv2%2Fcategories&post=40830"},{"taxonomy":"post_tag","embeddable":true,"href":"https:\/\/conexion23.com\/index.php?rest_route=%2Fwp%2Fv2%2Ftags&post=40830"}],"curies":[{"name":"wp","href":"https:\/\/api.w.org\/{rel}","templated":true}]}}