{"id":40885,"date":"2025-07-01T08:09:55","date_gmt":"2025-07-01T12:09:55","guid":{"rendered":"https:\/\/conexion23.com\/?p=40885"},"modified":"2025-07-01T08:09:57","modified_gmt":"2025-07-01T12:09:57","slug":"47-alcaldes-sin-declaracion-jurada-culpan-a-la-plataforma-de-camara-de-cuentas","status":"publish","type":"post","link":"https:\/\/conexion23.com\/?p=40885","title":{"rendered":"47 Alcaldes sin declaraci\u00f3n jurada culpan a la plataforma de C\u00e1mara de Cuentas"},"content":{"rendered":"\n<p class=\"wp-block-paragraph\">Al menos&nbsp;<strong>47 alcaldes<\/strong>&nbsp;a\u00fan no han presentado su&nbsp;<strong>declaraci\u00f3n jurada<\/strong>&nbsp;de&nbsp;<strong>patrimonio<\/strong>&nbsp;ante la&nbsp;<strong>C\u00e1mara de Cuentas<\/strong>, 14 meses despu\u00e9s de asumir sus funciones, pese a que la ley establece un plazo de 30 d\u00edas para cumplir con este requisito.<\/p>\n\n\n\n<p class=\"wp-block-paragraph\">Estos funcionarios edilicios ofrecen&nbsp;<strong>explicaciones<\/strong>&nbsp;que incluyen&nbsp;<strong>dificultades t\u00e9cnicas<\/strong>, circunstancias personales&nbsp; y simple&nbsp;<strong>descuido<\/strong>&nbsp;de su parte.<\/p>\n\n\n\n<p class=\"wp-block-paragraph\">En Monci\u00f3n, el alcalde&nbsp;<strong>Jos\u00e9 Napole\u00f3n Espinal<\/strong>&nbsp;admite claramente su responsabilidad: \u201cYo soy culpable, es una&nbsp;<strong>dejadez<\/strong>&nbsp;m\u00eda\u201d. Su demora, seg\u00fan dijo, se debe principalmente a una&nbsp;<strong>propiedad rural<\/strong>&nbsp;sin documentaci\u00f3n adecuada y a una yipeta adquirida pero no traspasada a su nombre.<\/p>\n\n\n\n<p class=\"wp-block-paragraph\"><strong>Espinal<\/strong>&nbsp;reconoce abiertamente que esta situaci\u00f3n es m\u00e1s un tema de&nbsp;<strong>dejadez<\/strong>&nbsp;<strong>personal&nbsp;<\/strong>que un problema generado por las exigencias formales del \u00f3rgano fiscalizador.<\/p>\n\n\n\n<p class=\"wp-block-paragraph\">\u201cEs del formalismo en cuanto a propiedades -insiste-. Pero yo no tengo nada que presentar. Yo, lo que he sido, es un&nbsp;<strong>servidor p\u00fablico<\/strong>. El problema es m\u00e1s personal, porque ellos te piden y t\u00fa tienes que corregir; el problema es m\u00edo, no de la&nbsp;<strong>C\u00e1mara de Cuentas<\/strong>&nbsp;(\u2026) Estoy ah\u00ed porque a m\u00ed me gusta ayudar a la gente\u201d.<\/p>\n\n\n\n<p class=\"wp-block-paragraph\">La situaci\u00f3n en&nbsp;<strong>T\u00e1bara Arriba<\/strong>&nbsp;tiene matices distintos. Alberto Rafael Beltr\u00e9 asegur\u00f3 haber enviado su declaraci\u00f3n hasta en tres ocasiones, pero todas han sido rechazadas debido a&nbsp;<strong>errores<\/strong>&nbsp;poco espec\u00edficos, seg\u00fan \u00e9l.<\/p>\n\n\n\n<p class=\"wp-block-paragraph\">Mencion\u00f3 que est\u00e1 buscando nuevamente&nbsp;<strong>certificaciones bancarias<\/strong>&nbsp;para realizar un cuarto intento, dejando entrever una mezcla de desconcierto y resignaci\u00f3n ante un proceso que percibe complicado.<\/p>\n\n\n\n<p class=\"wp-block-paragraph\">Por otro lado, el alcalde de Santiago,&nbsp;<strong>Ulises Rodr\u00edguez<\/strong>, subraya que el problema radica en la complejidad y rigidez de la&nbsp;<strong>plataforma tecnol\u00f3gica<\/strong>.<\/p>\n\n\n\n<p class=\"wp-block-paragraph\">Seg\u00fan Rodr\u00edguez, el formulario electr\u00f3nico no permite explicar&nbsp;<strong>circunstancias particulares<\/strong>, como propiedades en proceso de herencia o inversiones incompletas, dificultando notablemente el cumplimiento del tr\u00e1mite. Insisti\u00f3 en que el proceso deber\u00eda simplificarse para no convertirse en un obst\u00e1culo adicional para quienes buscan cumplir sus responsabilidades p\u00fablicas.<\/p>\n\n\n\n<p class=\"wp-block-paragraph\"><em>\u201cLa he presentado en dos ocasiones, pero me la han devuelto para atr\u00e1s. Lo que pasa es que yo tengo 26 hermanos, y de cada hermano de esos me piden unos datos, unos detalles, una cuesti\u00f3n, y eso. La he mandado dos veces y la han devuelto\u201d<\/em><strong>Santiago River\u00f3n<\/strong>Alcalde de Dajab\u00f3n\u201c<\/p>\n\n\n\n<h2 class=\"wp-block-heading\">Tener&nbsp;<strong>26 hermanos<\/strong><\/h2>\n\n\n\n<p class=\"wp-block-paragraph\">En Dajab\u00f3n, el alcalde&nbsp;<strong>Santiago River\u00f3n<\/strong>&nbsp;se enfrenta a una dificultad singular relacionada con su extensa familia.<\/p>\n\n\n\n<p class=\"wp-block-paragraph\">Con&nbsp;<strong>26 hermanos<\/strong>, asegura que la&nbsp;<strong>C\u00e1mara de Cuentas<\/strong>&nbsp;le exige una serie de&nbsp;<strong>datos familiares<\/strong>&nbsp;que han complicado la presentaci\u00f3n de su declaraci\u00f3n, la cual ha enviado dos veces.<\/p>\n\n\n\n<p class=\"wp-block-paragraph\">Aunque anteriormente complet\u00f3 este tr\u00e1mite sin problemas, en esta ocasi\u00f3n parece haber encontrado&nbsp;<strong>requisitos adicionales inesperados<\/strong>, llevando a un proceso que \u00e9l describe con evidente frustraci\u00f3n.<\/p>\n\n\n\n<p class=\"wp-block-paragraph\"><strong>Carlos Matos Pe\u00f1a<\/strong>, alcalde de Mella, menciona una complicaci\u00f3n t\u00e9cnica adicional:&nbsp;<strong>cambios<\/strong>&nbsp;en la&nbsp;<strong>plataforma inform\u00e1tica<\/strong>&nbsp;justo cuando intentaba completar su declaraci\u00f3n. Este problema gener\u00f3, seg\u00fan dijo, atrasos significativos, dej\u00e1ndolo fuera del plazo reglamentario.<\/p>\n\n\n\n<p class=\"wp-block-paragraph\">En Hondo Valle,&nbsp;<strong>Donaciano de la Cruz<\/strong>&nbsp;enfrenta problemas espec\u00edficos con la&nbsp;<strong>tasaci\u00f3n<\/strong>&nbsp;de una parcela, requisito indispensable para finalizar correctamente el tr\u00e1mite. \u201cEl problema fue que la parcela no tiene asociaci\u00f3n. Hay un valor que no est\u00e1 en el&nbsp;<strong>documento<\/strong>; estamos trabajando para entregarlo\u201d, dijo.<\/p>\n\n\n\n<p class=\"wp-block-paragraph\">Desde Nizao, el alcalde&nbsp;<strong>Iv\u00e1n Novi Reyes<\/strong>&nbsp;indic\u00f3 que, aunque la declaraci\u00f3n est\u00e1 pr\u00e1cticamente terminada desde hace meses, persisten problemas para subirla al sistema de la&nbsp;<strong>C\u00e1mara de Cuentas<\/strong>, describiendo los \u00faltimos detalles t\u00e9cnicos como especialmente engorrosos. \u201cEs un asunto de&nbsp;<strong>subir al sistema<\/strong>\u201c, aleg\u00f3.<\/p>\n\n\n\n<p class=\"wp-block-paragraph\"><strong>Francisco Solano Hern\u00e1ndez<\/strong>, alcalde de Sabana de la Mar, defendi\u00f3 firmemente haber&nbsp;<strong>cumplido<\/strong>&nbsp;con el&nbsp;<strong>requisito legal<\/strong>&nbsp;y asegur\u00f3 que la aparici\u00f3n de su nombre entre los incumplidores debe tratarse de un&nbsp;<strong>error administrativo<\/strong>, situaci\u00f3n que pretende aclarar oportunamente.<\/p>\n\n\n\n<p class=\"wp-block-paragraph\">El alcalde de Laguna Salada,&nbsp;<strong>Germ\u00e1n Rodr\u00edguez<\/strong>, mencion\u00f3 otro tipo de&nbsp;<strong>contratiempo tecnol\u00f3gico<\/strong>. La p\u00e9rdida del acceso a su cuenta de correo electr\u00f3nico luego de perder la cuenta del tel\u00e9fono, donde ten\u00eda registrados los datos necesarios, complic\u00f3 gravemente la finalizaci\u00f3n del tr\u00e1mite.<\/p>\n\n\n\n<p class=\"wp-block-paragraph\">Actualmente, se encuentra en proceso de recuperar el acceso para poder cumplir con el&nbsp;<strong>requisito legal<\/strong>. \u201cYa tenemos todo al d\u00eda, entonces yo tengo un nuevo correo, pero el correo donde estaba abierta la cuenta de la&nbsp;<strong>C\u00e1mara de Cuentas<\/strong>&nbsp;tuvo problemas\u201d, precis\u00f3.<\/p>\n\n\n\n<p class=\"wp-block-paragraph\"><em>\u201cEs por una yipeta y no tengo el t\u00edtulo de propiedad de 10 tareas, solamente el acto de venta. Yo compr\u00e9 una yipeta, pero el se\u00f1or que me la vendi\u00f3 no ha hecho el traspaso. Yo soy culpable, es una dejadez m\u00eda\u201d<\/em><strong>Jos\u00e9 Napole\u00f3n Espinal<\/strong>Alcalde de Monci\u00f3n\u201c<\/p>\n\n\n\n<p class=\"wp-block-paragraph\"><strong>Jos\u00e9 del Rosario<\/strong>, alcalde de El Llano, abord\u00f3 la situaci\u00f3n desde otra perspectiva, sugiriendo que la demora no deber\u00eda ser preocupante dado que su declaraci\u00f3n anterior refleja m\u00e1s&nbsp;<strong>deudas<\/strong>&nbsp;que activos. Esto implica, seg\u00fan \u00e9l, que la urgencia de cumplir formalmente es menor en su caso.<\/p>\n","protected":false},"excerpt":{"rendered":"<p>Al menos&nbsp;47 alcaldes&nbsp;a\u00fan no han presentado su&nbsp;declaraci\u00f3n jurada&nbsp;de&nbsp;patrimonio&nbsp;ante la&nbsp;C\u00e1mara de Cuentas, 14 meses despu\u00e9s de asumir sus funciones, pese a que la ley establece un plazo de 30 d\u00edas para cumplir con este requisito. Estos funcionarios edilicios ofrecen&nbsp;explicaciones&nbsp;que incluyen&nbsp;dificultades t\u00e9cnicas, circunstancias personales&nbsp; y simple&nbsp;descuido&nbsp;de su parte. En Monci\u00f3n, el alcalde&nbsp;Jos\u00e9 Napole\u00f3n Espinal&nbsp;admite claramente su responsabilidad: [&hellip;]<\/p>\n","protected":false},"author":15,"featured_media":40886,"comment_status":"open","ping_status":"open","sticky":false,"template":"","format":"standard","meta":{"footnotes":""},"categories":[1],"tags":[],"class_list":["post-40885","post","type-post","status-publish","format-standard","has-post-thumbnail","category-uncategorized"],"yoast_head":"<!-- This site is optimized with the Yoast SEO plugin v27.6 - https:\/\/yoast.com\/product\/yoast-seo-wordpress\/ -->\n<title>47 Alcaldes sin declaraci\u00f3n jurada culpan a la plataforma de C\u00e1mara de Cuentas - Conexi\u00f3n 23<\/title>\n<meta name=\"robots\" content=\"index, follow, max-snippet:-1, max-image-preview:large, max-video-preview:-1\" \/>\n<link rel=\"canonical\" href=\"https:\/\/conexion23.com\/?p=40885\" \/>\n<meta property=\"og:locale\" content=\"es_ES\" \/>\n<meta property=\"og:type\" content=\"article\" \/>\n<meta property=\"og:title\" content=\"47 Alcaldes sin declaraci\u00f3n jurada culpan a la plataforma de C\u00e1mara de Cuentas - Conexi\u00f3n 23\" \/>\n<meta property=\"og:description\" content=\"Al menos&nbsp;47 alcaldes&nbsp;a\u00fan no han presentado su&nbsp;declaraci\u00f3n jurada&nbsp;de&nbsp;patrimonio&nbsp;ante la&nbsp;C\u00e1mara de Cuentas, 14 meses despu\u00e9s de asumir sus funciones, pese a que la ley establece un plazo de 30 d\u00edas para cumplir con este requisito. Estos funcionarios edilicios ofrecen&nbsp;explicaciones&nbsp;que incluyen&nbsp;dificultades t\u00e9cnicas, circunstancias personales&nbsp; y simple&nbsp;descuido&nbsp;de su parte. En Monci\u00f3n, el alcalde&nbsp;Jos\u00e9 Napole\u00f3n Espinal&nbsp;admite claramente su responsabilidad: [&hellip;]\" \/>\n<meta property=\"og:url\" content=\"https:\/\/conexion23.com\/?p=40885\" \/>\n<meta property=\"og:site_name\" content=\"Conexi\u00f3n 23\" \/>\n<meta property=\"article:publisher\" content=\"https:\/\/www.facebook.com\/conexion23com\" \/>\n<meta property=\"article:published_time\" content=\"2025-07-01T12:09:55+00:00\" \/>\n<meta property=\"article:modified_time\" content=\"2025-07-01T12:09:57+00:00\" \/>\n<meta property=\"og:image\" content=\"https:\/\/conexion23.com\/wp-content\/uploads\/2025\/07\/imagen-camara-de-cuentas-724ad4a9-focus-0-0-896-504.jpg\" \/>\n\t<meta property=\"og:image:width\" content=\"896\" \/>\n\t<meta property=\"og:image:height\" content=\"504\" \/>\n\t<meta property=\"og:image:type\" content=\"image\/jpeg\" \/>\n<meta name=\"author\" content=\"Raffy Ben\u00edtez\" \/>\n<meta name=\"twitter:card\" content=\"summary_large_image\" \/>\n<meta name=\"twitter:label1\" content=\"Escrito por\" \/>\n\t<meta name=\"twitter:data1\" content=\"Raffy Ben\u00edtez\" \/>\n\t<meta name=\"twitter:label2\" content=\"Tiempo de lectura\" \/>\n\t<meta name=\"twitter:data2\" content=\"4 minutos\" \/>\n<script type=\"application\/ld+json\" class=\"yoast-schema-graph\">{\"@context\":\"https:\\\/\\\/schema.org\",\"@graph\":[{\"@type\":\"Article\",\"@id\":\"https:\\\/\\\/conexion23.com\\\/?p=40885#article\",\"isPartOf\":{\"@id\":\"https:\\\/\\\/conexion23.com\\\/?p=40885\"},\"author\":{\"name\":\"Raffy Ben\u00edtez\",\"@id\":\"http:\\\/\\\/conexion23.com\\\/#\\\/schema\\\/person\\\/03e36043331117e97a373299bbcd30a6\"},\"headline\":\"47 Alcaldes sin declaraci\u00f3n jurada culpan a la plataforma de C\u00e1mara de Cuentas\",\"datePublished\":\"2025-07-01T12:09:55+00:00\",\"dateModified\":\"2025-07-01T12:09:57+00:00\",\"mainEntityOfPage\":{\"@id\":\"https:\\\/\\\/conexion23.com\\\/?p=40885\"},\"wordCount\":940,\"commentCount\":0,\"publisher\":{\"@id\":\"http:\\\/\\\/conexion23.com\\\/#organization\"},\"image\":{\"@id\":\"https:\\\/\\\/conexion23.com\\\/?p=40885#primaryimage\"},\"thumbnailUrl\":\"https:\\\/\\\/conexion23.com\\\/wp-content\\\/uploads\\\/2025\\\/07\\\/imagen-camara-de-cuentas-724ad4a9-focus-0-0-896-504.jpg\",\"articleSection\":[\"Uncategorized\"],\"inLanguage\":\"es\",\"potentialAction\":[{\"@type\":\"CommentAction\",\"name\":\"Comment\",\"target\":[\"https:\\\/\\\/conexion23.com\\\/?p=40885#respond\"]}]},{\"@type\":\"WebPage\",\"@id\":\"https:\\\/\\\/conexion23.com\\\/?p=40885\",\"url\":\"https:\\\/\\\/conexion23.com\\\/?p=40885\",\"name\":\"47 Alcaldes sin declaraci\u00f3n jurada culpan a la plataforma de C\u00e1mara de Cuentas - Conexi\u00f3n 23\",\"isPartOf\":{\"@id\":\"http:\\\/\\\/conexion23.com\\\/#website\"},\"primaryImageOfPage\":{\"@id\":\"https:\\\/\\\/conexion23.com\\\/?p=40885#primaryimage\"},\"image\":{\"@id\":\"https:\\\/\\\/conexion23.com\\\/?p=40885#primaryimage\"},\"thumbnailUrl\":\"https:\\\/\\\/conexion23.com\\\/wp-content\\\/uploads\\\/2025\\\/07\\\/imagen-camara-de-cuentas-724ad4a9-focus-0-0-896-504.jpg\",\"datePublished\":\"2025-07-01T12:09:55+00:00\",\"dateModified\":\"2025-07-01T12:09:57+00:00\",\"breadcrumb\":{\"@id\":\"https:\\\/\\\/conexion23.com\\\/?p=40885#breadcrumb\"},\"inLanguage\":\"es\",\"potentialAction\":[{\"@type\":\"ReadAction\",\"target\":[\"https:\\\/\\\/conexion23.com\\\/?p=40885\"]}]},{\"@type\":\"ImageObject\",\"inLanguage\":\"es\",\"@id\":\"https:\\\/\\\/conexion23.com\\\/?p=40885#primaryimage\",\"url\":\"https:\\\/\\\/conexion23.com\\\/wp-content\\\/uploads\\\/2025\\\/07\\\/imagen-camara-de-cuentas-724ad4a9-focus-0-0-896-504.jpg\",\"contentUrl\":\"https:\\\/\\\/conexion23.com\\\/wp-content\\\/uploads\\\/2025\\\/07\\\/imagen-camara-de-cuentas-724ad4a9-focus-0-0-896-504.jpg\",\"width\":896,\"height\":504},{\"@type\":\"BreadcrumbList\",\"@id\":\"https:\\\/\\\/conexion23.com\\\/?p=40885#breadcrumb\",\"itemListElement\":[{\"@type\":\"ListItem\",\"position\":1,\"name\":\"Portada\",\"item\":\"http:\\\/\\\/conexion23.com\\\/\"},{\"@type\":\"ListItem\",\"position\":2,\"name\":\"47 Alcaldes sin declaraci\u00f3n jurada culpan a la plataforma de C\u00e1mara de Cuentas\"}]},{\"@type\":\"WebSite\",\"@id\":\"http:\\\/\\\/conexion23.com\\\/#website\",\"url\":\"http:\\\/\\\/conexion23.com\\\/\",\"name\":\"Conexi\u00f3n 23\",\"description\":\"Peri\u00f3dico 100% Petromacorisano\",\"publisher\":{\"@id\":\"http:\\\/\\\/conexion23.com\\\/#organization\"},\"potentialAction\":[{\"@type\":\"SearchAction\",\"target\":{\"@type\":\"EntryPoint\",\"urlTemplate\":\"http:\\\/\\\/conexion23.com\\\/?s={search_term_string}\"},\"query-input\":{\"@type\":\"PropertyValueSpecification\",\"valueRequired\":true,\"valueName\":\"search_term_string\"}}],\"inLanguage\":\"es\"},{\"@type\":\"Organization\",\"@id\":\"http:\\\/\\\/conexion23.com\\\/#organization\",\"name\":\"Conexion 23\",\"url\":\"http:\\\/\\\/conexion23.com\\\/\",\"logo\":{\"@type\":\"ImageObject\",\"inLanguage\":\"es\",\"@id\":\"http:\\\/\\\/conexion23.com\\\/#\\\/schema\\\/logo\\\/image\\\/\",\"url\":\"https:\\\/\\\/conexion23.com\\\/wp-content\\\/uploads\\\/2021\\\/11\\\/Diseno-sin-titulo-2.png\",\"contentUrl\":\"https:\\\/\\\/conexion23.com\\\/wp-content\\\/uploads\\\/2021\\\/11\\\/Diseno-sin-titulo-2.png\",\"width\":541,\"height\":90,\"caption\":\"Conexion 23\"},\"image\":{\"@id\":\"http:\\\/\\\/conexion23.com\\\/#\\\/schema\\\/logo\\\/image\\\/\"},\"sameAs\":[\"https:\\\/\\\/www.facebook.com\\\/conexion23com\",\"https:\\\/\\\/www.instagram.com\\\/conexion23com\\\/\",\"https:\\\/\\\/www.youtube.com\\\/channel\\\/UCYc7vxxFZMYLIHNsHHxPZ3Q\"]},{\"@type\":\"Person\",\"@id\":\"http:\\\/\\\/conexion23.com\\\/#\\\/schema\\\/person\\\/03e36043331117e97a373299bbcd30a6\",\"name\":\"Raffy Ben\u00edtez\",\"image\":{\"@type\":\"ImageObject\",\"inLanguage\":\"es\",\"@id\":\"https:\\\/\\\/secure.gravatar.com\\\/avatar\\\/3190a6a6c5e1b0327500f7d6c56b6242472ee6cb974cf09b401ee6b3b0798f23?s=96&d=mm&r=g\",\"url\":\"https:\\\/\\\/secure.gravatar.com\\\/avatar\\\/3190a6a6c5e1b0327500f7d6c56b6242472ee6cb974cf09b401ee6b3b0798f23?s=96&d=mm&r=g\",\"contentUrl\":\"https:\\\/\\\/secure.gravatar.com\\\/avatar\\\/3190a6a6c5e1b0327500f7d6c56b6242472ee6cb974cf09b401ee6b3b0798f23?s=96&d=mm&r=g\",\"caption\":\"Raffy Ben\u00edtez\"},\"url\":\"https:\\\/\\\/conexion23.com\\\/?author=15\"}]}<\/script>\n<!-- \/ Yoast SEO plugin. -->","yoast_head_json":{"title":"47 Alcaldes sin declaraci\u00f3n jurada culpan a la plataforma de C\u00e1mara de Cuentas - Conexi\u00f3n 23","robots":{"index":"index","follow":"follow","max-snippet":"max-snippet:-1","max-image-preview":"max-image-preview:large","max-video-preview":"max-video-preview:-1"},"canonical":"https:\/\/conexion23.com\/?p=40885","og_locale":"es_ES","og_type":"article","og_title":"47 Alcaldes sin declaraci\u00f3n jurada culpan a la plataforma de C\u00e1mara de Cuentas - Conexi\u00f3n 23","og_description":"Al menos&nbsp;47 alcaldes&nbsp;a\u00fan no han presentado su&nbsp;declaraci\u00f3n jurada&nbsp;de&nbsp;patrimonio&nbsp;ante la&nbsp;C\u00e1mara de Cuentas, 14 meses despu\u00e9s de asumir sus funciones, pese a que la ley establece un plazo de 30 d\u00edas para cumplir con este requisito. Estos funcionarios edilicios ofrecen&nbsp;explicaciones&nbsp;que incluyen&nbsp;dificultades t\u00e9cnicas, circunstancias personales&nbsp; y simple&nbsp;descuido&nbsp;de su parte. En Monci\u00f3n, el alcalde&nbsp;Jos\u00e9 Napole\u00f3n Espinal&nbsp;admite claramente su responsabilidad: [&hellip;]","og_url":"https:\/\/conexion23.com\/?p=40885","og_site_name":"Conexi\u00f3n 23","article_publisher":"https:\/\/www.facebook.com\/conexion23com","article_published_time":"2025-07-01T12:09:55+00:00","article_modified_time":"2025-07-01T12:09:57+00:00","og_image":[{"width":896,"height":504,"url":"https:\/\/conexion23.com\/wp-content\/uploads\/2025\/07\/imagen-camara-de-cuentas-724ad4a9-focus-0-0-896-504.jpg","type":"image\/jpeg"}],"author":"Raffy Ben\u00edtez","twitter_card":"summary_large_image","twitter_misc":{"Escrito por":"Raffy Ben\u00edtez","Tiempo de lectura":"4 minutos"},"schema":{"@context":"https:\/\/schema.org","@graph":[{"@type":"Article","@id":"https:\/\/conexion23.com\/?p=40885#article","isPartOf":{"@id":"https:\/\/conexion23.com\/?p=40885"},"author":{"name":"Raffy Ben\u00edtez","@id":"http:\/\/conexion23.com\/#\/schema\/person\/03e36043331117e97a373299bbcd30a6"},"headline":"47 Alcaldes sin declaraci\u00f3n jurada culpan a la plataforma de C\u00e1mara de Cuentas","datePublished":"2025-07-01T12:09:55+00:00","dateModified":"2025-07-01T12:09:57+00:00","mainEntityOfPage":{"@id":"https:\/\/conexion23.com\/?p=40885"},"wordCount":940,"commentCount":0,"publisher":{"@id":"http:\/\/conexion23.com\/#organization"},"image":{"@id":"https:\/\/conexion23.com\/?p=40885#primaryimage"},"thumbnailUrl":"https:\/\/conexion23.com\/wp-content\/uploads\/2025\/07\/imagen-camara-de-cuentas-724ad4a9-focus-0-0-896-504.jpg","articleSection":["Uncategorized"],"inLanguage":"es","potentialAction":[{"@type":"CommentAction","name":"Comment","target":["https:\/\/conexion23.com\/?p=40885#respond"]}]},{"@type":"WebPage","@id":"https:\/\/conexion23.com\/?p=40885","url":"https:\/\/conexion23.com\/?p=40885","name":"47 Alcaldes sin declaraci\u00f3n jurada culpan a la plataforma de C\u00e1mara de Cuentas - Conexi\u00f3n 23","isPartOf":{"@id":"http:\/\/conexion23.com\/#website"},"primaryImageOfPage":{"@id":"https:\/\/conexion23.com\/?p=40885#primaryimage"},"image":{"@id":"https:\/\/conexion23.com\/?p=40885#primaryimage"},"thumbnailUrl":"https:\/\/conexion23.com\/wp-content\/uploads\/2025\/07\/imagen-camara-de-cuentas-724ad4a9-focus-0-0-896-504.jpg","datePublished":"2025-07-01T12:09:55+00:00","dateModified":"2025-07-01T12:09:57+00:00","breadcrumb":{"@id":"https:\/\/conexion23.com\/?p=40885#breadcrumb"},"inLanguage":"es","potentialAction":[{"@type":"ReadAction","target":["https:\/\/conexion23.com\/?p=40885"]}]},{"@type":"ImageObject","inLanguage":"es","@id":"https:\/\/conexion23.com\/?p=40885#primaryimage","url":"https:\/\/conexion23.com\/wp-content\/uploads\/2025\/07\/imagen-camara-de-cuentas-724ad4a9-focus-0-0-896-504.jpg","contentUrl":"https:\/\/conexion23.com\/wp-content\/uploads\/2025\/07\/imagen-camara-de-cuentas-724ad4a9-focus-0-0-896-504.jpg","width":896,"height":504},{"@type":"BreadcrumbList","@id":"https:\/\/conexion23.com\/?p=40885#breadcrumb","itemListElement":[{"@type":"ListItem","position":1,"name":"Portada","item":"http:\/\/conexion23.com\/"},{"@type":"ListItem","position":2,"name":"47 Alcaldes sin declaraci\u00f3n jurada culpan a la plataforma de C\u00e1mara de Cuentas"}]},{"@type":"WebSite","@id":"http:\/\/conexion23.com\/#website","url":"http:\/\/conexion23.com\/","name":"Conexi\u00f3n 23","description":"Peri\u00f3dico 100% Petromacorisano","publisher":{"@id":"http:\/\/conexion23.com\/#organization"},"potentialAction":[{"@type":"SearchAction","target":{"@type":"EntryPoint","urlTemplate":"http:\/\/conexion23.com\/?s={search_term_string}"},"query-input":{"@type":"PropertyValueSpecification","valueRequired":true,"valueName":"search_term_string"}}],"inLanguage":"es"},{"@type":"Organization","@id":"http:\/\/conexion23.com\/#organization","name":"Conexion 23","url":"http:\/\/conexion23.com\/","logo":{"@type":"ImageObject","inLanguage":"es","@id":"http:\/\/conexion23.com\/#\/schema\/logo\/image\/","url":"https:\/\/conexion23.com\/wp-content\/uploads\/2021\/11\/Diseno-sin-titulo-2.png","contentUrl":"https:\/\/conexion23.com\/wp-content\/uploads\/2021\/11\/Diseno-sin-titulo-2.png","width":541,"height":90,"caption":"Conexion 23"},"image":{"@id":"http:\/\/conexion23.com\/#\/schema\/logo\/image\/"},"sameAs":["https:\/\/www.facebook.com\/conexion23com","https:\/\/www.instagram.com\/conexion23com\/","https:\/\/www.youtube.com\/channel\/UCYc7vxxFZMYLIHNsHHxPZ3Q"]},{"@type":"Person","@id":"http:\/\/conexion23.com\/#\/schema\/person\/03e36043331117e97a373299bbcd30a6","name":"Raffy Ben\u00edtez","image":{"@type":"ImageObject","inLanguage":"es","@id":"https:\/\/secure.gravatar.com\/avatar\/3190a6a6c5e1b0327500f7d6c56b6242472ee6cb974cf09b401ee6b3b0798f23?s=96&d=mm&r=g","url":"https:\/\/secure.gravatar.com\/avatar\/3190a6a6c5e1b0327500f7d6c56b6242472ee6cb974cf09b401ee6b3b0798f23?s=96&d=mm&r=g","contentUrl":"https:\/\/secure.gravatar.com\/avatar\/3190a6a6c5e1b0327500f7d6c56b6242472ee6cb974cf09b401ee6b3b0798f23?s=96&d=mm&r=g","caption":"Raffy Ben\u00edtez"},"url":"https:\/\/conexion23.com\/?author=15"}]}},"_links":{"self":[{"href":"https:\/\/conexion23.com\/index.php?rest_route=\/wp\/v2\/posts\/40885","targetHints":{"allow":["GET"]}}],"collection":[{"href":"https:\/\/conexion23.com\/index.php?rest_route=\/wp\/v2\/posts"}],"about":[{"href":"https:\/\/conexion23.com\/index.php?rest_route=\/wp\/v2\/types\/post"}],"author":[{"embeddable":true,"href":"https:\/\/conexion23.com\/index.php?rest_route=\/wp\/v2\/users\/15"}],"replies":[{"embeddable":true,"href":"https:\/\/conexion23.com\/index.php?rest_route=%2Fwp%2Fv2%2Fcomments&post=40885"}],"version-history":[{"count":1,"href":"https:\/\/conexion23.com\/index.php?rest_route=\/wp\/v2\/posts\/40885\/revisions"}],"predecessor-version":[{"id":40887,"href":"https:\/\/conexion23.com\/index.php?rest_route=\/wp\/v2\/posts\/40885\/revisions\/40887"}],"wp:featuredmedia":[{"embeddable":true,"href":"https:\/\/conexion23.com\/index.php?rest_route=\/wp\/v2\/media\/40886"}],"wp:attachment":[{"href":"https:\/\/conexion23.com\/index.php?rest_route=%2Fwp%2Fv2%2Fmedia&parent=40885"}],"wp:term":[{"taxonomy":"category","embeddable":true,"href":"https:\/\/conexion23.com\/index.php?rest_route=%2Fwp%2Fv2%2Fcategories&post=40885"},{"taxonomy":"post_tag","embeddable":true,"href":"https:\/\/conexion23.com\/index.php?rest_route=%2Fwp%2Fv2%2Ftags&post=40885"}],"curies":[{"name":"wp","href":"https:\/\/api.w.org\/{rel}","templated":true}]}}