{"id":40901,"date":"2025-07-02T07:22:57","date_gmt":"2025-07-02T11:22:57","guid":{"rendered":"https:\/\/conexion23.com\/?p=40901"},"modified":"2025-07-02T07:22:59","modified_gmt":"2025-07-02T11:22:59","slug":"accidente-en-la-carretera-la-romana-higuey-cobra-dos-vidas","status":"publish","type":"post","link":"https:\/\/conexion23.com\/?p=40901","title":{"rendered":"Accidente en la carretera La Romana-Hig\u00fcey cobra dos vidas."},"content":{"rendered":"\n<p class=\"wp-block-paragraph\">Un grave accidente de tr\u00e1nsito registrado este martes en la carretera La Romana-Hig\u00fcey, en las proximidades del peaje de la Autopista del Coral, dej\u00f3 un saldo de dos personas fallecidas tras una fuerte colisi\u00f3n entre veh\u00edculos.<br>Las autoridades han confirmado el fallecimiento de dos hombres como resultado del impacto. Una de las v\u00edctimas ha sido identificada como Jos\u00e9 Manuel Dom\u00ednguez Mar\u00ed\u00f1ez, mientras que la identidad de la segunda persona a\u00fan est\u00e1 siendo procesada por las autoridades competentes.<\/p>\n\n\n\n<p class=\"wp-block-paragraph\"><br>Los equipos de emergencia y las autoridades de tr\u00e1nsito se trasladaron inmediatamente al lugar del siniestro para realizar las labores de rescate y el levantamiento de los cuerpos, los cuales fueron trasladados a las instalaciones forenses correspondientes.<\/p>\n\n\n\n<p class=\"wp-block-paragraph\"><br>La Polic\u00eda Nacional ha iniciado las investigaciones para determinar las causas exactas que provocaron la colisi\u00f3n, mientras que el tr\u00e1fico vehicular en la zona se vio afectado durante varias horas debido a las labores de rescate y limpieza de la v\u00eda.<br>Las im\u00e1genes del lugar del accidente muestran el severo impacto que sufrieron los veh\u00edculos involucrados, evidenciando la magnitud de la colisi\u00f3n que no dej\u00f3 oportunidad de supervivencia a los ocupantes.<\/p>\n\n\n\n<p class=\"wp-block-paragraph\"><br>Este nuevo siniestro vial en una de las principales arterias que conecta La Romana con Hig\u00fcey pone nuevamente en evidencia la importancia de mantener las medidas de seguridad vial y respetar los l\u00edmites de velocidad, especialmente en tramos carreteros de alto tr\u00e1fico.<\/p>\n\n\n\n<p class=\"wp-block-paragraph\"><br>Las autoridades de tr\u00e1nsito hacen un llamado a los conductores a extremar las precauciones al transitar por esta importante v\u00eda, que registra un considerable flujo vehicular durante todo el d\u00eda.<\/p>\n","protected":false},"excerpt":{"rendered":"<p>Un grave accidente de tr\u00e1nsito registrado este martes en la carretera La Romana-Hig\u00fcey, en las proximidades del peaje de la Autopista del Coral, dej\u00f3 un saldo de dos personas fallecidas tras una fuerte colisi\u00f3n entre veh\u00edculos.Las autoridades han confirmado el fallecimiento de dos hombres como resultado del impacto. Una de las v\u00edctimas ha sido identificada [&hellip;]<\/p>\n","protected":false},"author":15,"featured_media":40902,"comment_status":"open","ping_status":"open","sticky":false,"template":"","format":"standard","meta":{"footnotes":""},"categories":[2474],"tags":[],"class_list":["post-40901","post","type-post","status-publish","format-standard","has-post-thumbnail","category-la-altagracia"],"yoast_head":"<!-- This site is optimized with the Yoast SEO plugin v27.6 - https:\/\/yoast.com\/product\/yoast-seo-wordpress\/ -->\n<title>Accidente en la carretera La Romana-Hig\u00fcey cobra dos vidas. - Conexi\u00f3n 23<\/title>\n<meta name=\"robots\" content=\"index, follow, max-snippet:-1, max-image-preview:large, max-video-preview:-1\" \/>\n<link rel=\"canonical\" href=\"https:\/\/conexion23.com\/?p=40901\" \/>\n<meta property=\"og:locale\" content=\"es_ES\" \/>\n<meta property=\"og:type\" content=\"article\" \/>\n<meta property=\"og:title\" content=\"Accidente en la carretera La Romana-Hig\u00fcey cobra dos vidas. - Conexi\u00f3n 23\" \/>\n<meta property=\"og:description\" content=\"Un grave accidente de tr\u00e1nsito registrado este martes en la carretera La Romana-Hig\u00fcey, en las proximidades del peaje de la Autopista del Coral, dej\u00f3 un saldo de dos personas fallecidas tras una fuerte colisi\u00f3n entre veh\u00edculos.Las autoridades han confirmado el fallecimiento de dos hombres como resultado del impacto. Una de las v\u00edctimas ha sido identificada [&hellip;]\" \/>\n<meta property=\"og:url\" content=\"https:\/\/conexion23.com\/?p=40901\" \/>\n<meta property=\"og:site_name\" content=\"Conexi\u00f3n 23\" \/>\n<meta property=\"article:publisher\" content=\"https:\/\/www.facebook.com\/conexion23com\" \/>\n<meta property=\"article:published_time\" content=\"2025-07-02T11:22:57+00:00\" \/>\n<meta property=\"article:modified_time\" content=\"2025-07-02T11:22:59+00:00\" \/>\n<meta property=\"og:image\" content=\"https:\/\/conexion23.com\/wp-content\/uploads\/2025\/07\/descarga-4.jpg\" \/>\n\t<meta property=\"og:image:width\" content=\"215\" \/>\n\t<meta property=\"og:image:height\" content=\"234\" \/>\n\t<meta property=\"og:image:type\" content=\"image\/jpeg\" \/>\n<meta name=\"author\" content=\"Raffy Ben\u00edtez\" \/>\n<meta name=\"twitter:card\" content=\"summary_large_image\" \/>\n<meta name=\"twitter:label1\" content=\"Escrito por\" \/>\n\t<meta name=\"twitter:data1\" content=\"Raffy Ben\u00edtez\" \/>\n\t<meta name=\"twitter:label2\" content=\"Tiempo de lectura\" \/>\n\t<meta name=\"twitter:data2\" content=\"2 minutos\" \/>\n<script type=\"application\/ld+json\" class=\"yoast-schema-graph\">{\"@context\":\"https:\\\/\\\/schema.org\",\"@graph\":[{\"@type\":\"Article\",\"@id\":\"https:\\\/\\\/conexion23.com\\\/?p=40901#article\",\"isPartOf\":{\"@id\":\"https:\\\/\\\/conexion23.com\\\/?p=40901\"},\"author\":{\"name\":\"Raffy Ben\u00edtez\",\"@id\":\"http:\\\/\\\/conexion23.com\\\/#\\\/schema\\\/person\\\/03e36043331117e97a373299bbcd30a6\"},\"headline\":\"Accidente en la carretera La Romana-Hig\u00fcey cobra dos vidas.\",\"datePublished\":\"2025-07-02T11:22:57+00:00\",\"dateModified\":\"2025-07-02T11:22:59+00:00\",\"mainEntityOfPage\":{\"@id\":\"https:\\\/\\\/conexion23.com\\\/?p=40901\"},\"wordCount\":289,\"commentCount\":0,\"publisher\":{\"@id\":\"http:\\\/\\\/conexion23.com\\\/#organization\"},\"image\":{\"@id\":\"https:\\\/\\\/conexion23.com\\\/?p=40901#primaryimage\"},\"thumbnailUrl\":\"https:\\\/\\\/conexion23.com\\\/wp-content\\\/uploads\\\/2025\\\/07\\\/descarga-4.jpg\",\"articleSection\":[\"La Altagracia\"],\"inLanguage\":\"es\",\"potentialAction\":[{\"@type\":\"CommentAction\",\"name\":\"Comment\",\"target\":[\"https:\\\/\\\/conexion23.com\\\/?p=40901#respond\"]}]},{\"@type\":\"WebPage\",\"@id\":\"https:\\\/\\\/conexion23.com\\\/?p=40901\",\"url\":\"https:\\\/\\\/conexion23.com\\\/?p=40901\",\"name\":\"Accidente en la carretera La Romana-Hig\u00fcey cobra dos vidas. - Conexi\u00f3n 23\",\"isPartOf\":{\"@id\":\"http:\\\/\\\/conexion23.com\\\/#website\"},\"primaryImageOfPage\":{\"@id\":\"https:\\\/\\\/conexion23.com\\\/?p=40901#primaryimage\"},\"image\":{\"@id\":\"https:\\\/\\\/conexion23.com\\\/?p=40901#primaryimage\"},\"thumbnailUrl\":\"https:\\\/\\\/conexion23.com\\\/wp-content\\\/uploads\\\/2025\\\/07\\\/descarga-4.jpg\",\"datePublished\":\"2025-07-02T11:22:57+00:00\",\"dateModified\":\"2025-07-02T11:22:59+00:00\",\"breadcrumb\":{\"@id\":\"https:\\\/\\\/conexion23.com\\\/?p=40901#breadcrumb\"},\"inLanguage\":\"es\",\"potentialAction\":[{\"@type\":\"ReadAction\",\"target\":[\"https:\\\/\\\/conexion23.com\\\/?p=40901\"]}]},{\"@type\":\"ImageObject\",\"inLanguage\":\"es\",\"@id\":\"https:\\\/\\\/conexion23.com\\\/?p=40901#primaryimage\",\"url\":\"https:\\\/\\\/conexion23.com\\\/wp-content\\\/uploads\\\/2025\\\/07\\\/descarga-4.jpg\",\"contentUrl\":\"https:\\\/\\\/conexion23.com\\\/wp-content\\\/uploads\\\/2025\\\/07\\\/descarga-4.jpg\",\"width\":215,\"height\":234},{\"@type\":\"BreadcrumbList\",\"@id\":\"https:\\\/\\\/conexion23.com\\\/?p=40901#breadcrumb\",\"itemListElement\":[{\"@type\":\"ListItem\",\"position\":1,\"name\":\"Portada\",\"item\":\"http:\\\/\\\/conexion23.com\\\/\"},{\"@type\":\"ListItem\",\"position\":2,\"name\":\"Accidente en la carretera La Romana-Hig\u00fcey cobra dos vidas.\"}]},{\"@type\":\"WebSite\",\"@id\":\"http:\\\/\\\/conexion23.com\\\/#website\",\"url\":\"http:\\\/\\\/conexion23.com\\\/\",\"name\":\"Conexi\u00f3n 23\",\"description\":\"Peri\u00f3dico 100% Petromacorisano\",\"publisher\":{\"@id\":\"http:\\\/\\\/conexion23.com\\\/#organization\"},\"potentialAction\":[{\"@type\":\"SearchAction\",\"target\":{\"@type\":\"EntryPoint\",\"urlTemplate\":\"http:\\\/\\\/conexion23.com\\\/?s={search_term_string}\"},\"query-input\":{\"@type\":\"PropertyValueSpecification\",\"valueRequired\":true,\"valueName\":\"search_term_string\"}}],\"inLanguage\":\"es\"},{\"@type\":\"Organization\",\"@id\":\"http:\\\/\\\/conexion23.com\\\/#organization\",\"name\":\"Conexion 23\",\"url\":\"http:\\\/\\\/conexion23.com\\\/\",\"logo\":{\"@type\":\"ImageObject\",\"inLanguage\":\"es\",\"@id\":\"http:\\\/\\\/conexion23.com\\\/#\\\/schema\\\/logo\\\/image\\\/\",\"url\":\"https:\\\/\\\/conexion23.com\\\/wp-content\\\/uploads\\\/2021\\\/11\\\/Diseno-sin-titulo-2.png\",\"contentUrl\":\"https:\\\/\\\/conexion23.com\\\/wp-content\\\/uploads\\\/2021\\\/11\\\/Diseno-sin-titulo-2.png\",\"width\":541,\"height\":90,\"caption\":\"Conexion 23\"},\"image\":{\"@id\":\"http:\\\/\\\/conexion23.com\\\/#\\\/schema\\\/logo\\\/image\\\/\"},\"sameAs\":[\"https:\\\/\\\/www.facebook.com\\\/conexion23com\",\"https:\\\/\\\/www.instagram.com\\\/conexion23com\\\/\",\"https:\\\/\\\/www.youtube.com\\\/channel\\\/UCYc7vxxFZMYLIHNsHHxPZ3Q\"]},{\"@type\":\"Person\",\"@id\":\"http:\\\/\\\/conexion23.com\\\/#\\\/schema\\\/person\\\/03e36043331117e97a373299bbcd30a6\",\"name\":\"Raffy Ben\u00edtez\",\"image\":{\"@type\":\"ImageObject\",\"inLanguage\":\"es\",\"@id\":\"https:\\\/\\\/secure.gravatar.com\\\/avatar\\\/3190a6a6c5e1b0327500f7d6c56b6242472ee6cb974cf09b401ee6b3b0798f23?s=96&d=mm&r=g\",\"url\":\"https:\\\/\\\/secure.gravatar.com\\\/avatar\\\/3190a6a6c5e1b0327500f7d6c56b6242472ee6cb974cf09b401ee6b3b0798f23?s=96&d=mm&r=g\",\"contentUrl\":\"https:\\\/\\\/secure.gravatar.com\\\/avatar\\\/3190a6a6c5e1b0327500f7d6c56b6242472ee6cb974cf09b401ee6b3b0798f23?s=96&d=mm&r=g\",\"caption\":\"Raffy Ben\u00edtez\"},\"url\":\"https:\\\/\\\/conexion23.com\\\/?author=15\"}]}<\/script>\n<!-- \/ Yoast SEO plugin. -->","yoast_head_json":{"title":"Accidente en la carretera La Romana-Hig\u00fcey cobra dos vidas. - Conexi\u00f3n 23","robots":{"index":"index","follow":"follow","max-snippet":"max-snippet:-1","max-image-preview":"max-image-preview:large","max-video-preview":"max-video-preview:-1"},"canonical":"https:\/\/conexion23.com\/?p=40901","og_locale":"es_ES","og_type":"article","og_title":"Accidente en la carretera La Romana-Hig\u00fcey cobra dos vidas. - Conexi\u00f3n 23","og_description":"Un grave accidente de tr\u00e1nsito registrado este martes en la carretera La Romana-Hig\u00fcey, en las proximidades del peaje de la Autopista del Coral, dej\u00f3 un saldo de dos personas fallecidas tras una fuerte colisi\u00f3n entre veh\u00edculos.Las autoridades han confirmado el fallecimiento de dos hombres como resultado del impacto. Una de las v\u00edctimas ha sido identificada [&hellip;]","og_url":"https:\/\/conexion23.com\/?p=40901","og_site_name":"Conexi\u00f3n 23","article_publisher":"https:\/\/www.facebook.com\/conexion23com","article_published_time":"2025-07-02T11:22:57+00:00","article_modified_time":"2025-07-02T11:22:59+00:00","og_image":[{"width":215,"height":234,"url":"https:\/\/conexion23.com\/wp-content\/uploads\/2025\/07\/descarga-4.jpg","type":"image\/jpeg"}],"author":"Raffy Ben\u00edtez","twitter_card":"summary_large_image","twitter_misc":{"Escrito por":"Raffy Ben\u00edtez","Tiempo de lectura":"2 minutos"},"schema":{"@context":"https:\/\/schema.org","@graph":[{"@type":"Article","@id":"https:\/\/conexion23.com\/?p=40901#article","isPartOf":{"@id":"https:\/\/conexion23.com\/?p=40901"},"author":{"name":"Raffy Ben\u00edtez","@id":"http:\/\/conexion23.com\/#\/schema\/person\/03e36043331117e97a373299bbcd30a6"},"headline":"Accidente en la carretera La Romana-Hig\u00fcey cobra dos vidas.","datePublished":"2025-07-02T11:22:57+00:00","dateModified":"2025-07-02T11:22:59+00:00","mainEntityOfPage":{"@id":"https:\/\/conexion23.com\/?p=40901"},"wordCount":289,"commentCount":0,"publisher":{"@id":"http:\/\/conexion23.com\/#organization"},"image":{"@id":"https:\/\/conexion23.com\/?p=40901#primaryimage"},"thumbnailUrl":"https:\/\/conexion23.com\/wp-content\/uploads\/2025\/07\/descarga-4.jpg","articleSection":["La Altagracia"],"inLanguage":"es","potentialAction":[{"@type":"CommentAction","name":"Comment","target":["https:\/\/conexion23.com\/?p=40901#respond"]}]},{"@type":"WebPage","@id":"https:\/\/conexion23.com\/?p=40901","url":"https:\/\/conexion23.com\/?p=40901","name":"Accidente en la carretera La Romana-Hig\u00fcey cobra dos vidas. - Conexi\u00f3n 23","isPartOf":{"@id":"http:\/\/conexion23.com\/#website"},"primaryImageOfPage":{"@id":"https:\/\/conexion23.com\/?p=40901#primaryimage"},"image":{"@id":"https:\/\/conexion23.com\/?p=40901#primaryimage"},"thumbnailUrl":"https:\/\/conexion23.com\/wp-content\/uploads\/2025\/07\/descarga-4.jpg","datePublished":"2025-07-02T11:22:57+00:00","dateModified":"2025-07-02T11:22:59+00:00","breadcrumb":{"@id":"https:\/\/conexion23.com\/?p=40901#breadcrumb"},"inLanguage":"es","potentialAction":[{"@type":"ReadAction","target":["https:\/\/conexion23.com\/?p=40901"]}]},{"@type":"ImageObject","inLanguage":"es","@id":"https:\/\/conexion23.com\/?p=40901#primaryimage","url":"https:\/\/conexion23.com\/wp-content\/uploads\/2025\/07\/descarga-4.jpg","contentUrl":"https:\/\/conexion23.com\/wp-content\/uploads\/2025\/07\/descarga-4.jpg","width":215,"height":234},{"@type":"BreadcrumbList","@id":"https:\/\/conexion23.com\/?p=40901#breadcrumb","itemListElement":[{"@type":"ListItem","position":1,"name":"Portada","item":"http:\/\/conexion23.com\/"},{"@type":"ListItem","position":2,"name":"Accidente en la carretera La Romana-Hig\u00fcey cobra dos vidas."}]},{"@type":"WebSite","@id":"http:\/\/conexion23.com\/#website","url":"http:\/\/conexion23.com\/","name":"Conexi\u00f3n 23","description":"Peri\u00f3dico 100% Petromacorisano","publisher":{"@id":"http:\/\/conexion23.com\/#organization"},"potentialAction":[{"@type":"SearchAction","target":{"@type":"EntryPoint","urlTemplate":"http:\/\/conexion23.com\/?s={search_term_string}"},"query-input":{"@type":"PropertyValueSpecification","valueRequired":true,"valueName":"search_term_string"}}],"inLanguage":"es"},{"@type":"Organization","@id":"http:\/\/conexion23.com\/#organization","name":"Conexion 23","url":"http:\/\/conexion23.com\/","logo":{"@type":"ImageObject","inLanguage":"es","@id":"http:\/\/conexion23.com\/#\/schema\/logo\/image\/","url":"https:\/\/conexion23.com\/wp-content\/uploads\/2021\/11\/Diseno-sin-titulo-2.png","contentUrl":"https:\/\/conexion23.com\/wp-content\/uploads\/2021\/11\/Diseno-sin-titulo-2.png","width":541,"height":90,"caption":"Conexion 23"},"image":{"@id":"http:\/\/conexion23.com\/#\/schema\/logo\/image\/"},"sameAs":["https:\/\/www.facebook.com\/conexion23com","https:\/\/www.instagram.com\/conexion23com\/","https:\/\/www.youtube.com\/channel\/UCYc7vxxFZMYLIHNsHHxPZ3Q"]},{"@type":"Person","@id":"http:\/\/conexion23.com\/#\/schema\/person\/03e36043331117e97a373299bbcd30a6","name":"Raffy Ben\u00edtez","image":{"@type":"ImageObject","inLanguage":"es","@id":"https:\/\/secure.gravatar.com\/avatar\/3190a6a6c5e1b0327500f7d6c56b6242472ee6cb974cf09b401ee6b3b0798f23?s=96&d=mm&r=g","url":"https:\/\/secure.gravatar.com\/avatar\/3190a6a6c5e1b0327500f7d6c56b6242472ee6cb974cf09b401ee6b3b0798f23?s=96&d=mm&r=g","contentUrl":"https:\/\/secure.gravatar.com\/avatar\/3190a6a6c5e1b0327500f7d6c56b6242472ee6cb974cf09b401ee6b3b0798f23?s=96&d=mm&r=g","caption":"Raffy Ben\u00edtez"},"url":"https:\/\/conexion23.com\/?author=15"}]}},"_links":{"self":[{"href":"https:\/\/conexion23.com\/index.php?rest_route=\/wp\/v2\/posts\/40901","targetHints":{"allow":["GET"]}}],"collection":[{"href":"https:\/\/conexion23.com\/index.php?rest_route=\/wp\/v2\/posts"}],"about":[{"href":"https:\/\/conexion23.com\/index.php?rest_route=\/wp\/v2\/types\/post"}],"author":[{"embeddable":true,"href":"https:\/\/conexion23.com\/index.php?rest_route=\/wp\/v2\/users\/15"}],"replies":[{"embeddable":true,"href":"https:\/\/conexion23.com\/index.php?rest_route=%2Fwp%2Fv2%2Fcomments&post=40901"}],"version-history":[{"count":1,"href":"https:\/\/conexion23.com\/index.php?rest_route=\/wp\/v2\/posts\/40901\/revisions"}],"predecessor-version":[{"id":40903,"href":"https:\/\/conexion23.com\/index.php?rest_route=\/wp\/v2\/posts\/40901\/revisions\/40903"}],"wp:featuredmedia":[{"embeddable":true,"href":"https:\/\/conexion23.com\/index.php?rest_route=\/wp\/v2\/media\/40902"}],"wp:attachment":[{"href":"https:\/\/conexion23.com\/index.php?rest_route=%2Fwp%2Fv2%2Fmedia&parent=40901"}],"wp:term":[{"taxonomy":"category","embeddable":true,"href":"https:\/\/conexion23.com\/index.php?rest_route=%2Fwp%2Fv2%2Fcategories&post=40901"},{"taxonomy":"post_tag","embeddable":true,"href":"https:\/\/conexion23.com\/index.php?rest_route=%2Fwp%2Fv2%2Ftags&post=40901"}],"curies":[{"name":"wp","href":"https:\/\/api.w.org\/{rel}","templated":true}]}}