{"id":40904,"date":"2025-07-02T07:31:10","date_gmt":"2025-07-02T11:31:10","guid":{"rendered":"https:\/\/conexion23.com\/?p=40904"},"modified":"2025-07-02T07:31:12","modified_gmt":"2025-07-02T11:31:12","slug":"secretario-general-de-sichoprola-denuncia-supuesta-estructura-delictiva-en-el-sector-transporte-de-la-region-este","status":"publish","type":"post","link":"https:\/\/conexion23.com\/?p=40904","title":{"rendered":"Secretario general de SICHOPROLA denuncia supuesta estructura delictiva en el sector transporte de la Regi\u00f3n Este."},"content":{"rendered":"\n<p class=\"wp-block-paragraph\">El secretario general del Sindicato de Choferes y Propietarios de Rutas de la Laguna (SICHOPROLA) denunci\u00f3 este martes la presunta operaci\u00f3n de una estructura criminal vinculada al transporte p\u00fablico en la regi\u00f3n Este, integrada \u2014seg\u00fan afirm\u00f3\u2014 por individuos deportados de los Estados Unidos y personas relacionadas al narcotr\u00e1fico.<\/p>\n\n\n\n<p class=\"wp-block-paragraph\">El dirigente se\u00f1al\u00f3 como principal articulador del grupo a *Guido Cabrera Mart\u00ednez, quien actualmente se desempe\u00f1a como asesor del Poder Ejecutivo en temas de transporte. De acuerdo con la denuncia, esta organizaci\u00f3n ha afectado a unas *173 familias, a las que supuestamente se les han despojado de sus bienes.<\/p>\n\n\n\n<p class=\"wp-block-paragraph\">El caso tendr\u00e1 un nuevo cap\u00edtulo este jueves 3 de julio a las 9:00 a.\u202fm., cuando est\u00e1 previsto que se conozca una medida de coerci\u00f3n contra los se\u00f1alados en la <em>Corte de Apelaci\u00f3n de San Pedro de Macor\u00eds<\/em>.<\/p>\n\n\n\n<p class=\"wp-block-paragraph\">Acusaciones de corrupci\u00f3n y violencia<\/p>\n\n\n\n<p class=\"wp-block-paragraph\">El denunciante asegur\u00f3 que dicha red habr\u00eda incurrido en actos de corrupci\u00f3n, incluyendo sobornos a fiscales y miembros de la Polic\u00eda Nacional, adem\u00e1s de la <em>manipulaci\u00f3n de una sentencia judicial<\/em> con la finalidad de impedir su ejecuci\u00f3n.<\/p>\n\n\n\n<p class=\"wp-block-paragraph\">Tambi\u00e9n report\u00f3 hechos violentos asociados al conflicto, incluyendo <em>dos personas heridas<\/em> y un *ataque armado contra una guagua, en el que presuntamente se realizaron 18 disparos. A pesar de estos incidentes, indic\u00f3 que *<em>no se han realizado investigaciones formales<\/em>.<\/p>\n\n\n\n<h3 class=\"wp-block-heading\">Preocupaci\u00f3n por el impacto regional<\/h3>\n\n\n\n<p class=\"wp-block-paragraph\">El secretario expres\u00f3 preocupaci\u00f3n por el efecto de esta situaci\u00f3n en la <em>confianza jur\u00eddica, el turismo y el sistema de transporte<\/em> en la regi\u00f3n Este, se\u00f1alando que los inversionistas podr\u00edan estar percibiendo la existencia de un \u201ccorredor bajo control de grupos il\u00edcitos\u201d.<\/p>\n","protected":false},"excerpt":{"rendered":"<p>El secretario general del Sindicato de Choferes y Propietarios de Rutas de la Laguna (SICHOPROLA) denunci\u00f3 este martes la presunta operaci\u00f3n de una estructura criminal vinculada al transporte p\u00fablico en la regi\u00f3n Este, integrada \u2014seg\u00fan afirm\u00f3\u2014 por individuos deportados de los Estados Unidos y personas relacionadas al narcotr\u00e1fico. El dirigente se\u00f1al\u00f3 como principal articulador del [&hellip;]<\/p>\n","protected":false},"author":15,"featured_media":40905,"comment_status":"open","ping_status":"open","sticky":false,"template":"","format":"standard","meta":{"footnotes":""},"categories":[35],"tags":[],"class_list":["post-40904","post","type-post","status-publish","format-standard","has-post-thumbnail","category-spm"],"yoast_head":"<!-- This site is optimized with the Yoast SEO plugin v27.6 - https:\/\/yoast.com\/product\/yoast-seo-wordpress\/ -->\n<title>Secretario general de SICHOPROLA denuncia supuesta estructura delictiva en el sector transporte de la Regi\u00f3n Este. - Conexi\u00f3n 23<\/title>\n<meta name=\"robots\" content=\"index, follow, max-snippet:-1, max-image-preview:large, max-video-preview:-1\" \/>\n<link rel=\"canonical\" href=\"https:\/\/conexion23.com\/?p=40904\" \/>\n<meta property=\"og:locale\" content=\"es_ES\" \/>\n<meta property=\"og:type\" content=\"article\" \/>\n<meta property=\"og:title\" content=\"Secretario general de SICHOPROLA denuncia supuesta estructura delictiva en el sector transporte de la Regi\u00f3n Este. - Conexi\u00f3n 23\" \/>\n<meta property=\"og:description\" content=\"El secretario general del Sindicato de Choferes y Propietarios de Rutas de la Laguna (SICHOPROLA) denunci\u00f3 este martes la presunta operaci\u00f3n de una estructura criminal vinculada al transporte p\u00fablico en la regi\u00f3n Este, integrada \u2014seg\u00fan afirm\u00f3\u2014 por individuos deportados de los Estados Unidos y personas relacionadas al narcotr\u00e1fico. El dirigente se\u00f1al\u00f3 como principal articulador del [&hellip;]\" \/>\n<meta property=\"og:url\" content=\"https:\/\/conexion23.com\/?p=40904\" \/>\n<meta property=\"og:site_name\" content=\"Conexi\u00f3n 23\" \/>\n<meta property=\"article:publisher\" content=\"https:\/\/www.facebook.com\/conexion23com\" \/>\n<meta property=\"article:published_time\" content=\"2025-07-02T11:31:10+00:00\" \/>\n<meta property=\"article:modified_time\" content=\"2025-07-02T11:31:12+00:00\" \/>\n<meta property=\"og:image\" content=\"https:\/\/conexion23.com\/wp-content\/uploads\/2025\/07\/descarga-1-2.jpg\" \/>\n\t<meta property=\"og:image:width\" content=\"330\" \/>\n\t<meta property=\"og:image:height\" content=\"152\" \/>\n\t<meta property=\"og:image:type\" content=\"image\/jpeg\" \/>\n<meta name=\"author\" content=\"Raffy Ben\u00edtez\" \/>\n<meta name=\"twitter:card\" content=\"summary_large_image\" \/>\n<meta name=\"twitter:label1\" content=\"Escrito por\" \/>\n\t<meta name=\"twitter:data1\" content=\"Raffy Ben\u00edtez\" \/>\n\t<meta name=\"twitter:label2\" content=\"Tiempo de lectura\" \/>\n\t<meta name=\"twitter:data2\" content=\"2 minutos\" \/>\n<script type=\"application\/ld+json\" class=\"yoast-schema-graph\">{\"@context\":\"https:\\\/\\\/schema.org\",\"@graph\":[{\"@type\":\"Article\",\"@id\":\"https:\\\/\\\/conexion23.com\\\/?p=40904#article\",\"isPartOf\":{\"@id\":\"https:\\\/\\\/conexion23.com\\\/?p=40904\"},\"author\":{\"name\":\"Raffy Ben\u00edtez\",\"@id\":\"http:\\\/\\\/conexion23.com\\\/#\\\/schema\\\/person\\\/03e36043331117e97a373299bbcd30a6\"},\"headline\":\"Secretario general de SICHOPROLA denuncia supuesta estructura delictiva en el sector transporte de la Regi\u00f3n Este.\",\"datePublished\":\"2025-07-02T11:31:10+00:00\",\"dateModified\":\"2025-07-02T11:31:12+00:00\",\"mainEntityOfPage\":{\"@id\":\"https:\\\/\\\/conexion23.com\\\/?p=40904\"},\"wordCount\":307,\"commentCount\":0,\"publisher\":{\"@id\":\"http:\\\/\\\/conexion23.com\\\/#organization\"},\"image\":{\"@id\":\"https:\\\/\\\/conexion23.com\\\/?p=40904#primaryimage\"},\"thumbnailUrl\":\"https:\\\/\\\/conexion23.com\\\/wp-content\\\/uploads\\\/2025\\\/07\\\/descarga-1-2.jpg\",\"articleSection\":[\"SPM\"],\"inLanguage\":\"es\",\"potentialAction\":[{\"@type\":\"CommentAction\",\"name\":\"Comment\",\"target\":[\"https:\\\/\\\/conexion23.com\\\/?p=40904#respond\"]}]},{\"@type\":\"WebPage\",\"@id\":\"https:\\\/\\\/conexion23.com\\\/?p=40904\",\"url\":\"https:\\\/\\\/conexion23.com\\\/?p=40904\",\"name\":\"Secretario general de SICHOPROLA denuncia supuesta estructura delictiva en el sector transporte de la Regi\u00f3n Este. - Conexi\u00f3n 23\",\"isPartOf\":{\"@id\":\"http:\\\/\\\/conexion23.com\\\/#website\"},\"primaryImageOfPage\":{\"@id\":\"https:\\\/\\\/conexion23.com\\\/?p=40904#primaryimage\"},\"image\":{\"@id\":\"https:\\\/\\\/conexion23.com\\\/?p=40904#primaryimage\"},\"thumbnailUrl\":\"https:\\\/\\\/conexion23.com\\\/wp-content\\\/uploads\\\/2025\\\/07\\\/descarga-1-2.jpg\",\"datePublished\":\"2025-07-02T11:31:10+00:00\",\"dateModified\":\"2025-07-02T11:31:12+00:00\",\"breadcrumb\":{\"@id\":\"https:\\\/\\\/conexion23.com\\\/?p=40904#breadcrumb\"},\"inLanguage\":\"es\",\"potentialAction\":[{\"@type\":\"ReadAction\",\"target\":[\"https:\\\/\\\/conexion23.com\\\/?p=40904\"]}]},{\"@type\":\"ImageObject\",\"inLanguage\":\"es\",\"@id\":\"https:\\\/\\\/conexion23.com\\\/?p=40904#primaryimage\",\"url\":\"https:\\\/\\\/conexion23.com\\\/wp-content\\\/uploads\\\/2025\\\/07\\\/descarga-1-2.jpg\",\"contentUrl\":\"https:\\\/\\\/conexion23.com\\\/wp-content\\\/uploads\\\/2025\\\/07\\\/descarga-1-2.jpg\",\"width\":330,\"height\":152},{\"@type\":\"BreadcrumbList\",\"@id\":\"https:\\\/\\\/conexion23.com\\\/?p=40904#breadcrumb\",\"itemListElement\":[{\"@type\":\"ListItem\",\"position\":1,\"name\":\"Portada\",\"item\":\"http:\\\/\\\/conexion23.com\\\/\"},{\"@type\":\"ListItem\",\"position\":2,\"name\":\"Secretario general de SICHOPROLA denuncia supuesta estructura delictiva en el sector transporte de la Regi\u00f3n Este.\"}]},{\"@type\":\"WebSite\",\"@id\":\"http:\\\/\\\/conexion23.com\\\/#website\",\"url\":\"http:\\\/\\\/conexion23.com\\\/\",\"name\":\"Conexi\u00f3n 23\",\"description\":\"Peri\u00f3dico 100% Petromacorisano\",\"publisher\":{\"@id\":\"http:\\\/\\\/conexion23.com\\\/#organization\"},\"potentialAction\":[{\"@type\":\"SearchAction\",\"target\":{\"@type\":\"EntryPoint\",\"urlTemplate\":\"http:\\\/\\\/conexion23.com\\\/?s={search_term_string}\"},\"query-input\":{\"@type\":\"PropertyValueSpecification\",\"valueRequired\":true,\"valueName\":\"search_term_string\"}}],\"inLanguage\":\"es\"},{\"@type\":\"Organization\",\"@id\":\"http:\\\/\\\/conexion23.com\\\/#organization\",\"name\":\"Conexion 23\",\"url\":\"http:\\\/\\\/conexion23.com\\\/\",\"logo\":{\"@type\":\"ImageObject\",\"inLanguage\":\"es\",\"@id\":\"http:\\\/\\\/conexion23.com\\\/#\\\/schema\\\/logo\\\/image\\\/\",\"url\":\"https:\\\/\\\/conexion23.com\\\/wp-content\\\/uploads\\\/2021\\\/11\\\/Diseno-sin-titulo-2.png\",\"contentUrl\":\"https:\\\/\\\/conexion23.com\\\/wp-content\\\/uploads\\\/2021\\\/11\\\/Diseno-sin-titulo-2.png\",\"width\":541,\"height\":90,\"caption\":\"Conexion 23\"},\"image\":{\"@id\":\"http:\\\/\\\/conexion23.com\\\/#\\\/schema\\\/logo\\\/image\\\/\"},\"sameAs\":[\"https:\\\/\\\/www.facebook.com\\\/conexion23com\",\"https:\\\/\\\/www.instagram.com\\\/conexion23com\\\/\",\"https:\\\/\\\/www.youtube.com\\\/channel\\\/UCYc7vxxFZMYLIHNsHHxPZ3Q\"]},{\"@type\":\"Person\",\"@id\":\"http:\\\/\\\/conexion23.com\\\/#\\\/schema\\\/person\\\/03e36043331117e97a373299bbcd30a6\",\"name\":\"Raffy Ben\u00edtez\",\"image\":{\"@type\":\"ImageObject\",\"inLanguage\":\"es\",\"@id\":\"https:\\\/\\\/secure.gravatar.com\\\/avatar\\\/3190a6a6c5e1b0327500f7d6c56b6242472ee6cb974cf09b401ee6b3b0798f23?s=96&d=mm&r=g\",\"url\":\"https:\\\/\\\/secure.gravatar.com\\\/avatar\\\/3190a6a6c5e1b0327500f7d6c56b6242472ee6cb974cf09b401ee6b3b0798f23?s=96&d=mm&r=g\",\"contentUrl\":\"https:\\\/\\\/secure.gravatar.com\\\/avatar\\\/3190a6a6c5e1b0327500f7d6c56b6242472ee6cb974cf09b401ee6b3b0798f23?s=96&d=mm&r=g\",\"caption\":\"Raffy Ben\u00edtez\"},\"url\":\"https:\\\/\\\/conexion23.com\\\/?author=15\"}]}<\/script>\n<!-- \/ Yoast SEO plugin. -->","yoast_head_json":{"title":"Secretario general de SICHOPROLA denuncia supuesta estructura delictiva en el sector transporte de la Regi\u00f3n Este. - Conexi\u00f3n 23","robots":{"index":"index","follow":"follow","max-snippet":"max-snippet:-1","max-image-preview":"max-image-preview:large","max-video-preview":"max-video-preview:-1"},"canonical":"https:\/\/conexion23.com\/?p=40904","og_locale":"es_ES","og_type":"article","og_title":"Secretario general de SICHOPROLA denuncia supuesta estructura delictiva en el sector transporte de la Regi\u00f3n Este. - Conexi\u00f3n 23","og_description":"El secretario general del Sindicato de Choferes y Propietarios de Rutas de la Laguna (SICHOPROLA) denunci\u00f3 este martes la presunta operaci\u00f3n de una estructura criminal vinculada al transporte p\u00fablico en la regi\u00f3n Este, integrada \u2014seg\u00fan afirm\u00f3\u2014 por individuos deportados de los Estados Unidos y personas relacionadas al narcotr\u00e1fico. El dirigente se\u00f1al\u00f3 como principal articulador del [&hellip;]","og_url":"https:\/\/conexion23.com\/?p=40904","og_site_name":"Conexi\u00f3n 23","article_publisher":"https:\/\/www.facebook.com\/conexion23com","article_published_time":"2025-07-02T11:31:10+00:00","article_modified_time":"2025-07-02T11:31:12+00:00","og_image":[{"width":330,"height":152,"url":"https:\/\/conexion23.com\/wp-content\/uploads\/2025\/07\/descarga-1-2.jpg","type":"image\/jpeg"}],"author":"Raffy Ben\u00edtez","twitter_card":"summary_large_image","twitter_misc":{"Escrito por":"Raffy Ben\u00edtez","Tiempo de lectura":"2 minutos"},"schema":{"@context":"https:\/\/schema.org","@graph":[{"@type":"Article","@id":"https:\/\/conexion23.com\/?p=40904#article","isPartOf":{"@id":"https:\/\/conexion23.com\/?p=40904"},"author":{"name":"Raffy Ben\u00edtez","@id":"http:\/\/conexion23.com\/#\/schema\/person\/03e36043331117e97a373299bbcd30a6"},"headline":"Secretario general de SICHOPROLA denuncia supuesta estructura delictiva en el sector transporte de la Regi\u00f3n Este.","datePublished":"2025-07-02T11:31:10+00:00","dateModified":"2025-07-02T11:31:12+00:00","mainEntityOfPage":{"@id":"https:\/\/conexion23.com\/?p=40904"},"wordCount":307,"commentCount":0,"publisher":{"@id":"http:\/\/conexion23.com\/#organization"},"image":{"@id":"https:\/\/conexion23.com\/?p=40904#primaryimage"},"thumbnailUrl":"https:\/\/conexion23.com\/wp-content\/uploads\/2025\/07\/descarga-1-2.jpg","articleSection":["SPM"],"inLanguage":"es","potentialAction":[{"@type":"CommentAction","name":"Comment","target":["https:\/\/conexion23.com\/?p=40904#respond"]}]},{"@type":"WebPage","@id":"https:\/\/conexion23.com\/?p=40904","url":"https:\/\/conexion23.com\/?p=40904","name":"Secretario general de SICHOPROLA denuncia supuesta estructura delictiva en el sector transporte de la Regi\u00f3n Este. - Conexi\u00f3n 23","isPartOf":{"@id":"http:\/\/conexion23.com\/#website"},"primaryImageOfPage":{"@id":"https:\/\/conexion23.com\/?p=40904#primaryimage"},"image":{"@id":"https:\/\/conexion23.com\/?p=40904#primaryimage"},"thumbnailUrl":"https:\/\/conexion23.com\/wp-content\/uploads\/2025\/07\/descarga-1-2.jpg","datePublished":"2025-07-02T11:31:10+00:00","dateModified":"2025-07-02T11:31:12+00:00","breadcrumb":{"@id":"https:\/\/conexion23.com\/?p=40904#breadcrumb"},"inLanguage":"es","potentialAction":[{"@type":"ReadAction","target":["https:\/\/conexion23.com\/?p=40904"]}]},{"@type":"ImageObject","inLanguage":"es","@id":"https:\/\/conexion23.com\/?p=40904#primaryimage","url":"https:\/\/conexion23.com\/wp-content\/uploads\/2025\/07\/descarga-1-2.jpg","contentUrl":"https:\/\/conexion23.com\/wp-content\/uploads\/2025\/07\/descarga-1-2.jpg","width":330,"height":152},{"@type":"BreadcrumbList","@id":"https:\/\/conexion23.com\/?p=40904#breadcrumb","itemListElement":[{"@type":"ListItem","position":1,"name":"Portada","item":"http:\/\/conexion23.com\/"},{"@type":"ListItem","position":2,"name":"Secretario general de SICHOPROLA denuncia supuesta estructura delictiva en el sector transporte de la Regi\u00f3n Este."}]},{"@type":"WebSite","@id":"http:\/\/conexion23.com\/#website","url":"http:\/\/conexion23.com\/","name":"Conexi\u00f3n 23","description":"Peri\u00f3dico 100% Petromacorisano","publisher":{"@id":"http:\/\/conexion23.com\/#organization"},"potentialAction":[{"@type":"SearchAction","target":{"@type":"EntryPoint","urlTemplate":"http:\/\/conexion23.com\/?s={search_term_string}"},"query-input":{"@type":"PropertyValueSpecification","valueRequired":true,"valueName":"search_term_string"}}],"inLanguage":"es"},{"@type":"Organization","@id":"http:\/\/conexion23.com\/#organization","name":"Conexion 23","url":"http:\/\/conexion23.com\/","logo":{"@type":"ImageObject","inLanguage":"es","@id":"http:\/\/conexion23.com\/#\/schema\/logo\/image\/","url":"https:\/\/conexion23.com\/wp-content\/uploads\/2021\/11\/Diseno-sin-titulo-2.png","contentUrl":"https:\/\/conexion23.com\/wp-content\/uploads\/2021\/11\/Diseno-sin-titulo-2.png","width":541,"height":90,"caption":"Conexion 23"},"image":{"@id":"http:\/\/conexion23.com\/#\/schema\/logo\/image\/"},"sameAs":["https:\/\/www.facebook.com\/conexion23com","https:\/\/www.instagram.com\/conexion23com\/","https:\/\/www.youtube.com\/channel\/UCYc7vxxFZMYLIHNsHHxPZ3Q"]},{"@type":"Person","@id":"http:\/\/conexion23.com\/#\/schema\/person\/03e36043331117e97a373299bbcd30a6","name":"Raffy Ben\u00edtez","image":{"@type":"ImageObject","inLanguage":"es","@id":"https:\/\/secure.gravatar.com\/avatar\/3190a6a6c5e1b0327500f7d6c56b6242472ee6cb974cf09b401ee6b3b0798f23?s=96&d=mm&r=g","url":"https:\/\/secure.gravatar.com\/avatar\/3190a6a6c5e1b0327500f7d6c56b6242472ee6cb974cf09b401ee6b3b0798f23?s=96&d=mm&r=g","contentUrl":"https:\/\/secure.gravatar.com\/avatar\/3190a6a6c5e1b0327500f7d6c56b6242472ee6cb974cf09b401ee6b3b0798f23?s=96&d=mm&r=g","caption":"Raffy Ben\u00edtez"},"url":"https:\/\/conexion23.com\/?author=15"}]}},"_links":{"self":[{"href":"https:\/\/conexion23.com\/index.php?rest_route=\/wp\/v2\/posts\/40904","targetHints":{"allow":["GET"]}}],"collection":[{"href":"https:\/\/conexion23.com\/index.php?rest_route=\/wp\/v2\/posts"}],"about":[{"href":"https:\/\/conexion23.com\/index.php?rest_route=\/wp\/v2\/types\/post"}],"author":[{"embeddable":true,"href":"https:\/\/conexion23.com\/index.php?rest_route=\/wp\/v2\/users\/15"}],"replies":[{"embeddable":true,"href":"https:\/\/conexion23.com\/index.php?rest_route=%2Fwp%2Fv2%2Fcomments&post=40904"}],"version-history":[{"count":1,"href":"https:\/\/conexion23.com\/index.php?rest_route=\/wp\/v2\/posts\/40904\/revisions"}],"predecessor-version":[{"id":40906,"href":"https:\/\/conexion23.com\/index.php?rest_route=\/wp\/v2\/posts\/40904\/revisions\/40906"}],"wp:featuredmedia":[{"embeddable":true,"href":"https:\/\/conexion23.com\/index.php?rest_route=\/wp\/v2\/media\/40905"}],"wp:attachment":[{"href":"https:\/\/conexion23.com\/index.php?rest_route=%2Fwp%2Fv2%2Fmedia&parent=40904"}],"wp:term":[{"taxonomy":"category","embeddable":true,"href":"https:\/\/conexion23.com\/index.php?rest_route=%2Fwp%2Fv2%2Fcategories&post=40904"},{"taxonomy":"post_tag","embeddable":true,"href":"https:\/\/conexion23.com\/index.php?rest_route=%2Fwp%2Fv2%2Ftags&post=40904"}],"curies":[{"name":"wp","href":"https:\/\/api.w.org\/{rel}","templated":true}]}}