{"id":41075,"date":"2025-07-07T07:22:33","date_gmt":"2025-07-07T11:22:33","guid":{"rendered":"https:\/\/conexion23.com\/?p=41075"},"modified":"2025-07-07T07:22:35","modified_gmt":"2025-07-07T11:22:35","slug":"fallece-joven-mujer-en-la-romana-por-complicaciones-relacionadas-con-el-uso-de-cigarrillos-electronicos","status":"publish","type":"post","link":"https:\/\/conexion23.com\/?p=41075","title":{"rendered":"Fallece joven mujer en La Romana por complicaciones relacionadas con el uso de cigarrillos electr\u00f3nicos"},"content":{"rendered":"\n<p class=\"wp-block-paragraph\">Autoridades locales y familiares confirmaron el fallecimiento de una joven identificada como Rub\u00ed, residente en La Romana, en las proximidades de Money Play, tras sufrir graves complicaciones pulmonares presuntamente relacionadas con el uso prolongado de dispositivos electr\u00f3nicos para fumar, conocidos como \u00abvape\u00bb.<\/p>\n\n\n\n<p class=\"wp-block-paragraph\">Seg\u00fan informaciones preliminares, la joven fue ingresada de emergencia a un centro de salud local despu\u00e9s de presentar severas complicaciones respiratorias. Su estado de salud se deterior\u00f3 r\u00e1pidamente, presentando una par\u00e1lisis que requiri\u00f3 intubaci\u00f3n inmediata.<\/p>\n\n\n\n<p class=\"wp-block-paragraph\">A pesar de los esfuerzos m\u00e9dicos, la joven falleci\u00f3 horas despu\u00e9s de su ingreso al centro hospitalario.<\/p>\n\n\n\n<p class=\"wp-block-paragraph\">Familiares y amigos dieron cristiana sepultura a la joven en medio de gran dolor y consternaci\u00f3n por la p\u00e9rdida.<\/p>\n\n\n\n<p class=\"wp-block-paragraph\">&nbsp;La comunidad local se ha visto conmovida por este tr\u00e1gico suceso.<\/p>\n\n\n\n<p class=\"wp-block-paragraph\">Este lamentable caso ha generado un llamado de atenci\u00f3n sobre los riesgos asociados al uso de cigarrillos electr\u00f3nicos, especialmente entre los j\u00f3venes.&nbsp;<\/p>\n\n\n\n<p class=\"wp-block-paragraph\">Las autoridades y familiares exhortan a la juventud a reflexionar seriamente sobre el impacto que estos dispositivos pueden tener en la salud pulmonar.<\/p>\n\n\n\n<p class=\"wp-block-paragraph\">Informaci\u00f3n proporcionada por: Wellington De Jes\u00fas Mart\u00ednez<\/p>\n","protected":false},"excerpt":{"rendered":"<p>Autoridades locales y familiares confirmaron el fallecimiento de una joven identificada como Rub\u00ed, residente en La Romana, en las proximidades de Money Play, tras sufrir graves complicaciones pulmonares presuntamente relacionadas con el uso prolongado de dispositivos electr\u00f3nicos para fumar, conocidos como \u00abvape\u00bb. Seg\u00fan informaciones preliminares, la joven fue ingresada de emergencia a un centro de [&hellip;]<\/p>\n","protected":false},"author":15,"featured_media":41076,"comment_status":"open","ping_status":"open","sticky":false,"template":"","format":"standard","meta":{"footnotes":""},"categories":[2473],"tags":[],"class_list":["post-41075","post","type-post","status-publish","format-standard","has-post-thumbnail","category-la-romana"],"yoast_head":"<!-- This site is optimized with the Yoast SEO plugin v27.6 - https:\/\/yoast.com\/product\/yoast-seo-wordpress\/ -->\n<title>Fallece joven mujer en La Romana por complicaciones relacionadas con el uso de cigarrillos electr\u00f3nicos - Conexi\u00f3n 23<\/title>\n<meta name=\"robots\" content=\"index, follow, max-snippet:-1, max-image-preview:large, max-video-preview:-1\" \/>\n<link rel=\"canonical\" href=\"https:\/\/conexion23.com\/?p=41075\" \/>\n<meta property=\"og:locale\" content=\"es_ES\" \/>\n<meta property=\"og:type\" content=\"article\" \/>\n<meta property=\"og:title\" content=\"Fallece joven mujer en La Romana por complicaciones relacionadas con el uso de cigarrillos electr\u00f3nicos - Conexi\u00f3n 23\" \/>\n<meta property=\"og:description\" content=\"Autoridades locales y familiares confirmaron el fallecimiento de una joven identificada como Rub\u00ed, residente en La Romana, en las proximidades de Money Play, tras sufrir graves complicaciones pulmonares presuntamente relacionadas con el uso prolongado de dispositivos electr\u00f3nicos para fumar, conocidos como \u00abvape\u00bb. Seg\u00fan informaciones preliminares, la joven fue ingresada de emergencia a un centro de [&hellip;]\" \/>\n<meta property=\"og:url\" content=\"https:\/\/conexion23.com\/?p=41075\" \/>\n<meta property=\"og:site_name\" content=\"Conexi\u00f3n 23\" \/>\n<meta property=\"article:publisher\" content=\"https:\/\/www.facebook.com\/conexion23com\" \/>\n<meta property=\"article:published_time\" content=\"2025-07-07T11:22:33+00:00\" \/>\n<meta property=\"article:modified_time\" content=\"2025-07-07T11:22:35+00:00\" \/>\n<meta property=\"og:image\" content=\"https:\/\/conexion23.com\/wp-content\/uploads\/2025\/07\/descarga-3-1.jpg\" \/>\n\t<meta property=\"og:image:width\" content=\"184\" \/>\n\t<meta property=\"og:image:height\" content=\"273\" \/>\n\t<meta property=\"og:image:type\" content=\"image\/jpeg\" \/>\n<meta name=\"author\" content=\"Raffy Ben\u00edtez\" \/>\n<meta name=\"twitter:card\" content=\"summary_large_image\" \/>\n<meta name=\"twitter:label1\" content=\"Escrito por\" \/>\n\t<meta name=\"twitter:data1\" content=\"Raffy Ben\u00edtez\" \/>\n\t<meta name=\"twitter:label2\" content=\"Tiempo de lectura\" \/>\n\t<meta name=\"twitter:data2\" content=\"2 minutos\" \/>\n<script type=\"application\/ld+json\" class=\"yoast-schema-graph\">{\"@context\":\"https:\\\/\\\/schema.org\",\"@graph\":[{\"@type\":\"Article\",\"@id\":\"https:\\\/\\\/conexion23.com\\\/?p=41075#article\",\"isPartOf\":{\"@id\":\"https:\\\/\\\/conexion23.com\\\/?p=41075\"},\"author\":{\"name\":\"Raffy Ben\u00edtez\",\"@id\":\"http:\\\/\\\/conexion23.com\\\/#\\\/schema\\\/person\\\/03e36043331117e97a373299bbcd30a6\"},\"headline\":\"Fallece joven mujer en La Romana por complicaciones relacionadas con el uso de cigarrillos electr\u00f3nicos\",\"datePublished\":\"2025-07-07T11:22:33+00:00\",\"dateModified\":\"2025-07-07T11:22:35+00:00\",\"mainEntityOfPage\":{\"@id\":\"https:\\\/\\\/conexion23.com\\\/?p=41075\"},\"wordCount\":211,\"commentCount\":0,\"publisher\":{\"@id\":\"http:\\\/\\\/conexion23.com\\\/#organization\"},\"image\":{\"@id\":\"https:\\\/\\\/conexion23.com\\\/?p=41075#primaryimage\"},\"thumbnailUrl\":\"https:\\\/\\\/conexion23.com\\\/wp-content\\\/uploads\\\/2025\\\/07\\\/descarga-3-1.jpg\",\"articleSection\":[\"La Romana\"],\"inLanguage\":\"es\",\"potentialAction\":[{\"@type\":\"CommentAction\",\"name\":\"Comment\",\"target\":[\"https:\\\/\\\/conexion23.com\\\/?p=41075#respond\"]}]},{\"@type\":\"WebPage\",\"@id\":\"https:\\\/\\\/conexion23.com\\\/?p=41075\",\"url\":\"https:\\\/\\\/conexion23.com\\\/?p=41075\",\"name\":\"Fallece joven mujer en La Romana por complicaciones relacionadas con el uso de cigarrillos electr\u00f3nicos - Conexi\u00f3n 23\",\"isPartOf\":{\"@id\":\"http:\\\/\\\/conexion23.com\\\/#website\"},\"primaryImageOfPage\":{\"@id\":\"https:\\\/\\\/conexion23.com\\\/?p=41075#primaryimage\"},\"image\":{\"@id\":\"https:\\\/\\\/conexion23.com\\\/?p=41075#primaryimage\"},\"thumbnailUrl\":\"https:\\\/\\\/conexion23.com\\\/wp-content\\\/uploads\\\/2025\\\/07\\\/descarga-3-1.jpg\",\"datePublished\":\"2025-07-07T11:22:33+00:00\",\"dateModified\":\"2025-07-07T11:22:35+00:00\",\"breadcrumb\":{\"@id\":\"https:\\\/\\\/conexion23.com\\\/?p=41075#breadcrumb\"},\"inLanguage\":\"es\",\"potentialAction\":[{\"@type\":\"ReadAction\",\"target\":[\"https:\\\/\\\/conexion23.com\\\/?p=41075\"]}]},{\"@type\":\"ImageObject\",\"inLanguage\":\"es\",\"@id\":\"https:\\\/\\\/conexion23.com\\\/?p=41075#primaryimage\",\"url\":\"https:\\\/\\\/conexion23.com\\\/wp-content\\\/uploads\\\/2025\\\/07\\\/descarga-3-1.jpg\",\"contentUrl\":\"https:\\\/\\\/conexion23.com\\\/wp-content\\\/uploads\\\/2025\\\/07\\\/descarga-3-1.jpg\",\"width\":184,\"height\":273},{\"@type\":\"BreadcrumbList\",\"@id\":\"https:\\\/\\\/conexion23.com\\\/?p=41075#breadcrumb\",\"itemListElement\":[{\"@type\":\"ListItem\",\"position\":1,\"name\":\"Portada\",\"item\":\"http:\\\/\\\/conexion23.com\\\/\"},{\"@type\":\"ListItem\",\"position\":2,\"name\":\"Fallece joven mujer en La Romana por complicaciones relacionadas con el uso de cigarrillos electr\u00f3nicos\"}]},{\"@type\":\"WebSite\",\"@id\":\"http:\\\/\\\/conexion23.com\\\/#website\",\"url\":\"http:\\\/\\\/conexion23.com\\\/\",\"name\":\"Conexi\u00f3n 23\",\"description\":\"Peri\u00f3dico 100% Petromacorisano\",\"publisher\":{\"@id\":\"http:\\\/\\\/conexion23.com\\\/#organization\"},\"potentialAction\":[{\"@type\":\"SearchAction\",\"target\":{\"@type\":\"EntryPoint\",\"urlTemplate\":\"http:\\\/\\\/conexion23.com\\\/?s={search_term_string}\"},\"query-input\":{\"@type\":\"PropertyValueSpecification\",\"valueRequired\":true,\"valueName\":\"search_term_string\"}}],\"inLanguage\":\"es\"},{\"@type\":\"Organization\",\"@id\":\"http:\\\/\\\/conexion23.com\\\/#organization\",\"name\":\"Conexion 23\",\"url\":\"http:\\\/\\\/conexion23.com\\\/\",\"logo\":{\"@type\":\"ImageObject\",\"inLanguage\":\"es\",\"@id\":\"http:\\\/\\\/conexion23.com\\\/#\\\/schema\\\/logo\\\/image\\\/\",\"url\":\"https:\\\/\\\/conexion23.com\\\/wp-content\\\/uploads\\\/2021\\\/11\\\/Diseno-sin-titulo-2.png\",\"contentUrl\":\"https:\\\/\\\/conexion23.com\\\/wp-content\\\/uploads\\\/2021\\\/11\\\/Diseno-sin-titulo-2.png\",\"width\":541,\"height\":90,\"caption\":\"Conexion 23\"},\"image\":{\"@id\":\"http:\\\/\\\/conexion23.com\\\/#\\\/schema\\\/logo\\\/image\\\/\"},\"sameAs\":[\"https:\\\/\\\/www.facebook.com\\\/conexion23com\",\"https:\\\/\\\/www.instagram.com\\\/conexion23com\\\/\",\"https:\\\/\\\/www.youtube.com\\\/channel\\\/UCYc7vxxFZMYLIHNsHHxPZ3Q\"]},{\"@type\":\"Person\",\"@id\":\"http:\\\/\\\/conexion23.com\\\/#\\\/schema\\\/person\\\/03e36043331117e97a373299bbcd30a6\",\"name\":\"Raffy Ben\u00edtez\",\"image\":{\"@type\":\"ImageObject\",\"inLanguage\":\"es\",\"@id\":\"https:\\\/\\\/secure.gravatar.com\\\/avatar\\\/3190a6a6c5e1b0327500f7d6c56b6242472ee6cb974cf09b401ee6b3b0798f23?s=96&d=mm&r=g\",\"url\":\"https:\\\/\\\/secure.gravatar.com\\\/avatar\\\/3190a6a6c5e1b0327500f7d6c56b6242472ee6cb974cf09b401ee6b3b0798f23?s=96&d=mm&r=g\",\"contentUrl\":\"https:\\\/\\\/secure.gravatar.com\\\/avatar\\\/3190a6a6c5e1b0327500f7d6c56b6242472ee6cb974cf09b401ee6b3b0798f23?s=96&d=mm&r=g\",\"caption\":\"Raffy Ben\u00edtez\"},\"url\":\"https:\\\/\\\/conexion23.com\\\/?author=15\"}]}<\/script>\n<!-- \/ Yoast SEO plugin. -->","yoast_head_json":{"title":"Fallece joven mujer en La Romana por complicaciones relacionadas con el uso de cigarrillos electr\u00f3nicos - Conexi\u00f3n 23","robots":{"index":"index","follow":"follow","max-snippet":"max-snippet:-1","max-image-preview":"max-image-preview:large","max-video-preview":"max-video-preview:-1"},"canonical":"https:\/\/conexion23.com\/?p=41075","og_locale":"es_ES","og_type":"article","og_title":"Fallece joven mujer en La Romana por complicaciones relacionadas con el uso de cigarrillos electr\u00f3nicos - Conexi\u00f3n 23","og_description":"Autoridades locales y familiares confirmaron el fallecimiento de una joven identificada como Rub\u00ed, residente en La Romana, en las proximidades de Money Play, tras sufrir graves complicaciones pulmonares presuntamente relacionadas con el uso prolongado de dispositivos electr\u00f3nicos para fumar, conocidos como \u00abvape\u00bb. Seg\u00fan informaciones preliminares, la joven fue ingresada de emergencia a un centro de [&hellip;]","og_url":"https:\/\/conexion23.com\/?p=41075","og_site_name":"Conexi\u00f3n 23","article_publisher":"https:\/\/www.facebook.com\/conexion23com","article_published_time":"2025-07-07T11:22:33+00:00","article_modified_time":"2025-07-07T11:22:35+00:00","og_image":[{"width":184,"height":273,"url":"https:\/\/conexion23.com\/wp-content\/uploads\/2025\/07\/descarga-3-1.jpg","type":"image\/jpeg"}],"author":"Raffy Ben\u00edtez","twitter_card":"summary_large_image","twitter_misc":{"Escrito por":"Raffy Ben\u00edtez","Tiempo de lectura":"2 minutos"},"schema":{"@context":"https:\/\/schema.org","@graph":[{"@type":"Article","@id":"https:\/\/conexion23.com\/?p=41075#article","isPartOf":{"@id":"https:\/\/conexion23.com\/?p=41075"},"author":{"name":"Raffy Ben\u00edtez","@id":"http:\/\/conexion23.com\/#\/schema\/person\/03e36043331117e97a373299bbcd30a6"},"headline":"Fallece joven mujer en La Romana por complicaciones relacionadas con el uso de cigarrillos electr\u00f3nicos","datePublished":"2025-07-07T11:22:33+00:00","dateModified":"2025-07-07T11:22:35+00:00","mainEntityOfPage":{"@id":"https:\/\/conexion23.com\/?p=41075"},"wordCount":211,"commentCount":0,"publisher":{"@id":"http:\/\/conexion23.com\/#organization"},"image":{"@id":"https:\/\/conexion23.com\/?p=41075#primaryimage"},"thumbnailUrl":"https:\/\/conexion23.com\/wp-content\/uploads\/2025\/07\/descarga-3-1.jpg","articleSection":["La Romana"],"inLanguage":"es","potentialAction":[{"@type":"CommentAction","name":"Comment","target":["https:\/\/conexion23.com\/?p=41075#respond"]}]},{"@type":"WebPage","@id":"https:\/\/conexion23.com\/?p=41075","url":"https:\/\/conexion23.com\/?p=41075","name":"Fallece joven mujer en La Romana por complicaciones relacionadas con el uso de cigarrillos electr\u00f3nicos - Conexi\u00f3n 23","isPartOf":{"@id":"http:\/\/conexion23.com\/#website"},"primaryImageOfPage":{"@id":"https:\/\/conexion23.com\/?p=41075#primaryimage"},"image":{"@id":"https:\/\/conexion23.com\/?p=41075#primaryimage"},"thumbnailUrl":"https:\/\/conexion23.com\/wp-content\/uploads\/2025\/07\/descarga-3-1.jpg","datePublished":"2025-07-07T11:22:33+00:00","dateModified":"2025-07-07T11:22:35+00:00","breadcrumb":{"@id":"https:\/\/conexion23.com\/?p=41075#breadcrumb"},"inLanguage":"es","potentialAction":[{"@type":"ReadAction","target":["https:\/\/conexion23.com\/?p=41075"]}]},{"@type":"ImageObject","inLanguage":"es","@id":"https:\/\/conexion23.com\/?p=41075#primaryimage","url":"https:\/\/conexion23.com\/wp-content\/uploads\/2025\/07\/descarga-3-1.jpg","contentUrl":"https:\/\/conexion23.com\/wp-content\/uploads\/2025\/07\/descarga-3-1.jpg","width":184,"height":273},{"@type":"BreadcrumbList","@id":"https:\/\/conexion23.com\/?p=41075#breadcrumb","itemListElement":[{"@type":"ListItem","position":1,"name":"Portada","item":"http:\/\/conexion23.com\/"},{"@type":"ListItem","position":2,"name":"Fallece joven mujer en La Romana por complicaciones relacionadas con el uso de cigarrillos electr\u00f3nicos"}]},{"@type":"WebSite","@id":"http:\/\/conexion23.com\/#website","url":"http:\/\/conexion23.com\/","name":"Conexi\u00f3n 23","description":"Peri\u00f3dico 100% Petromacorisano","publisher":{"@id":"http:\/\/conexion23.com\/#organization"},"potentialAction":[{"@type":"SearchAction","target":{"@type":"EntryPoint","urlTemplate":"http:\/\/conexion23.com\/?s={search_term_string}"},"query-input":{"@type":"PropertyValueSpecification","valueRequired":true,"valueName":"search_term_string"}}],"inLanguage":"es"},{"@type":"Organization","@id":"http:\/\/conexion23.com\/#organization","name":"Conexion 23","url":"http:\/\/conexion23.com\/","logo":{"@type":"ImageObject","inLanguage":"es","@id":"http:\/\/conexion23.com\/#\/schema\/logo\/image\/","url":"https:\/\/conexion23.com\/wp-content\/uploads\/2021\/11\/Diseno-sin-titulo-2.png","contentUrl":"https:\/\/conexion23.com\/wp-content\/uploads\/2021\/11\/Diseno-sin-titulo-2.png","width":541,"height":90,"caption":"Conexion 23"},"image":{"@id":"http:\/\/conexion23.com\/#\/schema\/logo\/image\/"},"sameAs":["https:\/\/www.facebook.com\/conexion23com","https:\/\/www.instagram.com\/conexion23com\/","https:\/\/www.youtube.com\/channel\/UCYc7vxxFZMYLIHNsHHxPZ3Q"]},{"@type":"Person","@id":"http:\/\/conexion23.com\/#\/schema\/person\/03e36043331117e97a373299bbcd30a6","name":"Raffy Ben\u00edtez","image":{"@type":"ImageObject","inLanguage":"es","@id":"https:\/\/secure.gravatar.com\/avatar\/3190a6a6c5e1b0327500f7d6c56b6242472ee6cb974cf09b401ee6b3b0798f23?s=96&d=mm&r=g","url":"https:\/\/secure.gravatar.com\/avatar\/3190a6a6c5e1b0327500f7d6c56b6242472ee6cb974cf09b401ee6b3b0798f23?s=96&d=mm&r=g","contentUrl":"https:\/\/secure.gravatar.com\/avatar\/3190a6a6c5e1b0327500f7d6c56b6242472ee6cb974cf09b401ee6b3b0798f23?s=96&d=mm&r=g","caption":"Raffy Ben\u00edtez"},"url":"https:\/\/conexion23.com\/?author=15"}]}},"_links":{"self":[{"href":"https:\/\/conexion23.com\/index.php?rest_route=\/wp\/v2\/posts\/41075","targetHints":{"allow":["GET"]}}],"collection":[{"href":"https:\/\/conexion23.com\/index.php?rest_route=\/wp\/v2\/posts"}],"about":[{"href":"https:\/\/conexion23.com\/index.php?rest_route=\/wp\/v2\/types\/post"}],"author":[{"embeddable":true,"href":"https:\/\/conexion23.com\/index.php?rest_route=\/wp\/v2\/users\/15"}],"replies":[{"embeddable":true,"href":"https:\/\/conexion23.com\/index.php?rest_route=%2Fwp%2Fv2%2Fcomments&post=41075"}],"version-history":[{"count":1,"href":"https:\/\/conexion23.com\/index.php?rest_route=\/wp\/v2\/posts\/41075\/revisions"}],"predecessor-version":[{"id":41077,"href":"https:\/\/conexion23.com\/index.php?rest_route=\/wp\/v2\/posts\/41075\/revisions\/41077"}],"wp:featuredmedia":[{"embeddable":true,"href":"https:\/\/conexion23.com\/index.php?rest_route=\/wp\/v2\/media\/41076"}],"wp:attachment":[{"href":"https:\/\/conexion23.com\/index.php?rest_route=%2Fwp%2Fv2%2Fmedia&parent=41075"}],"wp:term":[{"taxonomy":"category","embeddable":true,"href":"https:\/\/conexion23.com\/index.php?rest_route=%2Fwp%2Fv2%2Fcategories&post=41075"},{"taxonomy":"post_tag","embeddable":true,"href":"https:\/\/conexion23.com\/index.php?rest_route=%2Fwp%2Fv2%2Ftags&post=41075"}],"curies":[{"name":"wp","href":"https:\/\/api.w.org\/{rel}","templated":true}]}}