{"id":41246,"date":"2025-07-11T07:44:38","date_gmt":"2025-07-11T11:44:38","guid":{"rendered":"https:\/\/conexion23.com\/?p=41246"},"modified":"2025-07-11T07:44:40","modified_gmt":"2025-07-11T11:44:40","slug":"cardenal-pide-a-nayib-bukele-informar-sobre-venezolanos-presos-en-el-salvador","status":"publish","type":"post","link":"https:\/\/conexion23.com\/?p=41246","title":{"rendered":"Cardenal pide a Nayib Bukele informar sobre venezolanos presos en El Salvador"},"content":{"rendered":"\n<p class=\"wp-block-paragraph\">El cardenal Gregorio Rosa Ch\u00e1vez pidi\u00f3 este mi\u00e9rcoles al gobierno de&nbsp;<strong>Nayib Bukele<\/strong>&nbsp;que informe sobre los<a href=\"https:\/\/listindiario.com\/las-mundiales\/20250428\/deportados-trump-diez-venezolanos-encarcelados-salvador_855545.html\" target=\"_blank\" rel=\"noreferrer noopener\">&nbsp;<strong>252 migrantes venezolanos&nbsp;<\/strong><\/a>deportados por Estados Unidos, quienes llevan casi cuatro meses presos e incomunicados en&nbsp;<strong>El Salvador.<\/strong><\/p>\n\n\n\n<p class=\"wp-block-paragraph\">Los venezolanos fueron enviados a El Salvador por el gobierno de Donald Trump a partir del 15 de marzo, luego de acusarlos, sin presentar pruebas, de integrar la&nbsp;<strong>banda criminal Tren de Aragua.<\/strong><\/p>\n\n\n\n<p class=\"wp-block-paragraph\">Todos ellos est\u00e1n ahora incomunicados en la<strong>\u00a0c\u00e1rcel de m\u00e1xima seguridad en El Salvador,\u00a0<\/strong>construida para pandilleros por Bukele, sin que el gobierno permita que sus familiares y abogados los visiten. Tampoco ha proporcionado informaci\u00f3n sobre ellos, ni siquiera sus identidades.<\/p>\n\n\n\n<p class=\"wp-block-paragraph\">\u00abCiertamente alguien que est\u00e1 detenido tiene derecho a cosas m\u00ednimas que est\u00e1n establecidas en la ley internacional, que se sabe d\u00f3nde est\u00e1 y c\u00f3mo est\u00e1\u00bb, declar\u00f3 Rosa Ch\u00e1vez a periodistas en la iglesia&nbsp;<strong>San Francisco<\/strong>&nbsp;en San Salvador.<\/p>\n\n\n\n<p class=\"wp-block-paragraph\">La Iglesia ya se hab\u00eda pronunciado sobre los venezolanos el 20 de abril, cuando el arzobispo de San Salvador, Jos\u00e9 Luis Escobar, pidi\u00f3 a las autoridades que no se convirtieran al pa\u00eds en \u00abuna gran c\u00e1rcel internacional\u00bb.<\/p>\n\n\n\n<p class=\"wp-block-paragraph\">El cardenal afirm\u00f3 ahora que&nbsp;<strong>\u00abhasta los peores criminales\u00bb<\/strong>&nbsp;tienen derechos y pidi\u00f3 que \u00abse informe sobre su situaci\u00f3n a sus familias\u00bb.<\/p>\n\n\n\n<p class=\"wp-block-paragraph\">El jerarca cat\u00f3lico indic\u00f3 que \u00abeso se lo gritamos con toda fuerza, porque es una inequidad que eso no se puede cambiar\u00bb.<\/p>\n\n\n\n<p class=\"wp-block-paragraph\">Abogados y familiares de los venezolanos han intentado visitarlos y obtener informaci\u00f3n sobre ellos, pero se han topado con el silencio de las autoridades salvadore\u00f1as.<\/p>\n\n\n\n<p class=\"wp-block-paragraph\">\u00abCreo que cuando uno comete un error debe aceptar que lo cometi\u00f3\u00bb y no cometer \u00abun error m\u00e1s grave todav\u00eda\u00bb, dijo el cardenal sobre la orden de mantenerlos incomunicados.<\/p>\n\n\n\n<p class=\"wp-block-paragraph\">El cardenal tambi\u00e9n deplor\u00f3 que unos 40 periodistas salvadore\u00f1os se hayan exiliado tras sufrir \u00abhostigamientos\u00bb, seg\u00fan una denuncia del gremio.<\/p>\n\n\n\n<p class=\"wp-block-paragraph\">\u00abEl miedo est\u00e1 instalado en el pa\u00eds\u00bb, afirm\u00f3 Rosa Ch\u00e1vez sobre esta denuncia de la Asociaci\u00f3n de Periodistas de El Salvador (APES).<\/p>\n\n\n\n<p class=\"wp-block-paragraph\">\u00ab\u00bfC\u00f3mo vencer el miedo, c\u00f3mo tener derecho a hablar sin ser v\u00edctimas? Esa es la tarea, pero la realidad est\u00e1 ah\u00ed, el mundo entero la ve cada vez m\u00e1s clara, creo que poco a poco la verdad va a imponerse porque la mentira tiene las patas cortas\u00bb, dijo.<\/p>\n\n\n\n<p class=\"wp-block-paragraph\">Rosa Ch\u00e1vez tambi\u00e9n sostuvo que \u00abdebe cortarse ya\u00bb el r\u00e9gimen de excepci\u00f3n que rige en&nbsp;<strong>El Salvador<\/strong>&nbsp;desde hace m\u00e1s de tres a\u00f1os, que permite detenciones sin orden judicial para combatir a las pandillas.<\/p>\n","protected":false},"excerpt":{"rendered":"<p>El cardenal Gregorio Rosa Ch\u00e1vez pidi\u00f3 este mi\u00e9rcoles al gobierno de&nbsp;Nayib Bukele&nbsp;que informe sobre los&nbsp;252 migrantes venezolanos&nbsp;deportados por Estados Unidos, quienes llevan casi cuatro meses presos e incomunicados en&nbsp;El Salvador. Los venezolanos fueron enviados a El Salvador por el gobierno de Donald Trump a partir del 15 de marzo, luego de acusarlos, sin presentar pruebas, [&hellip;]<\/p>\n","protected":false},"author":15,"featured_media":41247,"comment_status":"open","ping_status":"open","sticky":false,"template":"","format":"standard","meta":{"footnotes":""},"categories":[1],"tags":[],"class_list":["post-41246","post","type-post","status-publish","format-standard","has-post-thumbnail","category-uncategorized"],"yoast_head":"<!-- This site is optimized with the Yoast SEO plugin v27.6 - https:\/\/yoast.com\/product\/yoast-seo-wordpress\/ -->\n<title>Cardenal pide a Nayib Bukele informar sobre venezolanos presos en El Salvador - Conexi\u00f3n 23<\/title>\n<meta name=\"robots\" content=\"index, follow, max-snippet:-1, max-image-preview:large, max-video-preview:-1\" \/>\n<link rel=\"canonical\" href=\"https:\/\/conexion23.com\/?p=41246\" \/>\n<meta property=\"og:locale\" content=\"es_ES\" \/>\n<meta property=\"og:type\" content=\"article\" \/>\n<meta property=\"og:title\" content=\"Cardenal pide a Nayib Bukele informar sobre venezolanos presos en El Salvador - Conexi\u00f3n 23\" \/>\n<meta property=\"og:description\" content=\"El cardenal Gregorio Rosa Ch\u00e1vez pidi\u00f3 este mi\u00e9rcoles al gobierno de&nbsp;Nayib Bukele&nbsp;que informe sobre los&nbsp;252 migrantes venezolanos&nbsp;deportados por Estados Unidos, quienes llevan casi cuatro meses presos e incomunicados en&nbsp;El Salvador. Los venezolanos fueron enviados a El Salvador por el gobierno de Donald Trump a partir del 15 de marzo, luego de acusarlos, sin presentar pruebas, [&hellip;]\" \/>\n<meta property=\"og:url\" content=\"https:\/\/conexion23.com\/?p=41246\" \/>\n<meta property=\"og:site_name\" content=\"Conexi\u00f3n 23\" \/>\n<meta property=\"article:publisher\" content=\"https:\/\/www.facebook.com\/conexion23com\" \/>\n<meta property=\"article:published_time\" content=\"2025-07-11T11:44:38+00:00\" \/>\n<meta property=\"article:modified_time\" content=\"2025-07-11T11:44:40+00:00\" \/>\n<meta property=\"og:image\" content=\"https:\/\/conexion23.com\/wp-content\/uploads\/2025\/07\/67389d03ebc5a-750x375-1.jpeg\" \/>\n\t<meta property=\"og:image:width\" content=\"750\" \/>\n\t<meta property=\"og:image:height\" content=\"375\" \/>\n\t<meta property=\"og:image:type\" content=\"image\/jpeg\" \/>\n<meta name=\"author\" content=\"Raffy Ben\u00edtez\" \/>\n<meta name=\"twitter:card\" content=\"summary_large_image\" \/>\n<meta name=\"twitter:label1\" content=\"Escrito por\" \/>\n\t<meta name=\"twitter:data1\" content=\"Raffy Ben\u00edtez\" \/>\n\t<meta name=\"twitter:label2\" content=\"Tiempo de lectura\" \/>\n\t<meta name=\"twitter:data2\" content=\"3 minutos\" \/>\n<script type=\"application\/ld+json\" class=\"yoast-schema-graph\">{\"@context\":\"https:\\\/\\\/schema.org\",\"@graph\":[{\"@type\":\"Article\",\"@id\":\"https:\\\/\\\/conexion23.com\\\/?p=41246#article\",\"isPartOf\":{\"@id\":\"https:\\\/\\\/conexion23.com\\\/?p=41246\"},\"author\":{\"name\":\"Raffy Ben\u00edtez\",\"@id\":\"https:\\\/\\\/conexion23.com\\\/#\\\/schema\\\/person\\\/03e36043331117e97a373299bbcd30a6\"},\"headline\":\"Cardenal pide a Nayib Bukele informar sobre venezolanos presos en El Salvador\",\"datePublished\":\"2025-07-11T11:44:38+00:00\",\"dateModified\":\"2025-07-11T11:44:40+00:00\",\"mainEntityOfPage\":{\"@id\":\"https:\\\/\\\/conexion23.com\\\/?p=41246\"},\"wordCount\":462,\"commentCount\":0,\"publisher\":{\"@id\":\"https:\\\/\\\/conexion23.com\\\/#organization\"},\"image\":{\"@id\":\"https:\\\/\\\/conexion23.com\\\/?p=41246#primaryimage\"},\"thumbnailUrl\":\"https:\\\/\\\/conexion23.com\\\/wp-content\\\/uploads\\\/2025\\\/07\\\/67389d03ebc5a-750x375-1.jpeg\",\"articleSection\":[\"Uncategorized\"],\"inLanguage\":\"es\",\"potentialAction\":[{\"@type\":\"CommentAction\",\"name\":\"Comment\",\"target\":[\"https:\\\/\\\/conexion23.com\\\/?p=41246#respond\"]}]},{\"@type\":\"WebPage\",\"@id\":\"https:\\\/\\\/conexion23.com\\\/?p=41246\",\"url\":\"https:\\\/\\\/conexion23.com\\\/?p=41246\",\"name\":\"Cardenal pide a Nayib Bukele informar sobre venezolanos presos en El Salvador - Conexi\u00f3n 23\",\"isPartOf\":{\"@id\":\"https:\\\/\\\/conexion23.com\\\/#website\"},\"primaryImageOfPage\":{\"@id\":\"https:\\\/\\\/conexion23.com\\\/?p=41246#primaryimage\"},\"image\":{\"@id\":\"https:\\\/\\\/conexion23.com\\\/?p=41246#primaryimage\"},\"thumbnailUrl\":\"https:\\\/\\\/conexion23.com\\\/wp-content\\\/uploads\\\/2025\\\/07\\\/67389d03ebc5a-750x375-1.jpeg\",\"datePublished\":\"2025-07-11T11:44:38+00:00\",\"dateModified\":\"2025-07-11T11:44:40+00:00\",\"breadcrumb\":{\"@id\":\"https:\\\/\\\/conexion23.com\\\/?p=41246#breadcrumb\"},\"inLanguage\":\"es\",\"potentialAction\":[{\"@type\":\"ReadAction\",\"target\":[\"https:\\\/\\\/conexion23.com\\\/?p=41246\"]}]},{\"@type\":\"ImageObject\",\"inLanguage\":\"es\",\"@id\":\"https:\\\/\\\/conexion23.com\\\/?p=41246#primaryimage\",\"url\":\"https:\\\/\\\/conexion23.com\\\/wp-content\\\/uploads\\\/2025\\\/07\\\/67389d03ebc5a-750x375-1.jpeg\",\"contentUrl\":\"https:\\\/\\\/conexion23.com\\\/wp-content\\\/uploads\\\/2025\\\/07\\\/67389d03ebc5a-750x375-1.jpeg\",\"width\":750,\"height\":375},{\"@type\":\"BreadcrumbList\",\"@id\":\"https:\\\/\\\/conexion23.com\\\/?p=41246#breadcrumb\",\"itemListElement\":[{\"@type\":\"ListItem\",\"position\":1,\"name\":\"Portada\",\"item\":\"https:\\\/\\\/conexion23.com\\\/\"},{\"@type\":\"ListItem\",\"position\":2,\"name\":\"Cardenal pide a Nayib Bukele informar sobre venezolanos presos en El Salvador\"}]},{\"@type\":\"WebSite\",\"@id\":\"https:\\\/\\\/conexion23.com\\\/#website\",\"url\":\"https:\\\/\\\/conexion23.com\\\/\",\"name\":\"Conexi\u00f3n 23\",\"description\":\"Peri\u00f3dico 100% Petromacorisano\",\"publisher\":{\"@id\":\"https:\\\/\\\/conexion23.com\\\/#organization\"},\"potentialAction\":[{\"@type\":\"SearchAction\",\"target\":{\"@type\":\"EntryPoint\",\"urlTemplate\":\"https:\\\/\\\/conexion23.com\\\/?s={search_term_string}\"},\"query-input\":{\"@type\":\"PropertyValueSpecification\",\"valueRequired\":true,\"valueName\":\"search_term_string\"}}],\"inLanguage\":\"es\"},{\"@type\":\"Organization\",\"@id\":\"https:\\\/\\\/conexion23.com\\\/#organization\",\"name\":\"Conexion 23\",\"url\":\"https:\\\/\\\/conexion23.com\\\/\",\"logo\":{\"@type\":\"ImageObject\",\"inLanguage\":\"es\",\"@id\":\"https:\\\/\\\/conexion23.com\\\/#\\\/schema\\\/logo\\\/image\\\/\",\"url\":\"https:\\\/\\\/conexion23.com\\\/wp-content\\\/uploads\\\/2021\\\/11\\\/Diseno-sin-titulo-2.png\",\"contentUrl\":\"https:\\\/\\\/conexion23.com\\\/wp-content\\\/uploads\\\/2021\\\/11\\\/Diseno-sin-titulo-2.png\",\"width\":541,\"height\":90,\"caption\":\"Conexion 23\"},\"image\":{\"@id\":\"https:\\\/\\\/conexion23.com\\\/#\\\/schema\\\/logo\\\/image\\\/\"},\"sameAs\":[\"https:\\\/\\\/www.facebook.com\\\/conexion23com\",\"https:\\\/\\\/www.instagram.com\\\/conexion23com\\\/\",\"https:\\\/\\\/www.youtube.com\\\/channel\\\/UCYc7vxxFZMYLIHNsHHxPZ3Q\"]},{\"@type\":\"Person\",\"@id\":\"https:\\\/\\\/conexion23.com\\\/#\\\/schema\\\/person\\\/03e36043331117e97a373299bbcd30a6\",\"name\":\"Raffy Ben\u00edtez\",\"image\":{\"@type\":\"ImageObject\",\"inLanguage\":\"es\",\"@id\":\"https:\\\/\\\/secure.gravatar.com\\\/avatar\\\/3190a6a6c5e1b0327500f7d6c56b6242472ee6cb974cf09b401ee6b3b0798f23?s=96&d=mm&r=g\",\"url\":\"https:\\\/\\\/secure.gravatar.com\\\/avatar\\\/3190a6a6c5e1b0327500f7d6c56b6242472ee6cb974cf09b401ee6b3b0798f23?s=96&d=mm&r=g\",\"contentUrl\":\"https:\\\/\\\/secure.gravatar.com\\\/avatar\\\/3190a6a6c5e1b0327500f7d6c56b6242472ee6cb974cf09b401ee6b3b0798f23?s=96&d=mm&r=g\",\"caption\":\"Raffy Ben\u00edtez\"},\"url\":\"https:\\\/\\\/conexion23.com\\\/?author=15\"}]}<\/script>\n<!-- \/ Yoast SEO plugin. -->","yoast_head_json":{"title":"Cardenal pide a Nayib Bukele informar sobre venezolanos presos en El Salvador - Conexi\u00f3n 23","robots":{"index":"index","follow":"follow","max-snippet":"max-snippet:-1","max-image-preview":"max-image-preview:large","max-video-preview":"max-video-preview:-1"},"canonical":"https:\/\/conexion23.com\/?p=41246","og_locale":"es_ES","og_type":"article","og_title":"Cardenal pide a Nayib Bukele informar sobre venezolanos presos en El Salvador - Conexi\u00f3n 23","og_description":"El cardenal Gregorio Rosa Ch\u00e1vez pidi\u00f3 este mi\u00e9rcoles al gobierno de&nbsp;Nayib Bukele&nbsp;que informe sobre los&nbsp;252 migrantes venezolanos&nbsp;deportados por Estados Unidos, quienes llevan casi cuatro meses presos e incomunicados en&nbsp;El Salvador. Los venezolanos fueron enviados a El Salvador por el gobierno de Donald Trump a partir del 15 de marzo, luego de acusarlos, sin presentar pruebas, [&hellip;]","og_url":"https:\/\/conexion23.com\/?p=41246","og_site_name":"Conexi\u00f3n 23","article_publisher":"https:\/\/www.facebook.com\/conexion23com","article_published_time":"2025-07-11T11:44:38+00:00","article_modified_time":"2025-07-11T11:44:40+00:00","og_image":[{"width":750,"height":375,"url":"https:\/\/conexion23.com\/wp-content\/uploads\/2025\/07\/67389d03ebc5a-750x375-1.jpeg","type":"image\/jpeg"}],"author":"Raffy Ben\u00edtez","twitter_card":"summary_large_image","twitter_misc":{"Escrito por":"Raffy Ben\u00edtez","Tiempo de lectura":"3 minutos"},"schema":{"@context":"https:\/\/schema.org","@graph":[{"@type":"Article","@id":"https:\/\/conexion23.com\/?p=41246#article","isPartOf":{"@id":"https:\/\/conexion23.com\/?p=41246"},"author":{"name":"Raffy Ben\u00edtez","@id":"https:\/\/conexion23.com\/#\/schema\/person\/03e36043331117e97a373299bbcd30a6"},"headline":"Cardenal pide a Nayib Bukele informar sobre venezolanos presos en El Salvador","datePublished":"2025-07-11T11:44:38+00:00","dateModified":"2025-07-11T11:44:40+00:00","mainEntityOfPage":{"@id":"https:\/\/conexion23.com\/?p=41246"},"wordCount":462,"commentCount":0,"publisher":{"@id":"https:\/\/conexion23.com\/#organization"},"image":{"@id":"https:\/\/conexion23.com\/?p=41246#primaryimage"},"thumbnailUrl":"https:\/\/conexion23.com\/wp-content\/uploads\/2025\/07\/67389d03ebc5a-750x375-1.jpeg","articleSection":["Uncategorized"],"inLanguage":"es","potentialAction":[{"@type":"CommentAction","name":"Comment","target":["https:\/\/conexion23.com\/?p=41246#respond"]}]},{"@type":"WebPage","@id":"https:\/\/conexion23.com\/?p=41246","url":"https:\/\/conexion23.com\/?p=41246","name":"Cardenal pide a Nayib Bukele informar sobre venezolanos presos en El Salvador - Conexi\u00f3n 23","isPartOf":{"@id":"https:\/\/conexion23.com\/#website"},"primaryImageOfPage":{"@id":"https:\/\/conexion23.com\/?p=41246#primaryimage"},"image":{"@id":"https:\/\/conexion23.com\/?p=41246#primaryimage"},"thumbnailUrl":"https:\/\/conexion23.com\/wp-content\/uploads\/2025\/07\/67389d03ebc5a-750x375-1.jpeg","datePublished":"2025-07-11T11:44:38+00:00","dateModified":"2025-07-11T11:44:40+00:00","breadcrumb":{"@id":"https:\/\/conexion23.com\/?p=41246#breadcrumb"},"inLanguage":"es","potentialAction":[{"@type":"ReadAction","target":["https:\/\/conexion23.com\/?p=41246"]}]},{"@type":"ImageObject","inLanguage":"es","@id":"https:\/\/conexion23.com\/?p=41246#primaryimage","url":"https:\/\/conexion23.com\/wp-content\/uploads\/2025\/07\/67389d03ebc5a-750x375-1.jpeg","contentUrl":"https:\/\/conexion23.com\/wp-content\/uploads\/2025\/07\/67389d03ebc5a-750x375-1.jpeg","width":750,"height":375},{"@type":"BreadcrumbList","@id":"https:\/\/conexion23.com\/?p=41246#breadcrumb","itemListElement":[{"@type":"ListItem","position":1,"name":"Portada","item":"https:\/\/conexion23.com\/"},{"@type":"ListItem","position":2,"name":"Cardenal pide a Nayib Bukele informar sobre venezolanos presos en El Salvador"}]},{"@type":"WebSite","@id":"https:\/\/conexion23.com\/#website","url":"https:\/\/conexion23.com\/","name":"Conexi\u00f3n 23","description":"Peri\u00f3dico 100% Petromacorisano","publisher":{"@id":"https:\/\/conexion23.com\/#organization"},"potentialAction":[{"@type":"SearchAction","target":{"@type":"EntryPoint","urlTemplate":"https:\/\/conexion23.com\/?s={search_term_string}"},"query-input":{"@type":"PropertyValueSpecification","valueRequired":true,"valueName":"search_term_string"}}],"inLanguage":"es"},{"@type":"Organization","@id":"https:\/\/conexion23.com\/#organization","name":"Conexion 23","url":"https:\/\/conexion23.com\/","logo":{"@type":"ImageObject","inLanguage":"es","@id":"https:\/\/conexion23.com\/#\/schema\/logo\/image\/","url":"https:\/\/conexion23.com\/wp-content\/uploads\/2021\/11\/Diseno-sin-titulo-2.png","contentUrl":"https:\/\/conexion23.com\/wp-content\/uploads\/2021\/11\/Diseno-sin-titulo-2.png","width":541,"height":90,"caption":"Conexion 23"},"image":{"@id":"https:\/\/conexion23.com\/#\/schema\/logo\/image\/"},"sameAs":["https:\/\/www.facebook.com\/conexion23com","https:\/\/www.instagram.com\/conexion23com\/","https:\/\/www.youtube.com\/channel\/UCYc7vxxFZMYLIHNsHHxPZ3Q"]},{"@type":"Person","@id":"https:\/\/conexion23.com\/#\/schema\/person\/03e36043331117e97a373299bbcd30a6","name":"Raffy Ben\u00edtez","image":{"@type":"ImageObject","inLanguage":"es","@id":"https:\/\/secure.gravatar.com\/avatar\/3190a6a6c5e1b0327500f7d6c56b6242472ee6cb974cf09b401ee6b3b0798f23?s=96&d=mm&r=g","url":"https:\/\/secure.gravatar.com\/avatar\/3190a6a6c5e1b0327500f7d6c56b6242472ee6cb974cf09b401ee6b3b0798f23?s=96&d=mm&r=g","contentUrl":"https:\/\/secure.gravatar.com\/avatar\/3190a6a6c5e1b0327500f7d6c56b6242472ee6cb974cf09b401ee6b3b0798f23?s=96&d=mm&r=g","caption":"Raffy Ben\u00edtez"},"url":"https:\/\/conexion23.com\/?author=15"}]}},"_links":{"self":[{"href":"https:\/\/conexion23.com\/index.php?rest_route=\/wp\/v2\/posts\/41246","targetHints":{"allow":["GET"]}}],"collection":[{"href":"https:\/\/conexion23.com\/index.php?rest_route=\/wp\/v2\/posts"}],"about":[{"href":"https:\/\/conexion23.com\/index.php?rest_route=\/wp\/v2\/types\/post"}],"author":[{"embeddable":true,"href":"https:\/\/conexion23.com\/index.php?rest_route=\/wp\/v2\/users\/15"}],"replies":[{"embeddable":true,"href":"https:\/\/conexion23.com\/index.php?rest_route=%2Fwp%2Fv2%2Fcomments&post=41246"}],"version-history":[{"count":1,"href":"https:\/\/conexion23.com\/index.php?rest_route=\/wp\/v2\/posts\/41246\/revisions"}],"predecessor-version":[{"id":41248,"href":"https:\/\/conexion23.com\/index.php?rest_route=\/wp\/v2\/posts\/41246\/revisions\/41248"}],"wp:featuredmedia":[{"embeddable":true,"href":"https:\/\/conexion23.com\/index.php?rest_route=\/wp\/v2\/media\/41247"}],"wp:attachment":[{"href":"https:\/\/conexion23.com\/index.php?rest_route=%2Fwp%2Fv2%2Fmedia&parent=41246"}],"wp:term":[{"taxonomy":"category","embeddable":true,"href":"https:\/\/conexion23.com\/index.php?rest_route=%2Fwp%2Fv2%2Fcategories&post=41246"},{"taxonomy":"post_tag","embeddable":true,"href":"https:\/\/conexion23.com\/index.php?rest_route=%2Fwp%2Fv2%2Ftags&post=41246"}],"curies":[{"name":"wp","href":"https:\/\/api.w.org\/{rel}","templated":true}]}}