{"id":41264,"date":"2025-07-12T07:22:46","date_gmt":"2025-07-12T11:22:46","guid":{"rendered":"https:\/\/conexion23.com\/?p=41264"},"modified":"2025-07-12T07:22:48","modified_gmt":"2025-07-12T11:22:48","slug":"confirman-cuatro-muertos-y-una-veintena-de-desaparecidos-en-naufragio-de-yola","status":"publish","type":"post","link":"https:\/\/conexion23.com\/?p=41264","title":{"rendered":"Confirman cuatro muertos y una veintena de desaparecidos en naufragio de yola"},"content":{"rendered":"\n<p class=\"wp-block-paragraph\">Se trata de tres hombres y una mujer. Hay un menor de edad entre los 17 supervivientes (10 dominicanos y 7 haitianos). Unas veinte personas siguen desaparecidas en el mar del medio centenar de migrantes que iban a Puerto Rico.<\/p>\n\n\n\n<p class=\"wp-block-paragraph\">Las autoridades dominicanas informaron el viernes que rescataron a 17 personas del naufragio de una lancha con migrantes rumbo a Puerto Rico en el que hay al menos cuatro fallecidos y una veintena de desaparecidos.<\/p>\n\n\n\n<p class=\"wp-block-paragraph\">La Defensa Civil indic\u00f3 que, seg\u00fan testimonios de sobrevivientes,&nbsp;<a href=\"https:\/\/acento.com.do\/actualidad\/rescatan-17-personas-y-continua-la-busqueda-tras-naufragio-en-la-altagracia-9522845.html\">la embarcaci\u00f3n iba con unas 40 personas a bordo.<\/a><\/p>\n\n\n\n<p class=\"wp-block-paragraph\">Defensa Civil dijo a la AFP que se han recuperado cuatro fallecidos, \u00abtres hombres y una mujer\u00bb, y que entre los 17 supervivientes hay un menor de edad.<\/p>\n\n\n\n<p class=\"wp-block-paragraph\">Las yolas, como se conocen a estas peque\u00f1as lanchas de pescadores, son usadas normalmente para el traslado de indocumentados a Puerto Rico, que tiene una condici\u00f3n de Estado libre asociado a Estados Unidos.<\/p>\n\n\n\n<p class=\"wp-block-paragraph\">La Armada precis\u00f3 que diez de los rescatados eran dominicanos y siete haitianos.<\/p>\n\n\n\n<p class=\"wp-block-paragraph\">Una yola puede cargar hasta 100 personas.<\/p>\n\n\n\n<p class=\"wp-block-paragraph\">La Armada dominicana dijo por su parte que \u00abintentaban viajar de manera ilegal hacia Puerto Rico, frente a las costas de Juanillo, provincia La Altagracia\u00bb, en el extremo este de la isla, muy cerca de Punta Cana.<\/p>\n\n\n\n<p class=\"wp-block-paragraph\">La ruta es de unos 130 km hasta Puerto Rico.<\/p>\n\n\n\n<p class=\"wp-block-paragraph\">La migraci\u00f3n ilegal desde Dominicana hacia Puerto Rico es un fen\u00f3meno en alza en la \u00faltima d\u00e9cada.<\/p>\n\n\n\n<p class=\"wp-block-paragraph\">Las yolas son construidas con madera o fibra de vidrio y las autoridades advierten que no cumplen con medidas de seguridad. Con todo, un traslado hasta Puerto Rico puede superar los 7.000 d\u00f3lares, seg\u00fan versiones de prensa.<\/p>\n\n\n\n<p class=\"wp-block-paragraph\">Fuente acento.com.do<\/p>\n","protected":false},"excerpt":{"rendered":"<p>Se trata de tres hombres y una mujer. Hay un menor de edad entre los 17 supervivientes (10 dominicanos y 7 haitianos). Unas veinte personas siguen desaparecidas en el mar del medio centenar de migrantes que iban a Puerto Rico. Las autoridades dominicanas informaron el viernes que rescataron a 17 personas del naufragio de una [&hellip;]<\/p>\n","protected":false},"author":15,"featured_media":41265,"comment_status":"open","ping_status":"open","sticky":false,"template":"","format":"standard","meta":{"footnotes":""},"categories":[2474],"tags":[],"class_list":["post-41264","post","type-post","status-publish","format-standard","has-post-thumbnail","category-la-altagracia"],"yoast_head":"<!-- This site is optimized with the Yoast SEO plugin v27.6 - https:\/\/yoast.com\/product\/yoast-seo-wordpress\/ -->\n<title>Confirman cuatro muertos y una veintena de desaparecidos en naufragio de yola - Conexi\u00f3n 23<\/title>\n<meta name=\"robots\" content=\"index, follow, max-snippet:-1, max-image-preview:large, max-video-preview:-1\" \/>\n<link rel=\"canonical\" href=\"https:\/\/conexion23.com\/?p=41264\" \/>\n<meta property=\"og:locale\" content=\"es_ES\" \/>\n<meta property=\"og:type\" content=\"article\" \/>\n<meta property=\"og:title\" content=\"Confirman cuatro muertos y una veintena de desaparecidos en naufragio de yola - Conexi\u00f3n 23\" \/>\n<meta property=\"og:description\" content=\"Se trata de tres hombres y una mujer. Hay un menor de edad entre los 17 supervivientes (10 dominicanos y 7 haitianos). Unas veinte personas siguen desaparecidas en el mar del medio centenar de migrantes que iban a Puerto Rico. Las autoridades dominicanas informaron el viernes que rescataron a 17 personas del naufragio de una [&hellip;]\" \/>\n<meta property=\"og:url\" content=\"https:\/\/conexion23.com\/?p=41264\" \/>\n<meta property=\"og:site_name\" content=\"Conexi\u00f3n 23\" \/>\n<meta property=\"article:publisher\" content=\"https:\/\/www.facebook.com\/conexion23com\" \/>\n<meta property=\"article:published_time\" content=\"2025-07-12T11:22:46+00:00\" \/>\n<meta property=\"article:modified_time\" content=\"2025-07-12T11:22:48+00:00\" \/>\n<meta property=\"og:image\" content=\"https:\/\/conexion23.com\/wp-content\/uploads\/2025\/07\/AFP__20250711__66KM8NQ__v1__HighRes__DominicanRepMigrationAccident-728x485-1.webp\" \/>\n\t<meta property=\"og:image:width\" content=\"728\" \/>\n\t<meta property=\"og:image:height\" content=\"485\" \/>\n\t<meta property=\"og:image:type\" content=\"image\/webp\" \/>\n<meta name=\"author\" content=\"Raffy Ben\u00edtez\" \/>\n<meta name=\"twitter:card\" content=\"summary_large_image\" \/>\n<meta name=\"twitter:label1\" content=\"Escrito por\" \/>\n\t<meta name=\"twitter:data1\" content=\"Raffy Ben\u00edtez\" \/>\n\t<meta name=\"twitter:label2\" content=\"Tiempo de lectura\" \/>\n\t<meta name=\"twitter:data2\" content=\"2 minutos\" \/>\n<script type=\"application\/ld+json\" class=\"yoast-schema-graph\">{\"@context\":\"https:\\\/\\\/schema.org\",\"@graph\":[{\"@type\":\"Article\",\"@id\":\"https:\\\/\\\/conexion23.com\\\/?p=41264#article\",\"isPartOf\":{\"@id\":\"https:\\\/\\\/conexion23.com\\\/?p=41264\"},\"author\":{\"name\":\"Raffy Ben\u00edtez\",\"@id\":\"https:\\\/\\\/conexion23.com\\\/#\\\/schema\\\/person\\\/03e36043331117e97a373299bbcd30a6\"},\"headline\":\"Confirman cuatro muertos y una veintena de desaparecidos en naufragio de yola\",\"datePublished\":\"2025-07-12T11:22:46+00:00\",\"dateModified\":\"2025-07-12T11:22:48+00:00\",\"mainEntityOfPage\":{\"@id\":\"https:\\\/\\\/conexion23.com\\\/?p=41264\"},\"wordCount\":292,\"commentCount\":0,\"publisher\":{\"@id\":\"https:\\\/\\\/conexion23.com\\\/#organization\"},\"image\":{\"@id\":\"https:\\\/\\\/conexion23.com\\\/?p=41264#primaryimage\"},\"thumbnailUrl\":\"https:\\\/\\\/conexion23.com\\\/wp-content\\\/uploads\\\/2025\\\/07\\\/AFP__20250711__66KM8NQ__v1__HighRes__DominicanRepMigrationAccident-728x485-1.webp\",\"articleSection\":[\"La Altagracia\"],\"inLanguage\":\"es\",\"potentialAction\":[{\"@type\":\"CommentAction\",\"name\":\"Comment\",\"target\":[\"https:\\\/\\\/conexion23.com\\\/?p=41264#respond\"]}]},{\"@type\":\"WebPage\",\"@id\":\"https:\\\/\\\/conexion23.com\\\/?p=41264\",\"url\":\"https:\\\/\\\/conexion23.com\\\/?p=41264\",\"name\":\"Confirman cuatro muertos y una veintena de desaparecidos en naufragio de yola - Conexi\u00f3n 23\",\"isPartOf\":{\"@id\":\"https:\\\/\\\/conexion23.com\\\/#website\"},\"primaryImageOfPage\":{\"@id\":\"https:\\\/\\\/conexion23.com\\\/?p=41264#primaryimage\"},\"image\":{\"@id\":\"https:\\\/\\\/conexion23.com\\\/?p=41264#primaryimage\"},\"thumbnailUrl\":\"https:\\\/\\\/conexion23.com\\\/wp-content\\\/uploads\\\/2025\\\/07\\\/AFP__20250711__66KM8NQ__v1__HighRes__DominicanRepMigrationAccident-728x485-1.webp\",\"datePublished\":\"2025-07-12T11:22:46+00:00\",\"dateModified\":\"2025-07-12T11:22:48+00:00\",\"breadcrumb\":{\"@id\":\"https:\\\/\\\/conexion23.com\\\/?p=41264#breadcrumb\"},\"inLanguage\":\"es\",\"potentialAction\":[{\"@type\":\"ReadAction\",\"target\":[\"https:\\\/\\\/conexion23.com\\\/?p=41264\"]}]},{\"@type\":\"ImageObject\",\"inLanguage\":\"es\",\"@id\":\"https:\\\/\\\/conexion23.com\\\/?p=41264#primaryimage\",\"url\":\"https:\\\/\\\/conexion23.com\\\/wp-content\\\/uploads\\\/2025\\\/07\\\/AFP__20250711__66KM8NQ__v1__HighRes__DominicanRepMigrationAccident-728x485-1.webp\",\"contentUrl\":\"https:\\\/\\\/conexion23.com\\\/wp-content\\\/uploads\\\/2025\\\/07\\\/AFP__20250711__66KM8NQ__v1__HighRes__DominicanRepMigrationAccident-728x485-1.webp\",\"width\":728,\"height\":485},{\"@type\":\"BreadcrumbList\",\"@id\":\"https:\\\/\\\/conexion23.com\\\/?p=41264#breadcrumb\",\"itemListElement\":[{\"@type\":\"ListItem\",\"position\":1,\"name\":\"Portada\",\"item\":\"https:\\\/\\\/conexion23.com\\\/\"},{\"@type\":\"ListItem\",\"position\":2,\"name\":\"Confirman cuatro muertos y una veintena de desaparecidos en naufragio de yola\"}]},{\"@type\":\"WebSite\",\"@id\":\"https:\\\/\\\/conexion23.com\\\/#website\",\"url\":\"https:\\\/\\\/conexion23.com\\\/\",\"name\":\"Conexi\u00f3n 23\",\"description\":\"Peri\u00f3dico 100% Petromacorisano\",\"publisher\":{\"@id\":\"https:\\\/\\\/conexion23.com\\\/#organization\"},\"potentialAction\":[{\"@type\":\"SearchAction\",\"target\":{\"@type\":\"EntryPoint\",\"urlTemplate\":\"https:\\\/\\\/conexion23.com\\\/?s={search_term_string}\"},\"query-input\":{\"@type\":\"PropertyValueSpecification\",\"valueRequired\":true,\"valueName\":\"search_term_string\"}}],\"inLanguage\":\"es\"},{\"@type\":\"Organization\",\"@id\":\"https:\\\/\\\/conexion23.com\\\/#organization\",\"name\":\"Conexion 23\",\"url\":\"https:\\\/\\\/conexion23.com\\\/\",\"logo\":{\"@type\":\"ImageObject\",\"inLanguage\":\"es\",\"@id\":\"https:\\\/\\\/conexion23.com\\\/#\\\/schema\\\/logo\\\/image\\\/\",\"url\":\"https:\\\/\\\/conexion23.com\\\/wp-content\\\/uploads\\\/2021\\\/11\\\/Diseno-sin-titulo-2.png\",\"contentUrl\":\"https:\\\/\\\/conexion23.com\\\/wp-content\\\/uploads\\\/2021\\\/11\\\/Diseno-sin-titulo-2.png\",\"width\":541,\"height\":90,\"caption\":\"Conexion 23\"},\"image\":{\"@id\":\"https:\\\/\\\/conexion23.com\\\/#\\\/schema\\\/logo\\\/image\\\/\"},\"sameAs\":[\"https:\\\/\\\/www.facebook.com\\\/conexion23com\",\"https:\\\/\\\/www.instagram.com\\\/conexion23com\\\/\",\"https:\\\/\\\/www.youtube.com\\\/channel\\\/UCYc7vxxFZMYLIHNsHHxPZ3Q\"]},{\"@type\":\"Person\",\"@id\":\"https:\\\/\\\/conexion23.com\\\/#\\\/schema\\\/person\\\/03e36043331117e97a373299bbcd30a6\",\"name\":\"Raffy Ben\u00edtez\",\"image\":{\"@type\":\"ImageObject\",\"inLanguage\":\"es\",\"@id\":\"https:\\\/\\\/secure.gravatar.com\\\/avatar\\\/3190a6a6c5e1b0327500f7d6c56b6242472ee6cb974cf09b401ee6b3b0798f23?s=96&d=mm&r=g\",\"url\":\"https:\\\/\\\/secure.gravatar.com\\\/avatar\\\/3190a6a6c5e1b0327500f7d6c56b6242472ee6cb974cf09b401ee6b3b0798f23?s=96&d=mm&r=g\",\"contentUrl\":\"https:\\\/\\\/secure.gravatar.com\\\/avatar\\\/3190a6a6c5e1b0327500f7d6c56b6242472ee6cb974cf09b401ee6b3b0798f23?s=96&d=mm&r=g\",\"caption\":\"Raffy Ben\u00edtez\"},\"url\":\"https:\\\/\\\/conexion23.com\\\/?author=15\"}]}<\/script>\n<!-- \/ Yoast SEO plugin. -->","yoast_head_json":{"title":"Confirman cuatro muertos y una veintena de desaparecidos en naufragio de yola - Conexi\u00f3n 23","robots":{"index":"index","follow":"follow","max-snippet":"max-snippet:-1","max-image-preview":"max-image-preview:large","max-video-preview":"max-video-preview:-1"},"canonical":"https:\/\/conexion23.com\/?p=41264","og_locale":"es_ES","og_type":"article","og_title":"Confirman cuatro muertos y una veintena de desaparecidos en naufragio de yola - Conexi\u00f3n 23","og_description":"Se trata de tres hombres y una mujer. Hay un menor de edad entre los 17 supervivientes (10 dominicanos y 7 haitianos). Unas veinte personas siguen desaparecidas en el mar del medio centenar de migrantes que iban a Puerto Rico. Las autoridades dominicanas informaron el viernes que rescataron a 17 personas del naufragio de una [&hellip;]","og_url":"https:\/\/conexion23.com\/?p=41264","og_site_name":"Conexi\u00f3n 23","article_publisher":"https:\/\/www.facebook.com\/conexion23com","article_published_time":"2025-07-12T11:22:46+00:00","article_modified_time":"2025-07-12T11:22:48+00:00","og_image":[{"width":728,"height":485,"url":"https:\/\/conexion23.com\/wp-content\/uploads\/2025\/07\/AFP__20250711__66KM8NQ__v1__HighRes__DominicanRepMigrationAccident-728x485-1.webp","type":"image\/webp"}],"author":"Raffy Ben\u00edtez","twitter_card":"summary_large_image","twitter_misc":{"Escrito por":"Raffy Ben\u00edtez","Tiempo de lectura":"2 minutos"},"schema":{"@context":"https:\/\/schema.org","@graph":[{"@type":"Article","@id":"https:\/\/conexion23.com\/?p=41264#article","isPartOf":{"@id":"https:\/\/conexion23.com\/?p=41264"},"author":{"name":"Raffy Ben\u00edtez","@id":"https:\/\/conexion23.com\/#\/schema\/person\/03e36043331117e97a373299bbcd30a6"},"headline":"Confirman cuatro muertos y una veintena de desaparecidos en naufragio de yola","datePublished":"2025-07-12T11:22:46+00:00","dateModified":"2025-07-12T11:22:48+00:00","mainEntityOfPage":{"@id":"https:\/\/conexion23.com\/?p=41264"},"wordCount":292,"commentCount":0,"publisher":{"@id":"https:\/\/conexion23.com\/#organization"},"image":{"@id":"https:\/\/conexion23.com\/?p=41264#primaryimage"},"thumbnailUrl":"https:\/\/conexion23.com\/wp-content\/uploads\/2025\/07\/AFP__20250711__66KM8NQ__v1__HighRes__DominicanRepMigrationAccident-728x485-1.webp","articleSection":["La Altagracia"],"inLanguage":"es","potentialAction":[{"@type":"CommentAction","name":"Comment","target":["https:\/\/conexion23.com\/?p=41264#respond"]}]},{"@type":"WebPage","@id":"https:\/\/conexion23.com\/?p=41264","url":"https:\/\/conexion23.com\/?p=41264","name":"Confirman cuatro muertos y una veintena de desaparecidos en naufragio de yola - Conexi\u00f3n 23","isPartOf":{"@id":"https:\/\/conexion23.com\/#website"},"primaryImageOfPage":{"@id":"https:\/\/conexion23.com\/?p=41264#primaryimage"},"image":{"@id":"https:\/\/conexion23.com\/?p=41264#primaryimage"},"thumbnailUrl":"https:\/\/conexion23.com\/wp-content\/uploads\/2025\/07\/AFP__20250711__66KM8NQ__v1__HighRes__DominicanRepMigrationAccident-728x485-1.webp","datePublished":"2025-07-12T11:22:46+00:00","dateModified":"2025-07-12T11:22:48+00:00","breadcrumb":{"@id":"https:\/\/conexion23.com\/?p=41264#breadcrumb"},"inLanguage":"es","potentialAction":[{"@type":"ReadAction","target":["https:\/\/conexion23.com\/?p=41264"]}]},{"@type":"ImageObject","inLanguage":"es","@id":"https:\/\/conexion23.com\/?p=41264#primaryimage","url":"https:\/\/conexion23.com\/wp-content\/uploads\/2025\/07\/AFP__20250711__66KM8NQ__v1__HighRes__DominicanRepMigrationAccident-728x485-1.webp","contentUrl":"https:\/\/conexion23.com\/wp-content\/uploads\/2025\/07\/AFP__20250711__66KM8NQ__v1__HighRes__DominicanRepMigrationAccident-728x485-1.webp","width":728,"height":485},{"@type":"BreadcrumbList","@id":"https:\/\/conexion23.com\/?p=41264#breadcrumb","itemListElement":[{"@type":"ListItem","position":1,"name":"Portada","item":"https:\/\/conexion23.com\/"},{"@type":"ListItem","position":2,"name":"Confirman cuatro muertos y una veintena de desaparecidos en naufragio de yola"}]},{"@type":"WebSite","@id":"https:\/\/conexion23.com\/#website","url":"https:\/\/conexion23.com\/","name":"Conexi\u00f3n 23","description":"Peri\u00f3dico 100% Petromacorisano","publisher":{"@id":"https:\/\/conexion23.com\/#organization"},"potentialAction":[{"@type":"SearchAction","target":{"@type":"EntryPoint","urlTemplate":"https:\/\/conexion23.com\/?s={search_term_string}"},"query-input":{"@type":"PropertyValueSpecification","valueRequired":true,"valueName":"search_term_string"}}],"inLanguage":"es"},{"@type":"Organization","@id":"https:\/\/conexion23.com\/#organization","name":"Conexion 23","url":"https:\/\/conexion23.com\/","logo":{"@type":"ImageObject","inLanguage":"es","@id":"https:\/\/conexion23.com\/#\/schema\/logo\/image\/","url":"https:\/\/conexion23.com\/wp-content\/uploads\/2021\/11\/Diseno-sin-titulo-2.png","contentUrl":"https:\/\/conexion23.com\/wp-content\/uploads\/2021\/11\/Diseno-sin-titulo-2.png","width":541,"height":90,"caption":"Conexion 23"},"image":{"@id":"https:\/\/conexion23.com\/#\/schema\/logo\/image\/"},"sameAs":["https:\/\/www.facebook.com\/conexion23com","https:\/\/www.instagram.com\/conexion23com\/","https:\/\/www.youtube.com\/channel\/UCYc7vxxFZMYLIHNsHHxPZ3Q"]},{"@type":"Person","@id":"https:\/\/conexion23.com\/#\/schema\/person\/03e36043331117e97a373299bbcd30a6","name":"Raffy Ben\u00edtez","image":{"@type":"ImageObject","inLanguage":"es","@id":"https:\/\/secure.gravatar.com\/avatar\/3190a6a6c5e1b0327500f7d6c56b6242472ee6cb974cf09b401ee6b3b0798f23?s=96&d=mm&r=g","url":"https:\/\/secure.gravatar.com\/avatar\/3190a6a6c5e1b0327500f7d6c56b6242472ee6cb974cf09b401ee6b3b0798f23?s=96&d=mm&r=g","contentUrl":"https:\/\/secure.gravatar.com\/avatar\/3190a6a6c5e1b0327500f7d6c56b6242472ee6cb974cf09b401ee6b3b0798f23?s=96&d=mm&r=g","caption":"Raffy Ben\u00edtez"},"url":"https:\/\/conexion23.com\/?author=15"}]}},"_links":{"self":[{"href":"https:\/\/conexion23.com\/index.php?rest_route=\/wp\/v2\/posts\/41264","targetHints":{"allow":["GET"]}}],"collection":[{"href":"https:\/\/conexion23.com\/index.php?rest_route=\/wp\/v2\/posts"}],"about":[{"href":"https:\/\/conexion23.com\/index.php?rest_route=\/wp\/v2\/types\/post"}],"author":[{"embeddable":true,"href":"https:\/\/conexion23.com\/index.php?rest_route=\/wp\/v2\/users\/15"}],"replies":[{"embeddable":true,"href":"https:\/\/conexion23.com\/index.php?rest_route=%2Fwp%2Fv2%2Fcomments&post=41264"}],"version-history":[{"count":1,"href":"https:\/\/conexion23.com\/index.php?rest_route=\/wp\/v2\/posts\/41264\/revisions"}],"predecessor-version":[{"id":41266,"href":"https:\/\/conexion23.com\/index.php?rest_route=\/wp\/v2\/posts\/41264\/revisions\/41266"}],"wp:featuredmedia":[{"embeddable":true,"href":"https:\/\/conexion23.com\/index.php?rest_route=\/wp\/v2\/media\/41265"}],"wp:attachment":[{"href":"https:\/\/conexion23.com\/index.php?rest_route=%2Fwp%2Fv2%2Fmedia&parent=41264"}],"wp:term":[{"taxonomy":"category","embeddable":true,"href":"https:\/\/conexion23.com\/index.php?rest_route=%2Fwp%2Fv2%2Fcategories&post=41264"},{"taxonomy":"post_tag","embeddable":true,"href":"https:\/\/conexion23.com\/index.php?rest_route=%2Fwp%2Fv2%2Ftags&post=41264"}],"curies":[{"name":"wp","href":"https:\/\/api.w.org\/{rel}","templated":true}]}}