{"id":41464,"date":"2025-07-17T08:15:59","date_gmt":"2025-07-17T12:15:59","guid":{"rendered":"https:\/\/conexion23.com\/?p=41464"},"modified":"2025-07-24T21:42:34","modified_gmt":"2025-07-25T01:42:34","slug":"operativo-preventivo-deja-13-detenidos-y-multiples-incautaciones-en-la-romana","status":"publish","type":"post","link":"https:\/\/conexion23.com\/?p=41464","title":{"rendered":"Operativo preventivo deja 13 detenidos y m\u00faltiples incautaciones en La Romana"},"content":{"rendered":"\n<p class=\"wp-block-paragraph\">&nbsp;Un total de 13 personas fueron detenidas durante un operativo preventivo realizado por la Polic\u00eda Nacional en diversos sectores de La Romana, como parte de las acciones estrat\u00e9gicas dirigidas a fortalecer la seguridad ciudadana y preservar el orden p\u00fablico.<\/p>\n\n\n\n<p class=\"wp-block-paragraph\">Durante el despliegue simult\u00e1neo, los agentes actuantes incautaron un arma blanca, un veh\u00edculo, varias bocinas, equipos de sonido y seis motocicletas que fueron retenidas por carecer de la documentaci\u00f3n correspondiente.<\/p>\n\n\n\n<p class=\"wp-block-paragraph\">La intervenci\u00f3n tuvo lugar en zonas identificadas como vulnerables ante actos delictivos, con el objetivo de disuadir actividades il\u00edcitas y garantizar la tranquilidad de los residentes.<\/p>\n\n\n\n<p class=\"wp-block-paragraph\">Las autoridades destacaron que este tipo de operativos forman parte de un plan integral de prevenci\u00f3n y control, orientado a combatir hechos delictivos y promover una cultura de convivencia pac\u00edfica.<\/p>\n\n\n\n<p class=\"wp-block-paragraph\">Asimismo, reiteraron el llamado a la ciudadan\u00eda a colaborar activamente con las labores de seguridad, exhortando a reportar cualquier situaci\u00f3n sospechosa a trav\u00e9s de los canales oficiales habilitados para tales fines.<\/p>\n","protected":false},"excerpt":{"rendered":"<p>&nbsp;Un total de 13 personas fueron detenidas durante un operativo preventivo realizado por la Polic\u00eda Nacional en diversos sectores de La Romana, como parte de las acciones estrat\u00e9gicas dirigidas a fortalecer la seguridad ciudadana y preservar el orden p\u00fablico. Durante el despliegue simult\u00e1neo, los agentes actuantes incautaron un arma blanca, un veh\u00edculo, varias bocinas, equipos [&hellip;]<\/p>\n","protected":false},"author":15,"featured_media":41465,"comment_status":"open","ping_status":"open","sticky":false,"template":"","format":"standard","meta":{"footnotes":""},"categories":[2473],"tags":[],"class_list":["post-41464","post","type-post","status-publish","format-standard","has-post-thumbnail","category-la-romana"],"yoast_head":"<!-- This site is optimized with the Yoast SEO plugin v27.6 - https:\/\/yoast.com\/product\/yoast-seo-wordpress\/ -->\n<title>Operativo preventivo deja 13 detenidos y m\u00faltiples incautaciones en La Romana - Conexi\u00f3n 23<\/title>\n<meta name=\"robots\" content=\"index, follow, max-snippet:-1, max-image-preview:large, max-video-preview:-1\" \/>\n<link rel=\"canonical\" href=\"https:\/\/conexion23.com\/?p=41464\" \/>\n<meta property=\"og:locale\" content=\"es_ES\" \/>\n<meta property=\"og:type\" content=\"article\" \/>\n<meta property=\"og:title\" content=\"Operativo preventivo deja 13 detenidos y m\u00faltiples incautaciones en La Romana - Conexi\u00f3n 23\" \/>\n<meta property=\"og:description\" content=\"&nbsp;Un total de 13 personas fueron detenidas durante un operativo preventivo realizado por la Polic\u00eda Nacional en diversos sectores de La Romana, como parte de las acciones estrat\u00e9gicas dirigidas a fortalecer la seguridad ciudadana y preservar el orden p\u00fablico. Durante el despliegue simult\u00e1neo, los agentes actuantes incautaron un arma blanca, un veh\u00edculo, varias bocinas, equipos [&hellip;]\" \/>\n<meta property=\"og:url\" content=\"https:\/\/conexion23.com\/?p=41464\" \/>\n<meta property=\"og:site_name\" content=\"Conexi\u00f3n 23\" \/>\n<meta property=\"article:publisher\" content=\"https:\/\/www.facebook.com\/conexion23com\" \/>\n<meta property=\"article:published_time\" content=\"2025-07-17T12:15:59+00:00\" \/>\n<meta property=\"article:modified_time\" content=\"2025-07-25T01:42:34+00:00\" \/>\n<meta property=\"og:image\" content=\"https:\/\/conexion23.com\/wp-content\/uploads\/2025\/07\/descarga-1-20.jpg\" \/>\n\t<meta property=\"og:image:width\" content=\"231\" \/>\n\t<meta property=\"og:image:height\" content=\"218\" \/>\n\t<meta property=\"og:image:type\" content=\"image\/jpeg\" \/>\n<meta name=\"author\" content=\"Raffy Ben\u00edtez\" \/>\n<meta name=\"twitter:card\" content=\"summary_large_image\" \/>\n<meta name=\"twitter:label1\" content=\"Escrito por\" \/>\n\t<meta name=\"twitter:data1\" content=\"Raffy Ben\u00edtez\" \/>\n\t<meta name=\"twitter:label2\" content=\"Tiempo de lectura\" \/>\n\t<meta name=\"twitter:data2\" content=\"1 minuto\" \/>\n<script type=\"application\/ld+json\" class=\"yoast-schema-graph\">{\"@context\":\"https:\\\/\\\/schema.org\",\"@graph\":[{\"@type\":\"Article\",\"@id\":\"https:\\\/\\\/conexion23.com\\\/?p=41464#article\",\"isPartOf\":{\"@id\":\"https:\\\/\\\/conexion23.com\\\/?p=41464\"},\"author\":{\"name\":\"Raffy Ben\u00edtez\",\"@id\":\"https:\\\/\\\/conexion23.com\\\/#\\\/schema\\\/person\\\/03e36043331117e97a373299bbcd30a6\"},\"headline\":\"Operativo preventivo deja 13 detenidos y m\u00faltiples incautaciones en La Romana\",\"datePublished\":\"2025-07-17T12:15:59+00:00\",\"dateModified\":\"2025-07-25T01:42:34+00:00\",\"mainEntityOfPage\":{\"@id\":\"https:\\\/\\\/conexion23.com\\\/?p=41464\"},\"wordCount\":180,\"commentCount\":0,\"publisher\":{\"@id\":\"https:\\\/\\\/conexion23.com\\\/#organization\"},\"image\":{\"@id\":\"https:\\\/\\\/conexion23.com\\\/?p=41464#primaryimage\"},\"thumbnailUrl\":\"https:\\\/\\\/conexion23.com\\\/wp-content\\\/uploads\\\/2025\\\/07\\\/descarga-1-20.jpg\",\"articleSection\":[\"La Romana\"],\"inLanguage\":\"es\",\"potentialAction\":[{\"@type\":\"CommentAction\",\"name\":\"Comment\",\"target\":[\"https:\\\/\\\/conexion23.com\\\/?p=41464#respond\"]}]},{\"@type\":\"WebPage\",\"@id\":\"https:\\\/\\\/conexion23.com\\\/?p=41464\",\"url\":\"https:\\\/\\\/conexion23.com\\\/?p=41464\",\"name\":\"Operativo preventivo deja 13 detenidos y m\u00faltiples incautaciones en La Romana - Conexi\u00f3n 23\",\"isPartOf\":{\"@id\":\"https:\\\/\\\/conexion23.com\\\/#website\"},\"primaryImageOfPage\":{\"@id\":\"https:\\\/\\\/conexion23.com\\\/?p=41464#primaryimage\"},\"image\":{\"@id\":\"https:\\\/\\\/conexion23.com\\\/?p=41464#primaryimage\"},\"thumbnailUrl\":\"https:\\\/\\\/conexion23.com\\\/wp-content\\\/uploads\\\/2025\\\/07\\\/descarga-1-20.jpg\",\"datePublished\":\"2025-07-17T12:15:59+00:00\",\"dateModified\":\"2025-07-25T01:42:34+00:00\",\"breadcrumb\":{\"@id\":\"https:\\\/\\\/conexion23.com\\\/?p=41464#breadcrumb\"},\"inLanguage\":\"es\",\"potentialAction\":[{\"@type\":\"ReadAction\",\"target\":[\"https:\\\/\\\/conexion23.com\\\/?p=41464\"]}]},{\"@type\":\"ImageObject\",\"inLanguage\":\"es\",\"@id\":\"https:\\\/\\\/conexion23.com\\\/?p=41464#primaryimage\",\"url\":\"https:\\\/\\\/conexion23.com\\\/wp-content\\\/uploads\\\/2025\\\/07\\\/descarga-1-20.jpg\",\"contentUrl\":\"https:\\\/\\\/conexion23.com\\\/wp-content\\\/uploads\\\/2025\\\/07\\\/descarga-1-20.jpg\",\"width\":231,\"height\":218},{\"@type\":\"BreadcrumbList\",\"@id\":\"https:\\\/\\\/conexion23.com\\\/?p=41464#breadcrumb\",\"itemListElement\":[{\"@type\":\"ListItem\",\"position\":1,\"name\":\"Portada\",\"item\":\"https:\\\/\\\/conexion23.com\\\/\"},{\"@type\":\"ListItem\",\"position\":2,\"name\":\"Operativo preventivo deja 13 detenidos y m\u00faltiples incautaciones en La Romana\"}]},{\"@type\":\"WebSite\",\"@id\":\"https:\\\/\\\/conexion23.com\\\/#website\",\"url\":\"https:\\\/\\\/conexion23.com\\\/\",\"name\":\"Conexi\u00f3n 23\",\"description\":\"Peri\u00f3dico 100% Petromacorisano\",\"publisher\":{\"@id\":\"https:\\\/\\\/conexion23.com\\\/#organization\"},\"potentialAction\":[{\"@type\":\"SearchAction\",\"target\":{\"@type\":\"EntryPoint\",\"urlTemplate\":\"https:\\\/\\\/conexion23.com\\\/?s={search_term_string}\"},\"query-input\":{\"@type\":\"PropertyValueSpecification\",\"valueRequired\":true,\"valueName\":\"search_term_string\"}}],\"inLanguage\":\"es\"},{\"@type\":\"Organization\",\"@id\":\"https:\\\/\\\/conexion23.com\\\/#organization\",\"name\":\"Conexion 23\",\"url\":\"https:\\\/\\\/conexion23.com\\\/\",\"logo\":{\"@type\":\"ImageObject\",\"inLanguage\":\"es\",\"@id\":\"https:\\\/\\\/conexion23.com\\\/#\\\/schema\\\/logo\\\/image\\\/\",\"url\":\"https:\\\/\\\/conexion23.com\\\/wp-content\\\/uploads\\\/2021\\\/11\\\/Diseno-sin-titulo-2.png\",\"contentUrl\":\"https:\\\/\\\/conexion23.com\\\/wp-content\\\/uploads\\\/2021\\\/11\\\/Diseno-sin-titulo-2.png\",\"width\":541,\"height\":90,\"caption\":\"Conexion 23\"},\"image\":{\"@id\":\"https:\\\/\\\/conexion23.com\\\/#\\\/schema\\\/logo\\\/image\\\/\"},\"sameAs\":[\"https:\\\/\\\/www.facebook.com\\\/conexion23com\",\"https:\\\/\\\/www.instagram.com\\\/conexion23com\\\/\",\"https:\\\/\\\/www.youtube.com\\\/channel\\\/UCYc7vxxFZMYLIHNsHHxPZ3Q\"]},{\"@type\":\"Person\",\"@id\":\"https:\\\/\\\/conexion23.com\\\/#\\\/schema\\\/person\\\/03e36043331117e97a373299bbcd30a6\",\"name\":\"Raffy Ben\u00edtez\",\"image\":{\"@type\":\"ImageObject\",\"inLanguage\":\"es\",\"@id\":\"https:\\\/\\\/secure.gravatar.com\\\/avatar\\\/3190a6a6c5e1b0327500f7d6c56b6242472ee6cb974cf09b401ee6b3b0798f23?s=96&d=mm&r=g\",\"url\":\"https:\\\/\\\/secure.gravatar.com\\\/avatar\\\/3190a6a6c5e1b0327500f7d6c56b6242472ee6cb974cf09b401ee6b3b0798f23?s=96&d=mm&r=g\",\"contentUrl\":\"https:\\\/\\\/secure.gravatar.com\\\/avatar\\\/3190a6a6c5e1b0327500f7d6c56b6242472ee6cb974cf09b401ee6b3b0798f23?s=96&d=mm&r=g\",\"caption\":\"Raffy Ben\u00edtez\"},\"url\":\"https:\\\/\\\/conexion23.com\\\/?author=15\"}]}<\/script>\n<!-- \/ Yoast SEO plugin. -->","yoast_head_json":{"title":"Operativo preventivo deja 13 detenidos y m\u00faltiples incautaciones en La Romana - Conexi\u00f3n 23","robots":{"index":"index","follow":"follow","max-snippet":"max-snippet:-1","max-image-preview":"max-image-preview:large","max-video-preview":"max-video-preview:-1"},"canonical":"https:\/\/conexion23.com\/?p=41464","og_locale":"es_ES","og_type":"article","og_title":"Operativo preventivo deja 13 detenidos y m\u00faltiples incautaciones en La Romana - Conexi\u00f3n 23","og_description":"&nbsp;Un total de 13 personas fueron detenidas durante un operativo preventivo realizado por la Polic\u00eda Nacional en diversos sectores de La Romana, como parte de las acciones estrat\u00e9gicas dirigidas a fortalecer la seguridad ciudadana y preservar el orden p\u00fablico. Durante el despliegue simult\u00e1neo, los agentes actuantes incautaron un arma blanca, un veh\u00edculo, varias bocinas, equipos [&hellip;]","og_url":"https:\/\/conexion23.com\/?p=41464","og_site_name":"Conexi\u00f3n 23","article_publisher":"https:\/\/www.facebook.com\/conexion23com","article_published_time":"2025-07-17T12:15:59+00:00","article_modified_time":"2025-07-25T01:42:34+00:00","og_image":[{"width":231,"height":218,"url":"https:\/\/conexion23.com\/wp-content\/uploads\/2025\/07\/descarga-1-20.jpg","type":"image\/jpeg"}],"author":"Raffy Ben\u00edtez","twitter_card":"summary_large_image","twitter_misc":{"Escrito por":"Raffy Ben\u00edtez","Tiempo de lectura":"1 minuto"},"schema":{"@context":"https:\/\/schema.org","@graph":[{"@type":"Article","@id":"https:\/\/conexion23.com\/?p=41464#article","isPartOf":{"@id":"https:\/\/conexion23.com\/?p=41464"},"author":{"name":"Raffy Ben\u00edtez","@id":"https:\/\/conexion23.com\/#\/schema\/person\/03e36043331117e97a373299bbcd30a6"},"headline":"Operativo preventivo deja 13 detenidos y m\u00faltiples incautaciones en La Romana","datePublished":"2025-07-17T12:15:59+00:00","dateModified":"2025-07-25T01:42:34+00:00","mainEntityOfPage":{"@id":"https:\/\/conexion23.com\/?p=41464"},"wordCount":180,"commentCount":0,"publisher":{"@id":"https:\/\/conexion23.com\/#organization"},"image":{"@id":"https:\/\/conexion23.com\/?p=41464#primaryimage"},"thumbnailUrl":"https:\/\/conexion23.com\/wp-content\/uploads\/2025\/07\/descarga-1-20.jpg","articleSection":["La Romana"],"inLanguage":"es","potentialAction":[{"@type":"CommentAction","name":"Comment","target":["https:\/\/conexion23.com\/?p=41464#respond"]}]},{"@type":"WebPage","@id":"https:\/\/conexion23.com\/?p=41464","url":"https:\/\/conexion23.com\/?p=41464","name":"Operativo preventivo deja 13 detenidos y m\u00faltiples incautaciones en La Romana - Conexi\u00f3n 23","isPartOf":{"@id":"https:\/\/conexion23.com\/#website"},"primaryImageOfPage":{"@id":"https:\/\/conexion23.com\/?p=41464#primaryimage"},"image":{"@id":"https:\/\/conexion23.com\/?p=41464#primaryimage"},"thumbnailUrl":"https:\/\/conexion23.com\/wp-content\/uploads\/2025\/07\/descarga-1-20.jpg","datePublished":"2025-07-17T12:15:59+00:00","dateModified":"2025-07-25T01:42:34+00:00","breadcrumb":{"@id":"https:\/\/conexion23.com\/?p=41464#breadcrumb"},"inLanguage":"es","potentialAction":[{"@type":"ReadAction","target":["https:\/\/conexion23.com\/?p=41464"]}]},{"@type":"ImageObject","inLanguage":"es","@id":"https:\/\/conexion23.com\/?p=41464#primaryimage","url":"https:\/\/conexion23.com\/wp-content\/uploads\/2025\/07\/descarga-1-20.jpg","contentUrl":"https:\/\/conexion23.com\/wp-content\/uploads\/2025\/07\/descarga-1-20.jpg","width":231,"height":218},{"@type":"BreadcrumbList","@id":"https:\/\/conexion23.com\/?p=41464#breadcrumb","itemListElement":[{"@type":"ListItem","position":1,"name":"Portada","item":"https:\/\/conexion23.com\/"},{"@type":"ListItem","position":2,"name":"Operativo preventivo deja 13 detenidos y m\u00faltiples incautaciones en La Romana"}]},{"@type":"WebSite","@id":"https:\/\/conexion23.com\/#website","url":"https:\/\/conexion23.com\/","name":"Conexi\u00f3n 23","description":"Peri\u00f3dico 100% Petromacorisano","publisher":{"@id":"https:\/\/conexion23.com\/#organization"},"potentialAction":[{"@type":"SearchAction","target":{"@type":"EntryPoint","urlTemplate":"https:\/\/conexion23.com\/?s={search_term_string}"},"query-input":{"@type":"PropertyValueSpecification","valueRequired":true,"valueName":"search_term_string"}}],"inLanguage":"es"},{"@type":"Organization","@id":"https:\/\/conexion23.com\/#organization","name":"Conexion 23","url":"https:\/\/conexion23.com\/","logo":{"@type":"ImageObject","inLanguage":"es","@id":"https:\/\/conexion23.com\/#\/schema\/logo\/image\/","url":"https:\/\/conexion23.com\/wp-content\/uploads\/2021\/11\/Diseno-sin-titulo-2.png","contentUrl":"https:\/\/conexion23.com\/wp-content\/uploads\/2021\/11\/Diseno-sin-titulo-2.png","width":541,"height":90,"caption":"Conexion 23"},"image":{"@id":"https:\/\/conexion23.com\/#\/schema\/logo\/image\/"},"sameAs":["https:\/\/www.facebook.com\/conexion23com","https:\/\/www.instagram.com\/conexion23com\/","https:\/\/www.youtube.com\/channel\/UCYc7vxxFZMYLIHNsHHxPZ3Q"]},{"@type":"Person","@id":"https:\/\/conexion23.com\/#\/schema\/person\/03e36043331117e97a373299bbcd30a6","name":"Raffy Ben\u00edtez","image":{"@type":"ImageObject","inLanguage":"es","@id":"https:\/\/secure.gravatar.com\/avatar\/3190a6a6c5e1b0327500f7d6c56b6242472ee6cb974cf09b401ee6b3b0798f23?s=96&d=mm&r=g","url":"https:\/\/secure.gravatar.com\/avatar\/3190a6a6c5e1b0327500f7d6c56b6242472ee6cb974cf09b401ee6b3b0798f23?s=96&d=mm&r=g","contentUrl":"https:\/\/secure.gravatar.com\/avatar\/3190a6a6c5e1b0327500f7d6c56b6242472ee6cb974cf09b401ee6b3b0798f23?s=96&d=mm&r=g","caption":"Raffy Ben\u00edtez"},"url":"https:\/\/conexion23.com\/?author=15"}]}},"_links":{"self":[{"href":"https:\/\/conexion23.com\/index.php?rest_route=\/wp\/v2\/posts\/41464","targetHints":{"allow":["GET"]}}],"collection":[{"href":"https:\/\/conexion23.com\/index.php?rest_route=\/wp\/v2\/posts"}],"about":[{"href":"https:\/\/conexion23.com\/index.php?rest_route=\/wp\/v2\/types\/post"}],"author":[{"embeddable":true,"href":"https:\/\/conexion23.com\/index.php?rest_route=\/wp\/v2\/users\/15"}],"replies":[{"embeddable":true,"href":"https:\/\/conexion23.com\/index.php?rest_route=%2Fwp%2Fv2%2Fcomments&post=41464"}],"version-history":[{"count":1,"href":"https:\/\/conexion23.com\/index.php?rest_route=\/wp\/v2\/posts\/41464\/revisions"}],"predecessor-version":[{"id":41466,"href":"https:\/\/conexion23.com\/index.php?rest_route=\/wp\/v2\/posts\/41464\/revisions\/41466"}],"wp:featuredmedia":[{"embeddable":true,"href":"https:\/\/conexion23.com\/index.php?rest_route=\/wp\/v2\/media\/41465"}],"wp:attachment":[{"href":"https:\/\/conexion23.com\/index.php?rest_route=%2Fwp%2Fv2%2Fmedia&parent=41464"}],"wp:term":[{"taxonomy":"category","embeddable":true,"href":"https:\/\/conexion23.com\/index.php?rest_route=%2Fwp%2Fv2%2Fcategories&post=41464"},{"taxonomy":"post_tag","embeddable":true,"href":"https:\/\/conexion23.com\/index.php?rest_route=%2Fwp%2Fv2%2Ftags&post=41464"}],"curies":[{"name":"wp","href":"https:\/\/api.w.org\/{rel}","templated":true}]}}